{"id":981,"date":"2025-02-27T10:00:00","date_gmt":"2025-02-27T09:00:00","guid":{"rendered":"http:\/\/www.bloguecornella.es\/wordpress\/?p=981"},"modified":"2025-02-26T00:27:11","modified_gmt":"2025-02-25T23:27:11","slug":"previa-jornada-22-real-aviles-industrial-femenino-fundacio-ue-cornella-femenino","status":"publish","type":"post","link":"http:\/\/www.bloguecornella.es\/wordpress\/2025\/02\/27\/previa-jornada-22-real-aviles-industrial-femenino-fundacio-ue-cornella-femenino\/","title":{"rendered":"Previa Jornada 22: Real Avil\u00e9s Industrial Femenino &#8211; Fundaci\u00f3 UE Cornell\u00e0 Femenino"},"content":{"rendered":"\n<p>Nos acercamos al final de la temporada y afrontamos la jornada 22 con la Fundaci\u00f3 UE Cornell\u00e0 a 11 puntos de la salvaci\u00f3n y a 8 puntos de la Copa de la Reina. Siempre hago \u00e9nfasis en la Copa, pero es una oportunidad hist\u00f3rica que no se puede desaprovechar.<\/p>\n\n\n\n<p>Este s\u00e1bado, el conjunto de Jose Gonzalez viaja a tierras asturianas para enfrentarse al Real Aviles Industrial, equipo que ya puso complicadas las cosas en la ida donde perdi\u00f3 por 0-2 con goles de Muriel y Daniela.<\/p>\n\n\n\n<p><strong>El Rival : Real Avil\u00e9s<\/strong> <strong>Industrial<\/strong><\/p>\n\n\n\n<p>El conjunto asturiano se encuentra en un momento dulce de la temporada en la que est\u00e1 consolidando en la zona noble de la tabla disfrutando de esa 7\u00aa plaza con 31 puntos sumados, cuando en la primera vuelta se situaba m\u00e1s cerca de los puestos de descenso.<\/p>\n\n\n\n<p>Actualmente, el conjunto dirigido por Ivan Castela suma 9 de 9 puntos posibles, sumando victorias tan importantes como contra el Real Oviedo y el Racing de Santander. En casa, se encuentra c\u00f3modo y con resultados similares (5V, 1E, 5D), por lo que el partido se encontrar\u00e1 abierto <\/p>\n\n\n\n<p><strong>Fundaci\u00f3 UE Cornell\u00e0 : Obligatorio sumar de 3<\/strong> <strong>en 3<\/strong><\/p>\n\n\n\n<p>Por parte del conjunto verde, es necesario ya empezar a sumar de 3 en 3, aunque en esta segunda vuelta se est\u00e1 notando una mejor\u00eda que le faltaba a principio de temporada.<\/p>\n\n\n\n<p>Viene ahora tres partidos en los que la Fundaci\u00f3 UE Cornell\u00e0 tiene la opci\u00f3n real de poder sumar de 3 en 3 y poder asomar la cabeza para la salvaci\u00f3n. Se nota que en estos partidos \u00faltimos est\u00e1 logrando empatar pese a que el equipo rival se va adelantando y eso es algo a tener en cuenta porque, despu\u00e9s, es necesario poder cerrar bien filas para que no se escapen puntos.<\/p>\n\n\n\n<p><strong>Posible alineaci\u00f3n :<\/strong><\/p>\n\n\n\n<p>Jose Gonzalez, previsiblemente, saldr\u00e1 con la siguiente alineaci\u00f3n.<\/p>\n\n\n\n<p>POR &#8211; 13 &#8211; Andrea Crespo<\/p>\n\n\n\n<p>LAI &#8211; 15 &#8211; Saray Bocardo<\/p>\n\n\n\n<p>DFC &#8211; 24 &#8211; Maria Gomez<\/p>\n\n\n\n<p>DFC &#8211; 3 &#8211; Aina Vall<\/p>\n\n\n\n<p>LAD -14 &#8211; Blanca Garc\u00eda<\/p>\n\n\n\n<p>MC &#8211; 20 &#8211; Marta Alegre<\/p>\n\n\n\n<p>MC &#8211; 19 &#8211; Paula Lopez<\/p>\n\n\n\n<p>MI &#8211; 21 &#8211; Aina Sararols<\/p>\n\n\n\n<p>MP &#8211; 17 &#8211; Judith Rodr\u00edguez<\/p>\n\n\n\n<p>MD &#8211; 18 &#8211; Laura Mas<\/p>\n\n\n\n<p>DC &#8211; 8 &#8211; Josepha Vercammen<\/p>\n\n\n\n<p><strong>Encuentros a seguir<\/strong><\/p>\n\n\n\n<p>Realizaremos el seguimiento tambi\u00e9n de los siguientes partidos:<\/p>\n\n\n\n<p><em>01\/03 &#8211; 18:00h &#8211; CE Europa vs Sporting Gij\u00f3n.<\/em><\/p>\n\n\n\n<p><em>02\/03 &#8211; 12:00h &#8211; Atl\u00e9tico Madrid C vs Real Oviedo<\/em><\/p>\n\n\n\n<p><em>02\/03 &#8211; 16:30h &#8211; Pradej\u00f3n &#8211; Real Sociedad B<\/em><\/p>\n\n\n\n<p><em>02\/03 &#8211; 18:00h &#8211; Athletic Club B &#8211; CA Osasuna B<\/em><\/p>\n\n\n\n<p><em>02\/03 &#8211; 18:00h &#8211; Huesca &#8211; Racing Santander<\/em><\/p>\n\n\n\n<p><strong>La opini\u00f3n del blog<\/strong><\/p>\n\n\n\n<p>La situaci\u00f3n es cr\u00edtica para el conjunto verde. Las opciones son cada vez m\u00e1s remotas y estamos hablando de remontar 11 puntos de 27 posibles. Siempre pienso que la matem\u00e1tica es la que debe de dictaminar, pero se tiene que empezar a plantear la estructura de la 25\/26 estando en 2\u00aa RFEF o en 3\u00aa RFEF con el objetivo de potenciar el equipo y la estructura deportiva del club. Nos hemos dado cuenta del potencial que ofrecen otros clubes y si queremos aspirar a esa 3\u00aa categor\u00eda Nacional, debemos empezar por abajo.<\/p>\n\n\n\n<p><strong>Este s\u00e1bado 01 de Marzo, 18:30h, desde Avil\u00e9s (Asturias), Real Aviles Industrial vs Fundaci\u00f3 UE Cornell\u00e0.<\/strong><\/p>\n","protected":false},"excerpt":{"rendered":"<p>Nos acercamos al final de la temporada y afrontamos la jornada 22 con la Fundaci\u00f3 UE Cornell\u00e0 a 11 puntos de la salvaci\u00f3n y a 8 puntos de la Copa de la Reina. Siempre hago \u00e9nfasis en la Copa, pero es una oportunidad hist\u00f3rica que no se puede desaprovechar. Este s\u00e1bado, el conjunto de Jose [&hellip;]<\/p>\n","protected":false},"author":1,"featured_media":989,"comment_status":"open","ping_status":"open","sticky":false,"template":"","format":"standard","meta":{"_eb_attr":"","advanced_seo_description":"","jetpack_seo_html_title":"","jetpack_seo_noindex":false,"jetpack_post_was_ever_published":false,"_jetpack_newsletter_access":"","_jetpack_dont_email_post_to_subs":false,"_jetpack_newsletter_tier_id":0,"_jetpack_memberships_contains_paywalled_content":false,"_jetpack_memberships_contains_paid_content":false,"footnotes":"","jetpack_publicize_message":"","jetpack_publicize_feature_enabled":true,"jetpack_social_post_already_shared":true,"jetpack_social_options":{"image_generator_settings":{"template":"highway","default_image_id":0,"font":"","enabled":false},"version":2}},"categories":[12,14,48,16],"tags":[31,46,34],"class_list":["post-981","post","type-post","status-publish","format-standard","has-post-thumbnail","hentry","category-fuecornella","category-previa-partido","category-segunda-federacion-femenina","category-temporada-24-25","tag-previa","tag-segunda-federacion-femenina","tag-temporada-2024-25"],"jetpack_publicize_connections":[],"jetpack_featured_media_url":"https:\/\/i0.wp.com\/www.bloguecornella.es\/wordpress\/wp-content\/uploads\/2025\/02\/J22_2RFEF_Fem_RAI_COR.png?fit=2048%2C1152","jetpack_sharing_enabled":true,"jetpack-related-posts":[{"id":1335,"url":"http:\/\/www.bloguecornella.es\/wordpress\/2025\/04\/24\/previa-jornada-29-fundacio-ue-cornella-sporting-gijon\/","url_meta":{"origin":981,"position":0},"title":"Previa Jornada 29: Fundaci\u00f3 UE Cornell\u00e0 &#8211; Sporting Gij\u00f3n","author":"bloguecornella","date":"24 de abril de 2025","format":false,"excerpt":"Encaramos la pen\u00faltima jornada de liga, en la que la Fundaci\u00f3 UE Cornell\u00e0, ya equipo de Tercera Federaci\u00f3n, buscara en casa, la victoria para acabar la temporada en casa con un buen sabor de boca. El rival, un Sporting de Gij\u00f3n que, actualmente, est\u00e1 en puestos de descenso con 28\u2026","rel":"","context":"En \u00abFundaci\u00f3 UE Cornell\u00e0\u00bb","block_context":{"text":"Fundaci\u00f3 UE Cornell\u00e0","link":"http:\/\/www.bloguecornella.es\/wordpress\/category\/fuecornella\/"},"img":{"alt_text":"","src":"https:\/\/i0.wp.com\/www.bloguecornella.es\/wordpress\/wp-content\/uploads\/2025\/04\/J29_2RFEF_Fem_FUEC_SPO.png?fit=1200%2C675&resize=350%2C200","width":350,"height":200,"srcset":"https:\/\/i0.wp.com\/www.bloguecornella.es\/wordpress\/wp-content\/uploads\/2025\/04\/J29_2RFEF_Fem_FUEC_SPO.png?fit=1200%2C675&resize=350%2C200 1x, https:\/\/i0.wp.com\/www.bloguecornella.es\/wordpress\/wp-content\/uploads\/2025\/04\/J29_2RFEF_Fem_FUEC_SPO.png?fit=1200%2C675&resize=525%2C300 1.5x, https:\/\/i0.wp.com\/www.bloguecornella.es\/wordpress\/wp-content\/uploads\/2025\/04\/J29_2RFEF_Fem_FUEC_SPO.png?fit=1200%2C675&resize=700%2C400 2x, https:\/\/i0.wp.com\/www.bloguecornella.es\/wordpress\/wp-content\/uploads\/2025\/04\/J29_2RFEF_Fem_FUEC_SPO.png?fit=1200%2C675&resize=1050%2C600 3x"},"classes":[]},{"id":1394,"url":"http:\/\/www.bloguecornella.es\/wordpress\/2025\/05\/01\/previa-jornada-30-real-oviedo-fundacio-ue-cornella\/","url_meta":{"origin":981,"position":1},"title":"Previa Jornada 30: Real Oviedo &#8211; Fundaci\u00f3 UE Cornell\u00e0","author":"bloguecornella","date":"1 de mayo de 2025","format":false,"excerpt":"\u00daltima jornada de la temporada y la Fundaci\u00f3 UE Cornell\u00e0 viaja a Asturias para enfrentarse al Real Oviedo, con el sue\u00f1o, todav\u00eda vivo, de participar en la Copa de la Reina. El rival: Real Oviedo (2\u00ba - 61 puntos) El Real Oviedo Femenino se encuentra con opciones todav\u00eda de poder\u2026","rel":"","context":"En \u00abFundaci\u00f3 UE Cornell\u00e0\u00bb","block_context":{"text":"Fundaci\u00f3 UE Cornell\u00e0","link":"http:\/\/www.bloguecornella.es\/wordpress\/category\/fuecornella\/"},"img":{"alt_text":"","src":"https:\/\/i0.wp.com\/www.bloguecornella.es\/wordpress\/wp-content\/uploads\/2025\/04\/J30_2RFEF_Fem_OVI_FUEC.png?fit=1200%2C675&resize=350%2C200","width":350,"height":200,"srcset":"https:\/\/i0.wp.com\/www.bloguecornella.es\/wordpress\/wp-content\/uploads\/2025\/04\/J30_2RFEF_Fem_OVI_FUEC.png?fit=1200%2C675&resize=350%2C200 1x, https:\/\/i0.wp.com\/www.bloguecornella.es\/wordpress\/wp-content\/uploads\/2025\/04\/J30_2RFEF_Fem_OVI_FUEC.png?fit=1200%2C675&resize=525%2C300 1.5x, https:\/\/i0.wp.com\/www.bloguecornella.es\/wordpress\/wp-content\/uploads\/2025\/04\/J30_2RFEF_Fem_OVI_FUEC.png?fit=1200%2C675&resize=700%2C400 2x, https:\/\/i0.wp.com\/www.bloguecornella.es\/wordpress\/wp-content\/uploads\/2025\/04\/J30_2RFEF_Fem_OVI_FUEC.png?fit=1200%2C675&resize=1050%2C600 3x"},"classes":[]},{"id":1301,"url":"http:\/\/www.bloguecornella.es\/wordpress\/2025\/04\/18\/previa-jornada-28-real-sociedad-fem-b-fundacio-ue-cornella\/","url_meta":{"origin":981,"position":2},"title":"Previa Jornada 28: Real Sociedad Fem \u00abB\u00bb &#8211; Fundaci\u00f3 UE Cornell\u00e0","author":"bloguecornella","date":"18 de abril de 2025","format":false,"excerpt":"Jornada 28 y ante-pen\u00faltima para finalizar esta hist\u00f3rica temporada en la Segunda Federaci\u00f3n Femenina, en la que todav\u00eda se quiere aferrar el equipo de Jose Gonzalez y viajan hasta Donosti para enfrentarse al filial Txuri-urdin. El rival: Real Sociedad Fem \"B\" (4\u00ba - 48 puntos) El filial de la Real\u2026","rel":"","context":"En \u00abFundaci\u00f3 UE Cornell\u00e0\u00bb","block_context":{"text":"Fundaci\u00f3 UE Cornell\u00e0","link":"http:\/\/www.bloguecornella.es\/wordpress\/category\/fuecornella\/"},"img":{"alt_text":"","src":"https:\/\/i0.wp.com\/www.bloguecornella.es\/wordpress\/wp-content\/uploads\/2025\/04\/J28_2RFEF_Fem_RSO_FUEC.png?fit=1200%2C675&resize=350%2C200","width":350,"height":200,"srcset":"https:\/\/i0.wp.com\/www.bloguecornella.es\/wordpress\/wp-content\/uploads\/2025\/04\/J28_2RFEF_Fem_RSO_FUEC.png?fit=1200%2C675&resize=350%2C200 1x, https:\/\/i0.wp.com\/www.bloguecornella.es\/wordpress\/wp-content\/uploads\/2025\/04\/J28_2RFEF_Fem_RSO_FUEC.png?fit=1200%2C675&resize=525%2C300 1.5x, https:\/\/i0.wp.com\/www.bloguecornella.es\/wordpress\/wp-content\/uploads\/2025\/04\/J28_2RFEF_Fem_RSO_FUEC.png?fit=1200%2C675&resize=700%2C400 2x, https:\/\/i0.wp.com\/www.bloguecornella.es\/wordpress\/wp-content\/uploads\/2025\/04\/J28_2RFEF_Fem_RSO_FUEC.png?fit=1200%2C675&resize=1050%2C600 3x"},"classes":[]},{"id":1264,"url":"http:\/\/www.bloguecornella.es\/wordpress\/2025\/04\/11\/previa-jornada-27-fundacio-ue-cornella-atletico-villalonga-femenino\/","url_meta":{"origin":981,"position":3},"title":"Previa Jornada 27: Fundaci\u00f3 UE Cornell\u00e0 &#8211; Atl\u00e8tico Villalonga Femenino","author":"bloguecornella","date":"11 de abril de 2025","format":false,"excerpt":"Vuelve la competici\u00f3n para afrontar las \u00faltimas 4 jornadas de liga. La Fundaci\u00f3 UE Cornell\u00e0, recibira en el feudo verde, al Atl\u00e8tico Villalonga gallego. El rival: Atl\u00e9tico Villalonga (9\u00ba - 35 puntos) El conjunto gallego se sit\u00faa en una zona tranquila en su tercera temporada consecutiva en la Segunda Federaci\u00f3n.\u2026","rel":"","context":"En \u00abFundaci\u00f3 UE Cornell\u00e0\u00bb","block_context":{"text":"Fundaci\u00f3 UE Cornell\u00e0","link":"http:\/\/www.bloguecornella.es\/wordpress\/category\/fuecornella\/"},"img":{"alt_text":"","src":"https:\/\/i0.wp.com\/www.bloguecornella.es\/wordpress\/wp-content\/uploads\/2025\/04\/J27_2RFEF_Fem_FUEC_ATV.png?fit=1200%2C675&resize=350%2C200","width":350,"height":200,"srcset":"https:\/\/i0.wp.com\/www.bloguecornella.es\/wordpress\/wp-content\/uploads\/2025\/04\/J27_2RFEF_Fem_FUEC_ATV.png?fit=1200%2C675&resize=350%2C200 1x, https:\/\/i0.wp.com\/www.bloguecornella.es\/wordpress\/wp-content\/uploads\/2025\/04\/J27_2RFEF_Fem_FUEC_ATV.png?fit=1200%2C675&resize=525%2C300 1.5x, https:\/\/i0.wp.com\/www.bloguecornella.es\/wordpress\/wp-content\/uploads\/2025\/04\/J27_2RFEF_Fem_FUEC_ATV.png?fit=1200%2C675&resize=700%2C400 2x, https:\/\/i0.wp.com\/www.bloguecornella.es\/wordpress\/wp-content\/uploads\/2025\/04\/J27_2RFEF_Fem_FUEC_ATV.png?fit=1200%2C675&resize=1050%2C600 3x"},"classes":[]},{"id":756,"url":"http:\/\/www.bloguecornella.es\/wordpress\/2025\/01\/18\/previa-jornada-17-zaragoza-cff-fundacio-ue-cornella-femenino\/","url_meta":{"origin":981,"position":4},"title":"Previa Jornada 17 &#8211; Zaragoza CFF &#8211; Fundaci\u00f3 UE Cornell\u00e0 Femenino","author":"bloguecornella","date":"18 de enero de 2025","format":false,"excerpt":"La Fundaci\u00f3 UE Cornell\u00e0 femenina se va a enfrentar, en la jornada 17, al conjunto ma\u00f1o del Zaragoza CFF. Equipo que, actualmente, ocupa la 8\u00aa posici\u00f3n con 23 puntos. Zona tranquila para un conjunto que ha llegado a disputar la m\u00e1xima competici\u00f3n nacional duranta m\u00e1s de una decada. El conjunto\u2026","rel":"","context":"En \u00abFundaci\u00f3 UE Cornell\u00e0\u00bb","block_context":{"text":"Fundaci\u00f3 UE Cornell\u00e0","link":"http:\/\/www.bloguecornella.es\/wordpress\/category\/fuecornella\/"},"img":{"alt_text":"","src":"https:\/\/i0.wp.com\/www.bloguecornella.es\/wordpress\/wp-content\/uploads\/2025\/01\/img_8807.jpg?fit=900%2C1200&resize=350%2C200","width":350,"height":200,"srcset":"https:\/\/i0.wp.com\/www.bloguecornella.es\/wordpress\/wp-content\/uploads\/2025\/01\/img_8807.jpg?fit=900%2C1200&resize=350%2C200 1x, https:\/\/i0.wp.com\/www.bloguecornella.es\/wordpress\/wp-content\/uploads\/2025\/01\/img_8807.jpg?fit=900%2C1200&resize=525%2C300 1.5x, https:\/\/i0.wp.com\/www.bloguecornella.es\/wordpress\/wp-content\/uploads\/2025\/01\/img_8807.jpg?fit=900%2C1200&resize=700%2C400 2x"},"classes":[]},{"id":734,"url":"http:\/\/www.bloguecornella.es\/wordpress\/2025\/01\/11\/previa-jornada-16-fundacio-ue-cornella-femenino-racing-santander-femenino\/","url_meta":{"origin":981,"position":5},"title":"Previa Jornada 16: Fundaci\u00f3 UE Cornell\u00e0 Femenino &#8211; Racing Santander Femenino","author":"bloguecornella","date":"11 de enero de 2025","format":false,"excerpt":"Comienza este domingo, el conjunto de Jose Gonzalez, la segunda vuelta y el reto m\u00e1s bonito que puede existir, el de poder clasificarse, por primera vez para la Copa de la Reina y poder salvar la categor\u00eda. No estoy loco si no pienso que es factible y que solo hay\u2026","rel":"","context":"En \u00abFundaci\u00f3 UE Cornell\u00e0\u00bb","block_context":{"text":"Fundaci\u00f3 UE Cornell\u00e0","link":"http:\/\/www.bloguecornella.es\/wordpress\/category\/fuecornella\/"},"img":{"alt_text":"","src":"","width":0,"height":0},"classes":[]}],"_links":{"self":[{"href":"http:\/\/www.bloguecornella.es\/wordpress\/wp-json\/wp\/v2\/posts\/981","targetHints":{"allow":["GET"]}}],"collection":[{"href":"http:\/\/www.bloguecornella.es\/wordpress\/wp-json\/wp\/v2\/posts"}],"about":[{"href":"http:\/\/www.bloguecornella.es\/wordpress\/wp-json\/wp\/v2\/types\/post"}],"author":[{"embeddable":true,"href":"http:\/\/www.bloguecornella.es\/wordpress\/wp-json\/wp\/v2\/users\/1"}],"replies":[{"embeddable":true,"href":"http:\/\/www.bloguecornella.es\/wordpress\/wp-json\/wp\/v2\/comments?post=981"}],"version-history":[{"count":4,"href":"http:\/\/www.bloguecornella.es\/wordpress\/wp-json\/wp\/v2\/posts\/981\/revisions"}],"predecessor-version":[{"id":988,"href":"http:\/\/www.bloguecornella.es\/wordpress\/wp-json\/wp\/v2\/posts\/981\/revisions\/988"}],"wp:featuredmedia":[{"embeddable":true,"href":"http:\/\/www.bloguecornella.es\/wordpress\/wp-json\/wp\/v2\/media\/989"}],"wp:attachment":[{"href":"http:\/\/www.bloguecornella.es\/wordpress\/wp-json\/wp\/v2\/media?parent=981"}],"wp:term":[{"taxonomy":"category","embeddable":true,"href":"http:\/\/www.bloguecornella.es\/wordpress\/wp-json\/wp\/v2\/categories?post=981"},{"taxonomy":"post_tag","embeddable":true,"href":"http:\/\/www.bloguecornella.es\/wordpress\/wp-json\/wp\/v2\/tags?post=981"}],"curies":[{"name":"wp","href":"https:\/\/api.w.org\/{rel}","templated":true}]}}