{"id":95,"date":"2024-08-21T00:32:18","date_gmt":"2024-08-20T22:32:18","guid":{"rendered":"https:\/\/bloguecornella.wordpress.com\/?p=95"},"modified":"2024-08-21T00:32:18","modified_gmt":"2024-08-20T22:32:18","slug":"resumen-y-opinion-semifinales-fase-autonomica-copa-federacion-ce-manresa-14-15-ue-cornella","status":"publish","type":"post","link":"http:\/\/www.bloguecornella.es\/wordpress\/2024\/08\/21\/resumen-y-opinion-semifinales-fase-autonomica-copa-federacion-ce-manresa-14-15-ue-cornella\/","title":{"rendered":"Resumen y opini\u00f3n: Semifinales Fase Auton\u00f3mica Copa Federaci\u00f3n CE Manresa 1(4)-1(5) UE Cornella"},"content":{"rendered":"\n<p><\/p>\n\n\n\n<p>La UE Cornella consigue pasar a la final de la Fase Auton\u00f3mica de la Copa Federaci\u00f3n despu\u00e9s de empatar el partido en el descuento de la segunda parte y conseguir doblegar al CE Manresa en la tanda de penaltis, donde ha vuelto a brillar Ruben Mi\u00f1o parando uno de los penaltis de la tanda.<\/p>\n\n\n\n<p>El partido ha comenzado donde quer\u00eda la UE Cornella y poco a poco se fue haciendo due\u00f1o del partido. En la segunda parte, en el minuto 78, hay gol del CE Manresa y se pone las cosas complicadas. Es ah\u00ed donde aparece Pedro Soma, con un gol \u00abIn Extremis\u00bb donde nos da la posibilidad de poder pasar en penaltis (por segunda vez en la competici\u00f3n) y poder disputar la final de la Fase Auton\u00f3mica de la Copa Federaci\u00f3n.<\/p>\n\n\n\n<p>La final, ser\u00e1 contra el CE Sabadell despu\u00e9s de empatar a 2 contra el CF Badalona y pasar en los penaltis tambi\u00e9n.<\/p>\n\n\n\n<p>El encuentro se disputara en el estadi Nova Creu Alta el domingo 25 de Agosto a las 19h.<\/p>\n\n\n\n<p>El ganador, acceder a la Fase Estatal de la Copa Federaci\u00f3n por la lucha del t\u00edtulo y acceder a la Copa del Rey 24-25.<\/p>\n\n\n\n<p><\/p>\n","protected":false},"excerpt":{"rendered":"<p>La UE Cornella consigue pasar a la final de la Fase Auton\u00f3mica de la Copa Federaci\u00f3n despu\u00e9s de empatar el partido en el descuento de la segunda parte y conseguir doblegar al CE Manresa en la tanda de penaltis, donde ha vuelto a brillar Ruben Mi\u00f1o parando uno de los penaltis de la tanda. El [&hellip;]<\/p>\n","protected":false},"author":1,"featured_media":0,"comment_status":"open","ping_status":"open","sticky":false,"template":"","format":"standard","meta":{"_eb_attr":"","advanced_seo_description":"","jetpack_seo_html_title":"","jetpack_seo_noindex":false,"jetpack_post_was_ever_published":false,"_jetpack_newsletter_access":"","_jetpack_dont_email_post_to_subs":true,"_jetpack_newsletter_tier_id":0,"_jetpack_memberships_contains_paywalled_content":false,"_jetpack_memberships_contains_paid_content":false,"footnotes":"","jetpack_publicize_message":"","jetpack_publicize_feature_enabled":true,"jetpack_social_post_already_shared":false,"jetpack_social_options":{"image_generator_settings":{"template":"highway","enabled":false},"version":2}},"categories":[10,16],"tags":[25,27,33],"class_list":["post-95","post","type-post","status-publish","format-standard","hentry","category-copa-federacion-fase-autonomica","category-temporada-24-25","tag-copa-federacion","tag-fase-autonomica","tag-temporada-2024-24"],"jetpack_publicize_connections":[],"jetpack_featured_media_url":"","jetpack_sharing_enabled":true,"jetpack-related-posts":[{"id":82,"url":"http:\/\/www.bloguecornella.es\/wordpress\/2024\/08\/14\/resumen-y-opinion-1-4-final-fase-autonomica-copa-federacion-reus-cf-reddis-21-14-ue-cornella\/","url_meta":{"origin":95,"position":0},"title":"Resumen y opini\u00f3n 1\/4 Final Fase Auton\u00f3mica Copa Federaci\u00f3n Reus CF Reddis (2)1-1(4) UE Cornella","author":"bloguecornella","date":"14 de agosto de 2024","format":false,"excerpt":"Antes de empezar con el post, dejar claro que no estuve en el partido y solamente me guio por las sensaciones que se ofrece, a trav\u00e9s de los res\u00famenes y de los goles marcados. Primer partido oficial de la temporada en la que la UE Cornella intenta poder acceder a\u2026","rel":"","context":"En \u00abCopa Federacion - Fase autonomica\u00bb","block_context":{"text":"Copa Federacion - Fase autonomica","link":"http:\/\/www.bloguecornella.es\/wordpress\/category\/copa-federacion-fase-autonomica\/"},"img":{"alt_text":"","src":"","width":0,"height":0},"classes":[]},{"id":88,"url":"http:\/\/www.bloguecornella.es\/wordpress\/2024\/08\/17\/previa-ce-manresa-vs-ue-cornella-semifinales-fa-copa-federacion\/","url_meta":{"origin":95,"position":1},"title":"Previa: CE Manresa vs UE Cornella &#8211; Semifinales FA Copa Federaci\u00f3n","author":"bloguecornella","date":"17 de agosto de 2024","format":false,"excerpt":"S\u00e1bado 17 de Agosto de 2024 ser\u00e1 el d\u00eda de las semifinales de la Fase Auton\u00f3mica de la Copa Federaci\u00f3n. Los encuentros son CF Badalona vs CE Sabadell y CE Manresa vs UE Cornella. El CE Manresa ser\u00e1 su segundo partido de Pretemporada despu\u00e9s del disputado la semana pasada en\u2026","rel":"","context":"En \u00abCopa Federacion - Fase autonomica\u00bb","block_context":{"text":"Copa Federacion - Fase autonomica","link":"http:\/\/www.bloguecornella.es\/wordpress\/category\/copa-federacion-fase-autonomica\/"},"img":{"alt_text":"","src":"","width":0,"height":0},"classes":[]},{"id":101,"url":"http:\/\/www.bloguecornella.es\/wordpress\/2024\/08\/24\/previa-ce-sabadell-ue-cornella-final-fase-autonomica-copa-federacion\/","url_meta":{"origin":95,"position":2},"title":"Previa: CE Sabadell &#8211; UE Cornella. FINAL Fase autonomica Copa Federacion","author":"bloguecornella","date":"24 de agosto de 2024","format":false,"excerpt":"Ya esta aqui la FINAL de la Fase Autonomica de la Copa Federacion de esta edicion 2024-25 en la que la UE Cornella ha dejado en el camino, en cuartos, al Reus FC Reddis y en semifinales al CE Manresa (Ambos equipos de 3a RFEF). Ma\u00f1ana nos toca un hueso\u2026","rel":"","context":"En \u00abCopa Federacion - Fase autonomica\u00bb","block_context":{"text":"Copa Federacion - Fase autonomica","link":"http:\/\/www.bloguecornella.es\/wordpress\/category\/copa-federacion-fase-autonomica\/"},"img":{"alt_text":"","src":"","width":0,"height":0},"classes":[]},{"id":79,"url":"http:\/\/www.bloguecornella.es\/wordpress\/2024\/08\/09\/previa-reus-fc-reddis-ue-cornella-10-08-2024-19h\/","url_meta":{"origin":95,"position":3},"title":"Previa: Reus FC Reddis &#8211; UE Cornella 10\/08\/2024 19h","author":"bloguecornella","date":"9 de agosto de 2024","format":false,"excerpt":"El pr\u00f3ximo sabado 10\/08\/2024, a las 19h, se va a enfrentar la UE Cornella contra el Reus FC Reddis en el estadi Municipal de Reus. Nuestro rival viene de jugar dos partidos de pretemporada frente al Atletic Lleida con victoria 1-0 y empate contra el AE Prat a 1. La\u2026","rel":"","context":"En \u00abCopa Federacion - Fase autonomica\u00bb","block_context":{"text":"Copa Federacion - Fase autonomica","link":"http:\/\/www.bloguecornella.es\/wordpress\/category\/copa-federacion-fase-autonomica\/"},"img":{"alt_text":"","src":"","width":0,"height":0},"classes":[]},{"id":102,"url":"http:\/\/www.bloguecornella.es\/wordpress\/2024\/08\/26\/final-fa-copa-federacion-ce-sabadell-1-0-ue-cornella-resumen-y-opinion\/","url_meta":{"origin":95,"position":4},"title":"Final FA Copa Federaci\u00f3n CE Sabadell 1-0 UE Cornella. Resumen y opini\u00f3n","author":"bloguecornella","date":"26 de agosto de 2024","format":false,"excerpt":"La UE Cornella ha perdido en el descuento de la segunda parte contra el CE Sabadell por un gol de falta, que pito erroneamente el arbitro del encuentro, dejando que el CE Sabadell acceda a la fase estatal de la Copa Federaci\u00f3n para luchar por el t\u00edtulo y conseguir una\u2026","rel":"","context":"En \u00abCopa Federacion - Fase autonomica\u00bb","block_context":{"text":"Copa Federacion - Fase autonomica","link":"http:\/\/www.bloguecornella.es\/wordpress\/category\/copa-federacion-fase-autonomica\/"},"img":{"alt_text":"","src":"","width":0,"height":0},"classes":[]},{"id":2257,"url":"http:\/\/www.bloguecornella.es\/wordpress\/2025\/08\/22\/copa-federacion-fase-autonomica-final-ue-cornella-fundacio-ue-tona-previa\/","url_meta":{"origin":95,"position":5},"title":"Copa Federaci\u00f3n (Fase auton\u00f3mica) &#8211; Final &#8211; UE Cornell\u00e0 &#8211; Fundaci\u00f3 UE Tona &#8211; Previa","author":"bloguecornella","date":"22 de agosto de 2025","format":false,"excerpt":"Llego la semana en la que muchos aficionados de la UE Cornell\u00e0 ten\u00edan puesto una chincheta en el calendario. Llego la fase auton\u00f3mica de la Copa Federaci\u00f3n y, este a\u00f1o, solamente son dos los clubes de Catalunya que se han presentado. La UE Cornell\u00e0 y la Fundaci\u00f3 UE Tona. Para\u2026","rel":"","context":"En \u00abCopa Federacion - Fase autonomica\u00bb","block_context":{"text":"Copa Federacion - Fase autonomica","link":"http:\/\/www.bloguecornella.es\/wordpress\/category\/copa-federacion-fase-autonomica\/"},"img":{"alt_text":"","src":"https:\/\/i0.wp.com\/www.bloguecornella.es\/wordpress\/wp-content\/uploads\/2025\/08\/Copa-Federacion-Fase-Autonomica-Final.png?fit=940%2C520&resize=350%2C200","width":350,"height":200,"srcset":"https:\/\/i0.wp.com\/www.bloguecornella.es\/wordpress\/wp-content\/uploads\/2025\/08\/Copa-Federacion-Fase-Autonomica-Final.png?fit=940%2C520&resize=350%2C200 1x, https:\/\/i0.wp.com\/www.bloguecornella.es\/wordpress\/wp-content\/uploads\/2025\/08\/Copa-Federacion-Fase-Autonomica-Final.png?fit=940%2C520&resize=525%2C300 1.5x, https:\/\/i0.wp.com\/www.bloguecornella.es\/wordpress\/wp-content\/uploads\/2025\/08\/Copa-Federacion-Fase-Autonomica-Final.png?fit=940%2C520&resize=700%2C400 2x"},"classes":[]}],"_links":{"self":[{"href":"http:\/\/www.bloguecornella.es\/wordpress\/wp-json\/wp\/v2\/posts\/95","targetHints":{"allow":["GET"]}}],"collection":[{"href":"http:\/\/www.bloguecornella.es\/wordpress\/wp-json\/wp\/v2\/posts"}],"about":[{"href":"http:\/\/www.bloguecornella.es\/wordpress\/wp-json\/wp\/v2\/types\/post"}],"author":[{"embeddable":true,"href":"http:\/\/www.bloguecornella.es\/wordpress\/wp-json\/wp\/v2\/users\/1"}],"replies":[{"embeddable":true,"href":"http:\/\/www.bloguecornella.es\/wordpress\/wp-json\/wp\/v2\/comments?post=95"}],"version-history":[{"count":0,"href":"http:\/\/www.bloguecornella.es\/wordpress\/wp-json\/wp\/v2\/posts\/95\/revisions"}],"wp:attachment":[{"href":"http:\/\/www.bloguecornella.es\/wordpress\/wp-json\/wp\/v2\/media?parent=95"}],"wp:term":[{"taxonomy":"category","embeddable":true,"href":"http:\/\/www.bloguecornella.es\/wordpress\/wp-json\/wp\/v2\/categories?post=95"},{"taxonomy":"post_tag","embeddable":true,"href":"http:\/\/www.bloguecornella.es\/wordpress\/wp-json\/wp\/v2\/tags?post=95"}],"curies":[{"name":"wp","href":"https:\/\/api.w.org\/{rel}","templated":true}]}}