{"id":802,"date":"2025-01-31T17:00:00","date_gmt":"2025-01-31T16:00:00","guid":{"rendered":"http:\/\/www.bloguecornella.es\/wordpress\/?p=802"},"modified":"2025-02-18T15:35:26","modified_gmt":"2025-02-18T14:35:26","slug":"previa-j21-atletic-balears-ue-cornella","status":"publish","type":"post","link":"http:\/\/www.bloguecornella.es\/wordpress\/2025\/01\/31\/previa-j21-atletic-balears-ue-cornella\/","title":{"rendered":"Previa J21: Atl\u00e8tic Balears &#8211; UE Cornell\u00e0"},"content":{"rendered":"\n<p>La UE Cornell\u00e0 viajara este domingo a Palma para enfrentarse al todo poderoso Atl\u00e8tic Balears.<\/p>\n\n\n\n<p>El conjunto de Ingo Volckmann tiene el presupuesto y plantilla para poder competir por el ascenso directo, pero se est\u00e1 encontrando una Segunda Federaci\u00f3n muy competitiva en la que puja por esa plaza con clubes como el CE Sabadell, CE Europa, UE Sant Andreu, etc. Y aqu\u00ed es donde damos como claro favorito para el partido al conjunto balear. Eso no quiere decir que no sea imposible conseguir la victoria.<\/p>\n\n\n\n<p>El Atl\u00e8tic Balears no ha ganado todav\u00eda en este 2025, dos empates contra la Penya Deportiva y el Lleida CF y derrota contra el CE Europa. El comienzo de este a\u00f1o les hace estar en 5\u00aa posici\u00f3n y alej\u00e1ndose un poco del liderato que, actualmente, lo tiene el CE Europa con 36 puntos.<\/p>\n\n\n\n<p>La UE Cornell\u00e0 ha sabido resolver bien el primer partido del Tourmalet contra el Lleida CF donde, el empate es el resultado esperado, pero donde la UE Cornell\u00e0 ha sabido rehacerse del gol al comienzo de la segunda parte y confirmando la tendencia de que la salud mental est\u00e1 preparada para las situaciones complicadas y con la consecuci\u00f3n del empate por Boris Kouassi (Segundo gol de la temporada) e incluso con la opci\u00f3n de poder llevarse el duelo en unos 5-6 minutos de descuento de infarto, con Albert Lopez y Denis Cruz, canterano, estelares para buscar gol de la victoria.<\/p>\n\n\n\n<p>Con la amarilla que ha recibido Ricard, en el partido contra el Lleida, ya son 4 jugadores los apercibidos por sanci\u00f3n en el partido contra la UE Sant Andreu: Izan Gonzalez, Ricard Pujol, Juan Duran y Boris Kouassi. Es un riesgo a tener en cuenta, sabiendo que, de los cuatro, tres son titulares habituales.<\/p>\n\n\n\n<p>Est\u00e1 semana, se ha producido los fichajes del lateral Gerard Gonzalez y del delantero centro Jorge Martinez-Losa para reforzar las parcelas que estaban pendientes. Por lo que la competitividad aumenta de cara a confeccionar las convocatorias del conjunto verde.<\/p>\n\n\n\n<p>La alineaci\u00f3n con la que creo que saldr\u00e1 Albert Garcia en el partido contra el Atl\u00e8tic Balears, ser\u00e1 la siguiente:<\/p>\n\n\n\n<p>POR &#8211; 1 &#8211; Ruben Mi\u00f1o<\/p>\n\n\n\n<p>LAI &#8211; 15 &#8211; Ricard Pujol<\/p>\n\n\n\n<p>DFC &#8211; 4 &#8211; Tomas Pe\u00f1alba<\/p>\n\n\n\n<p>DFC &#8211; 5 &#8211; Marc Vilaplana<\/p>\n\n\n\n<p>LAD &#8211; 2 &#8211; Bruno Lorente<\/p>\n\n\n\n<p>MC &#8211; 16 &#8211; Izan Gonzalez<\/p>\n\n\n\n<p>MC &#8211; 24 &#8211; Alejandro Perez<\/p>\n\n\n\n<p>MI &#8211; 11 &#8211; Luis Forcen<\/p>\n\n\n\n<p>MD &#8211;  17 &#8211; Javi Serra <\/p>\n\n\n\n<p>DC &#8211; 19 &#8211; Mateo Enriquez<\/p>\n\n\n\n<p>DC &#8211; 23 &#8211; Boris Kouassi<\/p>\n\n\n\n<p><strong>Suplentes<\/strong>: 13 &#8211; Isaac Vila, 3 &#8211; Jaouad Erraji, 7 &#8211; Juan Duran, 10 &#8211; Albert Lopez, 20 &#8211; Bouba Barry, 21 &#8211; Abdoul Bandaogo y 22 &#8211; Ibai Reches.<\/p>\n\n\n\n<p>Albert Garcia ir\u00e1 con todo para el partido contra el Atl\u00e8tic Balears y sacara su once estrella. En el aspecto de suplentes, pese a que el jugador del Juvenil B, Denis Cruz, hiciera un buen partido en sus 29 primeros minutos, el Juvenil A de Jorge Freixas juega el Domingo 02\/02 en Sabadell con el CE Mercantil a las 16:30h y seguramente sea convocado. Por lo que no ser\u00e1 convocado con el Primer equipo.<\/p>\n\n\n\n<p>Creo que esta vez, entrada convocado el nuevo jugador Abdoul Bandaogo en sustituci\u00f3n de Adam Cherradi que, \u00faltimamente, no est\u00e1 teniendo demasiados minutos con Albert (55 minutos) y entrara en el banquillo Ibai Reches, despu\u00e9s de 2 meses desde su lesi\u00f3n en detrimento del canterano Hector Tejada.  Alagy Oliveira, no ha jugado en los \u00faltimos dos partidos y creo que se caer\u00e1 de esta convocatoria tambi\u00e9n, desconozco si por lesi\u00f3n o por decisi\u00f3n t\u00e9cnica.<\/p>\n\n\n\n<p>Con todo, a por la 3a victoria del a\u00f1o. Domingo 2 de Febrero, a las 12h.<\/p>\n","protected":false},"excerpt":{"rendered":"<p>La UE Cornell\u00e0 viajara este domingo a Palma para enfrentarse al todo poderoso Atl\u00e8tic Balears. El conjunto de Ingo Volckmann tiene el presupuesto y plantilla para poder competir por el ascenso directo, pero se est\u00e1 encontrando una Segunda Federaci\u00f3n muy competitiva en la que puja por esa plaza con clubes como el CE Sabadell, CE [&hellip;]<\/p>\n","protected":false},"author":1,"featured_media":823,"comment_status":"open","ping_status":"open","sticky":false,"template":"","format":"standard","meta":{"_eb_attr":"","advanced_seo_description":"","jetpack_seo_html_title":"","jetpack_seo_noindex":false,"jetpack_post_was_ever_published":false,"_jetpack_newsletter_access":"","_jetpack_dont_email_post_to_subs":false,"_jetpack_newsletter_tier_id":0,"_jetpack_memberships_contains_paywalled_content":false,"_jetpack_memberships_contains_paid_content":false,"footnotes":"","jetpack_publicize_message":"","jetpack_publicize_feature_enabled":true,"jetpack_social_post_already_shared":true,"jetpack_social_options":{"image_generator_settings":{"template":"highway","default_image_id":0,"font":"","enabled":false},"version":2}},"categories":[14,15,16,51],"tags":[31,32,34],"class_list":["post-802","post","type-post","status-publish","format-standard","has-post-thumbnail","hentry","category-previa-partido","category-segunda-federacion-grupo-3","category-temporada-24-25","category-ue-cornella","tag-previa","tag-segunda-federacion","tag-temporada-2024-25"],"jetpack_publicize_connections":[],"jetpack_featured_media_url":"https:\/\/i0.wp.com\/www.bloguecornella.es\/wordpress\/wp-content\/uploads\/2025\/01\/J21_2RFEF3_ATB_COR.png?fit=2048%2C1152","jetpack_sharing_enabled":true,"jetpack-related-posts":[{"id":1007,"url":"http:\/\/www.bloguecornella.es\/wordpress\/2025\/03\/04\/pronostico-ult9j-ue-cornella\/","url_meta":{"origin":802,"position":0},"title":"Pron\u00f3stico \u00faltimas 9 jornadas UE Cornell\u00e0: \u00abSeremos de 2\u00aa, pero sufriendo\u00bb","author":"bloguecornella","date":"4 de marzo de 2025","format":false,"excerpt":"Al igual que hemos realizado con la Fundaci\u00f3 UE Cornell\u00e0 Femenina, vamos a pronosticar, en este caso, las \u00faltimas 9 jornadas para finalizar una temporada 2024\/25 que no se olvidara f\u00e1cilmente en la ciudad de Cornell\u00e0. Con el equipo sin ganar desde las \u00faltimas 6 jornadas, el equipo que dirige\u2026","rel":"","context":"En \u00abPron\u00f3stico Ult 10J 24\/25\u00bb","block_context":{"text":"Pron\u00f3stico Ult 10J 24\/25","link":"http:\/\/www.bloguecornella.es\/wordpress\/category\/pronostico-ult-10j-24-25\/"},"img":{"alt_text":"","src":"https:\/\/i0.wp.com\/www.bloguecornella.es\/wordpress\/wp-content\/uploads\/2025\/03\/2RFEF_Ult9J_2425.png?fit=1200%2C676&resize=350%2C200","width":350,"height":200,"srcset":"https:\/\/i0.wp.com\/www.bloguecornella.es\/wordpress\/wp-content\/uploads\/2025\/03\/2RFEF_Ult9J_2425.png?fit=1200%2C676&resize=350%2C200 1x, https:\/\/i0.wp.com\/www.bloguecornella.es\/wordpress\/wp-content\/uploads\/2025\/03\/2RFEF_Ult9J_2425.png?fit=1200%2C676&resize=525%2C300 1.5x, https:\/\/i0.wp.com\/www.bloguecornella.es\/wordpress\/wp-content\/uploads\/2025\/03\/2RFEF_Ult9J_2425.png?fit=1200%2C676&resize=700%2C400 2x, https:\/\/i0.wp.com\/www.bloguecornella.es\/wordpress\/wp-content\/uploads\/2025\/03\/2RFEF_Ult9J_2425.png?fit=1200%2C676&resize=1050%2C600 3x"},"classes":[]},{"id":718,"url":"http:\/\/www.bloguecornella.es\/wordpress\/2025\/01\/10\/previa-j18-ue-cornella-ce-andratx\/","url_meta":{"origin":802,"position":1},"title":"Previa J18 &#8211; UE Cornell\u00e0 &#8211; CE Andratx","author":"bloguecornella","date":"10 de enero de 2025","format":false,"excerpt":"A\u00f1o nuevo, prop\u00f3sitos nuevos. La UE Cornell\u00e0 afronta el nuevo a\u00f1o y el comienzo de la segunda vuelta ante un rival directo como lo es el CE Andratx balear. El equipo balear se encuentra en 15\u00aa posici\u00f3n con 16 puntos, un punto m\u00e1s que la UE Cornell\u00e0, y con la\u2026","rel":"","context":"En \u00abPrevia partido\u00bb","block_context":{"text":"Previa partido","link":"http:\/\/www.bloguecornella.es\/wordpress\/category\/previa-partido\/"},"img":{"alt_text":"","src":"","width":0,"height":0},"classes":[]},{"id":1810,"url":"http:\/\/www.bloguecornella.es\/wordpress\/2025\/06\/27\/3-jorge-carreon-experiencia-contrastada-en-la-categoria\/","url_meta":{"origin":802,"position":2},"title":"#3 &#8211; Jorge Carre\u00f3n: Experiencia contrastada en la categor\u00eda","author":"bloguecornella","date":"27 de junio de 2025","format":false,"excerpt":"El tercer fichaje de la categor\u00eda viene a dar experiencia en el medio del campo, tras la salida de Alejandro P\u00e9rez al Atl\u00e8tic Balears. A sus 27 a\u00f1os, ha pasado por 9 equipos y, donde el 90% de sus partidos, ha sido, entre el 4\u00ba y 5\u00ba escal\u00f3n del f\u00fatbol\u2026","rel":"","context":"En \u00abFichaje\u00bb","block_context":{"text":"Fichaje","link":"http:\/\/www.bloguecornella.es\/wordpress\/category\/fichaje\/"},"img":{"alt_text":"","src":"https:\/\/i0.wp.com\/www.bloguecornella.es\/wordpress\/wp-content\/uploads\/2025\/06\/3-Jorge-Carreon.png?fit=940%2C529&resize=350%2C200","width":350,"height":200,"srcset":"https:\/\/i0.wp.com\/www.bloguecornella.es\/wordpress\/wp-content\/uploads\/2025\/06\/3-Jorge-Carreon.png?fit=940%2C529&resize=350%2C200 1x, https:\/\/i0.wp.com\/www.bloguecornella.es\/wordpress\/wp-content\/uploads\/2025\/06\/3-Jorge-Carreon.png?fit=940%2C529&resize=525%2C300 1.5x, https:\/\/i0.wp.com\/www.bloguecornella.es\/wordpress\/wp-content\/uploads\/2025\/06\/3-Jorge-Carreon.png?fit=940%2C529&resize=700%2C400 2x"},"classes":[]},{"id":2418,"url":"http:\/\/www.bloguecornella.es\/wordpress\/2025\/09\/09\/1a-eliminatoria-copa-de-la-reina-fundacio-ue-cornella-ce-europa-previa\/","url_meta":{"origin":802,"position":3},"title":"1\u00aa Eliminatoria Copa de la Reina &#8211; Fundaci\u00f3 UE Cornell\u00e0 &#8211; CE Europa &#8211; Previa \u00abVamos a disfrutar\u00bb","author":"bloguecornella","date":"9 de septiembre de 2025","format":false,"excerpt":"Llego el momento. Un momento hist\u00f3rico para la secci\u00f3n femenina de la Fundaci\u00f3 UE Cornell\u00e0. Jugar por primera vez en su historia la Copa de la Reina. Despu\u00e9s de haber hecho historia la temporada 2024\/25 jugando en la Segunda Federaci\u00f3n femenina (3r escal\u00f3n del f\u00fatbol femenino nacional), consigui\u00f3 la temporada\u2026","rel":"","context":"En \u00abCopa de la Reina\u00bb","block_context":{"text":"Copa de la Reina","link":"http:\/\/www.bloguecornella.es\/wordpress\/category\/copa-de-la-reina\/"},"img":{"alt_text":"","src":"https:\/\/i0.wp.com\/www.bloguecornella.es\/wordpress\/wp-content\/uploads\/2025\/09\/Previa-1a-Eliminatoria-Copa-de-la-Reina.png?fit=940%2C529&resize=350%2C200","width":350,"height":200,"srcset":"https:\/\/i0.wp.com\/www.bloguecornella.es\/wordpress\/wp-content\/uploads\/2025\/09\/Previa-1a-Eliminatoria-Copa-de-la-Reina.png?fit=940%2C529&resize=350%2C200 1x, https:\/\/i0.wp.com\/www.bloguecornella.es\/wordpress\/wp-content\/uploads\/2025\/09\/Previa-1a-Eliminatoria-Copa-de-la-Reina.png?fit=940%2C529&resize=525%2C300 1.5x, https:\/\/i0.wp.com\/www.bloguecornella.es\/wordpress\/wp-content\/uploads\/2025\/09\/Previa-1a-Eliminatoria-Copa-de-la-Reina.png?fit=940%2C529&resize=700%2C400 2x"},"classes":[]},{"id":2212,"url":"http:\/\/www.bloguecornella.es\/wordpress\/2025\/08\/19\/sorteo-copa-de-la-reina-2025-26-1a-eliminatoria-analisis-de-nuestras-rivales\/","url_meta":{"origin":802,"position":4},"title":"Sorteo 1\u00aa Eliminatoria Copa de la Reina 2025\/26 &#8211; An\u00e1lisis de nuestras rivales","author":"bloguecornella","date":"19 de agosto de 2025","format":false,"excerpt":"Llego el momento deseado. Ma\u00f1ana, mi\u00e9rcoles 20 de Agosto, conoceremos a nuestra rival en la primera eliminatoria de la Copa de la Reina 2025\/26 y estaremos sigui\u00e9ndolo, en directo, desde el blog. Con los cambios realizados por la RFEF, en cuanto a que se tendr\u00e1 en cuenta los criterios de\u2026","rel":"","context":"En \u00abCopa de la Reina\u00bb","block_context":{"text":"Copa de la Reina","link":"http:\/\/www.bloguecornella.es\/wordpress\/category\/copa-de-la-reina\/"},"img":{"alt_text":"","src":"https:\/\/i0.wp.com\/www.bloguecornella.es\/wordpress\/wp-content\/uploads\/2025\/08\/Plantilla-Sorteo-Copa-de-la-Reina.png?fit=940%2C529&resize=350%2C200","width":350,"height":200,"srcset":"https:\/\/i0.wp.com\/www.bloguecornella.es\/wordpress\/wp-content\/uploads\/2025\/08\/Plantilla-Sorteo-Copa-de-la-Reina.png?fit=940%2C529&resize=350%2C200 1x, https:\/\/i0.wp.com\/www.bloguecornella.es\/wordpress\/wp-content\/uploads\/2025\/08\/Plantilla-Sorteo-Copa-de-la-Reina.png?fit=940%2C529&resize=525%2C300 1.5x, https:\/\/i0.wp.com\/www.bloguecornella.es\/wordpress\/wp-content\/uploads\/2025\/08\/Plantilla-Sorteo-Copa-de-la-Reina.png?fit=940%2C529&resize=700%2C400 2x"},"classes":[]},{"id":79,"url":"http:\/\/www.bloguecornella.es\/wordpress\/2024\/08\/09\/previa-reus-fc-reddis-ue-cornella-10-08-2024-19h\/","url_meta":{"origin":802,"position":5},"title":"Previa: Reus FC Reddis &#8211; UE Cornella 10\/08\/2024 19h","author":"bloguecornella","date":"9 de agosto de 2024","format":false,"excerpt":"El pr\u00f3ximo sabado 10\/08\/2024, a las 19h, se va a enfrentar la UE Cornella contra el Reus FC Reddis en el estadi Municipal de Reus. Nuestro rival viene de jugar dos partidos de pretemporada frente al Atletic Lleida con victoria 1-0 y empate contra el AE Prat a 1. La\u2026","rel":"","context":"En \u00abCopa Federacion - Fase autonomica\u00bb","block_context":{"text":"Copa Federacion - Fase autonomica","link":"http:\/\/www.bloguecornella.es\/wordpress\/category\/copa-federacion-fase-autonomica\/"},"img":{"alt_text":"","src":"","width":0,"height":0},"classes":[]}],"_links":{"self":[{"href":"http:\/\/www.bloguecornella.es\/wordpress\/wp-json\/wp\/v2\/posts\/802","targetHints":{"allow":["GET"]}}],"collection":[{"href":"http:\/\/www.bloguecornella.es\/wordpress\/wp-json\/wp\/v2\/posts"}],"about":[{"href":"http:\/\/www.bloguecornella.es\/wordpress\/wp-json\/wp\/v2\/types\/post"}],"author":[{"embeddable":true,"href":"http:\/\/www.bloguecornella.es\/wordpress\/wp-json\/wp\/v2\/users\/1"}],"replies":[{"embeddable":true,"href":"http:\/\/www.bloguecornella.es\/wordpress\/wp-json\/wp\/v2\/comments?post=802"}],"version-history":[{"count":7,"href":"http:\/\/www.bloguecornella.es\/wordpress\/wp-json\/wp\/v2\/posts\/802\/revisions"}],"predecessor-version":[{"id":821,"href":"http:\/\/www.bloguecornella.es\/wordpress\/wp-json\/wp\/v2\/posts\/802\/revisions\/821"}],"wp:featuredmedia":[{"embeddable":true,"href":"http:\/\/www.bloguecornella.es\/wordpress\/wp-json\/wp\/v2\/media\/823"}],"wp:attachment":[{"href":"http:\/\/www.bloguecornella.es\/wordpress\/wp-json\/wp\/v2\/media?parent=802"}],"wp:term":[{"taxonomy":"category","embeddable":true,"href":"http:\/\/www.bloguecornella.es\/wordpress\/wp-json\/wp\/v2\/categories?post=802"},{"taxonomy":"post_tag","embeddable":true,"href":"http:\/\/www.bloguecornella.es\/wordpress\/wp-json\/wp\/v2\/tags?post=802"}],"curies":[{"name":"wp","href":"https:\/\/api.w.org\/{rel}","templated":true}]}}