{"id":788,"date":"2025-01-25T11:30:00","date_gmt":"2025-01-25T10:30:00","guid":{"rendered":"http:\/\/www.bloguecornella.es\/wordpress\/?p=788"},"modified":"2025-02-18T15:36:40","modified_gmt":"2025-02-18T14:36:40","slug":"abdoul-bandaogo-segundo-refuerzo-invernal-24-25","status":"publish","type":"post","link":"http:\/\/www.bloguecornella.es\/wordpress\/2025\/01\/25\/abdoul-bandaogo-segundo-refuerzo-invernal-24-25\/","title":{"rendered":"Abdoul Bandaogo, segundo refuerzo invernal 24\/25"},"content":{"rendered":"\n<p>El jugador de Burkina Faso, Abdoul Bandaogo, viene para reforzar la medular del conjunto verde, previsiblemente para suplir al jugador Marc Esteban que fue intervenido ayer d\u00eda 24\/01\/2025 de su rotura de ligamento cruzado de la rodilla.<\/p>\n\n\n\n<p>Con la llegada de Abdoul, tenemos 4 jugadores en la demarcaci\u00f3n, sin contar al mencionado jugador lesionado, que son Izan, Alejandro y Adam.<\/p>\n\n\n\n<p>Abdoul estaba sin equipo en esta temporada 24\/25. Viene de jugar la temporada 2023\/2024 en la UD Melilla, en Primera Federaci\u00f3n, habiendo jugado 15 partidos.<\/p>\n\n\n\n<p>La trayectoria en Espa\u00f1a est\u00e1 compuesta por haber jugado entre Primera Federaci\u00f3n y la extinta Segunda Divisi\u00f3n B. Estos son los datos que hay sobre su trayectoria:<\/p>\n\n\n\n<ul class=\"wp-block-list\">\n<li>Primera Federaci\u00f3n: 46 partidos, 27 titular.<\/li>\n\n\n\n<li>2\u00aa Divisi\u00f3n B: 36 partidos, 36 titular.<\/li>\n<\/ul>\n\n\n\n<p>Ha jugado 6 partidos con la selecci\u00f3n de su pa\u00eds, Burkina Faso, siendo 4 amistosos y 2 partidos clasificatorios para la Copa de \u00c1frica en la temporada 21\/22.<\/p>\n\n\n\n<p>Entre los datos curiosos, Abdoul ya sabe lo que es jugar en el Municipal. Ya lo hizo con el Betis Deportivo, en la temporada 2021\/22, que jugo de titular el 05\/02\/2022 en el partido que venci\u00f3 la UE Cornella por 2-0 contra el Betis Deportivo.<\/p>\n\n\n\n<p>As\u00ed que, tres a\u00f1os despu\u00e9s, viene dispuesto a luchar por un puesto, en el once titular verde, y crecer dentro del conjunto verde.<\/p>\n\n\n\n<p>\u00a1Mucha suerte Abdoul! La parroquia verde est\u00e1 contigo<\/p>\n","protected":false},"excerpt":{"rendered":"<p>El jugador de Burkina Faso, Abdoul Bandaogo, viene para reforzar la medular del conjunto verde, previsiblemente para suplir al jugador Marc Esteban que fue intervenido ayer d\u00eda 24\/01\/2025 de su rotura de ligamento cruzado de la rodilla. Con la llegada de Abdoul, tenemos 4 jugadores en la demarcaci\u00f3n, sin contar al mencionado jugador lesionado, que [&hellip;]<\/p>\n","protected":false},"author":1,"featured_media":0,"comment_status":"open","ping_status":"open","sticky":false,"template":"","format":"standard","meta":{"_eb_attr":"","advanced_seo_description":"","jetpack_seo_html_title":"","jetpack_seo_noindex":false,"jetpack_post_was_ever_published":false,"_jetpack_newsletter_access":"","_jetpack_dont_email_post_to_subs":false,"_jetpack_newsletter_tier_id":0,"_jetpack_memberships_contains_paywalled_content":false,"_jetpack_memberships_contains_paid_content":false,"footnotes":"","jetpack_publicize_message":"","jetpack_publicize_feature_enabled":true,"jetpack_social_post_already_shared":true,"jetpack_social_options":{"image_generator_settings":{"template":"highway","default_image_id":0,"font":"","enabled":false},"version":2}},"categories":[52,16],"tags":[53,32,34],"class_list":["post-788","post","type-post","status-publish","format-standard","hentry","category-fichaje","category-temporada-24-25","tag-fichajes","tag-segunda-federacion","tag-temporada-2024-25"],"jetpack_publicize_connections":[],"jetpack_featured_media_url":"","jetpack_sharing_enabled":true,"jetpack-related-posts":[{"id":726,"url":"http:\/\/www.bloguecornella.es\/wordpress\/2025\/01\/08\/jaouad-erraji-primer-fichaje-de-la-ue-cornella-en-el-mercado-de-invierno-24-25\/","url_meta":{"origin":788,"position":0},"title":"Jaouad Erraji &#8211; Primer fichaje de la UE Cornell\u00e0 en el Mercado de Invierno 24\/25","author":"bloguecornella","date":"8 de enero de 2025","format":false,"excerpt":"Ya tenemos el primer fichaje de la era Albert Garc\u00eda en este mercado de invierno de la temporada 2024\/25. Se trata del marroqu\u00ed Jaouad Erraji, que viene del CD Navalcarnero de Segunda Federaci\u00f3n, por el que ficho este verano pasado procedente del Terrassa FC. Central experimentado, no est\u00e1 teniendo los\u2026","rel":"","context":"En \u00abFichaje\u00bb","block_context":{"text":"Fichaje","link":"http:\/\/www.bloguecornella.es\/wordpress\/category\/fichaje\/"},"img":{"alt_text":"","src":"","width":0,"height":0},"classes":[]},{"id":802,"url":"http:\/\/www.bloguecornella.es\/wordpress\/2025\/01\/31\/previa-j21-atletic-balears-ue-cornella\/","url_meta":{"origin":788,"position":1},"title":"Previa J21: Atl\u00e8tic Balears &#8211; UE Cornell\u00e0","author":"bloguecornella","date":"31 de enero de 2025","format":false,"excerpt":"La UE Cornell\u00e0 viajara este domingo a Palma para enfrentarse al todo poderoso Atl\u00e8tic Balears. El conjunto de Ingo Volckmann tiene el presupuesto y plantilla para poder competir por el ascenso directo, pero se est\u00e1 encontrando una Segunda Federaci\u00f3n muy competitiva en la que puja por esa plaza con clubes\u2026","rel":"","context":"En \u00abPrevia partido\u00bb","block_context":{"text":"Previa partido","link":"http:\/\/www.bloguecornella.es\/wordpress\/category\/previa-partido\/"},"img":{"alt_text":"","src":"https:\/\/i0.wp.com\/www.bloguecornella.es\/wordpress\/wp-content\/uploads\/2025\/01\/J21_2RFEF3_ATB_COR.png?fit=1200%2C675&resize=350%2C200","width":350,"height":200,"srcset":"https:\/\/i0.wp.com\/www.bloguecornella.es\/wordpress\/wp-content\/uploads\/2025\/01\/J21_2RFEF3_ATB_COR.png?fit=1200%2C675&resize=350%2C200 1x, https:\/\/i0.wp.com\/www.bloguecornella.es\/wordpress\/wp-content\/uploads\/2025\/01\/J21_2RFEF3_ATB_COR.png?fit=1200%2C675&resize=525%2C300 1.5x, https:\/\/i0.wp.com\/www.bloguecornella.es\/wordpress\/wp-content\/uploads\/2025\/01\/J21_2RFEF3_ATB_COR.png?fit=1200%2C675&resize=700%2C400 2x, https:\/\/i0.wp.com\/www.bloguecornella.es\/wordpress\/wp-content\/uploads\/2025\/01\/J21_2RFEF3_ATB_COR.png?fit=1200%2C675&resize=1050%2C600 3x"},"classes":[]},{"id":1064,"url":"http:\/\/www.bloguecornella.es\/wordpress\/2025\/03\/14\/previa-j27-ue-cornella-rcd-mallorca-b\/","url_meta":{"origin":788,"position":2},"title":"Previa J27: UE Cornell\u00e0 &#8211; RCD Mallorca \u00abB\u00bb","author":"bloguecornella","date":"14 de marzo de 2025","format":false,"excerpt":"Arrancamos la previa de los viernes con lo m\u00e1s importante a tener en cuenta del partido que enfrentara, este domingo, a las 11:30h, la UE Cornell\u00e0 contra el filial bermell\u00f3n del RCD Mallorca, en el Nou Municipal de Cornell\u00e0. Ambos clubes llegan con necesidades y con un conjunto bermell\u00f3n que\u2026","rel":"","context":"En \u00abPrevia partido\u00bb","block_context":{"text":"Previa partido","link":"http:\/\/www.bloguecornella.es\/wordpress\/category\/previa-partido\/"},"img":{"alt_text":"","src":"https:\/\/i0.wp.com\/www.bloguecornella.es\/wordpress\/wp-content\/uploads\/2025\/03\/J27_2RFEF3_COR_MALLB.png?fit=1200%2C675&resize=350%2C200","width":350,"height":200,"srcset":"https:\/\/i0.wp.com\/www.bloguecornella.es\/wordpress\/wp-content\/uploads\/2025\/03\/J27_2RFEF3_COR_MALLB.png?fit=1200%2C675&resize=350%2C200 1x, https:\/\/i0.wp.com\/www.bloguecornella.es\/wordpress\/wp-content\/uploads\/2025\/03\/J27_2RFEF3_COR_MALLB.png?fit=1200%2C675&resize=525%2C300 1.5x, https:\/\/i0.wp.com\/www.bloguecornella.es\/wordpress\/wp-content\/uploads\/2025\/03\/J27_2RFEF3_COR_MALLB.png?fit=1200%2C675&resize=700%2C400 2x, https:\/\/i0.wp.com\/www.bloguecornella.es\/wordpress\/wp-content\/uploads\/2025\/03\/J27_2RFEF3_COR_MALLB.png?fit=1200%2C675&resize=1050%2C600 3x"},"classes":[]},{"id":849,"url":"http:\/\/www.bloguecornella.es\/wordpress\/2025\/02\/04\/jorge-martinez-losa-el-cuarto-y-ultimo-fichaje-de-invierno\/","url_meta":{"origin":788,"position":3},"title":"Jorge Martinez-Losa, el cuarto y \u00faltimo fichaje de invierno","author":"bloguecornella","date":"4 de febrero de 2025","format":false,"excerpt":"Una vez finalizado el mercado y viendo que no habr\u00e1 m\u00e1s incorporaciones, a no ser que sean jugadores libres, procedemos a hablaros sobre el \u00faltimo fichaje de invierno, el delantero riojano Jorge Martinez-Losa. El punta llega procedente del CD Calahorra, donde ha jugado esta temporada un total de 19 partidos\u2026","rel":"","context":"En \u00abFichaje\u00bb","block_context":{"text":"Fichaje","link":"http:\/\/www.bloguecornella.es\/wordpress\/category\/fichaje\/"},"img":{"alt_text":"Source: www.uecornella.cat","src":"https:\/\/i0.wp.com\/www.bloguecornella.es\/wordpress\/wp-content\/uploads\/2025\/02\/Fichaje_Martinez-Losa.jpg?fit=900%2C600&resize=350%2C200","width":350,"height":200,"srcset":"https:\/\/i0.wp.com\/www.bloguecornella.es\/wordpress\/wp-content\/uploads\/2025\/02\/Fichaje_Martinez-Losa.jpg?fit=900%2C600&resize=350%2C200 1x, https:\/\/i0.wp.com\/www.bloguecornella.es\/wordpress\/wp-content\/uploads\/2025\/02\/Fichaje_Martinez-Losa.jpg?fit=900%2C600&resize=525%2C300 1.5x, https:\/\/i0.wp.com\/www.bloguecornella.es\/wordpress\/wp-content\/uploads\/2025\/02\/Fichaje_Martinez-Losa.jpg?fit=900%2C600&resize=700%2C400 2x"},"classes":[]},{"id":1343,"url":"http:\/\/www.bloguecornella.es\/wordpress\/2025\/04\/25\/previa-j33-ue-cornella-torrent-cf\/","url_meta":{"origin":788,"position":4},"title":"Previa J33: UE Cornell\u00e0 &#8211; Torrent CF","author":"bloguecornella","date":"25 de abril de 2025","format":false,"excerpt":"Encaramos la pen\u00faltima jornada de liga, con una UE Cornell\u00e0, ya descendida, que recibe en el Municipal de Cornell\u00e0 al Torrent CF. Equipo valenciano que est\u00e1 haciendo una campa\u00f1a hist\u00f3rica, ocupando posici\u00f3n de play-off de ascenso a Primera Federaci\u00f3n El rival: Torrent CF (4\u00ba - 52 puntos) El Torrent CF\u2026","rel":"","context":"En \u00abPrevia partido\u00bb","block_context":{"text":"Previa partido","link":"http:\/\/www.bloguecornella.es\/wordpress\/category\/previa-partido\/"},"img":{"alt_text":"","src":"https:\/\/i0.wp.com\/www.bloguecornella.es\/wordpress\/wp-content\/uploads\/2025\/04\/J33_2RFEF3_UEC_TCF.png?fit=1200%2C675&resize=350%2C200","width":350,"height":200,"srcset":"https:\/\/i0.wp.com\/www.bloguecornella.es\/wordpress\/wp-content\/uploads\/2025\/04\/J33_2RFEF3_UEC_TCF.png?fit=1200%2C675&resize=350%2C200 1x, https:\/\/i0.wp.com\/www.bloguecornella.es\/wordpress\/wp-content\/uploads\/2025\/04\/J33_2RFEF3_UEC_TCF.png?fit=1200%2C675&resize=525%2C300 1.5x, https:\/\/i0.wp.com\/www.bloguecornella.es\/wordpress\/wp-content\/uploads\/2025\/04\/J33_2RFEF3_UEC_TCF.png?fit=1200%2C675&resize=700%2C400 2x, https:\/\/i0.wp.com\/www.bloguecornella.es\/wordpress\/wp-content\/uploads\/2025\/04\/J33_2RFEF3_UEC_TCF.png?fit=1200%2C675&resize=1050%2C600 3x"},"classes":[]},{"id":870,"url":"http:\/\/www.bloguecornella.es\/wordpress\/2025\/02\/09\/cronica-j22-ue-sant-andreu-4-0-ue-cornella-autodestruccion-desde-el-minuto-25\/","url_meta":{"origin":788,"position":5},"title":"Cr\u00f3nica J22: UE Sant Andreu 4-0 UE Cornell\u00e0 \u00abAutodestrucci\u00f3n desde el minuto 25\u00bb","author":"bloguecornella","date":"9 de febrero de 2025","format":false,"excerpt":"La UE Cornell\u00e0 encaja una dolorosa derrota en el partido correspondiente a la Jornada 22 de la Segunda Federaci\u00f3n Grupo 3 en el estadio Narc\u00eds Sala por 4-0 contra la UE Sant Andreu. Volv\u00eda al banquillo, de forma interina, Gonzalo Riutort, para dirigir su partido n\u00famero 87 en el conjunto\u2026","rel":"","context":"En \u00abSegunda Federaci\u00f3n Grupo 3\u00bb","block_context":{"text":"Segunda Federaci\u00f3n Grupo 3","link":"http:\/\/www.bloguecornella.es\/wordpress\/category\/segunda-federacion-grupo-3\/"},"img":{"alt_text":"","src":"https:\/\/i0.wp.com\/www.bloguecornella.es\/wordpress\/wp-content\/uploads\/2025\/02\/img_9169.jpg?fit=1200%2C900&resize=350%2C200","width":350,"height":200,"srcset":"https:\/\/i0.wp.com\/www.bloguecornella.es\/wordpress\/wp-content\/uploads\/2025\/02\/img_9169.jpg?fit=1200%2C900&resize=350%2C200 1x, https:\/\/i0.wp.com\/www.bloguecornella.es\/wordpress\/wp-content\/uploads\/2025\/02\/img_9169.jpg?fit=1200%2C900&resize=525%2C300 1.5x, https:\/\/i0.wp.com\/www.bloguecornella.es\/wordpress\/wp-content\/uploads\/2025\/02\/img_9169.jpg?fit=1200%2C900&resize=700%2C400 2x, https:\/\/i0.wp.com\/www.bloguecornella.es\/wordpress\/wp-content\/uploads\/2025\/02\/img_9169.jpg?fit=1200%2C900&resize=1050%2C600 3x"},"classes":[]}],"_links":{"self":[{"href":"http:\/\/www.bloguecornella.es\/wordpress\/wp-json\/wp\/v2\/posts\/788","targetHints":{"allow":["GET"]}}],"collection":[{"href":"http:\/\/www.bloguecornella.es\/wordpress\/wp-json\/wp\/v2\/posts"}],"about":[{"href":"http:\/\/www.bloguecornella.es\/wordpress\/wp-json\/wp\/v2\/types\/post"}],"author":[{"embeddable":true,"href":"http:\/\/www.bloguecornella.es\/wordpress\/wp-json\/wp\/v2\/users\/1"}],"replies":[{"embeddable":true,"href":"http:\/\/www.bloguecornella.es\/wordpress\/wp-json\/wp\/v2\/comments?post=788"}],"version-history":[{"count":1,"href":"http:\/\/www.bloguecornella.es\/wordpress\/wp-json\/wp\/v2\/posts\/788\/revisions"}],"predecessor-version":[{"id":789,"href":"http:\/\/www.bloguecornella.es\/wordpress\/wp-json\/wp\/v2\/posts\/788\/revisions\/789"}],"wp:attachment":[{"href":"http:\/\/www.bloguecornella.es\/wordpress\/wp-json\/wp\/v2\/media?parent=788"}],"wp:term":[{"taxonomy":"category","embeddable":true,"href":"http:\/\/www.bloguecornella.es\/wordpress\/wp-json\/wp\/v2\/categories?post=788"},{"taxonomy":"post_tag","embeddable":true,"href":"http:\/\/www.bloguecornella.es\/wordpress\/wp-json\/wp\/v2\/tags?post=788"}],"curies":[{"name":"wp","href":"https:\/\/api.w.org\/{rel}","templated":true}]}}