{"id":684,"date":"2024-12-21T08:00:00","date_gmt":"2024-12-21T07:00:00","guid":{"rendered":"http:\/\/www.bloguecornella.es\/wordpress\/?p=684"},"modified":"2025-02-18T15:39:38","modified_gmt":"2025-02-18T14:39:38","slug":"previa-j17-ue-cornella-vs-rcd-espanyol-b","status":"publish","type":"post","link":"http:\/\/www.bloguecornella.es\/wordpress\/2024\/12\/21\/previa-j17-ue-cornella-vs-rcd-espanyol-b\/","title":{"rendered":"Previa J17: UE Cornella vs RCD Espanyol \u00abB\u00bb"},"content":{"rendered":"\n<p>Llega el \u00faltimo partido de la primera vuelta y del a\u00f1o 2024 en casa, en nuestro templo, el domingo 22 a las 19:45 contra el RCD Espanyol \u00abB\u00bb.<\/p>\n\n\n\n<p>La UE Cornell\u00e0 llega al duelo con la subida de adrenalina que provoca la \u00faltima victoria contra el Torrent en el \u00faltimo suspiro del partido. Si, ese \u00faltimo suspiro que tantos puntos nos ha quitado, esta vez ha querido ser Juan Duran el que ha logrado sumar dos m\u00e1s con un golazo. El equipo de Albert Garc\u00eda ha sumado 7 de los \u00faltimos 9 puntos y viene con la moral alta de poder brindar, ante su afici\u00f3n, un triunfo para redondear un mes de diciembre, sin derrotas.<\/p>\n\n\n\n<p>El RCD Espanyol \u00abB\u00bb viene con la vitola de finalizar la Jornada 15 en puestos de play-out y, con la victoria del partido aplazado con el Torrent y la del fin de semana pasado, a situarse en puestos de play-off de ascenso a 1\u00aa Federaci\u00f3n. Est\u00e1 en un momento dulce que querr\u00e1 alargar est\u00e1 semana el conjunto perico.<\/p>\n\n\n\n<p>El balance de partidos en el Nou Municipal es favorecedor al conjunto de Albert Garc\u00eda con 5 victorias, 3 empates y 3 derrotas. La \u00faltima victoria perica fue hace 5 a\u00f1os y los dos \u00faltimos partidos son victorias verdes.<\/p>\n\n\n\n<p>Este mi\u00e9rcoles, se pudo ver el potencial que tiene la cantera verde con chavales como Jordi Saucedo en Porter\u00eda, Derek en defensa y en la medular y punta de ataque con Daniel Fernandez y Nuhu. Pese a caer en los penaltis, supo a un punto positivo tal y como comento el m\u00edster al finalizar el partido. Tambi\u00e9n se vio bien a un Boris que va de menos a mas y una faceta poco conocedora en el club de Mateo en la medular que puede venir muy bien en \u00e9pocas complicadas.<\/p>\n\n\n\n<p>Creo que la alineaci\u00f3n para este fin de semana, teniendo en cuenta que Boris no podr\u00e1 jugar por sanci\u00f3n, ser\u00e1 la siguiente:<\/p>\n\n\n\n<p>POR &#8211; 1 &#8211; Ruben Mi\u00f1o<\/p>\n\n\n\n<p>LAI &#8211; 2 &#8211; Bruno Lorente<\/p>\n\n\n\n<p>DFC &#8211; 6 &#8211; Alagy Oliveira<\/p>\n\n\n\n<p>DFC &#8211; 4 &#8211; Tomas Pe\u00f1alba<\/p>\n\n\n\n<p>LAD &#8211; 15 &#8211; Ricard Pujol<\/p>\n\n\n\n<p>MI &#8211; 17 &#8211; Javi Serra<\/p>\n\n\n\n<p>MC &#8211; 16 &#8211; Izan Gonzalez<\/p>\n\n\n\n<p>MC &#8211; 8 &#8211; Adam<\/p>\n\n\n\n<p>MD &#8211; 7 &#8211; Juan Duran<\/p>\n\n\n\n<p>DC &#8211; 19 &#8211; Mateo Enriquez<\/p>\n\n\n\n<p>DC &#8211; 11 &#8211; Luis Forcen<\/p>\n\n\n\n<p>Luis ocupara la posici\u00f3n de delantero centro que deber\u00eda de ocupar Boris y en banda estar\u00e1 Juan. Reconvertido en interior, tiene toda la banda para hacer la funci\u00f3n tanto en ataque como en defensa.<\/p>\n\n\n\n<p>Marc Esteban, en este \u00faltimo partido contra el Cerdanyola acabo bastante tocado y creo que no va a estar. En el, ocupara la posici\u00f3n de medio centro Adam que tiene cuerpo para llevarse los balones y lanzarlos a banda. En defensa, Tomas se ha ganado el pulso y todav\u00eda tenemos a Marc Vilaplana que creo que seguir\u00e1 tocado y lo veremos de vuelta el a\u00f1o que viene.<\/p>\n\n\n\n<p>No habr\u00e1 retransmisi\u00f3n este fin de semana, ni tampoco habr\u00e1 cr\u00f3nica al estar de desconexi\u00f3n con la familia. Que tambi\u00e9n viene bien. Pero os dejo est\u00e1 previa para que teng\u00e1is lo m\u00ednimo indispensable sobre el vital partido de la UE Cornell\u00e0, con el objetivo de ponernos lo m\u00e1s cercano posible de la salvaci\u00f3n.<\/p>\n\n\n\n<p>Sobre nuestros rivales, el ideal para recortar distancias ser\u00eda el siguiente:<\/p>\n\n\n\n<p>El CE Andratx deber\u00eda de perder contra el Lleida CF y as\u00ed les adelantamos en la clasificaci\u00f3n. La UE Olot, deber\u00eda de no sumar contra el CF Badalona Futur, aunque lo veo complicado con la diferencia entre ambos equipos. La SD Ibiza y el Torrent tienen a rivales duros como Atl\u00e9tico Baleares y UE Sant Andreu, por lo que no deber\u00edan de sumar tampoco y nos pondr\u00edamos a 3 puntos de la salvaci\u00f3n (Dependiendo de lo que haga la UE Olot)<\/p>\n\n\n\n<p>So\u00f1ar es gratis. Y ahi va el sue\u00f1o para este fin de semana.<\/p>\n","protected":false},"excerpt":{"rendered":"<p>Llega el \u00faltimo partido de la primera vuelta y del a\u00f1o 2024 en casa, en nuestro templo, el domingo 22 a las 19:45 contra el RCD Espanyol \u00abB\u00bb. La UE Cornell\u00e0 llega al duelo con la subida de adrenalina que provoca la \u00faltima victoria contra el Torrent en el \u00faltimo suspiro del partido. Si, ese [&hellip;]<\/p>\n","protected":false},"author":1,"featured_media":0,"comment_status":"open","ping_status":"open","sticky":false,"template":"","format":"standard","meta":{"_eb_attr":"","advanced_seo_description":"","jetpack_seo_html_title":"","jetpack_seo_noindex":false,"jetpack_post_was_ever_published":false,"_jetpack_newsletter_access":"","_jetpack_dont_email_post_to_subs":false,"_jetpack_newsletter_tier_id":0,"_jetpack_memberships_contains_paywalled_content":false,"_jetpack_memberships_contains_paid_content":false,"footnotes":"","jetpack_publicize_message":"","jetpack_publicize_feature_enabled":true,"jetpack_social_post_already_shared":true,"jetpack_social_options":{"image_generator_settings":{"template":"highway","default_image_id":0,"font":"","enabled":false},"version":2}},"categories":[14,15,16,51],"tags":[31,32,34],"class_list":["post-684","post","type-post","status-publish","format-standard","hentry","category-previa-partido","category-segunda-federacion-grupo-3","category-temporada-24-25","category-ue-cornella","tag-previa","tag-segunda-federacion","tag-temporada-2024-25"],"jetpack_publicize_connections":[],"jetpack_featured_media_url":"","jetpack_sharing_enabled":true,"jetpack-related-posts":[{"id":2271,"url":"http:\/\/www.bloguecornella.es\/wordpress\/2025\/08\/21\/1-pretemporada-25-26-fundacio-ue-cornella-rcd-espanyol-b-previa\/","url_meta":{"origin":684,"position":0},"title":"#1 Pretemporada 25\/26 &#8211; Fundaci\u00f3 UE Cornell\u00e0 &#8211; RCD Espanyol \u00abB\u00bb &#8211; Previa","author":"bloguecornella","date":"21 de agosto de 2025","format":false,"excerpt":"Llego la primera toma de contacto de la Fundaci\u00f3 UE Cornell\u00e0 femenina en la temporada 2025\/26. Despu\u00e9s de la temporada hist\u00f3rica en la Segunda Federaci\u00f3n y de haber llegado a disputar partidos contra equipos m\u00edticos como el Rayo Vallecano, que fue campe\u00f3n de la actual Liga F, volvemos al h\u00e1bitat\u2026","rel":"","context":"En \u00abFundaci\u00f3 UE Cornell\u00e0\u00bb","block_context":{"text":"Fundaci\u00f3 UE Cornell\u00e0","link":"http:\/\/www.bloguecornella.es\/wordpress\/category\/fuecornella\/"},"img":{"alt_text":"","src":"https:\/\/i0.wp.com\/www.bloguecornella.es\/wordpress\/wp-content\/uploads\/2025\/08\/Previas-Fundacio-UE-Cornella.png?fit=940%2C529&resize=350%2C200","width":350,"height":200,"srcset":"https:\/\/i0.wp.com\/www.bloguecornella.es\/wordpress\/wp-content\/uploads\/2025\/08\/Previas-Fundacio-UE-Cornella.png?fit=940%2C529&resize=350%2C200 1x, https:\/\/i0.wp.com\/www.bloguecornella.es\/wordpress\/wp-content\/uploads\/2025\/08\/Previas-Fundacio-UE-Cornella.png?fit=940%2C529&resize=525%2C300 1.5x, https:\/\/i0.wp.com\/www.bloguecornella.es\/wordpress\/wp-content\/uploads\/2025\/08\/Previas-Fundacio-UE-Cornella.png?fit=940%2C529&resize=700%2C400 2x"},"classes":[]},{"id":1397,"url":"http:\/\/www.bloguecornella.es\/wordpress\/2025\/05\/02\/previa-j34-rcd-espanyol-b-ue-cornella\/","url_meta":{"origin":684,"position":1},"title":"Previa J34: RCD Espanyol \u00abB\u00bb &#8211; UE Cornell\u00e0","author":"bloguecornella","date":"2 de mayo de 2025","format":false,"excerpt":"Finalizamos la temporada 24\/25 visitando la Ciudad Deportiva Dani Jarque del RCD Espanyol, para enfrentarnos al filial perico. Un estadio que nos vio como locales durante partidos de la 22\/23 y, sobre todo, de la 23\/24, debido a que teniamos que desplazarnos en Primera Federaci\u00f3n por no disponer de c\u00e9sped\u2026","rel":"","context":"En \u00abPrevia partido\u00bb","block_context":{"text":"Previa partido","link":"http:\/\/www.bloguecornella.es\/wordpress\/category\/previa-partido\/"},"img":{"alt_text":"","src":"https:\/\/i0.wp.com\/www.bloguecornella.es\/wordpress\/wp-content\/uploads\/2025\/05\/J34_2RFEF3_RCDEB_UEC.png?fit=1200%2C673&resize=350%2C200","width":350,"height":200,"srcset":"https:\/\/i0.wp.com\/www.bloguecornella.es\/wordpress\/wp-content\/uploads\/2025\/05\/J34_2RFEF3_RCDEB_UEC.png?fit=1200%2C673&resize=350%2C200 1x, https:\/\/i0.wp.com\/www.bloguecornella.es\/wordpress\/wp-content\/uploads\/2025\/05\/J34_2RFEF3_RCDEB_UEC.png?fit=1200%2C673&resize=525%2C300 1.5x, https:\/\/i0.wp.com\/www.bloguecornella.es\/wordpress\/wp-content\/uploads\/2025\/05\/J34_2RFEF3_RCDEB_UEC.png?fit=1200%2C673&resize=700%2C400 2x, https:\/\/i0.wp.com\/www.bloguecornella.es\/wordpress\/wp-content\/uploads\/2025\/05\/J34_2RFEF3_RCDEB_UEC.png?fit=1200%2C673&resize=1050%2C600 3x"},"classes":[]},{"id":885,"url":"http:\/\/www.bloguecornella.es\/wordpress\/2025\/02\/11\/albert-lopo-ue-cornella\/","url_meta":{"origin":684,"position":2},"title":"Conozcamos a Alberto Lopo, nuevo entrenador de la UE Cornell\u00e0","author":"bloguecornella","date":"11 de febrero de 2025","format":false,"excerpt":"Aterriza, en la UE Cornell\u00e0, un mito, como jugador, de equipos como el RCD Espanyol (197 partidos) y RC Deportivo de la Coru\u00f1a (237 partidos), como nuevo entrenador de la entidad verde. El pasado de Alberto Lopo, como jugador, es mas que contrastado con etapas en diferentes equipos de Segunda\u2026","rel":"","context":"En \u00abFichaje\u00bb","block_context":{"text":"Fichaje","link":"http:\/\/www.bloguecornella.es\/wordpress\/category\/fichaje\/"},"img":{"alt_text":"","src":"https:\/\/i0.wp.com\/www.bloguecornella.es\/wordpress\/wp-content\/uploads\/2025\/02\/Imagen-de-WhatsApp-2025-02-09-a-las-23.08.01_45aee136.jpg?fit=900%2C600&resize=350%2C200","width":350,"height":200,"srcset":"https:\/\/i0.wp.com\/www.bloguecornella.es\/wordpress\/wp-content\/uploads\/2025\/02\/Imagen-de-WhatsApp-2025-02-09-a-las-23.08.01_45aee136.jpg?fit=900%2C600&resize=350%2C200 1x, https:\/\/i0.wp.com\/www.bloguecornella.es\/wordpress\/wp-content\/uploads\/2025\/02\/Imagen-de-WhatsApp-2025-02-09-a-las-23.08.01_45aee136.jpg?fit=900%2C600&resize=525%2C300 1.5x, https:\/\/i0.wp.com\/www.bloguecornella.es\/wordpress\/wp-content\/uploads\/2025\/02\/Imagen-de-WhatsApp-2025-02-09-a-las-23.08.01_45aee136.jpg?fit=900%2C600&resize=700%2C400 2x"},"classes":[]},{"id":718,"url":"http:\/\/www.bloguecornella.es\/wordpress\/2025\/01\/10\/previa-j18-ue-cornella-ce-andratx\/","url_meta":{"origin":684,"position":3},"title":"Previa J18 &#8211; UE Cornell\u00e0 &#8211; CE Andratx","author":"bloguecornella","date":"10 de enero de 2025","format":false,"excerpt":"A\u00f1o nuevo, prop\u00f3sitos nuevos. La UE Cornell\u00e0 afronta el nuevo a\u00f1o y el comienzo de la segunda vuelta ante un rival directo como lo es el CE Andratx balear. El equipo balear se encuentra en 15\u00aa posici\u00f3n con 16 puntos, un punto m\u00e1s que la UE Cornell\u00e0, y con la\u2026","rel":"","context":"En \u00abPrevia partido\u00bb","block_context":{"text":"Previa partido","link":"http:\/\/www.bloguecornella.es\/wordpress\/category\/previa-partido\/"},"img":{"alt_text":"","src":"","width":0,"height":0},"classes":[]},{"id":978,"url":"http:\/\/www.bloguecornella.es\/wordpress\/2025\/02\/28\/previa-j25-ue-cornella-ud-alzira\/","url_meta":{"origin":684,"position":4},"title":"Previa J25: UE Cornella &#8211; UD Alzira","author":"bloguecornella","date":"28 de febrero de 2025","format":false,"excerpt":"Este domingo, comienza la cuenta atr\u00e1s de 10 partidos para dar por finalizada una temporada 2024\/25 que siempre ser\u00e1 recordada por lo turbulenta que ha sido. Descenso de 1\u00aa Federaci\u00f3n, nuevo entrador y plantilla, destituci\u00f3n en la J11, nuevo entrenador que 10 jornadas despu\u00e9s sale del proyecto por una oferta\u2026","rel":"","context":"En \u00abSegunda Federaci\u00f3n Grupo 3\u00bb","block_context":{"text":"Segunda Federaci\u00f3n Grupo 3","link":"http:\/\/www.bloguecornella.es\/wordpress\/category\/segunda-federacion-grupo-3\/"},"img":{"alt_text":"","src":"https:\/\/i0.wp.com\/www.bloguecornella.es\/wordpress\/wp-content\/uploads\/2025\/02\/J25_2RFEF3_COR_ALZ.png?fit=1200%2C675&resize=350%2C200","width":350,"height":200,"srcset":"https:\/\/i0.wp.com\/www.bloguecornella.es\/wordpress\/wp-content\/uploads\/2025\/02\/J25_2RFEF3_COR_ALZ.png?fit=1200%2C675&resize=350%2C200 1x, https:\/\/i0.wp.com\/www.bloguecornella.es\/wordpress\/wp-content\/uploads\/2025\/02\/J25_2RFEF3_COR_ALZ.png?fit=1200%2C675&resize=525%2C300 1.5x, https:\/\/i0.wp.com\/www.bloguecornella.es\/wordpress\/wp-content\/uploads\/2025\/02\/J25_2RFEF3_COR_ALZ.png?fit=1200%2C675&resize=700%2C400 2x, https:\/\/i0.wp.com\/www.bloguecornella.es\/wordpress\/wp-content\/uploads\/2025\/02\/J25_2RFEF3_COR_ALZ.png?fit=1200%2C675&resize=1050%2C600 3x"},"classes":[]},{"id":2814,"url":"http:\/\/www.bloguecornella.es\/wordpress\/2025\/10\/22\/copa_cat_fem_octavos\/","url_meta":{"origin":684,"position":5},"title":"Copa Catalunya 2026 &#8211; La Fundaci\u00f3 UE Cornell\u00e0 espera rival para los Cuartos de final","author":"bloguecornella","date":"22 de octubre de 2025","format":false,"excerpt":"La Copa Catalunya encara su fase n\u00famero cuatro. O mejor dicho, sus octavos de final. El torneo catal\u00e1n, desde su cambio de formato en la temporada pasada, ha dado un salto de calidad para poder ofrecer una mejor experiencia de partido para vivir el torneo m\u00e1s importante a nivel auton\u00f3mico.\u2026","rel":"","context":"En \u00abCopa Catalunya\u00bb","block_context":{"text":"Copa Catalunya","link":"http:\/\/www.bloguecornella.es\/wordpress\/category\/copa-catalunya\/"},"img":{"alt_text":"","src":"https:\/\/i0.wp.com\/www.bloguecornella.es\/wordpress\/wp-content\/uploads\/2025\/10\/Rivales-Fundacio-UE-Cornella-Cuartos-de-Final.png?fit=940%2C529&resize=350%2C200","width":350,"height":200,"srcset":"https:\/\/i0.wp.com\/www.bloguecornella.es\/wordpress\/wp-content\/uploads\/2025\/10\/Rivales-Fundacio-UE-Cornella-Cuartos-de-Final.png?fit=940%2C529&resize=350%2C200 1x, https:\/\/i0.wp.com\/www.bloguecornella.es\/wordpress\/wp-content\/uploads\/2025\/10\/Rivales-Fundacio-UE-Cornella-Cuartos-de-Final.png?fit=940%2C529&resize=525%2C300 1.5x, https:\/\/i0.wp.com\/www.bloguecornella.es\/wordpress\/wp-content\/uploads\/2025\/10\/Rivales-Fundacio-UE-Cornella-Cuartos-de-Final.png?fit=940%2C529&resize=700%2C400 2x"},"classes":[]}],"_links":{"self":[{"href":"http:\/\/www.bloguecornella.es\/wordpress\/wp-json\/wp\/v2\/posts\/684","targetHints":{"allow":["GET"]}}],"collection":[{"href":"http:\/\/www.bloguecornella.es\/wordpress\/wp-json\/wp\/v2\/posts"}],"about":[{"href":"http:\/\/www.bloguecornella.es\/wordpress\/wp-json\/wp\/v2\/types\/post"}],"author":[{"embeddable":true,"href":"http:\/\/www.bloguecornella.es\/wordpress\/wp-json\/wp\/v2\/users\/1"}],"replies":[{"embeddable":true,"href":"http:\/\/www.bloguecornella.es\/wordpress\/wp-json\/wp\/v2\/comments?post=684"}],"version-history":[{"count":2,"href":"http:\/\/www.bloguecornella.es\/wordpress\/wp-json\/wp\/v2\/posts\/684\/revisions"}],"predecessor-version":[{"id":686,"href":"http:\/\/www.bloguecornella.es\/wordpress\/wp-json\/wp\/v2\/posts\/684\/revisions\/686"}],"wp:attachment":[{"href":"http:\/\/www.bloguecornella.es\/wordpress\/wp-json\/wp\/v2\/media?parent=684"}],"wp:term":[{"taxonomy":"category","embeddable":true,"href":"http:\/\/www.bloguecornella.es\/wordpress\/wp-json\/wp\/v2\/categories?post=684"},{"taxonomy":"post_tag","embeddable":true,"href":"http:\/\/www.bloguecornella.es\/wordpress\/wp-json\/wp\/v2\/tags?post=684"}],"curies":[{"name":"wp","href":"https:\/\/api.w.org\/{rel}","templated":true}]}}