{"id":654,"date":"2024-12-15T23:26:11","date_gmt":"2024-12-15T22:26:11","guid":{"rendered":"http:\/\/www.bloguecornella.es\/wordpress\/?p=654"},"modified":"2024-12-15T23:26:11","modified_gmt":"2024-12-15T22:26:11","slug":"cronica-j16-torrent-cf-0-1-ue-cornella-por-fin-la-suerte-nos-sonrie","status":"publish","type":"post","link":"http:\/\/www.bloguecornella.es\/wordpress\/2024\/12\/15\/cronica-j16-torrent-cf-0-1-ue-cornella-por-fin-la-suerte-nos-sonrie\/","title":{"rendered":"Cr\u00f3nica J16: Torrent CF 0-1 UE Cornell\u00e0 \u00abPor fin, la suerte nos sonr\u00ede\u00bb"},"content":{"rendered":"\n<p>La UE Cornell\u00e0 suma su tercera semana consecutiva sin perder y encadena su segunda victoria consecutiva fuera del Municipal de Cornell\u00e0. Los hombres de Albert Garcia logran la victoria gracias a un golazo de volea de Juan Duran que logra aquello que nos ha ido penalizando en tantas ocasiones esta temporada, los puntos perdidos en los \u00faltimos minutos de partido.<\/p>\n\n\n\n<p>La alineaci\u00f3n titular de Albert Garc\u00eda destaca por la titularidad de Albert Lopez, que est\u00e1 haciendo un muy buen trabajo en los \u00faltimos partidos, en detrimento de Mateo que empez\u00f3 el partido en el banquillo. Tomas Pe\u00f1alba y Boris ya est\u00e1n asentados en el once inicial despu\u00e9s de varias jornadas si\u00e9ndolo.<\/p>\n\n\n\n<p>El partido ha sido bastante tranquilo y donde no ha reinado mucho las ocasiones de gol. El Torrent ha empezado fuerte el partido teniendo m\u00e1s el control en el primer tramo de la primera parte y luego la UE Cornell\u00e0 ha empezado a ir teniendo algo m\u00e1s de protagonismo en el \u00e1rea rival, pero sin generar una ocasi\u00f3n clara de gol. La ocasi\u00f3n mas clara es una parada de Ruben Mi\u00f1o en el minuto 41 que podr\u00eda haber supuesto el primer gol del partido.<\/p>\n\n\n\n<p>Al descanso se llega con un 0-0 donde ser\u00eda el resultado justo de este partido. El comienzo de la segunda parte es algo m\u00e1s intenso para el Torrent, donde ha buscado m\u00e1s el bal\u00f3n y ha generado alguna ocasi\u00f3n m\u00e1s de peligro que la UE Cornella. Volv\u00edamos al punto de partida de arranque de la primera parte. Y recibimos el traspi\u00e9s de la expulsi\u00f3n de Boris. La segunda amarilla recibida es mas de pillo del Torrent y de haber ca\u00eddo en la trampa de Boris.<\/p>\n\n\n\n<p>Con este rev\u00e9s, la UE Cornell\u00e0 fue mas lanzada a por el partido y ha tenido alguna ocasi\u00f3n de peligro sin generar un susto en la porter\u00eda rival. El Torrent no supo aprovechar la superioridad num\u00e9rica y en una jugada de banda que el rechace cae en Juan Dur\u00e1n que pega una volea que sorprende a todos y marca el gol y el golazo de la jornada y de la victoria verde.<\/p>\n\n\n\n<p>Nunca supo mejor una victoria y que bien nos viene despu\u00e9s de muchos partidos en los que perd\u00edamos puntos en los \u00faltimos minutos. Lo que necesit\u00e1bamos para que nuestros perseguidores no se fueran se ha ido cumpliendo y seguimos en 16\u00aa posici\u00f3n con 15 puntos, a un punto del CE Andratx, a 5 puntos de la UE Olot y la SD Ibiza, que marca el play-out y a 6 puntos de la salvaci\u00f3n que la marca el Torrent con 21 puntos.<\/p>\n\n\n\n<p>Esta semana, toca partido de 16 savos de final de la Copa Catalunya, contra el Cerdanyola FC, que ha perdido este domingo contra el l\u00edder 4-1, y \u00faltimo partido del a\u00f1o y de la primera vuelta, en casa, contra el RCD Espanyol B<\/p>\n","protected":false},"excerpt":{"rendered":"<p>La UE Cornell\u00e0 suma su tercera semana consecutiva sin perder y encadena su segunda victoria consecutiva fuera del Municipal de Cornell\u00e0. Los hombres de Albert Garcia logran la victoria gracias a un golazo de volea de Juan Duran que logra aquello que nos ha ido penalizando en tantas ocasiones esta temporada, los puntos perdidos en [&hellip;]<\/p>\n","protected":false},"author":1,"featured_media":0,"comment_status":"open","ping_status":"open","sticky":false,"template":"","format":"standard","meta":{"_eb_attr":"","advanced_seo_description":"","jetpack_seo_html_title":"","jetpack_seo_noindex":false,"jetpack_post_was_ever_published":false,"_jetpack_newsletter_access":"","_jetpack_dont_email_post_to_subs":false,"_jetpack_newsletter_tier_id":0,"_jetpack_memberships_contains_paywalled_content":false,"_jetpack_memberships_contains_paid_content":false,"footnotes":"","jetpack_publicize_message":"","jetpack_publicize_feature_enabled":true,"jetpack_social_post_already_shared":true,"jetpack_social_options":{"image_generator_settings":{"template":"highway","default_image_id":0,"font":"","enabled":false},"version":2}},"categories":[15,16],"tags":[32,34],"class_list":["post-654","post","type-post","status-publish","format-standard","hentry","category-segunda-federacion-grupo-3","category-temporada-24-25","tag-segunda-federacion","tag-temporada-2024-25"],"jetpack_publicize_connections":[],"jetpack_featured_media_url":"","jetpack_sharing_enabled":true,"jetpack-related-posts":[{"id":1402,"url":"http:\/\/www.bloguecornella.es\/wordpress\/2025\/05\/07\/alberto-lopo-entrenador-tercera-federacion\/","url_meta":{"origin":654,"position":0},"title":"Alberto Lopo, \u00bfEl entrenador de Tercera Federaci\u00f3n?","author":"bloguecornella","date":"7 de mayo de 2025","format":false,"excerpt":"Parece una respuesta que pocos aficionados de la UE Cornell\u00e0 lo ver\u00edan reflejado. Ya que el actual t\u00e9cnico de la UE Cornell\u00e0, no ha tenido experiencia en la categor\u00eda de Segunda Federaci\u00f3n. Tampoco lo han tenido sus antecesores. Por ello, analizaremos la temporada 2024\/25 de los entrenadores que han pasado\u2026","rel":"","context":"En \u00abPretemporada - 2025\/26\u00bb","block_context":{"text":"Pretemporada - 2025\/26","link":"http:\/\/www.bloguecornella.es\/wordpress\/category\/pretemporada-2025-26\/"},"img":{"alt_text":"","src":"https:\/\/i0.wp.com\/www.bloguecornella.es\/wordpress\/wp-content\/uploads\/2025\/05\/Alberto-Lopo-%C2%BFEl-entrenador-de-3a-Federacion.png?fit=940%2C529&resize=350%2C200","width":350,"height":200,"srcset":"https:\/\/i0.wp.com\/www.bloguecornella.es\/wordpress\/wp-content\/uploads\/2025\/05\/Alberto-Lopo-%C2%BFEl-entrenador-de-3a-Federacion.png?fit=940%2C529&resize=350%2C200 1x, https:\/\/i0.wp.com\/www.bloguecornella.es\/wordpress\/wp-content\/uploads\/2025\/05\/Alberto-Lopo-%C2%BFEl-entrenador-de-3a-Federacion.png?fit=940%2C529&resize=525%2C300 1.5x, https:\/\/i0.wp.com\/www.bloguecornella.es\/wordpress\/wp-content\/uploads\/2025\/05\/Alberto-Lopo-%C2%BFEl-entrenador-de-3a-Federacion.png?fit=940%2C529&resize=700%2C400 2x"},"classes":[]},{"id":718,"url":"http:\/\/www.bloguecornella.es\/wordpress\/2025\/01\/10\/previa-j18-ue-cornella-ce-andratx\/","url_meta":{"origin":654,"position":1},"title":"Previa J18 &#8211; UE Cornell\u00e0 &#8211; CE Andratx","author":"bloguecornella","date":"10 de enero de 2025","format":false,"excerpt":"A\u00f1o nuevo, prop\u00f3sitos nuevos. La UE Cornell\u00e0 afronta el nuevo a\u00f1o y el comienzo de la segunda vuelta ante un rival directo como lo es el CE Andratx balear. El equipo balear se encuentra en 15\u00aa posici\u00f3n con 16 puntos, un punto m\u00e1s que la UE Cornell\u00e0, y con la\u2026","rel":"","context":"En \u00abPrevia partido\u00bb","block_context":{"text":"Previa partido","link":"http:\/\/www.bloguecornella.es\/wordpress\/category\/previa-partido\/"},"img":{"alt_text":"","src":"","width":0,"height":0},"classes":[]},{"id":835,"url":"http:\/\/www.bloguecornella.es\/wordpress\/2025\/02\/07\/previa-jornada-22-ue-sant-andreu-ue-cornella\/","url_meta":{"origin":654,"position":2},"title":"Previa Jornada 22: UE Sant Andreu &#8211; UE Cornell\u00e0","author":"bloguecornella","date":"7 de febrero de 2025","format":false,"excerpt":"La planificaci\u00f3n de esta previa no puede quedar ajena a lo vivido esta semana con la salida del entrador Albert Garc\u00eda que, contra todo pronostico, el lunes anuncio su salida por una oferta del f\u00fatbol extranjero, previsiblemente China seg\u00fan indican desde Marcador Catalunya, que hace que nos encontremos sin entrenador\u2026","rel":"","context":"En \u00abPrevia partido\u00bb","block_context":{"text":"Previa partido","link":"http:\/\/www.bloguecornella.es\/wordpress\/category\/previa-partido\/"},"img":{"alt_text":"","src":"https:\/\/i0.wp.com\/www.bloguecornella.es\/wordpress\/wp-content\/uploads\/2025\/02\/J22_2RFEF3_UESA_COR.jpg?fit=1200%2C676&resize=350%2C200","width":350,"height":200,"srcset":"https:\/\/i0.wp.com\/www.bloguecornella.es\/wordpress\/wp-content\/uploads\/2025\/02\/J22_2RFEF3_UESA_COR.jpg?fit=1200%2C676&resize=350%2C200 1x, https:\/\/i0.wp.com\/www.bloguecornella.es\/wordpress\/wp-content\/uploads\/2025\/02\/J22_2RFEF3_UESA_COR.jpg?fit=1200%2C676&resize=525%2C300 1.5x, https:\/\/i0.wp.com\/www.bloguecornella.es\/wordpress\/wp-content\/uploads\/2025\/02\/J22_2RFEF3_UESA_COR.jpg?fit=1200%2C676&resize=700%2C400 2x, https:\/\/i0.wp.com\/www.bloguecornella.es\/wordpress\/wp-content\/uploads\/2025\/02\/J22_2RFEF3_UESA_COR.jpg?fit=1200%2C676&resize=1050%2C600 3x"},"classes":[]},{"id":1397,"url":"http:\/\/www.bloguecornella.es\/wordpress\/2025\/05\/02\/previa-j34-rcd-espanyol-b-ue-cornella\/","url_meta":{"origin":654,"position":3},"title":"Previa J34: RCD Espanyol \u00abB\u00bb &#8211; UE Cornell\u00e0","author":"bloguecornella","date":"2 de mayo de 2025","format":false,"excerpt":"Finalizamos la temporada 24\/25 visitando la Ciudad Deportiva Dani Jarque del RCD Espanyol, para enfrentarnos al filial perico. Un estadio que nos vio como locales durante partidos de la 22\/23 y, sobre todo, de la 23\/24, debido a que teniamos que desplazarnos en Primera Federaci\u00f3n por no disponer de c\u00e9sped\u2026","rel":"","context":"En \u00abPrevia partido\u00bb","block_context":{"text":"Previa partido","link":"http:\/\/www.bloguecornella.es\/wordpress\/category\/previa-partido\/"},"img":{"alt_text":"","src":"https:\/\/i0.wp.com\/www.bloguecornella.es\/wordpress\/wp-content\/uploads\/2025\/05\/J34_2RFEF3_RCDEB_UEC.png?fit=1200%2C673&resize=350%2C200","width":350,"height":200,"srcset":"https:\/\/i0.wp.com\/www.bloguecornella.es\/wordpress\/wp-content\/uploads\/2025\/05\/J34_2RFEF3_RCDEB_UEC.png?fit=1200%2C673&resize=350%2C200 1x, https:\/\/i0.wp.com\/www.bloguecornella.es\/wordpress\/wp-content\/uploads\/2025\/05\/J34_2RFEF3_RCDEB_UEC.png?fit=1200%2C673&resize=525%2C300 1.5x, https:\/\/i0.wp.com\/www.bloguecornella.es\/wordpress\/wp-content\/uploads\/2025\/05\/J34_2RFEF3_RCDEB_UEC.png?fit=1200%2C673&resize=700%2C400 2x, https:\/\/i0.wp.com\/www.bloguecornella.es\/wordpress\/wp-content\/uploads\/2025\/05\/J34_2RFEF3_RCDEB_UEC.png?fit=1200%2C673&resize=1050%2C600 3x"},"classes":[]},{"id":1156,"url":"http:\/\/www.bloguecornella.es\/wordpress\/2025\/03\/28\/previa-j29-ue-cornella-penya-deportiva\/","url_meta":{"origin":654,"position":4},"title":"Previa J29: UE Cornell\u00e0 &#8211; Penya Deportiva","author":"bloguecornella","date":"28 de marzo de 2025","format":false,"excerpt":"Cerramos el mes de Marzo con un vital partido en el Municipal de Cornell\u00e0 este, domingo a las 11:45, contra la Penya Deportiva ibicenca. Un encuentro marcado por la situaci\u00f3n cr\u00edtica de ambos conjuntos (se separan 1 punto) y que tiene ventaja en el duelo particular por el 4-1 que\u2026","rel":"","context":"En \u00abPrevia partido\u00bb","block_context":{"text":"Previa partido","link":"http:\/\/www.bloguecornella.es\/wordpress\/category\/previa-partido\/"},"img":{"alt_text":"","src":"https:\/\/i0.wp.com\/www.bloguecornella.es\/wordpress\/wp-content\/uploads\/2025\/03\/J29_2RFEF3_COR_PEN.png?fit=1200%2C675&resize=350%2C200","width":350,"height":200,"srcset":"https:\/\/i0.wp.com\/www.bloguecornella.es\/wordpress\/wp-content\/uploads\/2025\/03\/J29_2RFEF3_COR_PEN.png?fit=1200%2C675&resize=350%2C200 1x, https:\/\/i0.wp.com\/www.bloguecornella.es\/wordpress\/wp-content\/uploads\/2025\/03\/J29_2RFEF3_COR_PEN.png?fit=1200%2C675&resize=525%2C300 1.5x, https:\/\/i0.wp.com\/www.bloguecornella.es\/wordpress\/wp-content\/uploads\/2025\/03\/J29_2RFEF3_COR_PEN.png?fit=1200%2C675&resize=700%2C400 2x, https:\/\/i0.wp.com\/www.bloguecornella.es\/wordpress\/wp-content\/uploads\/2025\/03\/J29_2RFEF3_COR_PEN.png?fit=1200%2C675&resize=1050%2C600 3x"},"classes":[]},{"id":565,"url":"http:\/\/www.bloguecornella.es\/wordpress\/2024\/11\/29\/previa-j14-cf-badalona-futur-ue-cornella\/","url_meta":{"origin":654,"position":5},"title":"Previa J14: CF Badalona Futur &#8211; UE Cornella","author":"bloguecornella","date":"29 de noviembre de 2024","format":false,"excerpt":"Cuando nos enfrentemos al CF Badalona Futur, ya estaremos en el mes de Diciembre. Mes m\u00e1gico, de ilusi\u00f3n y podria ser el del resurgir de la UE Cornella. Cuando nos enfrentemos al CF Badalona Futur el domingo 1 de diciembre, a las 12h, llevaremos 62 dias sin lograr una victoria\u2026","rel":"","context":"En \u00abPrevia partido\u00bb","block_context":{"text":"Previa partido","link":"http:\/\/www.bloguecornella.es\/wordpress\/category\/previa-partido\/"},"img":{"alt_text":"","src":"","width":0,"height":0},"classes":[]}],"_links":{"self":[{"href":"http:\/\/www.bloguecornella.es\/wordpress\/wp-json\/wp\/v2\/posts\/654","targetHints":{"allow":["GET"]}}],"collection":[{"href":"http:\/\/www.bloguecornella.es\/wordpress\/wp-json\/wp\/v2\/posts"}],"about":[{"href":"http:\/\/www.bloguecornella.es\/wordpress\/wp-json\/wp\/v2\/types\/post"}],"author":[{"embeddable":true,"href":"http:\/\/www.bloguecornella.es\/wordpress\/wp-json\/wp\/v2\/users\/1"}],"replies":[{"embeddable":true,"href":"http:\/\/www.bloguecornella.es\/wordpress\/wp-json\/wp\/v2\/comments?post=654"}],"version-history":[{"count":1,"href":"http:\/\/www.bloguecornella.es\/wordpress\/wp-json\/wp\/v2\/posts\/654\/revisions"}],"predecessor-version":[{"id":655,"href":"http:\/\/www.bloguecornella.es\/wordpress\/wp-json\/wp\/v2\/posts\/654\/revisions\/655"}],"wp:attachment":[{"href":"http:\/\/www.bloguecornella.es\/wordpress\/wp-json\/wp\/v2\/media?parent=654"}],"wp:term":[{"taxonomy":"category","embeddable":true,"href":"http:\/\/www.bloguecornella.es\/wordpress\/wp-json\/wp\/v2\/categories?post=654"},{"taxonomy":"post_tag","embeddable":true,"href":"http:\/\/www.bloguecornella.es\/wordpress\/wp-json\/wp\/v2\/tags?post=654"}],"curies":[{"name":"wp","href":"https:\/\/api.w.org\/{rel}","templated":true}]}}