{"id":651,"date":"2024-12-14T08:43:41","date_gmt":"2024-12-14T07:43:41","guid":{"rendered":"http:\/\/www.bloguecornella.es\/wordpress\/?p=651"},"modified":"2024-12-14T08:43:41","modified_gmt":"2024-12-14T07:43:41","slug":"previa-j16-torrent-cf-ue-cornella","status":"publish","type":"post","link":"http:\/\/www.bloguecornella.es\/wordpress\/2024\/12\/14\/previa-j16-torrent-cf-ue-cornella\/","title":{"rendered":"Previa J16: Torrent CF &#8211; UE Cornell\u00e0"},"content":{"rendered":"\n<p>Ya se va acercando las fiestas navide\u00f1as y en el seno de la UE Cornell\u00e0 no hay otra cosa que no sea ganar los dos partidos que quedan y conseguir un mes de diciembre invictos. En los dos primeros partidos, se han cosechado una victoria y un empate donde siempre ha predominado un factor com\u00fan, una segunda parte floja.<\/p>\n\n\n\n<p>El equipo de Albert Garc\u00eda se enfrenta este fin de semana al conjunto del Torrent. El equipo valenciano es, ahora mismo, 10\u00ba con 21 puntos. Es uno de los tres equipos que marca la salvaci\u00f3n junto a los catalanes Terrassa FC y CE Europa. Est\u00e1 semana ha jugado su partido atrasado por la DANA en el que perdi\u00f3 contra el RCD Espanyol B por 1-2 en su estadio.<\/p>\n\n\n\n<p>El Torrent est\u00e1 haciendo una temporada regular. Se est\u00e1 manteniendo entre la zona media y baja de la clasificaci\u00f3n estando pocas jornadas en el descenso. Ser\u00e1 la primera vez que se enfrenten los dos conjuntos en partido oficial.<\/p>\n\n\n\n<p>La UE Cornell\u00e0 quiere sumar su tercera jornada consecutiva sin perder. Por ello, tienen que corregir uno de los mayores problemas que est\u00e1 teniendo desde la llegada de Albert Garc\u00eda al conjunto verde: Las segundas partes. El equipo pierde fuelle y esto hace que encajen goles que impiden poder conseguir los objetivos. Sin tener en cuenta el partido contra la Penya Deportiva, al ser el primero y viniendo de la destituci\u00f3n de Genis, ha encajado tres goles que ha impedido sumar 3 puntos de 6 posibles (Terrassa 1 punto y Valencia Mestalla 2 puntos) y se consigui\u00f3 resolver contra el Badalona Futur, gracias al gol de Boris, despu\u00e9s del empate a dos en el minuto 78 de penalti.<\/p>\n\n\n\n<p>Este es el gran trabajo del conjunto verde donde pondr\u00e1 toda la carne en el asador y reservara a los menos habituales de cara al partido del mi\u00e9rcoles de Copa Catalunya, que se jugara el pr\u00f3ximo mi\u00e9rcoles 18\/12\/2024 en les Fontetes a las 19h. Est\u00e1 ser\u00e1 la alineaci\u00f3n con la que creo que saldr\u00e1 el conjunto de Albert Garc\u00eda:<\/p>\n\n\n\n<p>POR &#8211; 1 &#8211; Ruben Mi\u00f1o.<\/p>\n\n\n\n<p>LAI &#8211; 2 &#8211; Bruno Lorente.<\/p>\n\n\n\n<p>DFC &#8211; 4 &#8211; Tomas Pe\u00f1alba.<\/p>\n\n\n\n<p>DFC &#8211; 6 &#8211; Alagy Oliveira.<\/p>\n\n\n\n<p>LAD &#8211; 15 &#8211; Ricard Pujol.<\/p>\n\n\n\n<p>MC &#8211; 8 &#8211; Adam Cherradi<\/p>\n\n\n\n<p>MC &#8211; 16 &#8211; Izan Gonzalez<\/p>\n\n\n\n<p>MI &#8211; 17 &#8211; Javi Serra<\/p>\n\n\n\n<p>MD &#8211; 11 &#8211; Luis Forcen<\/p>\n\n\n\n<p>DC &#8211; 19 &#8211; Mateo Enriquez<\/p>\n\n\n\n<p>DC &#8211; 23 &#8211; Boris Kouassi<\/p>\n\n\n\n<p>Tomas Pe\u00f1alba ser\u00e1 de nuevo titular viendo la confianza que est\u00e1 depositando Albert en el y que est\u00e1 haciendo buenos partidos. Dara descanso a Marc Vilaplana despu\u00e9s de salir un poco tocado del partido contra el Valencia con vistas al partido de Copa Catalunya.<\/p>\n\n\n\n<p>Adam empezar\u00eda de inicio y la duda ser\u00eda entre Albert Lopez y Luis Forcen, ya que Albert est\u00e1 causando buenos partidos y est\u00e1 siendo de los que m\u00e1s energia esta metiendo. Puede ser un buen reemplazo para el partido de Copa y demostrar la val\u00eda que est\u00e1 teniendo. <\/p>\n\n\n\n<p>Titular\u00edsimos Izan, Javi Serra y Ricard Pujol que est\u00e1n siendo una pieza fundamental del esquema verde.<\/p>\n\n\n\n<p>El partido se jugara este domingo 15 de diciembre a las 17h y se podr\u00e1 ver a trav\u00e9s de la plataforma de pago FootballClub por 4,99\u20ac.<\/p>\n","protected":false},"excerpt":{"rendered":"<p>Ya se va acercando las fiestas navide\u00f1as y en el seno de la UE Cornell\u00e0 no hay otra cosa que no sea ganar los dos partidos que quedan y conseguir un mes de diciembre invictos. En los dos primeros partidos, se han cosechado una victoria y un empate donde siempre ha predominado un factor com\u00fan, [&hellip;]<\/p>\n","protected":false},"author":1,"featured_media":0,"comment_status":"open","ping_status":"open","sticky":false,"template":"","format":"standard","meta":{"_eb_attr":"","advanced_seo_description":"","jetpack_seo_html_title":"","jetpack_seo_noindex":false,"jetpack_post_was_ever_published":false,"_jetpack_newsletter_access":"","_jetpack_dont_email_post_to_subs":false,"_jetpack_newsletter_tier_id":0,"_jetpack_memberships_contains_paywalled_content":false,"_jetpack_memberships_contains_paid_content":false,"footnotes":"","jetpack_publicize_message":"","jetpack_publicize_feature_enabled":true,"jetpack_social_post_already_shared":true,"jetpack_social_options":{"image_generator_settings":{"template":"highway","default_image_id":0,"font":"","enabled":false},"version":2}},"categories":[14,15,16],"tags":[31,32,34],"class_list":["post-651","post","type-post","status-publish","format-standard","hentry","category-previa-partido","category-segunda-federacion-grupo-3","category-temporada-24-25","tag-previa","tag-segunda-federacion","tag-temporada-2024-25"],"jetpack_publicize_connections":[],"jetpack_featured_media_url":"","jetpack_sharing_enabled":true,"jetpack-related-posts":[{"id":1343,"url":"http:\/\/www.bloguecornella.es\/wordpress\/2025\/04\/25\/previa-j33-ue-cornella-torrent-cf\/","url_meta":{"origin":651,"position":0},"title":"Previa J33: UE Cornell\u00e0 &#8211; Torrent CF","author":"bloguecornella","date":"25 de abril de 2025","format":false,"excerpt":"Encaramos la pen\u00faltima jornada de liga, con una UE Cornell\u00e0, ya descendida, que recibe en el Municipal de Cornell\u00e0 al Torrent CF. Equipo valenciano que est\u00e1 haciendo una campa\u00f1a hist\u00f3rica, ocupando posici\u00f3n de play-off de ascenso a Primera Federaci\u00f3n El rival: Torrent CF (4\u00ba - 52 puntos) El Torrent CF\u2026","rel":"","context":"En \u00abPrevia partido\u00bb","block_context":{"text":"Previa partido","link":"http:\/\/www.bloguecornella.es\/wordpress\/category\/previa-partido\/"},"img":{"alt_text":"","src":"https:\/\/i0.wp.com\/www.bloguecornella.es\/wordpress\/wp-content\/uploads\/2025\/04\/J33_2RFEF3_UEC_TCF.png?fit=1200%2C675&resize=350%2C200","width":350,"height":200,"srcset":"https:\/\/i0.wp.com\/www.bloguecornella.es\/wordpress\/wp-content\/uploads\/2025\/04\/J33_2RFEF3_UEC_TCF.png?fit=1200%2C675&resize=350%2C200 1x, https:\/\/i0.wp.com\/www.bloguecornella.es\/wordpress\/wp-content\/uploads\/2025\/04\/J33_2RFEF3_UEC_TCF.png?fit=1200%2C675&resize=525%2C300 1.5x, https:\/\/i0.wp.com\/www.bloguecornella.es\/wordpress\/wp-content\/uploads\/2025\/04\/J33_2RFEF3_UEC_TCF.png?fit=1200%2C675&resize=700%2C400 2x, https:\/\/i0.wp.com\/www.bloguecornella.es\/wordpress\/wp-content\/uploads\/2025\/04\/J33_2RFEF3_UEC_TCF.png?fit=1200%2C675&resize=1050%2C600 3x"},"classes":[]},{"id":1397,"url":"http:\/\/www.bloguecornella.es\/wordpress\/2025\/05\/02\/previa-j34-rcd-espanyol-b-ue-cornella\/","url_meta":{"origin":651,"position":1},"title":"Previa J34: RCD Espanyol \u00abB\u00bb &#8211; UE Cornell\u00e0","author":"bloguecornella","date":"2 de mayo de 2025","format":false,"excerpt":"Finalizamos la temporada 24\/25 visitando la Ciudad Deportiva Dani Jarque del RCD Espanyol, para enfrentarnos al filial perico. Un estadio que nos vio como locales durante partidos de la 22\/23 y, sobre todo, de la 23\/24, debido a que teniamos que desplazarnos en Primera Federaci\u00f3n por no disponer de c\u00e9sped\u2026","rel":"","context":"En \u00abPrevia partido\u00bb","block_context":{"text":"Previa partido","link":"http:\/\/www.bloguecornella.es\/wordpress\/category\/previa-partido\/"},"img":{"alt_text":"","src":"https:\/\/i0.wp.com\/www.bloguecornella.es\/wordpress\/wp-content\/uploads\/2025\/05\/J34_2RFEF3_RCDEB_UEC.png?fit=1200%2C673&resize=350%2C200","width":350,"height":200,"srcset":"https:\/\/i0.wp.com\/www.bloguecornella.es\/wordpress\/wp-content\/uploads\/2025\/05\/J34_2RFEF3_RCDEB_UEC.png?fit=1200%2C673&resize=350%2C200 1x, https:\/\/i0.wp.com\/www.bloguecornella.es\/wordpress\/wp-content\/uploads\/2025\/05\/J34_2RFEF3_RCDEB_UEC.png?fit=1200%2C673&resize=525%2C300 1.5x, https:\/\/i0.wp.com\/www.bloguecornella.es\/wordpress\/wp-content\/uploads\/2025\/05\/J34_2RFEF3_RCDEB_UEC.png?fit=1200%2C673&resize=700%2C400 2x, https:\/\/i0.wp.com\/www.bloguecornella.es\/wordpress\/wp-content\/uploads\/2025\/05\/J34_2RFEF3_RCDEB_UEC.png?fit=1200%2C673&resize=1050%2C600 3x"},"classes":[]},{"id":654,"url":"http:\/\/www.bloguecornella.es\/wordpress\/2024\/12\/15\/cronica-j16-torrent-cf-0-1-ue-cornella-por-fin-la-suerte-nos-sonrie\/","url_meta":{"origin":651,"position":2},"title":"Cr\u00f3nica J16: Torrent CF 0-1 UE Cornell\u00e0 \u00abPor fin, la suerte nos sonr\u00ede\u00bb","author":"bloguecornella","date":"15 de diciembre de 2024","format":false,"excerpt":"La UE Cornell\u00e0 suma su tercera semana consecutiva sin perder y encadena su segunda victoria consecutiva fuera del Municipal de Cornell\u00e0. Los hombres de Albert Garcia logran la victoria gracias a un golazo de volea de Juan Duran que logra aquello que nos ha ido penalizando en tantas ocasiones esta\u2026","rel":"","context":"En \u00abSegunda Federaci\u00f3n Grupo 3\u00bb","block_context":{"text":"Segunda Federaci\u00f3n Grupo 3","link":"http:\/\/www.bloguecornella.es\/wordpress\/category\/segunda-federacion-grupo-3\/"},"img":{"alt_text":"","src":"","width":0,"height":0},"classes":[]},{"id":1353,"url":"http:\/\/www.bloguecornella.es\/wordpress\/2025\/04\/27\/cronica-j33-ue-cornella-2-1-torrent-cf\/","url_meta":{"origin":651,"position":3},"title":"Cr\u00f3nica J33: UE Cornella 2 &#8211; 1 Torrent CF \u201cVictoria descafeinada y con enfado hacia la directiva\u201d","author":"bloguecornella","date":"27 de abril de 2025","format":false,"excerpt":"La UE Cornella vence en el Municipal de Cornella y suma su 4a victoria consecutiva ante un Torrent CF que ha desaparecido en la segunda mitad y se adelant\u00f3 con un penalti cometido por Gerard El planteamiento de Alberto Lopo es de ir experimentando con el once. Tenemos un once\u2026","rel":"","context":"En \u00abSegunda Federaci\u00f3n Grupo 3\u00bb","block_context":{"text":"Segunda Federaci\u00f3n Grupo 3","link":"http:\/\/www.bloguecornella.es\/wordpress\/category\/segunda-federacion-grupo-3\/"},"img":{"alt_text":"","src":"https:\/\/i0.wp.com\/www.bloguecornella.es\/wordpress\/wp-content\/uploads\/2025\/04\/img_0776.jpg?fit=1200%2C900&resize=350%2C200","width":350,"height":200,"srcset":"https:\/\/i0.wp.com\/www.bloguecornella.es\/wordpress\/wp-content\/uploads\/2025\/04\/img_0776.jpg?fit=1200%2C900&resize=350%2C200 1x, https:\/\/i0.wp.com\/www.bloguecornella.es\/wordpress\/wp-content\/uploads\/2025\/04\/img_0776.jpg?fit=1200%2C900&resize=525%2C300 1.5x, https:\/\/i0.wp.com\/www.bloguecornella.es\/wordpress\/wp-content\/uploads\/2025\/04\/img_0776.jpg?fit=1200%2C900&resize=700%2C400 2x, https:\/\/i0.wp.com\/www.bloguecornella.es\/wordpress\/wp-content\/uploads\/2025\/04\/img_0776.jpg?fit=1200%2C900&resize=1050%2C600 3x"},"classes":[]},{"id":614,"url":"http:\/\/www.bloguecornella.es\/wordpress\/2024\/12\/07\/previa-j15-ue-cornella-vs-valencia-mestalla\/","url_meta":{"origin":651,"position":4},"title":"Previa J15: UE Cornella vs Valencia Mestalla","author":"bloguecornella","date":"7 de diciembre de 2024","format":false,"excerpt":"Encaramos la Jornada n\u00famero 15 del campeonato de Segunda Federaci\u00f3n Grupo 3 en el que la UE Cornella comienza en la posici\u00f3n 15 con 11 puntos. Esta jornada, el n\u00famero es el 15. Nos enfrentamos al filial del Valencia CF, que se sit\u00faa en 7\u00aa posici\u00f3n con 21 puntos. El\u2026","rel":"","context":"En \u00abPrevia partido\u00bb","block_context":{"text":"Previa partido","link":"http:\/\/www.bloguecornella.es\/wordpress\/category\/previa-partido\/"},"img":{"alt_text":"","src":"","width":0,"height":0},"classes":[]},{"id":1286,"url":"http:\/\/www.bloguecornella.es\/wordpress\/2025\/04\/18\/previa-j32-valencia-mestalla-ue-cornella\/","url_meta":{"origin":651,"position":5},"title":"Previa J32: Valencia Mestalla &#8211; UE Cornell\u00e0","author":"bloguecornella","date":"18 de abril de 2025","format":false,"excerpt":"Jornada 32. Cap\u00edtulo 32. Tres partidos para acabar la temporada 2024\/25 y, segundo match-ball para la UE Cornell\u00e0 en sus opciones de salvar la categor\u00eda. El rival, el Valencia Mestalla. El rival: Valencia Mestalla (7\u00ba - 47 puntos) El conjunto ch\u00e9 se encuentra en plena lucha por conseguir una de\u2026","rel":"","context":"En \u00abSegunda Federaci\u00f3n Grupo 3\u00bb","block_context":{"text":"Segunda Federaci\u00f3n Grupo 3","link":"http:\/\/www.bloguecornella.es\/wordpress\/category\/segunda-federacion-grupo-3\/"},"img":{"alt_text":"","src":"https:\/\/i0.wp.com\/www.bloguecornella.es\/wordpress\/wp-content\/uploads\/2025\/04\/J32_2RFEF3_VCFB_UEC.png?fit=1200%2C675&resize=350%2C200","width":350,"height":200,"srcset":"https:\/\/i0.wp.com\/www.bloguecornella.es\/wordpress\/wp-content\/uploads\/2025\/04\/J32_2RFEF3_VCFB_UEC.png?fit=1200%2C675&resize=350%2C200 1x, https:\/\/i0.wp.com\/www.bloguecornella.es\/wordpress\/wp-content\/uploads\/2025\/04\/J32_2RFEF3_VCFB_UEC.png?fit=1200%2C675&resize=525%2C300 1.5x, https:\/\/i0.wp.com\/www.bloguecornella.es\/wordpress\/wp-content\/uploads\/2025\/04\/J32_2RFEF3_VCFB_UEC.png?fit=1200%2C675&resize=700%2C400 2x, https:\/\/i0.wp.com\/www.bloguecornella.es\/wordpress\/wp-content\/uploads\/2025\/04\/J32_2RFEF3_VCFB_UEC.png?fit=1200%2C675&resize=1050%2C600 3x"},"classes":[]}],"_links":{"self":[{"href":"http:\/\/www.bloguecornella.es\/wordpress\/wp-json\/wp\/v2\/posts\/651","targetHints":{"allow":["GET"]}}],"collection":[{"href":"http:\/\/www.bloguecornella.es\/wordpress\/wp-json\/wp\/v2\/posts"}],"about":[{"href":"http:\/\/www.bloguecornella.es\/wordpress\/wp-json\/wp\/v2\/types\/post"}],"author":[{"embeddable":true,"href":"http:\/\/www.bloguecornella.es\/wordpress\/wp-json\/wp\/v2\/users\/1"}],"replies":[{"embeddable":true,"href":"http:\/\/www.bloguecornella.es\/wordpress\/wp-json\/wp\/v2\/comments?post=651"}],"version-history":[{"count":1,"href":"http:\/\/www.bloguecornella.es\/wordpress\/wp-json\/wp\/v2\/posts\/651\/revisions"}],"predecessor-version":[{"id":652,"href":"http:\/\/www.bloguecornella.es\/wordpress\/wp-json\/wp\/v2\/posts\/651\/revisions\/652"}],"wp:attachment":[{"href":"http:\/\/www.bloguecornella.es\/wordpress\/wp-json\/wp\/v2\/media?parent=651"}],"wp:term":[{"taxonomy":"category","embeddable":true,"href":"http:\/\/www.bloguecornella.es\/wordpress\/wp-json\/wp\/v2\/categories?post=651"},{"taxonomy":"post_tag","embeddable":true,"href":"http:\/\/www.bloguecornella.es\/wordpress\/wp-json\/wp\/v2\/tags?post=651"}],"curies":[{"name":"wp","href":"https:\/\/api.w.org\/{rel}","templated":true}]}}