{"id":455,"date":"2024-11-15T16:00:00","date_gmt":"2024-11-15T15:00:00","guid":{"rendered":"https:\/\/bloguecornella.wordpress.com\/?p=455"},"modified":"2024-11-21T20:29:12","modified_gmt":"2024-11-21T19:29:12","slug":"previa-j12-ue-cornella-penya-deportiva","status":"publish","type":"post","link":"http:\/\/www.bloguecornella.es\/wordpress\/2024\/11\/15\/previa-j12-ue-cornella-penya-deportiva\/","title":{"rendered":"Previa J12: UE Cornella &#8211; Penya Deportiva"},"content":{"rendered":"\n<p class=\"has-text-align-justify wp-block-paragraph\">La UE Cornella encara un duro partido contra la SCR Penya Deportiva con la destituci\u00f3n de Genis Sampietro por la din\u00e1mica de los resultados y que a nivel deportivo \u00abno era lo esperado\u00bb y con el debut de Albert Garc\u00eda, ex entrenador del Juvenil A est\u00e1 temporada, en la 2\u00aa Federaci\u00f3n Espa\u00f1ola.<\/p>\n\n\n\n<p class=\"has-text-align-justify wp-block-paragraph\">Albert viene de entrenar a equipos como el U.E. Mollet, Santa Coloma de Farners, U.E. Av\u00eda, C.E. Manresa, en 1\u00aa Catalana y el E.C. en la antigua 3\u00aa Divisi\u00f3n. Tambi\u00e9n tiene experiencia Internacional con el Wuhan Three Towns chino (League Two y League One) y en el Fontinhas portugu\u00e9s (3\u00aa Divisi\u00f3n Portuguesa).<\/p>\n\n\n\n<p class=\"has-text-align-justify wp-block-paragraph\">Volvi\u00f3 a la UE Cornella la temporada pasada (2023\/24) para afrontar los \u00faltimos seis partidos del Juvenil A donde consigui\u00f3 salvar la categor\u00eda con un balance de 3 victorias, un empate y dos derrotas. Ahora tiene la oportunidad de estrenar categor\u00eda, ya que nunca ha dirigido en una categor\u00eda tan alta a nivel nacional de demostrar la experiencia que atesora.<\/p>\n\n\n\n<p class=\"has-text-align-justify wp-block-paragraph\">Por \u00faltimo, y entramos al detalle del partido, agradecer a Genis Sampietro el haber aceptado un reto dif\u00edcil, con un equipo completamente nuevo, el poder imponer su f\u00fatbol y que los jugadores hagan comuni\u00f3n con el. Suerte en tu nueva etapa mister.<\/p>\n\n\n\n<p class=\"has-text-align-justify wp-block-paragraph\">Vamos al turr\u00f3n. Nos enfrentamos a la SCR Penya Deportiva que, actualmente, ocupa la und\u00e9cima posici\u00f3n, con 15 puntos, y con una dolorosa derrota en el \u00faltimo partido contra el Lleida CF.<\/p>\n\n\n\n<p class=\"has-text-align-justify wp-block-paragraph\">Esta actualmente pasando por un peque\u00f1o bache. Los \u00faltimos cinco partidos, el balance es de 1 victoria, 2 empates y 2 derrotas.<\/p>\n\n\n\n<p class=\"has-text-align-justify wp-block-paragraph\">Los verdes seguimos con la racha negativa, que va a los seis partidos sin ganar y que Albert va a intentar cambiar en este partido en el que nos jugamos mucho. La salvaci\u00f3n se encuentra a seis puntos y ser\u00e1 necesario revertir la situaci\u00f3n, sobre todo en la delantera. Ser\u00eda un buen momento para la sinergia Juvenil-Primer Equipo para dar el salto a Pol Montesinos y probar en la delantera. Aunque en el \u00faltimo partido, hay que destacar que el papel de Master Omar fue bastante destacable con hasta tres ocasiones en las que podr\u00eda haber anotado el primer gol en la entidad verde.<\/p>\n\n\n\n<p class=\"has-text-align-justify wp-block-paragraph\">La previsi\u00f3n sobre el once titular es incierta. Creo que mantendr\u00e1 el bloque titular, pero dando algunas pinceladas sobre como juega el y jugara con un 4-4-2, que es la que habitualmente utiliza con el juvenil A, con estos chicos:<\/p>\n\n\n\n<p class=\"wp-block-paragraph\">POR &#8211; 1 &#8211; Ruben Mi\u00f1o.<\/p>\n\n\n\n<p class=\"wp-block-paragraph\">LAI &#8211; 7 &#8211; Juan Duran.<\/p>\n\n\n\n<p class=\"wp-block-paragraph\">DFC &#8211; 15 &#8211; Ricard Pujol.<\/p>\n\n\n\n<p class=\"wp-block-paragraph\">DFC &#8211; 6 &#8211; Alagy Oliveira.<\/p>\n\n\n\n<p class=\"wp-block-paragraph\">LAD &#8211; 2 &#8211; Bruno Lorente.<\/p>\n\n\n\n<p class=\"wp-block-paragraph\">MI &#8211; 17 &#8211; Javi Serra.<\/p>\n\n\n\n<p class=\"wp-block-paragraph\">MC &#8211; 16 &#8211; Izan Gonzalez.<\/p>\n\n\n\n<p class=\"wp-block-paragraph\">MC &#8211; 8 &#8211; Adam Cherradi.<\/p>\n\n\n\n<p class=\"wp-block-paragraph\">MD &#8211; 11 &#8211; Luis Forcen.<\/p>\n\n\n\n<p class=\"wp-block-paragraph\">DC &#8211; 22 &#8211; Ibai Reches.<\/p>\n\n\n\n<p class=\"wp-block-paragraph\">DC &#8211; 9 &#8211; Master Omar.<\/p>\n\n\n\n<p class=\"has-text-align-justify wp-block-paragraph\">El bloque principal se mantiene con una defensa en la que deber\u00eda de volver a la titularidad Bruno Lorente, despu\u00e9s de aparecer unos minutos en el partido ante el Europa.<\/p>\n\n\n\n<p class=\"has-text-align-justify wp-block-paragraph\">Despu\u00e9s del partido que hizo contra el Europa, creo que es una buena oportunidad para aprovechar y que consiga marcar el primer gol con la UE Cornella. Recuperamos tambi\u00e9n a Luis Forcen despu\u00e9s de su sanci\u00f3n y las bandas, pese a estar mas retrasadas, en ataque se juntar\u00e1n para formar una delantera de cuatro jugadores donde pueden hacer mucho da\u00f1o.<\/p>\n\n\n\n<p class=\"has-text-align-justify wp-block-paragraph\">Es el momento de estar con el equipo y de arroparlos. El domingo a las 12h momento de resurgir de las cenizas.<\/p>\n","protected":false},"excerpt":{"rendered":"<p>La UE Cornella encara un duro partido contra la SCR Penya Deportiva con la destituci\u00f3n de Genis Sampietro por la din\u00e1mica de los resultados y que a nivel deportivo \u00abno era lo esperado\u00bb y con el debut de Albert Garc\u00eda, ex entrenador del Juvenil A est\u00e1 temporada, en la 2\u00aa Federaci\u00f3n Espa\u00f1ola. Albert viene de [&hellip;]<\/p>\n","protected":false},"author":1,"featured_media":0,"comment_status":"open","ping_status":"open","sticky":false,"template":"","format":"standard","meta":{"_eb_attr":"","advanced_seo_description":"","jetpack_seo_html_title":"","jetpack_seo_noindex":false,"jetpack_seo_schema_type":"","_jetpack_newsletter_access":"everybody","_jetpack_dont_email_post_to_subs":false,"_jetpack_newsletter_tier_id":0,"_jetpack_memberships_contains_paywalled_content":false,"_jetpack_feature_clip_id":0,"_jetpack_memberships_contains_paid_content":false,"footnotes":"","jetpack_publicize_message":"","jetpack_publicize_feature_enabled":true,"jetpack_social_post_already_shared":false,"jetpack_social_options":{"image_generator_settings":{"template":"highway","enabled":false},"version":2},"jetpack_post_was_ever_published":false},"categories":[14,15,16],"tags":[31,32,34],"class_list":["post-455","post","type-post","status-publish","format-standard","hentry","category-previa-partido","category-segunda-federacion-grupo-3","category-temporada-24-25","tag-previa","tag-segunda-federacion","tag-temporada-2024-25"],"jetpack_publicize_connections":[],"jetpack_sharing_enabled":true,"jetpack-related-posts":[{"id":885,"url":"http:\/\/www.bloguecornella.es\/wordpress\/2025\/02\/11\/albert-lopo-ue-cornella\/","url_meta":{"origin":455,"position":0},"title":"Conozcamos a Alberto Lopo, nuevo entrenador de la UE Cornell\u00e0","author":"bloguecornella","date":"11 de febrero de 2025","format":false,"excerpt":"Aterriza, en la UE Cornell\u00e0, un mito, como jugador, de equipos como el RCD Espanyol (197 partidos) y RC Deportivo de la Coru\u00f1a (237 partidos), como nuevo entrenador de la entidad verde. El pasado de Alberto Lopo, como jugador, es mas que contrastado con etapas en diferentes equipos de Segunda\u2026","rel":"","context":"En \u00abFichaje\u00bb","block_context":{"text":"Fichaje","link":"http:\/\/www.bloguecornella.es\/wordpress\/category\/fichaje\/"},"img":{"alt_text":"","src":"https:\/\/i0.wp.com\/www.bloguecornella.es\/wordpress\/wp-content\/uploads\/2025\/02\/Imagen-de-WhatsApp-2025-02-09-a-las-23.08.01_45aee136.jpg?fit=900%2C600&resize=350%2C200","width":350,"height":200,"srcset":"https:\/\/i0.wp.com\/www.bloguecornella.es\/wordpress\/wp-content\/uploads\/2025\/02\/Imagen-de-WhatsApp-2025-02-09-a-las-23.08.01_45aee136.jpg?fit=900%2C600&resize=350%2C200 1x, https:\/\/i0.wp.com\/www.bloguecornella.es\/wordpress\/wp-content\/uploads\/2025\/02\/Imagen-de-WhatsApp-2025-02-09-a-las-23.08.01_45aee136.jpg?fit=900%2C600&resize=525%2C300 1.5x, https:\/\/i0.wp.com\/www.bloguecornella.es\/wordpress\/wp-content\/uploads\/2025\/02\/Imagen-de-WhatsApp-2025-02-09-a-las-23.08.01_45aee136.jpg?fit=900%2C600&resize=700%2C400 2x"},"classes":[]},{"id":1156,"url":"http:\/\/www.bloguecornella.es\/wordpress\/2025\/03\/28\/previa-j29-ue-cornella-penya-deportiva\/","url_meta":{"origin":455,"position":1},"title":"Previa J29: UE Cornell\u00e0 &#8211; Penya Deportiva","author":"bloguecornella","date":"28 de marzo de 2025","format":false,"excerpt":"Cerramos el mes de Marzo con un vital partido en el Municipal de Cornell\u00e0 este, domingo a las 11:45, contra la Penya Deportiva ibicenca. Un encuentro marcado por la situaci\u00f3n cr\u00edtica de ambos conjuntos (se separan 1 punto) y que tiene ventaja en el duelo particular por el 4-1 que\u2026","rel":"","context":"En \u00abPrevia partido\u00bb","block_context":{"text":"Previa partido","link":"http:\/\/www.bloguecornella.es\/wordpress\/category\/previa-partido\/"},"img":{"alt_text":"","src":"https:\/\/i0.wp.com\/www.bloguecornella.es\/wordpress\/wp-content\/uploads\/2025\/03\/J29_2RFEF3_COR_PEN.png?fit=1200%2C675&resize=350%2C200","width":350,"height":200,"srcset":"https:\/\/i0.wp.com\/www.bloguecornella.es\/wordpress\/wp-content\/uploads\/2025\/03\/J29_2RFEF3_COR_PEN.png?fit=1200%2C675&resize=350%2C200 1x, https:\/\/i0.wp.com\/www.bloguecornella.es\/wordpress\/wp-content\/uploads\/2025\/03\/J29_2RFEF3_COR_PEN.png?fit=1200%2C675&resize=525%2C300 1.5x, https:\/\/i0.wp.com\/www.bloguecornella.es\/wordpress\/wp-content\/uploads\/2025\/03\/J29_2RFEF3_COR_PEN.png?fit=1200%2C675&resize=700%2C400 2x, https:\/\/i0.wp.com\/www.bloguecornella.es\/wordpress\/wp-content\/uploads\/2025\/03\/J29_2RFEF3_COR_PEN.png?fit=1200%2C675&resize=1050%2C600 3x"},"classes":[]},{"id":817,"url":"http:\/\/www.bloguecornella.es\/wordpress\/2025\/01\/30\/gerard-gonzalez-tercera-incorporacion-de-la-ue-cornella\/","url_meta":{"origin":455,"position":2},"title":"Gerard Gonzalez, tercera incorporaci\u00f3n de la UE Cornell\u00e0","author":"bloguecornella","date":"30 de enero de 2025","format":false,"excerpt":"Analicemos un poco la trayectoria del jugador nacido en la Cella de Ter (Girona) que, a sus 20 a\u00f1os, puede decir que ha estado en dos de las canteras mas potentes del f\u00fatbol catal\u00e0n. Formado en la cantera del FC Barcelona, donde ha llegado hasta la etapa de Juvenil. En\u2026","rel":"","context":"En \u00abFichaje\u00bb","block_context":{"text":"Fichaje","link":"http:\/\/www.bloguecornella.es\/wordpress\/category\/fichaje\/"},"img":{"alt_text":"","src":"","width":0,"height":0},"classes":[]},{"id":484,"url":"http:\/\/www.bloguecornella.es\/wordpress\/2024\/11\/18\/cronica-j12-penya-deportiva-4-1-ue-cornella\/","url_meta":{"origin":455,"position":3},"title":"Cr\u00f3nica J12: Penya Deportiva 4-1 UE Cornella","author":"bloguecornella","date":"18 de noviembre de 2024","format":false,"excerpt":"Me planteo hacer est\u00e1 cr\u00f3nica con la visi\u00f3n de lo que ser\u00eda ver el acta del partido, revisar algunas jugadas que se hayan podido ver en el carrusel de Esports IB3, y as\u00ed hacer el resumen. El primer partido de Albert Garcia en el banquillo de la UE Cornella no\u2026","rel":"","context":"En \u00abSegunda Federaci\u00f3n Grupo 3\u00bb","block_context":{"text":"Segunda Federaci\u00f3n Grupo 3","link":"http:\/\/www.bloguecornella.es\/wordpress\/category\/segunda-federacion-grupo-3\/"},"img":{"alt_text":"","src":"","width":0,"height":0},"classes":[]},{"id":1614,"url":"http:\/\/www.bloguecornella.es\/wordpress\/2025\/06\/06\/ignasi-senabria-un-titulo-de-3a-federacion-como-aval\/","url_meta":{"origin":455,"position":4},"title":"Ignasi Senabre &#8211; Un t\u00edtulo de 3\u00aa Federaci\u00f3n como aval","author":"bloguecornella","date":"6 de junio de 2025","format":false,"excerpt":"Ni Alberto Lopo, ni Ra\u00fal Paje. L\u00f3gicamente, no soy periodista, pero no era un hombre que lo tuviera en el radar y analizaremos a la nueva figura que va a dirigir la nave verde en su nueva andadura en la 3\u00aa Federaci\u00f3n, Ignasi Senabre. El t\u00e9cnico de 35 a\u00f1os, nacido\u2026","rel":"","context":"En \u00abIgnasi Senabria\u00bb","block_context":{"text":"Ignasi Senabria","link":"http:\/\/www.bloguecornella.es\/wordpress\/category\/ignasi-senabria\/"},"img":{"alt_text":"","src":"https:\/\/i0.wp.com\/www.bloguecornella.es\/wordpress\/wp-content\/uploads\/2025\/06\/Ignasi-Senabria-nuevo-referente-deportivo-de-la-UE-Cornella-1.png?fit=940%2C529&resize=350%2C200","width":350,"height":200,"srcset":"https:\/\/i0.wp.com\/www.bloguecornella.es\/wordpress\/wp-content\/uploads\/2025\/06\/Ignasi-Senabria-nuevo-referente-deportivo-de-la-UE-Cornella-1.png?fit=940%2C529&resize=350%2C200 1x, https:\/\/i0.wp.com\/www.bloguecornella.es\/wordpress\/wp-content\/uploads\/2025\/06\/Ignasi-Senabria-nuevo-referente-deportivo-de-la-UE-Cornella-1.png?fit=940%2C529&resize=525%2C300 1.5x, https:\/\/i0.wp.com\/www.bloguecornella.es\/wordpress\/wp-content\/uploads\/2025\/06\/Ignasi-Senabria-nuevo-referente-deportivo-de-la-UE-Cornella-1.png?fit=940%2C529&resize=700%2C400 2x"},"classes":[]},{"id":1880,"url":"http:\/\/www.bloguecornella.es\/wordpress\/2025\/06\/30\/5-gonzalo-pereira-muro-para-conseguir-la-porteria-0\/","url_meta":{"origin":455,"position":5},"title":"#5 Gonzalo Pereira: Muro para conseguir la porter\u00eda 0","author":"bloguecornella","date":"30 de junio de 2025","format":false,"excerpt":"La llegada de Gonzalo a la UE Cornell\u00e0 aportara solidez defensiva, como se ha demostrado la titularidad que ha tenido en los \u00faltimos 3 a\u00f1os en los clubes que ha militado. A falta de m\u00e1s fichajes para la posici\u00f3n de defensa central, actualmente compartir\u00e1 cerco con Tomas Pe\u00f1alba, que ya\u2026","rel":"","context":"En \u00abFichaje\u00bb","block_context":{"text":"Fichaje","link":"http:\/\/www.bloguecornella.es\/wordpress\/category\/fichaje\/"},"img":{"alt_text":"","src":"https:\/\/i0.wp.com\/www.bloguecornella.es\/wordpress\/wp-content\/uploads\/2025\/06\/5-Gonzalo-Pereira.png?fit=940%2C529&resize=350%2C200","width":350,"height":200,"srcset":"https:\/\/i0.wp.com\/www.bloguecornella.es\/wordpress\/wp-content\/uploads\/2025\/06\/5-Gonzalo-Pereira.png?fit=940%2C529&resize=350%2C200 1x, https:\/\/i0.wp.com\/www.bloguecornella.es\/wordpress\/wp-content\/uploads\/2025\/06\/5-Gonzalo-Pereira.png?fit=940%2C529&resize=525%2C300 1.5x, https:\/\/i0.wp.com\/www.bloguecornella.es\/wordpress\/wp-content\/uploads\/2025\/06\/5-Gonzalo-Pereira.png?fit=940%2C529&resize=700%2C400 2x"},"classes":[]}],"jetpack_featured_media_url":"","_links":{"self":[{"href":"http:\/\/www.bloguecornella.es\/wordpress\/wp-json\/wp\/v2\/posts\/455","targetHints":{"allow":["GET"]}}],"collection":[{"href":"http:\/\/www.bloguecornella.es\/wordpress\/wp-json\/wp\/v2\/posts"}],"about":[{"href":"http:\/\/www.bloguecornella.es\/wordpress\/wp-json\/wp\/v2\/types\/post"}],"author":[{"embeddable":true,"href":"http:\/\/www.bloguecornella.es\/wordpress\/wp-json\/wp\/v2\/users\/1"}],"replies":[{"embeddable":true,"href":"http:\/\/www.bloguecornella.es\/wordpress\/wp-json\/wp\/v2\/comments?post=455"}],"version-history":[{"count":1,"href":"http:\/\/www.bloguecornella.es\/wordpress\/wp-json\/wp\/v2\/posts\/455\/revisions"}],"predecessor-version":[{"id":532,"href":"http:\/\/www.bloguecornella.es\/wordpress\/wp-json\/wp\/v2\/posts\/455\/revisions\/532"}],"wp:attachment":[{"href":"http:\/\/www.bloguecornella.es\/wordpress\/wp-json\/wp\/v2\/media?parent=455"}],"wp:term":[{"taxonomy":"category","embeddable":true,"href":"http:\/\/www.bloguecornella.es\/wordpress\/wp-json\/wp\/v2\/categories?post=455"},{"taxonomy":"post_tag","embeddable":true,"href":"http:\/\/www.bloguecornella.es\/wordpress\/wp-json\/wp\/v2\/tags?post=455"}],"curies":[{"name":"wp","href":"https:\/\/api.w.org\/{rel}","templated":true}]}}