{"id":404,"date":"2024-11-08T16:00:00","date_gmt":"2024-11-08T15:00:00","guid":{"rendered":"https:\/\/bloguecornella.wordpress.com\/?p=404"},"modified":"2024-11-21T20:30:14","modified_gmt":"2024-11-21T19:30:14","slug":"previa-j11-ue-cornella-ce-europa","status":"publish","type":"post","link":"http:\/\/www.bloguecornella.es\/wordpress\/2024\/11\/08\/previa-j11-ue-cornella-ce-europa\/","title":{"rendered":"Previa J11: UE Cornella &#8211; CE Europa"},"content":{"rendered":"\n<p class=\"has-text-align-justify\">La UE Cornella tiene un reto dif\u00edcil como el de enfrentarse al subcampe\u00f3n de la temporada pasada en el grupo 3 de Segunda Federaci\u00f3n y campe\u00f3n de liga del grupo 5 de Tercera Federaci\u00f3n en la temporada 2022\/23, el CE Europa.<\/p>\n\n\n\n<p class=\"has-text-align-justify\">Con est\u00e1 introducci\u00f3n empezamos la previa del partido que va a enfrentar la UE Cornella, este domingo 10 de noviembre a las 18h, en el Nou Municipal de Cornella, contra el CE Europa que va a jugar su cuarto partido en dos semanas entre Liga, Copa del Rey y Copa Catalunya.<\/p>\n\n\n\n<p class=\"has-text-align-justify\">El CE Europa, en liga, acumula una racha de dos partidos seguidos perdiendo, este \u00faltimo, en casa contra el Lleida CF por 0-3, cosa que no hacia desde hace casi dos a\u00f1os. Como visitante en esta temporada, acumula una victoria y un empate en cinco partidos. Por lo que los registros fuera del Nou Sardanya no son los mejores en ese sentido.<\/p>\n\n\n\n<p class=\"has-text-align-justify\">Lo que no se puede negar de este equipo es su olfato goleador. Es el equipo m\u00e1s goleador de la liga con 16 tantos y con su m\u00e1ximo goleador Adnane Ghailan con cinco tantos.<\/p>\n\n\n\n<p class=\"has-text-align-justify\">La UE Cornella tendr\u00e1 que hacer frente ante una losa como es la de estar cinco jornadas seguidas sin conseguir la victoria. Queda lejos aquel 29 de Septiembre en el que se consigui\u00f3 la \u00fanica victoria de la temporada y un partido que hacia mucho tiempo que no se ve\u00eda en el municipal. Todo un espejismo.<\/p>\n\n\n\n<p class=\"has-text-align-justify\">Los hombres de Genis Sampietro tienen que estar unidos si lo que quieren es poder brindar, a su publico, una nueva victoria que les permita acercarse a la zona de salvaci\u00f3n, ahora mismo, a cinco puntos de distancia.<\/p>\n\n\n\n<p class=\"has-text-align-justify\">La maldici\u00f3n de la delantera se est\u00e1 cobrando diez jornadas en las que, exceptuando a Mateo en el partido contra el Sant Andreu, ning\u00fan delantero puro no ha marcado todav\u00eda en est\u00e1 competici\u00f3n. Master Omar, Boris Kouassi, no est\u00e1n a la altura de las expectativas que ten\u00edamos a principio de temporada y tiene que cambiar mucho la cosa para que al final de temporada no contin\u00faen en la disciplina de la UE Cornella. Ser\u00eda una buena oportunidad para Marc Barrantes o Pol Montesinos, jugadores del juvenil, que entre los dos suman m\u00e1s de la mitad de goles del conjunto verde en toda la temporada (4 y 3 respectivamente)<\/p>\n\n\n\n<p class=\"has-text-align-justify\">Esta jornada, contaremos con la dura baja de Luis Forcen por acumulaci\u00f3n de amarillas y que le impedir\u00e1 estar en el verde junto a sus compa\u00f1eros. Alagy Oliveira es uno de los apercibidos por cartulina amarilla que podr\u00eda perderse el pr\u00f3ximo partido contra la Penya Deportiva.<\/p>\n\n\n\n<p class=\"has-text-align-justify\">Pasamos a analizar la posible alineaci\u00f3n de la UE Cornella para este importante partido para buscar tener oxigeno en la salvaci\u00f3n.<\/p>\n\n\n\n<p>POR &#8211; 1 &#8211; Ruben Mi\u00f1o.<\/p>\n\n\n\n<p>LAI &#8211; 5 &#8211; Marc Vilaplana.<\/p>\n\n\n\n<p>DFC &#8211; 15 &#8211; Ricard Pujol.<\/p>\n\n\n\n<p>DFC &#8211; 6 &#8211; Alagy Oliveira.<\/p>\n\n\n\n<p>LAD &#8211; 2 &#8211; Bruno Lorente.<\/p>\n\n\n\n<p>MC &#8211; 24 &#8211; Alejandro Perez.<\/p>\n\n\n\n<p>MC &#8211; 16 &#8211; Izan Gonzalez.<\/p>\n\n\n\n<p>EI &#8211; 20 &#8211; Bouba Barry.<\/p>\n\n\n\n<p>MP &#8211; 22 &#8211; Ibai Reches.<\/p>\n\n\n\n<p>ED &#8211; 17 &#8211; Javi Serra.<\/p>\n\n\n\n<p>DC &#8211; 19 &#8211; Mateo Enriquez.<\/p>\n\n\n\n<p class=\"has-text-align-justify\">Considero que Adam, pese a tener buena corpulencia y aprovechar ese fuerte para tenerlo, creo que es bueno dar juego a gente de toque y que pueda apuntar arriba. Bouba ocupara la posici\u00f3n de Luis Forcen en el extremo y seguir con la posibilidad de ver titular a Bruno Lorente.<\/p>\n\n\n\n<p class=\"has-text-align-justify\">En caso de que no este, ocupara su puesto Juan Duran que ya ha comenzado algunos partidos de titular sustituyendo a Bruno.<\/p>\n\n\n\n<p class=\"has-text-align-justify\">Cabe destacar que es m\u00e1s que necesario ser m\u00e1s de 900 en cada partido en el Municipal, alentar al equipo en cada saque de banda, en cada saque de esquina, ya que esa es la esencia que tiene el Municipal y el apoyo joven a la grada de animaci\u00f3n. Ellos mismos ya lo dijeron en el \u00faltimo partido de casa, que ser\u00e1n el futuro de la animaci\u00f3n en el municipal.<\/p>\n\n\n\n<p class=\"has-text-align-justify\">Partidazo para ver en el Municipal. UE Cornella &#8211; CE Europa. <\/p>\n","protected":false},"excerpt":{"rendered":"<p>La UE Cornella tiene un reto dif\u00edcil como el de enfrentarse al subcampe\u00f3n de la temporada pasada en el grupo 3 de Segunda Federaci\u00f3n y campe\u00f3n de liga del grupo 5 de Tercera Federaci\u00f3n en la temporada 2022\/23, el CE Europa. Con est\u00e1 introducci\u00f3n empezamos la previa del partido que va a enfrentar la UE [&hellip;]<\/p>\n","protected":false},"author":1,"featured_media":419,"comment_status":"open","ping_status":"open","sticky":false,"template":"","format":"standard","meta":{"_eb_attr":"","advanced_seo_description":"","jetpack_seo_html_title":"","jetpack_seo_noindex":false,"jetpack_post_was_ever_published":false,"_jetpack_newsletter_access":"everybody","_jetpack_dont_email_post_to_subs":false,"_jetpack_newsletter_tier_id":0,"_jetpack_memberships_contains_paywalled_content":false,"_jetpack_memberships_contains_paid_content":false,"footnotes":"","jetpack_publicize_message":"","jetpack_publicize_feature_enabled":true,"jetpack_social_post_already_shared":false,"jetpack_social_options":{"image_generator_settings":{"template":"highway","enabled":false},"version":2}},"categories":[14,15,16],"tags":[31,32,34],"class_list":["post-404","post","type-post","status-publish","format-standard","has-post-thumbnail","hentry","category-previa-partido","category-segunda-federacion-grupo-3","category-temporada-24-25","tag-previa","tag-segunda-federacion","tag-temporada-2024-25"],"jetpack_publicize_connections":[],"jetpack_featured_media_url":"https:\/\/i0.wp.com\/www.bloguecornella.es\/wordpress\/wp-content\/uploads\/2024\/11\/img_7291.jpg?fit=1500%2C2000","jetpack_sharing_enabled":true,"jetpack-related-posts":[{"id":1116,"url":"http:\/\/www.bloguecornella.es\/wordpress\/2025\/03\/21\/previa-jornada-25-fundacio-ue-cornella-ce-europa\/","url_meta":{"origin":404,"position":0},"title":"Previa Jornada 25: Fundaci\u00f3 UE Cornell\u00e0 &#8211; CE Europa","author":"bloguecornella","date":"21 de marzo de 2025","format":false,"excerpt":"Trascendental partido el que tenemos en el Nou Municipal este domingo a las 12:30h. La Fundaci\u00f3 UE Cornell\u00e0, recibe al co-lider, el CE Europa con unas necesidades que no pueden permitirse perder m\u00e1s partidos para poder obtener la salvaci\u00f3n. El rival: CE Europa (2\u00ba - 50 puntos) El CE Europa\u2026","rel":"","context":"En \u00abFundaci\u00f3 UE Cornell\u00e0\u00bb","block_context":{"text":"Fundaci\u00f3 UE Cornell\u00e0","link":"http:\/\/www.bloguecornella.es\/wordpress\/category\/fuecornella\/"},"img":{"alt_text":"","src":"https:\/\/i0.wp.com\/www.bloguecornella.es\/wordpress\/wp-content\/uploads\/2025\/03\/J25_2RFEF_Fem_COR_EUR.png?fit=1200%2C675&resize=350%2C200","width":350,"height":200,"srcset":"https:\/\/i0.wp.com\/www.bloguecornella.es\/wordpress\/wp-content\/uploads\/2025\/03\/J25_2RFEF_Fem_COR_EUR.png?fit=1200%2C675&resize=350%2C200 1x, https:\/\/i0.wp.com\/www.bloguecornella.es\/wordpress\/wp-content\/uploads\/2025\/03\/J25_2RFEF_Fem_COR_EUR.png?fit=1200%2C675&resize=525%2C300 1.5x, https:\/\/i0.wp.com\/www.bloguecornella.es\/wordpress\/wp-content\/uploads\/2025\/03\/J25_2RFEF_Fem_COR_EUR.png?fit=1200%2C675&resize=700%2C400 2x, https:\/\/i0.wp.com\/www.bloguecornella.es\/wordpress\/wp-content\/uploads\/2025\/03\/J25_2RFEF_Fem_COR_EUR.png?fit=1200%2C675&resize=1050%2C600 3x"},"classes":[]},{"id":2814,"url":"http:\/\/www.bloguecornella.es\/wordpress\/2025\/10\/22\/copa_cat_fem_octavos\/","url_meta":{"origin":404,"position":1},"title":"Copa Catalunya 2026 &#8211; La Fundaci\u00f3 UE Cornell\u00e0 espera rival para los Cuartos de final","author":"bloguecornella","date":"22 de octubre de 2025","format":false,"excerpt":"La Copa Catalunya encara su fase n\u00famero cuatro. O mejor dicho, sus octavos de final. El torneo catal\u00e1n, desde su cambio de formato en la temporada pasada, ha dado un salto de calidad para poder ofrecer una mejor experiencia de partido para vivir el torneo m\u00e1s importante a nivel auton\u00f3mico.\u2026","rel":"","context":"En \u00abCopa Catalunya\u00bb","block_context":{"text":"Copa Catalunya","link":"http:\/\/www.bloguecornella.es\/wordpress\/category\/copa-catalunya\/"},"img":{"alt_text":"","src":"https:\/\/i0.wp.com\/www.bloguecornella.es\/wordpress\/wp-content\/uploads\/2025\/10\/Rivales-Fundacio-UE-Cornella-Cuartos-de-Final.png?fit=940%2C529&resize=350%2C200","width":350,"height":200,"srcset":"https:\/\/i0.wp.com\/www.bloguecornella.es\/wordpress\/wp-content\/uploads\/2025\/10\/Rivales-Fundacio-UE-Cornella-Cuartos-de-Final.png?fit=940%2C529&resize=350%2C200 1x, https:\/\/i0.wp.com\/www.bloguecornella.es\/wordpress\/wp-content\/uploads\/2025\/10\/Rivales-Fundacio-UE-Cornella-Cuartos-de-Final.png?fit=940%2C529&resize=525%2C300 1.5x, https:\/\/i0.wp.com\/www.bloguecornella.es\/wordpress\/wp-content\/uploads\/2025\/10\/Rivales-Fundacio-UE-Cornella-Cuartos-de-Final.png?fit=940%2C529&resize=700%2C400 2x"},"classes":[]},{"id":2418,"url":"http:\/\/www.bloguecornella.es\/wordpress\/2025\/09\/09\/1a-eliminatoria-copa-de-la-reina-fundacio-ue-cornella-ce-europa-previa\/","url_meta":{"origin":404,"position":2},"title":"1\u00aa Eliminatoria Copa de la Reina &#8211; Fundaci\u00f3 UE Cornell\u00e0 &#8211; CE Europa &#8211; Previa \u00abVamos a disfrutar\u00bb","author":"bloguecornella","date":"9 de septiembre de 2025","format":false,"excerpt":"Llego el momento. Un momento hist\u00f3rico para la secci\u00f3n femenina de la Fundaci\u00f3 UE Cornell\u00e0. Jugar por primera vez en su historia la Copa de la Reina. Despu\u00e9s de haber hecho historia la temporada 2024\/25 jugando en la Segunda Federaci\u00f3n femenina (3r escal\u00f3n del f\u00fatbol femenino nacional), consigui\u00f3 la temporada\u2026","rel":"","context":"En \u00abCopa de la Reina\u00bb","block_context":{"text":"Copa de la Reina","link":"http:\/\/www.bloguecornella.es\/wordpress\/category\/copa-de-la-reina\/"},"img":{"alt_text":"","src":"https:\/\/i0.wp.com\/www.bloguecornella.es\/wordpress\/wp-content\/uploads\/2025\/09\/Previa-1a-Eliminatoria-Copa-de-la-Reina.png?fit=940%2C529&resize=350%2C200","width":350,"height":200,"srcset":"https:\/\/i0.wp.com\/www.bloguecornella.es\/wordpress\/wp-content\/uploads\/2025\/09\/Previa-1a-Eliminatoria-Copa-de-la-Reina.png?fit=940%2C529&resize=350%2C200 1x, https:\/\/i0.wp.com\/www.bloguecornella.es\/wordpress\/wp-content\/uploads\/2025\/09\/Previa-1a-Eliminatoria-Copa-de-la-Reina.png?fit=940%2C529&resize=525%2C300 1.5x, https:\/\/i0.wp.com\/www.bloguecornella.es\/wordpress\/wp-content\/uploads\/2025\/09\/Previa-1a-Eliminatoria-Copa-de-la-Reina.png?fit=940%2C529&resize=700%2C400 2x"},"classes":[]},{"id":3368,"url":"http:\/\/www.bloguecornella.es\/wordpress\/2025\/12\/19\/previa-capitulo-12-fem-ce-europa-b-fundacio-ue-cornella\/","url_meta":{"origin":404,"position":3},"title":"Previa cap\u00edtulo 12 Fem: CE Europa \u00abB\u00bb &#8211; Fundaci\u00f3 UE Cornell\u00e0 \u00abLlegar al derbi con victoria\u00bb","author":"bloguecornella","date":"19 de diciembre de 2025","format":false,"excerpt":"Comienza la segunda vuelta y acaba el 2025. Un 2025 en el que se acabo el sue\u00f1o de la Segunda Federaci\u00f3n, jugamos la Copa de la Reina, por primera vez en la historia y se jugo los cuartos de final de la Copa Catalunya. Las circustancias de esta Tercera Federaci\u00f3n\u2026","rel":"","context":"En \u00abFundaci\u00f3 UE Cornell\u00e0\u00bb","block_context":{"text":"Fundaci\u00f3 UE Cornell\u00e0","link":"http:\/\/www.bloguecornella.es\/wordpress\/category\/fuecornella\/"},"img":{"alt_text":"","src":"https:\/\/i0.wp.com\/www.bloguecornella.es\/wordpress\/wp-content\/uploads\/2025\/12\/Previa-Jornada-12.png?fit=940%2C529&resize=350%2C200","width":350,"height":200,"srcset":"https:\/\/i0.wp.com\/www.bloguecornella.es\/wordpress\/wp-content\/uploads\/2025\/12\/Previa-Jornada-12.png?fit=940%2C529&resize=350%2C200 1x, https:\/\/i0.wp.com\/www.bloguecornella.es\/wordpress\/wp-content\/uploads\/2025\/12\/Previa-Jornada-12.png?fit=940%2C529&resize=525%2C300 1.5x, https:\/\/i0.wp.com\/www.bloguecornella.es\/wordpress\/wp-content\/uploads\/2025\/12\/Previa-Jornada-12.png?fit=940%2C529&resize=700%2C400 2x"},"classes":[]},{"id":2212,"url":"http:\/\/www.bloguecornella.es\/wordpress\/2025\/08\/19\/sorteo-copa-de-la-reina-2025-26-1a-eliminatoria-analisis-de-nuestras-rivales\/","url_meta":{"origin":404,"position":4},"title":"Sorteo 1\u00aa Eliminatoria Copa de la Reina 2025\/26 &#8211; An\u00e1lisis de nuestras rivales","author":"bloguecornella","date":"19 de agosto de 2025","format":false,"excerpt":"Llego el momento deseado. Ma\u00f1ana, mi\u00e9rcoles 20 de Agosto, conoceremos a nuestra rival en la primera eliminatoria de la Copa de la Reina 2025\/26 y estaremos sigui\u00e9ndolo, en directo, desde el blog. Con los cambios realizados por la RFEF, en cuanto a que se tendr\u00e1 en cuenta los criterios de\u2026","rel":"","context":"En \u00abCopa de la Reina\u00bb","block_context":{"text":"Copa de la Reina","link":"http:\/\/www.bloguecornella.es\/wordpress\/category\/copa-de-la-reina\/"},"img":{"alt_text":"","src":"https:\/\/i0.wp.com\/www.bloguecornella.es\/wordpress\/wp-content\/uploads\/2025\/08\/Plantilla-Sorteo-Copa-de-la-Reina.png?fit=940%2C529&resize=350%2C200","width":350,"height":200,"srcset":"https:\/\/i0.wp.com\/www.bloguecornella.es\/wordpress\/wp-content\/uploads\/2025\/08\/Plantilla-Sorteo-Copa-de-la-Reina.png?fit=940%2C529&resize=350%2C200 1x, https:\/\/i0.wp.com\/www.bloguecornella.es\/wordpress\/wp-content\/uploads\/2025\/08\/Plantilla-Sorteo-Copa-de-la-Reina.png?fit=940%2C529&resize=525%2C300 1.5x, https:\/\/i0.wp.com\/www.bloguecornella.es\/wordpress\/wp-content\/uploads\/2025\/08\/Plantilla-Sorteo-Copa-de-la-Reina.png?fit=940%2C529&resize=700%2C400 2x"},"classes":[]},{"id":666,"url":"http:\/\/www.bloguecornella.es\/wordpress\/2024\/12\/17\/previa-1-16-final-copa-catalunya-cerdanyola-fc-ue-cornella\/","url_meta":{"origin":404,"position":5},"title":"Previa 1\/16 Final Copa Catalunya: Cerdanyola FC &#8211; UE Cornell\u00e0","author":"bloguecornella","date":"17 de diciembre de 2024","format":false,"excerpt":"Llego el d\u00eda. Por fin, la UE Cornell\u00e0 entra en escena de esta renovada Copa Catalunya en sus fases ya finales (16 savos final), en la que se jugar\u00e1n cuatro encuentros a partido \u00fanico: 17\/12\/2024 - 20:00h - Terrassa FC (2RFEF) - CE Europa (2RFEF) 18\/12\/2024 - 18:30h - Tona\u2026","rel":"","context":"En \u00abCopa Catalunya\u00bb","block_context":{"text":"Copa Catalunya","link":"http:\/\/www.bloguecornella.es\/wordpress\/category\/copa-catalunya\/"},"img":{"alt_text":"","src":"","width":0,"height":0},"classes":[]}],"_links":{"self":[{"href":"http:\/\/www.bloguecornella.es\/wordpress\/wp-json\/wp\/v2\/posts\/404","targetHints":{"allow":["GET"]}}],"collection":[{"href":"http:\/\/www.bloguecornella.es\/wordpress\/wp-json\/wp\/v2\/posts"}],"about":[{"href":"http:\/\/www.bloguecornella.es\/wordpress\/wp-json\/wp\/v2\/types\/post"}],"author":[{"embeddable":true,"href":"http:\/\/www.bloguecornella.es\/wordpress\/wp-json\/wp\/v2\/users\/1"}],"replies":[{"embeddable":true,"href":"http:\/\/www.bloguecornella.es\/wordpress\/wp-json\/wp\/v2\/comments?post=404"}],"version-history":[{"count":1,"href":"http:\/\/www.bloguecornella.es\/wordpress\/wp-json\/wp\/v2\/posts\/404\/revisions"}],"predecessor-version":[{"id":534,"href":"http:\/\/www.bloguecornella.es\/wordpress\/wp-json\/wp\/v2\/posts\/404\/revisions\/534"}],"wp:featuredmedia":[{"embeddable":true,"href":"http:\/\/www.bloguecornella.es\/wordpress\/wp-json\/wp\/v2\/media\/419"}],"wp:attachment":[{"href":"http:\/\/www.bloguecornella.es\/wordpress\/wp-json\/wp\/v2\/media?parent=404"}],"wp:term":[{"taxonomy":"category","embeddable":true,"href":"http:\/\/www.bloguecornella.es\/wordpress\/wp-json\/wp\/v2\/categories?post=404"},{"taxonomy":"post_tag","embeddable":true,"href":"http:\/\/www.bloguecornella.es\/wordpress\/wp-json\/wp\/v2\/tags?post=404"}],"curies":[{"name":"wp","href":"https:\/\/api.w.org\/{rel}","templated":true}]}}