{"id":3762,"date":"2026-01-30T12:00:00","date_gmt":"2026-01-30T11:00:00","guid":{"rendered":"http:\/\/www.bloguecornella.es\/wordpress\/?p=3762"},"modified":"2026-01-30T00:07:09","modified_gmt":"2026-01-29T23:07:09","slug":"previa-capitulo-20-ue-cornella-cerdanyola-del-valles-fc-sobreponerse-contra-un-rival-necesitado","status":"publish","type":"post","link":"http:\/\/www.bloguecornella.es\/wordpress\/2026\/01\/30\/previa-capitulo-20-ue-cornella-cerdanyola-del-valles-fc-sobreponerse-contra-un-rival-necesitado\/","title":{"rendered":"Previa cap\u00edtulo 20 &#8211; UE Cornell\u00e0 &#8211; Cerdanyola del Valles FC \u00abSobreponerse contra un rival necesitado\u00bb"},"content":{"rendered":"\n<p>Tras cortar la racha de trece encuentros sin perder, la UE Cornell\u00e0 recibe en el Municipal de Cornell\u00e0 al Cerdanyola del Valles FC. Un equipo que ya puso las cosas complicadas en el partido de ida y que viene con la necesidad de salir de la zona de descenso.<\/p>\n\n\n\n<p><strong>El rival: Cerdanyola del Valles FC (16\u00ba &#8211; 16 puntos)<\/strong><\/p>\n\n\n\n<p>La denominaci\u00f3n que tiene este a\u00f1o el Cerdanyola del Valles es de \u00abel rey del empate\u00bb. De los 19 encuentros disputados <strong>ha empatado en hasta 10 ocasiones<\/strong>. Actualmente, viene sumido en una racha de cinco encuentros consecutivos con empate.<\/p>\n\n\n\n<p>En este mercado de invierno, la baja de Albert Ruiz ha supuesto un duro golpe para la entidad \u00abcerdanyolenca\u00bb. El fichaje por el CF Badalona merma a un equipo que le est\u00e1 costando esta temporada. La cesi\u00f3n de Cucurull, procedente del Atl\u00e8tic Lleida de Segunda Federaci\u00f3n, permitir\u00e1 poder paliar la baja de Albert.<\/p>\n\n\n\n<p>El principal peligro estar\u00e1 en su delantero estrella, Javier L\u00f3pez. El punta suma <strong>nueve goles<\/strong> en su cuenta particular y esta a un gol de llegar a los diez de la temporada pasada. Adem\u00e1s, ya marco en el encuentro de ida.<\/p>\n\n\n\n<p>Quien no estar\u00e1 ser\u00e1 el ex-jugador verde Adam Cherradi. El jugador del Cerdanyola tendr\u00e1 que cumplir sanci\u00f3n de un encuentro tras haber visto la doble amarilla en el encuentro contra el CF Badalona.<\/p>\n\n\n\n<p><strong>Situaci\u00f3n UE Cornell\u00e0<\/strong>: <strong>\u00abSaber sobreponerse sin perder la esencia\u00bb<\/strong><\/p>\n\n\n\n<p>La derrota el pasado fin de semana se podr\u00eda prever. Lo que no se preve\u00eda era de la forma en lo que se hizo. Se considera un simple bache a una racha espectacular en est\u00e1 Tercera Federaci\u00f3n que est\u00e1 realizando el conjunto verde, pero si es cierto que lo importante es sobreponerse a estas situaciones.<\/p>\n\n\n\n<p>No podr\u00e1 contar con Joan Benet. La expulsi\u00f3n en el banquillo por dirigirse a un jugador del Peralada le costara estar fuera en el encuentro contra el Cerdanyola del Valles. Y no podemos dejar de lado que tenemos a <strong>cuatro jugadores <\/strong>apercibidos de sanci\u00f3n: Ot Serrano, Moha Ajani, Stefan Golubovic y Manel Lozano. Estos jugadores corren el riesgo de perderse el encuentro contra la Monta\u00f1esa CF.<\/p>\n\n\n\n<p>El nombre del encuentro fue <strong>Tom\u00e1s Pe\u00f1alba<\/strong>. Convocado con la selecci\u00f3n CATUEFA para el encuentro de la Regions Cup de la UEFA y que disputo diez minutos de encuentro est\u00e1 siendo el hombre de moda en el club verde. Despu\u00e9s de superar sus lesiones, ahora est\u00e1 demostrando que se merece la titularidad frente a cualquiera de los que actualmente est\u00e1.<\/p>\n\n\n\n<p>Con la excepci\u00f3n del partido contra el CE L&#8217;Hospitalet, cada vez est\u00e1 costando adelantarse y cerrar los encuentros. El juego de Ignasi ya no es un secreto y se tendr\u00e1 que buscar formas de sobreponerse a sus rivales para que no caigan en su trampa.<\/p>\n\n\n\n<p><strong>El XI de Ignasi<\/strong><\/p>\n\n\n\n<p>El previsible once con el que saldr\u00e1 Ignasi este s\u00e1bado ser\u00e1 el siguiente:<\/p>\n\n\n\n<p>POR &#8211; 13 &#8211; Isaac Vila.<\/p>\n\n\n\n<p>DFC &#8211; 15 &#8211; Alejandro Pereira.<\/p>\n\n\n\n<p>DFC &#8211; 5 &#8211; Tom\u00e1s Pe\u00f1alba.<\/p>\n\n\n\n<p>DFC &#8211; 17 &#8211; D\u00eddac Rodr\u00edguez.<\/p>\n\n\n\n<p>MCD &#8211; 16 &#8211; Moha Ajani.<\/p>\n\n\n\n<p>MI &#8211; 3 &#8211; Gerard Gonz\u00e1lez.<\/p>\n\n\n\n<p>MC &#8211; 6 &#8211; Ot Serrano.<\/p>\n\n\n\n<p>MD &#8211; 10 &#8211; V\u00edctor Aliaga.<\/p>\n\n\n\n<p>EI &#8211; 12 &#8211; Santi Guzm\u00e1n.<\/p>\n\n\n\n<p>ED &#8211; 21 &#8211; Stefan Golubovic.<\/p>\n\n\n\n<p>DC &#8211; 23 &#8211; Leo dos Reis.<\/p>\n\n\n\n<p><em>Suplentes<\/em>: POR &#8211; 25 &#8211; Pol Cordero, DFC &#8211; 4 &#8211; Iv\u00e1n de la Pe\u00f1a,  MI &#8211; 27 &#8211; Bruno Lorente, MC &#8211; 18 &#8211; Ian Arques, MC &#8211; 8 &#8211; Marc Esteban, MD &#8211; 22 &#8211; Manel Lozano, EI &#8211; 11 &#8211; Marc Fern\u00e1ndez, DC &#8211; 9 &#8211; H\u00e9ctor Tejada.<\/p>\n\n\n\n<p><em>Reserva<\/em>: MD &#8211; 20 &#8211; Toni Gomez.<\/p>\n\n\n\n<p><em>Lesionados<\/em>: POR &#8211; 1 &#8211; Rub\u00e9n Mi\u00f1o, DFC &#8211; 2 &#8211; Diego Garz\u00f3n, DFC &#8211; 14 &#8211; Gonzalo Pereira, ED &#8211; 7 &#8211; Ibai Reches.<\/p>\n\n\n\n<p><strong>La opini\u00f3n del Blog<\/strong><\/p>\n\n\n\n<p>Los baches mejor en la jornada 19 que en la jornada 30 con menos maniobra para hacer. Demuestra que esta 3\u00aa Federaci\u00f3n es muy dif\u00edcil y, hasta por ejemplo el pr\u00f3ximo rival, nos puede poner en serios aprietos.<\/p>\n\n\n\n<p>La base es la de seguir con el mismo esquema y trabajar en mantenerlo. Saber sobreponerse a las situaciones adversas y no pensar en el liderato. Ahora, se tiene que pensar en volver a sumar de 3 y recortar un encuentro m\u00e1s para la confirmaci\u00f3n del Play-off de ascenso.<\/p>\n\n\n\n<p>Aprovechando que se juega en casa esta semana, es buen momento para que el Municipal ruja y pueda ver a su equipo campear y disfrutar de una nueva victoria en una temporada que est\u00e1 recuperando la ilusi\u00f3n.<\/p>\n","protected":false},"excerpt":{"rendered":"<p>Tras cortar la racha de trece encuentros sin perder, la UE Cornell\u00e0 recibe en el Municipal de Cornell\u00e0 al Cerdanyola del Valles FC. Un equipo que ya puso las cosas complicadas en el partido de ida y que viene con la necesidad de salir de la zona de descenso. El rival: Cerdanyola del Valles FC [&hellip;]<\/p>\n","protected":false},"author":1,"featured_media":3764,"comment_status":"open","ping_status":"open","sticky":false,"template":"","format":"standard","meta":{"_eb_attr":"","advanced_seo_description":"","jetpack_seo_html_title":"","jetpack_seo_noindex":false,"jetpack_post_was_ever_published":false,"_jetpack_newsletter_access":"","_jetpack_dont_email_post_to_subs":false,"_jetpack_newsletter_tier_id":0,"_jetpack_memberships_contains_paywalled_content":false,"_jetpack_memberships_contains_paid_content":false,"footnotes":"","jetpack_publicize_message":"","jetpack_publicize_feature_enabled":true,"jetpack_social_post_already_shared":true,"jetpack_social_options":{"image_generator_settings":{"template":"highway","default_image_id":0,"font":"","enabled":false},"version":2}},"categories":[14,1,71,69,51],"tags":[31,65,66,54],"class_list":["post-3762","post","type-post","status-publish","format-standard","has-post-thumbnail","hentry","category-previa-partido","category-sin-categoria","category-temporada-2025-26","category-tercera-federacion-grupo-v","category-ue-cornella","tag-previa","tag-temporada-2025-26","tag-tercera-federacion-grupo-v","tag-ue-cornella"],"jetpack_publicize_connections":[],"jetpack_featured_media_url":"https:\/\/i0.wp.com\/www.bloguecornella.es\/wordpress\/wp-content\/uploads\/2026\/01\/J20-UE-Cornella-Cerdanyola-FC-1.png?fit=940%2C520","jetpack_sharing_enabled":true,"jetpack-related-posts":[{"id":2491,"url":"http:\/\/www.bloguecornella.es\/wordpress\/2025\/09\/20\/capitulo-3-cerdanyola-fc-ue-cornella-previa-sumar-para-no-perder-la-estela-del-peloton\/","url_meta":{"origin":3762,"position":0},"title":"Cap\u00edtulo 3 : Cerdanyola FC &#8211; UE Cornell\u00e0 &#8211; Previa : \u201cSumar para no perder la estela del pelot\u00f3n\u201d","author":"bloguecornella","date":"20 de septiembre de 2025","format":false,"excerpt":"La UE Cornell\u00e0 visita, por segunda vez en su historia, en partido oficial de liga, la ZEM Les Fontetes para enfrentarse al Cerdanyola del Valles FC. La \u00faltima visita fue, en Copa Catalunya, en la temporada anterior, donde un equipo plagado de juveniles planto cara al Cerdanyola, consiguiendo un empate\u2026","rel":"","context":"En \u00abPrevia partido\u00bb","block_context":{"text":"Previa partido","link":"http:\/\/www.bloguecornella.es\/wordpress\/category\/previa-partido\/"},"img":{"alt_text":"","src":"https:\/\/i0.wp.com\/www.bloguecornella.es\/wordpress\/wp-content\/uploads\/2025\/09\/J3-Cerdanyola-del-Valles-FC-UE-Cornella.png?fit=940%2C520&resize=350%2C200","width":350,"height":200,"srcset":"https:\/\/i0.wp.com\/www.bloguecornella.es\/wordpress\/wp-content\/uploads\/2025\/09\/J3-Cerdanyola-del-Valles-FC-UE-Cornella.png?fit=940%2C520&resize=350%2C200 1x, https:\/\/i0.wp.com\/www.bloguecornella.es\/wordpress\/wp-content\/uploads\/2025\/09\/J3-Cerdanyola-del-Valles-FC-UE-Cornella.png?fit=940%2C520&resize=525%2C300 1.5x, https:\/\/i0.wp.com\/www.bloguecornella.es\/wordpress\/wp-content\/uploads\/2025\/09\/J3-Cerdanyola-del-Valles-FC-UE-Cornella.png?fit=940%2C520&resize=700%2C400 2x"},"classes":[]},{"id":2564,"url":"http:\/\/www.bloguecornella.es\/wordpress\/2025\/09\/21\/cronica-capitulo-3-cerdanyola-del-valles-fc-1-2-ue-cornella-ot-salva-los-3-puntos-y-seguimos-en-el-peloton\/","url_meta":{"origin":3762,"position":1},"title":"Cr\u00f3nica Cap\u00edtulo 3: Cerdanyola del Valles FC 1 &#8211; 2 UE Cornell\u00e0 \u00abOt salva los 3 puntos y seguimos en el pelot\u00f3n\u00bb","author":"bloguecornella","date":"21 de septiembre de 2025","format":false,"excerpt":"La UE Cornell\u00e0 logra una victoria, que se ha puesto cuesta arriba en la segunda parte y que Ot, con otro golazo, salva a falta de 5 minutos para finalizar el partido Resumen del partido En el once de Ignasi Senabre, se introducen varios cambios respecto a la semana anterior.\u2026","rel":"","context":"En \u00abOt Serrano\u00bb","block_context":{"text":"Ot Serrano","link":"http:\/\/www.bloguecornella.es\/wordpress\/category\/ot-serrano\/"},"img":{"alt_text":"","src":"https:\/\/i0.wp.com\/www.bloguecornella.es\/wordpress\/wp-content\/uploads\/2025\/09\/img_3465.jpg?fit=1200%2C900&resize=350%2C200","width":350,"height":200,"srcset":"https:\/\/i0.wp.com\/www.bloguecornella.es\/wordpress\/wp-content\/uploads\/2025\/09\/img_3465.jpg?fit=1200%2C900&resize=350%2C200 1x, https:\/\/i0.wp.com\/www.bloguecornella.es\/wordpress\/wp-content\/uploads\/2025\/09\/img_3465.jpg?fit=1200%2C900&resize=525%2C300 1.5x, https:\/\/i0.wp.com\/www.bloguecornella.es\/wordpress\/wp-content\/uploads\/2025\/09\/img_3465.jpg?fit=1200%2C900&resize=700%2C400 2x, https:\/\/i0.wp.com\/www.bloguecornella.es\/wordpress\/wp-content\/uploads\/2025\/09\/img_3465.jpg?fit=1200%2C900&resize=1050%2C600 3x"},"classes":[]},{"id":2591,"url":"http:\/\/www.bloguecornella.es\/wordpress\/2025\/09\/26\/capitulo-4-ue-cornella-montanesa-cf-previa-buscar-la-primera-en-casa\/","url_meta":{"origin":3762,"position":2},"title":"Cap\u00edtulo 4 &#8211; UE Cornell\u00e0 &#8211; Monta\u00f1esa CF &#8211; Previa \u00abBuscar la primera en casa\u00bb","author":"bloguecornella","date":"26 de septiembre de 2025","format":false,"excerpt":"La UE Cornell\u00e0 vuelve a jugar partido en casa y, esta vez, su rival ser\u00e1 la Monta\u00f1esa de Axel Vizuete, en lo que ser\u00e1 el cap\u00edtulo n\u00famero 4 de est\u00e1 Tercera Federaci\u00f3n masculina, en su grupo 5. El rival: CF Monta\u00f1esa (7\u00ba - 5 puntos) La Monta\u00f1esa siempre es un\u2026","rel":"","context":"En \u00abPrevia partido\u00bb","block_context":{"text":"Previa partido","link":"http:\/\/www.bloguecornella.es\/wordpress\/category\/previa-partido\/"},"img":{"alt_text":"","src":"https:\/\/i0.wp.com\/www.bloguecornella.es\/wordpress\/wp-content\/uploads\/2025\/09\/J3-Cerdanyola-del-Valles-FC-UE-Cornella-1.png?fit=940%2C520&resize=350%2C200","width":350,"height":200,"srcset":"https:\/\/i0.wp.com\/www.bloguecornella.es\/wordpress\/wp-content\/uploads\/2025\/09\/J3-Cerdanyola-del-Valles-FC-UE-Cornella-1.png?fit=940%2C520&resize=350%2C200 1x, https:\/\/i0.wp.com\/www.bloguecornella.es\/wordpress\/wp-content\/uploads\/2025\/09\/J3-Cerdanyola-del-Valles-FC-UE-Cornella-1.png?fit=940%2C520&resize=525%2C300 1.5x, https:\/\/i0.wp.com\/www.bloguecornella.es\/wordpress\/wp-content\/uploads\/2025\/09\/J3-Cerdanyola-del-Valles-FC-UE-Cornella-1.png?fit=940%2C520&resize=700%2C400 2x"},"classes":[]},{"id":2982,"url":"http:\/\/www.bloguecornella.es\/wordpress\/2025\/11\/11\/resumen-cedidos-ue-cornella-fin-de-semana-8-9-de-noviembre-2025\/","url_meta":{"origin":3762,"position":3},"title":"Resumen cedidos UE Cornell\u00e0 fin de semana 8-9 de Noviembre 2025","author":"bloguecornella","date":"11 de noviembre de 2025","format":false,"excerpt":"Novena entrega del repaso a nuestros cedidos y el balance que han hecho est\u00e1 semana. Izan Gonz\u00e1lez - CE Europa (Primera Federaci\u00f3n - Grupo II) Jornada 11 - S\u00e1bado 8 de Noviembre 2025 - 16:15h - H\u00e9rcules CF - CE Europa. Izan volvi\u00f3 a jugar el partido completo y acabo\u2026","rel":"","context":"En \u00abCedidos UE Cornell\u00e0\u00bb","block_context":{"text":"Cedidos UE Cornell\u00e0","link":"http:\/\/www.bloguecornella.es\/wordpress\/category\/cedidos-ue-cornella\/"},"img":{"alt_text":"","src":"https:\/\/i0.wp.com\/www.bloguecornella.es\/wordpress\/wp-content\/uploads\/2025\/11\/Resumen-8-9-nov.png?fit=1200%2C675&resize=350%2C200","width":350,"height":200,"srcset":"https:\/\/i0.wp.com\/www.bloguecornella.es\/wordpress\/wp-content\/uploads\/2025\/11\/Resumen-8-9-nov.png?fit=1200%2C675&resize=350%2C200 1x, https:\/\/i0.wp.com\/www.bloguecornella.es\/wordpress\/wp-content\/uploads\/2025\/11\/Resumen-8-9-nov.png?fit=1200%2C675&resize=525%2C300 1.5x, https:\/\/i0.wp.com\/www.bloguecornella.es\/wordpress\/wp-content\/uploads\/2025\/11\/Resumen-8-9-nov.png?fit=1200%2C675&resize=700%2C400 2x, https:\/\/i0.wp.com\/www.bloguecornella.es\/wordpress\/wp-content\/uploads\/2025\/11\/Resumen-8-9-nov.png?fit=1200%2C675&resize=1050%2C600 3x"},"classes":[]},{"id":666,"url":"http:\/\/www.bloguecornella.es\/wordpress\/2024\/12\/17\/previa-1-16-final-copa-catalunya-cerdanyola-fc-ue-cornella\/","url_meta":{"origin":3762,"position":4},"title":"Previa 1\/16 Final Copa Catalunya: Cerdanyola FC &#8211; UE Cornell\u00e0","author":"bloguecornella","date":"17 de diciembre de 2024","format":false,"excerpt":"Llego el d\u00eda. Por fin, la UE Cornell\u00e0 entra en escena de esta renovada Copa Catalunya en sus fases ya finales (16 savos final), en la que se jugar\u00e1n cuatro encuentros a partido \u00fanico: 17\/12\/2024 - 20:00h - Terrassa FC (2RFEF) - CE Europa (2RFEF) 18\/12\/2024 - 18:30h - Tona\u2026","rel":"","context":"En \u00abCopa Catalunya\u00bb","block_context":{"text":"Copa Catalunya","link":"http:\/\/www.bloguecornella.es\/wordpress\/category\/copa-catalunya\/"},"img":{"alt_text":"","src":"","width":0,"height":0},"classes":[]},{"id":3068,"url":"http:\/\/www.bloguecornella.es\/wordpress\/2025\/11\/21\/previa-capitulo-9-fem-fundacio-ue-cornella-fc-barcelona-c\/","url_meta":{"origin":3762,"position":5},"title":"Previa cap\u00edtulo 9 Fem: Fundaci\u00f3 UE Cornell\u00e0 &#8211; FC Barcelona \u00abC\u00bb \u00abPartido para disfrutar y ganar\u00bb","author":"bloguecornella","date":"21 de noviembre de 2025","format":false,"excerpt":"Volvemos al Municipal con un partidazo por la zona alta de la clasificaci\u00f3n y contra un rival, al que no nos hemos enfrentado nunca, que es el segundo filial del FC Barcelona. El rival: FC Barcelona \"C\" (2\u00ba - 17 puntos) El segundo filial del FC Barcelona es un equipo\u2026","rel":"","context":"En \u00abFundaci\u00f3 UE Cornell\u00e0\u00bb","block_context":{"text":"Fundaci\u00f3 UE Cornell\u00e0","link":"http:\/\/www.bloguecornella.es\/wordpress\/category\/fuecornella\/"},"img":{"alt_text":"","src":"https:\/\/i0.wp.com\/www.bloguecornella.es\/wordpress\/wp-content\/uploads\/2025\/11\/Previa-Jornada-9.png?fit=940%2C529&resize=350%2C200","width":350,"height":200,"srcset":"https:\/\/i0.wp.com\/www.bloguecornella.es\/wordpress\/wp-content\/uploads\/2025\/11\/Previa-Jornada-9.png?fit=940%2C529&resize=350%2C200 1x, https:\/\/i0.wp.com\/www.bloguecornella.es\/wordpress\/wp-content\/uploads\/2025\/11\/Previa-Jornada-9.png?fit=940%2C529&resize=525%2C300 1.5x, https:\/\/i0.wp.com\/www.bloguecornella.es\/wordpress\/wp-content\/uploads\/2025\/11\/Previa-Jornada-9.png?fit=940%2C529&resize=700%2C400 2x"},"classes":[]}],"_links":{"self":[{"href":"http:\/\/www.bloguecornella.es\/wordpress\/wp-json\/wp\/v2\/posts\/3762","targetHints":{"allow":["GET"]}}],"collection":[{"href":"http:\/\/www.bloguecornella.es\/wordpress\/wp-json\/wp\/v2\/posts"}],"about":[{"href":"http:\/\/www.bloguecornella.es\/wordpress\/wp-json\/wp\/v2\/types\/post"}],"author":[{"embeddable":true,"href":"http:\/\/www.bloguecornella.es\/wordpress\/wp-json\/wp\/v2\/users\/1"}],"replies":[{"embeddable":true,"href":"http:\/\/www.bloguecornella.es\/wordpress\/wp-json\/wp\/v2\/comments?post=3762"}],"version-history":[{"count":1,"href":"http:\/\/www.bloguecornella.es\/wordpress\/wp-json\/wp\/v2\/posts\/3762\/revisions"}],"predecessor-version":[{"id":3763,"href":"http:\/\/www.bloguecornella.es\/wordpress\/wp-json\/wp\/v2\/posts\/3762\/revisions\/3763"}],"wp:featuredmedia":[{"embeddable":true,"href":"http:\/\/www.bloguecornella.es\/wordpress\/wp-json\/wp\/v2\/media\/3764"}],"wp:attachment":[{"href":"http:\/\/www.bloguecornella.es\/wordpress\/wp-json\/wp\/v2\/media?parent=3762"}],"wp:term":[{"taxonomy":"category","embeddable":true,"href":"http:\/\/www.bloguecornella.es\/wordpress\/wp-json\/wp\/v2\/categories?post=3762"},{"taxonomy":"post_tag","embeddable":true,"href":"http:\/\/www.bloguecornella.es\/wordpress\/wp-json\/wp\/v2\/tags?post=3762"}],"curies":[{"name":"wp","href":"https:\/\/api.w.org\/{rel}","templated":true}]}}