{"id":3729,"date":"2026-01-26T10:00:00","date_gmt":"2026-01-26T09:00:00","guid":{"rendered":"http:\/\/www.bloguecornella.es\/wordpress\/?p=3729"},"modified":"2026-01-26T00:13:35","modified_gmt":"2026-01-25T23:13:35","slug":"cronica-capitulo-19-cf-peralada-3-0-ue-cornella-dominio-del-perlada-sobre-un-cornella-inexistente","status":"publish","type":"post","link":"http:\/\/www.bloguecornella.es\/wordpress\/2026\/01\/26\/cronica-capitulo-19-cf-peralada-3-0-ue-cornella-dominio-del-perlada-sobre-un-cornella-inexistente\/","title":{"rendered":"Cr\u00f3nica cap\u00edtulo 19 &#8211; CF Peralada 3-0 UE Cornell\u00e0 \u00abDominio del Perlada sobre un Cornell\u00e0 inexistente\u00bb"},"content":{"rendered":"\n<p>Tuvo que llegar, y de la forma m\u00e1s cruel. Un Cornell\u00e0, borrado en la segunda parte, pierde por un contundente 3-0 en el Municipal de Peralada y, pese a este resultado, sigue l\u00edder en la Tercera Federaci\u00f3n.<\/p>\n\n\n\n<p><strong>Resumen partido<\/strong><\/p>\n\n\n\n<p>Ignasi puso en el once inicial a Tom\u00e1s y Alejandro Pereira en el eje central, dejando en el banquillo a Iv\u00e1n de la Pe\u00f1a y con Joan Benet por Bruno Lorente en la media. El comienzo ha sido con algunas contras realizadas por el Peralada que no llegaron a buen puerto. Poco despu\u00e9s a los nueve minutos, tuvo la primera ocasi\u00f3n clara la UE Cornell\u00e0 con una falta r\u00e1pida de V\u00edctor en la que centra Stefan, pero el rechace cae en D\u00eddac y roza la escuadra.<\/p>\n\n\n\n<p>De empezar con sol a empezar a nublarse y a concentrarse masas de aire que perjudicaban al cuadro visitante y esto provocaba que muchos balones el Peralada los ganara a la espalda y provocaran situaciones de peligro. Por ello, el mistar coloco defensa de cuatro con Moha para evitar esas contras.<\/p>\n\n\n\n<p>En el minuto 23, llego la primera del Peralada por mediaci\u00f3n de Lloren\u00e7, que su lanzamiento raso sali\u00f3 con fuerza por el palo izquierdo de la porter\u00eda de Isaac Vila. A continuaci\u00f3n, jugada de la UE Cornell\u00e0 con Marc Fern\u00e1ndez lanzando centro que recogi\u00f3 Stefan y, d\u00e1ndose la vuelta en el \u00e1rea, intento un nuevo centro que no llega Leo para poder rematar.<\/p>\n\n\n\n<p>Cada vez, costaba mas que llegar\u00e1 la UE Cornell\u00e0 al ataque y aqu\u00ed la figura de Tom\u00e1s es importante para evitar las internadas, tanto de Master Omar como de Lloren\u00e7.<\/p>\n\n\n\n<p>Los \u00faltimos cinco minutos de la primera parte son un asedio y un preludio de lo que estar\u00eda por llegar. Primero, con un chute que Marc Fern\u00e1ndez salva bajo palos. En el corner siguiente, hasta cinco lanzamientos que rebotaron en jugadores verdes y la \u00faltima jugada de la primera parte con un centro que pasa por la l\u00ednea de gol y es Master Omar el que no consigue rematar y rebota en un jugador verde. La UE Cornell\u00e0, se salvo en ese momento.<\/p>\n\n\n\n<p>La segunda parte empieza como acabo la primera. Primero, con Lloren\u00e7 lanzando un pase a Master Omar que solo falla delante de Isaac Vila. El capit\u00e1n blanquiverde demostrando fortaleza y porque es uno de los hombres fuertes de \u00c1lex Marsal y, en un despiste de la defensa, una falta inofensiva en el medio de campo provoca la mejor asistencia para Lloren\u00e7, que no falla delante de Isaac Vila.<\/p>\n\n\n\n<p>Fue el comienzo de diez minutos de desastre para los hombres de Ignasi Senabre. A los dos minutos, es Dani G\u00f3mez que, a pase de Biel, marca a placer y, en el minuto 16, Biel se mete hasta la cocina y, desde fuera del \u00e1rea, marca a placer el tercero de la tarde.<\/p>\n\n\n\n<p>El Cornell\u00e0 est\u00e1 descolocado, no se ha sentido c\u00f3modo en la segunda parte, y solamente a final del encuentro ha tenido algunas jugadas en las que ha podido conectar. Isaac Vila evito, en dos tiempos, en el minuto 29 de la segunda parte, lo que podr\u00eda ser el cuarto gol de la tarde.<\/p>\n\n\n\n<p>El partido acabo bastante embarrado, con la figura de Master Omar en medio, en una acci\u00f3n muy fortuita a Manel Lozano, solo vio la amarilla. Una entrada de naranja-roja que provoco la expulsi\u00f3n por roja directa de Joan Benet, que estaba en el banquillo. Al finalizar el partido, la UE Cornell\u00e0 marco Santi Guzman, pero el colegiado indico que estaba en fuera de juego.<\/p>\n\n\n\n<p>El mismo Guzm\u00e1n se encaro con el linier al finalizar el encuentro. Veremos las consecuencias en el acta arbitral.<\/p>\n\n\n\n<p>La UE Cornell\u00e0 se mantiene l\u00edder con 36 puntos, los mismos que el CF Badalona, pero ganan por haber metido m\u00e1s goles con misma diferencia de goles y se acabo la racha de 13 encuentros consecutivos sin perder. Buen momento para reflexionar y empezar a trabajar en el siguiente encuentro.<\/p>\n\n\n\n<p><strong>El 1&#215;1<\/strong><\/p>\n\n\n\n<p>POR &#8211; 13 &#8211; Isaac Vila &#8211; 5<\/p>\n\n\n\n<p>DFC &#8211; 15 &#8211; Alejandro Pereira &#8211; 5.5<\/p>\n\n\n\n<p>DFC &#8211; 5 &#8211; Tom\u00e1s Pe\u00f1alba &#8211; 6.5<\/p>\n\n\n\n<p>DFC &#8211; 17 &#8211; D\u00eddac Rodr\u00edguez &#8211; 5<\/p>\n\n\n\n<p>MCD &#8211; 16 &#8211; Moha Ajani &#8211; 5.5<\/p>\n\n\n\n<p>MI &#8211; 19 &#8211; Joan Benet &#8211; 4<\/p>\n\n\n\n<p>MC &#8211; 6 &#8211; Ot Serrano &#8211; 5<\/p>\n\n\n\n<p>MD &#8211; 10 &#8211; V\u00edctor Aliaga &#8211; 5.5<\/p>\n\n\n\n<p>EI &#8211; 11 &#8211; Marc Fern\u00e1ndez &#8211; 5<\/p>\n\n\n\n<p>ED &#8211; 21 &#8211; Stefan Golubovic &#8211; 5<\/p>\n\n\n\n<p>DC &#8211; 23 &#8211; Leo dos Reis &#8211; 4<\/p>\n\n\n\n<p><em>Suplentes<\/em><\/p>\n\n\n\n<p>DFC &#8211; 27 &#8211; Bruno Lorente &#8211; 5<\/p>\n\n\n\n<p>EI &#8211; 12 &#8211; Santi Guzm\u00e1n &#8211; 4<\/p>\n\n\n\n<p>MI &#8211; 22 &#8211; Manel Lozano &#8211; 4<\/p>\n\n\n\n<p>MCD &#8211; 18 &#8211; Ian Arques &#8211; 4<\/p>\n\n\n\n<p>MC &#8211; 8 &#8211; Marc Esteban &#8211; SC<\/p>\n\n\n\n<p><strong>Estad\u00edsticas<\/strong><\/p>\n\n\n\n<p>Minuto 43 &#8211; UE Cornell\u00e0 &#8211; 5 &#8211; Tom\u00e1s Pe\u00f1alba &#8211; TA<\/p>\n\n\n\n<p>Minuto 46 &#8211; UE Cornell\u00e0 &#8211; Sustituci\u00f3n &#8211; Entra con el 27 Bruno Lorente y sale con el 17 D\u00eddac Rodr\u00edguez.<\/p>\n\n\n\n<p><strong>Minuto 53 &#8211; CF Peralada &#8211; 11 &#8211; Lloren\u00e7 &#8211; Gol 1-0<\/strong><\/p>\n\n\n\n<p><strong>Minuto 55 &#8211; CF Peralada &#8211; 10 &#8211; Dani G\u00f3mez &#8211; Gol 2-0<\/strong><\/p>\n\n\n\n<p>Minuto 55 &#8211; UE Cornell\u00e0 &#8211; 11 &#8211; Marc Fern\u00e1ndez &#8211; TA<\/p>\n\n\n\n<p><strong>Minuto 62 &#8211; CF Peralada &#8211; 22 &#8211; Biel &#8211; Gol 3-0<\/strong><\/p>\n\n\n\n<p>Minuto 62 &#8211; UE Cornell\u00e0 &#8211; 15 &#8211; Alejandro Pereira &#8211; TA<\/p>\n\n\n\n<p>Minuto 62 &#8211; UE Cornell\u00e0 &#8211; Sustituci\u00f3n &#8211; Entra con el 12 Santi Guzm\u00e1n, 18 Ian Arques y 22 Manel Lozano y sale con el 19 Joan Benet, 23 &#8211; Leo dos Reis y 6 &#8211; Ot Serrano<\/p>\n\n\n\n<p>Minuto 65 &#8211; CF Peralada &#8211; 11 &#8211; Lloren\u00e7 &#8211; TA<\/p>\n\n\n\n<p>Minuto 67 &#8211; UE Cornell\u00e0 &#8211; 22 &#8211; Manel Lozano &#8211; TA<\/p>\n\n\n\n<p>Minuto 75 &#8211; CF Peralada &#8211; 10 &#8211; Daniel G\u00f3mez &#8211; TA<\/p>\n\n\n\n<p>Minuto 76 &#8211; UE Cornell\u00e0 &#8211; Sustituci\u00f3n &#8211; Entra con el 8 &#8211; Marc Esteban y sale con el 11 &#8211; Marc Fern\u00e1ndez.<\/p>\n\n\n\n<p>Minuto 81 &#8211; CF Peralada &#8211; Sustituci\u00f3n &#8211; Entra con el 19 Ra\u00fal G\u00f3omez y 9 Gerard Caixas y salen con el 10 Daniel G\u00f3mez y 11 Lloren\u00e7<\/p>\n\n\n\n<p>Minuto 86 &#8211; CF Peralada &#8211; Sustituci\u00f3n &#8211; Entra con el 26 Pau Costeja y 27 Eric Sibecas y salen con el 6 Pol Cuatrecases y 22 Biel<\/p>\n\n\n\n<p>Minuto 89 &#8211; CF Peralada &#8211; 7 &#8211; Master Omar &#8211; TA.<\/p>\n\n\n\n<p><strong>Minuto 89 &#8211; UE Cornell\u00e0 &#8211; 19 &#8211; Joan Benet &#8211; TR.<\/strong><\/p>\n","protected":false},"excerpt":{"rendered":"<p>Tuvo que llegar, y de la forma m\u00e1s cruel. Un Cornell\u00e0, borrado en la segunda parte, pierde por un contundente 3-0 en el Municipal de Peralada y, pese a este resultado, sigue l\u00edder en la Tercera Federaci\u00f3n. Resumen partido Ignasi puso en el once inicial a Tom\u00e1s y Alejandro Pereira en el eje central, dejando [&hellip;]<\/p>\n","protected":false},"author":1,"featured_media":3731,"comment_status":"open","ping_status":"open","sticky":false,"template":"","format":"standard","meta":{"_eb_attr":"","advanced_seo_description":"","jetpack_seo_html_title":"","jetpack_seo_noindex":false,"jetpack_post_was_ever_published":false,"_jetpack_newsletter_access":"","_jetpack_dont_email_post_to_subs":false,"_jetpack_newsletter_tier_id":0,"_jetpack_memberships_contains_paywalled_content":false,"_jetpack_memberships_contains_paid_content":false,"footnotes":"","jetpack_publicize_message":"Cr\u00f3nica cap\u00edtulo 19 - CF Peralada 3-0 UE Cornell\u00e0 \"Dominio del Perlada sobre un Cornell\u00e0 inexistente\"","jetpack_publicize_feature_enabled":true,"jetpack_social_post_already_shared":true,"jetpack_social_options":{"image_generator_settings":{"template":"highway","default_image_id":0,"font":"","enabled":false},"version":2}},"categories":[71,69,51],"tags":[65,66,54],"class_list":["post-3729","post","type-post","status-publish","format-standard","has-post-thumbnail","hentry","category-temporada-2025-26","category-tercera-federacion-grupo-v","category-ue-cornella","tag-temporada-2025-26","tag-tercera-federacion-grupo-v","tag-ue-cornella"],"jetpack_publicize_connections":[],"jetpack_featured_media_url":"https:\/\/i0.wp.com\/www.bloguecornella.es\/wordpress\/wp-content\/uploads\/2026\/01\/img_5931.jpg?fit=2000%2C1126","jetpack_sharing_enabled":true,"jetpack-related-posts":[{"id":2441,"url":"http:\/\/www.bloguecornella.es\/wordpress\/2025\/09\/13\/cronica-capitulo-2-ue-cornella-1-2-cf-peralada-master-omar-y-la-defensa-hunde-al-cornella\/","url_meta":{"origin":3729,"position":0},"title":"Cr\u00f3nica cap\u00edtulo 2: UE Cornell\u00e0 1 &#8211; 2 CF Peralada \u00abMaster Omar y la defensa, hunde al Cornell\u00e0\u00bb","author":"bloguecornella","date":"13 de septiembre de 2025","format":false,"excerpt":"La UE Cornell\u00e0 cae, en el estreno de su feudo por 1-2, tras los dos goles del ex-jugador Master Omar, que le ha hecho recordar, a la grada, donde est\u00e1 el. Resumen partido: La UE Cornell\u00e0 empieza fuerte en los cinco primeros minutos de partido con un buen dominio del\u2026","rel":"","context":"En \u00abTemporada 2025\/26\u00bb","block_context":{"text":"Temporada 2025\/26","link":"http:\/\/www.bloguecornella.es\/wordpress\/category\/temporada-2025-26\/"},"img":{"alt_text":"","src":"https:\/\/i0.wp.com\/www.bloguecornella.es\/wordpress\/wp-content\/uploads\/2025\/09\/IMG_3322.jpeg?fit=1200%2C900&resize=350%2C200","width":350,"height":200,"srcset":"https:\/\/i0.wp.com\/www.bloguecornella.es\/wordpress\/wp-content\/uploads\/2025\/09\/IMG_3322.jpeg?fit=1200%2C900&resize=350%2C200 1x, https:\/\/i0.wp.com\/www.bloguecornella.es\/wordpress\/wp-content\/uploads\/2025\/09\/IMG_3322.jpeg?fit=1200%2C900&resize=525%2C300 1.5x, https:\/\/i0.wp.com\/www.bloguecornella.es\/wordpress\/wp-content\/uploads\/2025\/09\/IMG_3322.jpeg?fit=1200%2C900&resize=700%2C400 2x, https:\/\/i0.wp.com\/www.bloguecornella.es\/wordpress\/wp-content\/uploads\/2025\/09\/IMG_3322.jpeg?fit=1200%2C900&resize=1050%2C600 3x"},"classes":[]},{"id":2426,"url":"http:\/\/www.bloguecornella.es\/wordpress\/2025\/09\/12\/capitulo-2-25-26-ue-cornella-cf-peralada-estreno-en-casa-para-buscar-el-pleno\/","url_meta":{"origin":3729,"position":1},"title":"Cap\u00edtulo 2 &#8211; 25\/26 &#8211; UE Cornell\u00e0 &#8211; CF Peralada \u00abEstreno en casa para buscar el pleno\u00bb &#8211; Previa","author":"bloguecornella","date":"12 de septiembre de 2025","format":false,"excerpt":"La UE Cornell\u00e0 vuelve al Municipal de Cornell\u00e0 el pr\u00f3ximo s\u00e1bado 13 de Septiembre para enfrentarse a un rival correoso como es el CF Peralada. El conjunto de la comarca de \"L'Alt Empord\u00e0\" empez\u00f3 la temporada perdiendo contra el CF Badalona, equipo de la comarca del \"Barcelon\u00e8s\", que es candidato\u2026","rel":"","context":"En \u00abPrevia partido\u00bb","block_context":{"text":"Previa partido","link":"http:\/\/www.bloguecornella.es\/wordpress\/category\/previa-partido\/"},"img":{"alt_text":"","src":"https:\/\/i0.wp.com\/www.bloguecornella.es\/wordpress\/wp-content\/uploads\/2025\/09\/previa-partido-j2-ue-cornella-cf-peralada.png?fit=940%2C520&resize=350%2C200","width":350,"height":200,"srcset":"https:\/\/i0.wp.com\/www.bloguecornella.es\/wordpress\/wp-content\/uploads\/2025\/09\/previa-partido-j2-ue-cornella-cf-peralada.png?fit=940%2C520&resize=350%2C200 1x, https:\/\/i0.wp.com\/www.bloguecornella.es\/wordpress\/wp-content\/uploads\/2025\/09\/previa-partido-j2-ue-cornella-cf-peralada.png?fit=940%2C520&resize=525%2C300 1.5x, https:\/\/i0.wp.com\/www.bloguecornella.es\/wordpress\/wp-content\/uploads\/2025\/09\/previa-partido-j2-ue-cornella-cf-peralada.png?fit=940%2C520&resize=700%2C400 2x"},"classes":[]},{"id":3670,"url":"http:\/\/www.bloguecornella.es\/wordpress\/2026\/01\/23\/previa-capitulo-19-cf-peralada-ue-cornella-viaje-dificil-del-cornella-para-seguir-lider\/","url_meta":{"origin":3729,"position":2},"title":"Previa cap\u00edtulo 19 &#8211; CF Peralada &#8211; UE Cornell\u00e0 \u00abViaje dif\u00edcil del Cornell\u00e0 para seguir l\u00edder\u00bb","author":"bloguecornella","date":"23 de enero de 2026","format":false,"excerpt":"La UE Cornell\u00e0 viaja este domingo a l'Alt Emporda con el objetivo de mantener el liderato que tantas jornadas le ha costado conseguir, contra un rival que, pese a no estar en su mejor momento, es un claro candidato a la zona noble de la tabla. Hablamos del CF Peralada.\u2026","rel":"","context":"En \u00abPrevia partido\u00bb","block_context":{"text":"Previa partido","link":"http:\/\/www.bloguecornella.es\/wordpress\/category\/previa-partido\/"},"img":{"alt_text":"","src":"https:\/\/i0.wp.com\/www.bloguecornella.es\/wordpress\/wp-content\/uploads\/2026\/01\/J19-CF-Peralada-UE-Cornella.png?fit=940%2C520&resize=350%2C200","width":350,"height":200,"srcset":"https:\/\/i0.wp.com\/www.bloguecornella.es\/wordpress\/wp-content\/uploads\/2026\/01\/J19-CF-Peralada-UE-Cornella.png?fit=940%2C520&resize=350%2C200 1x, https:\/\/i0.wp.com\/www.bloguecornella.es\/wordpress\/wp-content\/uploads\/2026\/01\/J19-CF-Peralada-UE-Cornella.png?fit=940%2C520&resize=525%2C300 1.5x, https:\/\/i0.wp.com\/www.bloguecornella.es\/wordpress\/wp-content\/uploads\/2026\/01\/J19-CF-Peralada-UE-Cornella.png?fit=940%2C520&resize=700%2C400 2x"},"classes":[]},{"id":3276,"url":"http:\/\/www.bloguecornella.es\/wordpress\/2025\/12\/09\/resumen-cedidos-ue-cornella-fin-de-semana-6-7-diciembre-2025\/","url_meta":{"origin":3729,"position":3},"title":"Resumen cedidos UE Cornell\u00e0 fin de semana 6-7 diciembre 2025","author":"bloguecornella","date":"9 de diciembre de 2025","format":false,"excerpt":"Decimo tercera entrega del repaso a nuestros cedidos y el balance que han hecho est\u00e1 semana. Izan Gonz\u00e1lez - CE Europa (Primera Federaci\u00f3n - Grupo II) Jornada 15 - Lunes 8 de Diciembre 2025 - 18:30h - SD Tarazona - CE Europa. Izan Gonzalez, disfruto de nuevo de los 90\u2026","rel":"","context":"En \u00abCedidos UE Cornell\u00e0\u00bb","block_context":{"text":"Cedidos UE Cornell\u00e0","link":"http:\/\/www.bloguecornella.es\/wordpress\/category\/cedidos-ue-cornella\/"},"img":{"alt_text":"","src":"https:\/\/i0.wp.com\/www.bloguecornella.es\/wordpress\/wp-content\/uploads\/2025\/12\/Resumen-6-7-dic.png?fit=1200%2C675&resize=350%2C200","width":350,"height":200,"srcset":"https:\/\/i0.wp.com\/www.bloguecornella.es\/wordpress\/wp-content\/uploads\/2025\/12\/Resumen-6-7-dic.png?fit=1200%2C675&resize=350%2C200 1x, https:\/\/i0.wp.com\/www.bloguecornella.es\/wordpress\/wp-content\/uploads\/2025\/12\/Resumen-6-7-dic.png?fit=1200%2C675&resize=525%2C300 1.5x, https:\/\/i0.wp.com\/www.bloguecornella.es\/wordpress\/wp-content\/uploads\/2025\/12\/Resumen-6-7-dic.png?fit=1200%2C675&resize=700%2C400 2x, https:\/\/i0.wp.com\/www.bloguecornella.es\/wordpress\/wp-content\/uploads\/2025\/12\/Resumen-6-7-dic.png?fit=1200%2C675&resize=1050%2C600 3x"},"classes":[]},{"id":2391,"url":"http:\/\/www.bloguecornella.es\/wordpress\/2025\/09\/08\/resumen-cedidos-ue-cornella-6-7-septiembre-2025-capitulo-1\/","url_meta":{"origin":3729,"position":4},"title":"Resumen cedidos UE Cornell\u00e0 6-7 Septiembre 2025 &#8211; Cap\u00edtulo 1","author":"bloguecornella","date":"8 de septiembre de 2025","format":false,"excerpt":"Cada lunes, sacaremos un resumen de lo que ha acontecido en este fin de semana para nuestros jugadores que est\u00e1n cedidos en diferentes clubs. Izan Gonz\u00e1lez - CE Europa (Primera Federaci\u00f3n - Grupo II) Jornada 2 - S\u00e1bado 06 Septiembre 2025 - 19:00h - CE Europa - Sevilla Atl\u00e9tico. Izan\u2026","rel":"","context":"En \u00abCedidos UE Cornell\u00e0\u00bb","block_context":{"text":"Cedidos UE Cornell\u00e0","link":"http:\/\/www.bloguecornella.es\/wordpress\/category\/cedidos-ue-cornella\/"},"img":{"alt_text":"","src":"https:\/\/i0.wp.com\/www.bloguecornella.es\/wordpress\/wp-content\/uploads\/2025\/09\/Resumen-cedidos.png?fit=1200%2C675&resize=350%2C200","width":350,"height":200,"srcset":"https:\/\/i0.wp.com\/www.bloguecornella.es\/wordpress\/wp-content\/uploads\/2025\/09\/Resumen-cedidos.png?fit=1200%2C675&resize=350%2C200 1x, https:\/\/i0.wp.com\/www.bloguecornella.es\/wordpress\/wp-content\/uploads\/2025\/09\/Resumen-cedidos.png?fit=1200%2C675&resize=525%2C300 1.5x, https:\/\/i0.wp.com\/www.bloguecornella.es\/wordpress\/wp-content\/uploads\/2025\/09\/Resumen-cedidos.png?fit=1200%2C675&resize=700%2C400 2x, https:\/\/i0.wp.com\/www.bloguecornella.es\/wordpress\/wp-content\/uploads\/2025\/09\/Resumen-cedidos.png?fit=1200%2C675&resize=1050%2C600 3x"},"classes":[]},{"id":2490,"url":"http:\/\/www.bloguecornella.es\/wordpress\/2025\/09\/15\/resumen-cedidos-ue-cornella-13-14-septiembre-2025\/","url_meta":{"origin":3729,"position":5},"title":"Resumen cedidos UE Cornella 13-14 Septiembre 2025","author":"bloguecornella","date":"15 de septiembre de 2025","format":false,"excerpt":"Segunda entrega del repaso a nuestros cedidos y el balance que han hecho est\u00e1 semana. Izan Gonz\u00e1lez - CE Europa (Primera Federaci\u00f3n - Grupo II) Jornada 3 - S\u00e1bado 13 Septiembre 2025 - 16:15h - Villarreal CF \"B\" - CE Europa. De nuevo, Izan Gonz\u00e1lez ha jugado de titular y\u2026","rel":"","context":"En \u00abCedidos UE Cornell\u00e0\u00bb","block_context":{"text":"Cedidos UE Cornell\u00e0","link":"http:\/\/www.bloguecornella.es\/wordpress\/category\/cedidos-ue-cornella\/"},"img":{"alt_text":"","src":"https:\/\/i0.wp.com\/www.bloguecornella.es\/wordpress\/wp-content\/uploads\/2025\/09\/Resumen-cedidos-1.png?fit=1200%2C675&resize=350%2C200","width":350,"height":200,"srcset":"https:\/\/i0.wp.com\/www.bloguecornella.es\/wordpress\/wp-content\/uploads\/2025\/09\/Resumen-cedidos-1.png?fit=1200%2C675&resize=350%2C200 1x, https:\/\/i0.wp.com\/www.bloguecornella.es\/wordpress\/wp-content\/uploads\/2025\/09\/Resumen-cedidos-1.png?fit=1200%2C675&resize=525%2C300 1.5x, https:\/\/i0.wp.com\/www.bloguecornella.es\/wordpress\/wp-content\/uploads\/2025\/09\/Resumen-cedidos-1.png?fit=1200%2C675&resize=700%2C400 2x, https:\/\/i0.wp.com\/www.bloguecornella.es\/wordpress\/wp-content\/uploads\/2025\/09\/Resumen-cedidos-1.png?fit=1200%2C675&resize=1050%2C600 3x"},"classes":[]}],"_links":{"self":[{"href":"http:\/\/www.bloguecornella.es\/wordpress\/wp-json\/wp\/v2\/posts\/3729","targetHints":{"allow":["GET"]}}],"collection":[{"href":"http:\/\/www.bloguecornella.es\/wordpress\/wp-json\/wp\/v2\/posts"}],"about":[{"href":"http:\/\/www.bloguecornella.es\/wordpress\/wp-json\/wp\/v2\/types\/post"}],"author":[{"embeddable":true,"href":"http:\/\/www.bloguecornella.es\/wordpress\/wp-json\/wp\/v2\/users\/1"}],"replies":[{"embeddable":true,"href":"http:\/\/www.bloguecornella.es\/wordpress\/wp-json\/wp\/v2\/comments?post=3729"}],"version-history":[{"count":1,"href":"http:\/\/www.bloguecornella.es\/wordpress\/wp-json\/wp\/v2\/posts\/3729\/revisions"}],"predecessor-version":[{"id":3730,"href":"http:\/\/www.bloguecornella.es\/wordpress\/wp-json\/wp\/v2\/posts\/3729\/revisions\/3730"}],"wp:featuredmedia":[{"embeddable":true,"href":"http:\/\/www.bloguecornella.es\/wordpress\/wp-json\/wp\/v2\/media\/3731"}],"wp:attachment":[{"href":"http:\/\/www.bloguecornella.es\/wordpress\/wp-json\/wp\/v2\/media?parent=3729"}],"wp:term":[{"taxonomy":"category","embeddable":true,"href":"http:\/\/www.bloguecornella.es\/wordpress\/wp-json\/wp\/v2\/categories?post=3729"},{"taxonomy":"post_tag","embeddable":true,"href":"http:\/\/www.bloguecornella.es\/wordpress\/wp-json\/wp\/v2\/tags?post=3729"}],"curies":[{"name":"wp","href":"https:\/\/api.w.org\/{rel}","templated":true}]}}