{"id":3670,"date":"2026-01-23T12:00:00","date_gmt":"2026-01-23T11:00:00","guid":{"rendered":"http:\/\/www.bloguecornella.es\/wordpress\/?p=3670"},"modified":"2026-01-22T23:41:02","modified_gmt":"2026-01-22T22:41:02","slug":"previa-capitulo-19-cf-peralada-ue-cornella-viaje-dificil-del-cornella-para-seguir-lider","status":"publish","type":"post","link":"http:\/\/www.bloguecornella.es\/wordpress\/2026\/01\/23\/previa-capitulo-19-cf-peralada-ue-cornella-viaje-dificil-del-cornella-para-seguir-lider\/","title":{"rendered":"Previa cap\u00edtulo 19 &#8211; CF Peralada &#8211; UE Cornell\u00e0 \u00abViaje dif\u00edcil del Cornell\u00e0 para seguir l\u00edder\u00bb"},"content":{"rendered":"\n<p>La UE Cornell\u00e0 viaja este domingo a l&#8217;Alt Emporda con el objetivo de mantener el liderato que tantas jornadas le ha costado conseguir, contra un rival que, pese a no estar en su mejor momento, es un claro candidato a la zona noble de la tabla. Hablamos del CF Peralada.<\/p>\n\n\n\n<p><strong>El rival: CF Peralada (8\u00ba &#8211; 25 puntos)<\/strong><\/p>\n\n\n\n<p>El equipo de \u00c0lex Marsal le esta costando conseguir el encaje en esta temporada. Cuando la temporada pasada apuntaban al play-off e incluso disput\u00e1ndolo donde llegaron a la final contra el filial del Girona FC, esta temporada se est\u00e1 quedando en una zona c\u00f3moda de media alta tabla en el que, cuando hay un momento para poder avanzar, no consiguen materializarlo.<\/p>\n\n\n\n<p>El jugador que hemos visto crecer y que todos tenemos en la retina para los verdes es Master Omar. En una campa\u00f1a 24\/25, donde no marco ning\u00fan gol, se estreno contra los verdes en la ida con dos goles y llevarse la victoria en el encuentro de la ida en el Municipal de Peralada. Ahora el atacante de Gambia suma siete goles y es el hombre gol del equipo de l&#8217;Alt Emporda. Estar\u00e1 disponible a las ordenes de \u00c0lex Marsal tras cumplir un partido por la expulsi\u00f3n contra el CF Monta\u00f1esa.<\/p>\n\n\n\n<p>Actualmente suma tres partidos consecutivos sin ganar, aunque le puso contra las cuerdas en el primer encuentro de la segunda vuelta contra el CF Badalona, donde iban ganando el encuentro y les empataron al final en el encuentro.<\/p>\n\n\n\n<p>El jugador que no estar\u00e1 por acumulaci\u00f3n de tarjetas Guillem Corominas. El lateral sumo su 5\u00aa amarilla en el encuentro contra el CF Badalona y no estar\u00e1 a disposici\u00f3n de Alex para el encuentro contra la UE Cornell\u00e0.<\/p>\n\n\n\n<p><strong>Situaci\u00f3n UE Cornell\u00e0:<\/strong> <strong>\u00abAhora viene lo dif\u00edcil\u00bb<\/strong><\/p>\n\n\n\n<p>Lo consigui\u00f3 el equipo de Ignasi Senabre. A la tercera oportunidad, lo logro gracias al empate de su rival esta semana, el CF Peralada, contra el CF Badalona para conseguir el liderato por primera vez esta temporada.<\/p>\n\n\n\n<p>Ahora viene lo dif\u00edcil, lograr mantenerlo. Aunque ser\u00e1 normal verlo fuera del liderato, viendo lo dinamitada que est\u00e1 la 3\u00aa Federaci\u00f3n, ser\u00e1 todo un reto conseguir estar en la parte de arriba con las potencias econ\u00f3micas como el Hospitalet y el CF Badalona, donde se est\u00e1 viendo en este mercado invernal que no puede competir contra ellos.<\/p>\n\n\n\n<p>Alejandro Pereira se est\u00e1 ganando cada vez m\u00e1s la titularidad. El central empez\u00f3 sin minutos debido a una lesi\u00f3n y los pocos minutos que empez\u00f3 a disponer durante la Copa le est\u00e1 sirviendo para aprovechar las oportunidades que le est\u00e1 dando las lesiones como la de Diego Garz\u00f3n y Gonzalo Pereira para demostrar que quiere ser titular.<\/p>\n\n\n\n<p>El encuentro contra el CF Peralada ser\u00e1 en c\u00e9sped natural y, aqu\u00ed, tendr\u00e1 un handicap, ya que es un campo dif\u00edcil donde solo dos equipos han conseguido la victoria esta temporada, el filial del CE Europa y el CF Badalona. Por lo que ser\u00e1 un partido dif\u00edcil.<\/p>\n\n\n\n<p>Vamos sumando jugadores con riesgo de perderse el pr\u00f3ximo partido contra el Cerdanyola del Valles. A las posibles bajas de Ot Serrano, Moha Ajani, se suma la de Stefan Golubovic de correr la misma suerte. En el horizonte, se encuentra el partido contra el CF Badalona, porque no ser\u00eda bueno tener bajas para un encuentro tan vital para los intereses verdes.<\/p>\n\n\n\n<p><strong>El XI de Ignasi<\/strong><\/p>\n\n\n\n<p>El posible once con el que saldr\u00e1 Ignasi el domingo ser\u00e1 el siguiente:<\/p>\n\n\n\n<p>POR &#8211; 13 &#8211; Isaac Vila<\/p>\n\n\n\n<p>DFC &#8211; 15 &#8211; Alejandro Pereira.<\/p>\n\n\n\n<p>DFC &#8211; 4 &#8211; Iv\u00e1n de la Pe\u00f1a Jr.<\/p>\n\n\n\n<p>DFC &#8211; 17 &#8211; D\u00eddac Rodr\u00edguez.<\/p>\n\n\n\n<p>MCD &#8211; 16 &#8211; Moha Ajani.<\/p>\n\n\n\n<p>MI &#8211; 27 &#8211; Bruno Lorente.<\/p>\n\n\n\n<p>MC &#8211; 6 &#8211; Ot Serrano.<\/p>\n\n\n\n<p>MD &#8211; 10 &#8211; V\u00edctor Aliaga.<\/p>\n\n\n\n<p>EI &#8211; 12 &#8211; Santi Guzm\u00e1n.<\/p>\n\n\n\n<p>ED &#8211; 21 &#8211; Stefan Golubovic.<\/p>\n\n\n\n<p>DC &#8211; 23 &#8211; Leo dos Reis.<\/p>\n\n\n\n<p><em>Suplentes:<\/em> POR &#8211; 25 &#8211; Cordero, DFC &#8211; 5 &#8211; Tom\u00e1s Pe\u00f1alba, MI &#8211; 3 &#8211; Gerard Gonz\u00e1lez, MI &#8211; 19 &#8211; Joan Benet, MC &#8211; 8 &#8211; Marc Esteban, MC &#8211; 18 &#8211; Ian Arques, MD &#8211; 22 &#8211; Manel Lozano, EI &#8211; 11 &#8211; Marc Fern\u00e1ndez, DC &#8211; 9 &#8211; H\u00e9ctor Tejada.<\/p>\n\n\n\n<p><em>Reserva:<\/em> MD &#8211; 20 &#8211; Toni G\u00f3mez, MD &#8211; 24 &#8211; Adri\u00e1n Sim\u00f3n.<\/p>\n\n\n\n<p><em>Lesionados:<\/em> POR &#8211; 1 &#8211; Rub\u00e9n Mi\u00f1o, DFC &#8211; 2 &#8211; Diego Garz\u00f3n, DFC &#8211; 14 &#8211; Gonzalo Pereira, ED &#8211; 7 &#8211; Ibai Reches<\/p>\n\n\n\n<p><strong>La opini\u00f3n del blog<\/strong><\/p>\n\n\n\n<p>Sigo pensando que el objetivo es entrar en play-off. Ahora mismo, estamos siete puntos por encima del sexto clasificado y esto te da dos partidos de margen para poder conseguir el objetivo. Estar arriba es importante y hay que disfrutarlo. Pero la realidad del Cornell\u00e0 no es otra que esa, el play-off.<\/p>\n\n\n\n<p>No se puede optar a mas cuando no tienes el presupuesto ni los recursos para seguir creciendo. Tienes a una persona que est\u00e1 haciendo una gesti\u00f3n de los recursos y del grupo humano bestial como es Ignasi Senabre. Pero para poder hacer crecer al club, se tendr\u00e1 que invertir, tarde o temprano. Por el momento, est\u00e1 superando las expectativas iniciales.<\/p>\n\n\n\n<p>El domingo ser\u00e1 un partido importante para ver como lleva la presi\u00f3n el equipo de Ignasi, contra un rival que sabe hacer bien las cosas y que, en la ida, ya perdimos. As\u00ed que ser\u00e1 un buen momento para poder demostrar donde puede llegar este equipo.<\/p>\n\n\n\n<p>Comienza la cuenta atr\u00e1s, segundo partido de la segunda vuelta, y que viviremos en <a href=\"https:\/\/www.twitch.tv\/bloguecornellatv\" data-type=\"link\" data-id=\"https:\/\/www.twitch.tv\/bloguecornellatv\">Twitch <\/a>todos juntos. El domingo, a las 16:15h, conectaremos para narrar el partido entre el CF Peralada y la UE Cornell\u00e0<\/p>\n\n\n\n<p><\/p>\n","protected":false},"excerpt":{"rendered":"<p>La UE Cornell\u00e0 viaja este domingo a l&#8217;Alt Emporda con el objetivo de mantener el liderato que tantas jornadas le ha costado conseguir, contra un rival que, pese a no estar en su mejor momento, es un claro candidato a la zona noble de la tabla. Hablamos del CF Peralada. El rival: CF Peralada (8\u00ba [&hellip;]<\/p>\n","protected":false},"author":1,"featured_media":3673,"comment_status":"open","ping_status":"open","sticky":false,"template":"","format":"standard","meta":{"_eb_attr":"","advanced_seo_description":"","jetpack_seo_html_title":"","jetpack_seo_noindex":false,"jetpack_post_was_ever_published":false,"_jetpack_newsletter_access":"","_jetpack_dont_email_post_to_subs":false,"_jetpack_newsletter_tier_id":0,"_jetpack_memberships_contains_paywalled_content":false,"_jetpack_memberships_contains_paid_content":false,"footnotes":"","jetpack_publicize_message":"","jetpack_publicize_feature_enabled":true,"jetpack_social_post_already_shared":true,"jetpack_social_options":{"image_generator_settings":{"template":"highway","default_image_id":0,"font":"","enabled":false},"version":2}},"categories":[14,71,69,51],"tags":[31,65,66,54],"class_list":["post-3670","post","type-post","status-publish","format-standard","has-post-thumbnail","hentry","category-previa-partido","category-temporada-2025-26","category-tercera-federacion-grupo-v","category-ue-cornella","tag-previa","tag-temporada-2025-26","tag-tercera-federacion-grupo-v","tag-ue-cornella"],"jetpack_publicize_connections":[],"jetpack_featured_media_url":"https:\/\/i0.wp.com\/www.bloguecornella.es\/wordpress\/wp-content\/uploads\/2026\/01\/J19-CF-Peralada-UE-Cornella.png?fit=940%2C520","jetpack_sharing_enabled":true,"jetpack-related-posts":[{"id":2426,"url":"http:\/\/www.bloguecornella.es\/wordpress\/2025\/09\/12\/capitulo-2-25-26-ue-cornella-cf-peralada-estreno-en-casa-para-buscar-el-pleno\/","url_meta":{"origin":3670,"position":0},"title":"Cap\u00edtulo 2 &#8211; 25\/26 &#8211; UE Cornell\u00e0 &#8211; CF Peralada \u00abEstreno en casa para buscar el pleno\u00bb &#8211; Previa","author":"bloguecornella","date":"12 de septiembre de 2025","format":false,"excerpt":"La UE Cornell\u00e0 vuelve al Municipal de Cornell\u00e0 el pr\u00f3ximo s\u00e1bado 13 de Septiembre para enfrentarse a un rival correoso como es el CF Peralada. El conjunto de la comarca de \"L'Alt Empord\u00e0\" empez\u00f3 la temporada perdiendo contra el CF Badalona, equipo de la comarca del \"Barcelon\u00e8s\", que es candidato\u2026","rel":"","context":"En \u00abPrevia partido\u00bb","block_context":{"text":"Previa partido","link":"http:\/\/www.bloguecornella.es\/wordpress\/category\/previa-partido\/"},"img":{"alt_text":"","src":"https:\/\/i0.wp.com\/www.bloguecornella.es\/wordpress\/wp-content\/uploads\/2025\/09\/previa-partido-j2-ue-cornella-cf-peralada.png?fit=940%2C520&resize=350%2C200","width":350,"height":200,"srcset":"https:\/\/i0.wp.com\/www.bloguecornella.es\/wordpress\/wp-content\/uploads\/2025\/09\/previa-partido-j2-ue-cornella-cf-peralada.png?fit=940%2C520&resize=350%2C200 1x, https:\/\/i0.wp.com\/www.bloguecornella.es\/wordpress\/wp-content\/uploads\/2025\/09\/previa-partido-j2-ue-cornella-cf-peralada.png?fit=940%2C520&resize=525%2C300 1.5x, https:\/\/i0.wp.com\/www.bloguecornella.es\/wordpress\/wp-content\/uploads\/2025\/09\/previa-partido-j2-ue-cornella-cf-peralada.png?fit=940%2C520&resize=700%2C400 2x"},"classes":[]},{"id":2441,"url":"http:\/\/www.bloguecornella.es\/wordpress\/2025\/09\/13\/cronica-capitulo-2-ue-cornella-1-2-cf-peralada-master-omar-y-la-defensa-hunde-al-cornella\/","url_meta":{"origin":3670,"position":1},"title":"Cr\u00f3nica cap\u00edtulo 2: UE Cornell\u00e0 1 &#8211; 2 CF Peralada \u00abMaster Omar y la defensa, hunde al Cornell\u00e0\u00bb","author":"bloguecornella","date":"13 de septiembre de 2025","format":false,"excerpt":"La UE Cornell\u00e0 cae, en el estreno de su feudo por 1-2, tras los dos goles del ex-jugador Master Omar, que le ha hecho recordar, a la grada, donde est\u00e1 el. Resumen partido: La UE Cornell\u00e0 empieza fuerte en los cinco primeros minutos de partido con un buen dominio del\u2026","rel":"","context":"En \u00abTemporada 2025\/26\u00bb","block_context":{"text":"Temporada 2025\/26","link":"http:\/\/www.bloguecornella.es\/wordpress\/category\/temporada-2025-26\/"},"img":{"alt_text":"","src":"https:\/\/i0.wp.com\/www.bloguecornella.es\/wordpress\/wp-content\/uploads\/2025\/09\/IMG_3322.jpeg?fit=1200%2C900&resize=350%2C200","width":350,"height":200,"srcset":"https:\/\/i0.wp.com\/www.bloguecornella.es\/wordpress\/wp-content\/uploads\/2025\/09\/IMG_3322.jpeg?fit=1200%2C900&resize=350%2C200 1x, https:\/\/i0.wp.com\/www.bloguecornella.es\/wordpress\/wp-content\/uploads\/2025\/09\/IMG_3322.jpeg?fit=1200%2C900&resize=525%2C300 1.5x, https:\/\/i0.wp.com\/www.bloguecornella.es\/wordpress\/wp-content\/uploads\/2025\/09\/IMG_3322.jpeg?fit=1200%2C900&resize=700%2C400 2x, https:\/\/i0.wp.com\/www.bloguecornella.es\/wordpress\/wp-content\/uploads\/2025\/09\/IMG_3322.jpeg?fit=1200%2C900&resize=1050%2C600 3x"},"classes":[]},{"id":3729,"url":"http:\/\/www.bloguecornella.es\/wordpress\/2026\/01\/26\/cronica-capitulo-19-cf-peralada-3-0-ue-cornella-dominio-del-perlada-sobre-un-cornella-inexistente\/","url_meta":{"origin":3670,"position":2},"title":"Cr\u00f3nica cap\u00edtulo 19 &#8211; CF Peralada 3-0 UE Cornell\u00e0 \u00abDominio del Perlada sobre un Cornell\u00e0 inexistente\u00bb","author":"bloguecornella","date":"26 de enero de 2026","format":false,"excerpt":"Tuvo que llegar, y de la forma m\u00e1s cruel. Un Cornell\u00e0, borrado en la segunda parte, pierde por un contundente 3-0 en el Municipal de Peralada y, pese a este resultado, sigue l\u00edder en la Tercera Federaci\u00f3n. Resumen partido Ignasi puso en el once inicial a Tom\u00e1s y Alejandro Pereira\u2026","rel":"","context":"En \u00abTemporada 2025\/26\u00bb","block_context":{"text":"Temporada 2025\/26","link":"http:\/\/www.bloguecornella.es\/wordpress\/category\/temporada-2025-26\/"},"img":{"alt_text":"","src":"https:\/\/i0.wp.com\/www.bloguecornella.es\/wordpress\/wp-content\/uploads\/2026\/01\/img_5931.jpg?fit=1200%2C676&resize=350%2C200","width":350,"height":200,"srcset":"https:\/\/i0.wp.com\/www.bloguecornella.es\/wordpress\/wp-content\/uploads\/2026\/01\/img_5931.jpg?fit=1200%2C676&resize=350%2C200 1x, https:\/\/i0.wp.com\/www.bloguecornella.es\/wordpress\/wp-content\/uploads\/2026\/01\/img_5931.jpg?fit=1200%2C676&resize=525%2C300 1.5x, https:\/\/i0.wp.com\/www.bloguecornella.es\/wordpress\/wp-content\/uploads\/2026\/01\/img_5931.jpg?fit=1200%2C676&resize=700%2C400 2x, https:\/\/i0.wp.com\/www.bloguecornella.es\/wordpress\/wp-content\/uploads\/2026\/01\/img_5931.jpg?fit=1200%2C676&resize=1050%2C600 3x"},"classes":[]},{"id":2591,"url":"http:\/\/www.bloguecornella.es\/wordpress\/2025\/09\/26\/capitulo-4-ue-cornella-montanesa-cf-previa-buscar-la-primera-en-casa\/","url_meta":{"origin":3670,"position":3},"title":"Cap\u00edtulo 4 &#8211; UE Cornell\u00e0 &#8211; Monta\u00f1esa CF &#8211; Previa \u00abBuscar la primera en casa\u00bb","author":"bloguecornella","date":"26 de septiembre de 2025","format":false,"excerpt":"La UE Cornell\u00e0 vuelve a jugar partido en casa y, esta vez, su rival ser\u00e1 la Monta\u00f1esa de Axel Vizuete, en lo que ser\u00e1 el cap\u00edtulo n\u00famero 4 de est\u00e1 Tercera Federaci\u00f3n masculina, en su grupo 5. El rival: CF Monta\u00f1esa (7\u00ba - 5 puntos) La Monta\u00f1esa siempre es un\u2026","rel":"","context":"En \u00abPrevia partido\u00bb","block_context":{"text":"Previa partido","link":"http:\/\/www.bloguecornella.es\/wordpress\/category\/previa-partido\/"},"img":{"alt_text":"","src":"https:\/\/i0.wp.com\/www.bloguecornella.es\/wordpress\/wp-content\/uploads\/2025\/09\/J3-Cerdanyola-del-Valles-FC-UE-Cornella-1.png?fit=940%2C520&resize=350%2C200","width":350,"height":200,"srcset":"https:\/\/i0.wp.com\/www.bloguecornella.es\/wordpress\/wp-content\/uploads\/2025\/09\/J3-Cerdanyola-del-Valles-FC-UE-Cornella-1.png?fit=940%2C520&resize=350%2C200 1x, https:\/\/i0.wp.com\/www.bloguecornella.es\/wordpress\/wp-content\/uploads\/2025\/09\/J3-Cerdanyola-del-Valles-FC-UE-Cornella-1.png?fit=940%2C520&resize=525%2C300 1.5x, https:\/\/i0.wp.com\/www.bloguecornella.es\/wordpress\/wp-content\/uploads\/2025\/09\/J3-Cerdanyola-del-Valles-FC-UE-Cornella-1.png?fit=940%2C520&resize=700%2C400 2x"},"classes":[]},{"id":2355,"url":"http:\/\/www.bloguecornella.es\/wordpress\/2025\/08\/29\/5-pretemporada-25-26-uec-ue-cornella-ue-sant-andreu-previa\/","url_meta":{"origin":3670,"position":4},"title":"#5 Pretemporada 25\/26 UEC &#8211; UE Cornell\u00e0 &#8211; UE Sant Andreu &#8211; Previa","author":"bloguecornella","date":"29 de agosto de 2025","format":false,"excerpt":"La UE Cornell\u00e0 afronta el \u00faltimo partido de pretemporada, antes del comienzo liguero el pr\u00f3ximo s\u00e1bado 06\/09\/2025 en Vic, contra la UE Sant Andreu, equipo de Segunda Federaci\u00f3n y el rival, a priori, mas complicado en lo que llevamos de pretemporada. El conjunto de Ignasi Senabre afronta el partido con\u2026","rel":"","context":"En \u00abPretemporada - 2025\/26\u00bb","block_context":{"text":"Pretemporada - 2025\/26","link":"http:\/\/www.bloguecornella.es\/wordpress\/category\/pretemporada-2025-26\/"},"img":{"alt_text":"","src":"https:\/\/i0.wp.com\/www.bloguecornella.es\/wordpress\/wp-content\/uploads\/2025\/08\/Previa-5-UE-Cornella-UE-Sant-Andreu.png?fit=940%2C520&resize=350%2C200","width":350,"height":200,"srcset":"https:\/\/i0.wp.com\/www.bloguecornella.es\/wordpress\/wp-content\/uploads\/2025\/08\/Previa-5-UE-Cornella-UE-Sant-Andreu.png?fit=940%2C520&resize=350%2C200 1x, https:\/\/i0.wp.com\/www.bloguecornella.es\/wordpress\/wp-content\/uploads\/2025\/08\/Previa-5-UE-Cornella-UE-Sant-Andreu.png?fit=940%2C520&resize=525%2C300 1.5x, https:\/\/i0.wp.com\/www.bloguecornella.es\/wordpress\/wp-content\/uploads\/2025\/08\/Previa-5-UE-Cornella-UE-Sant-Andreu.png?fit=940%2C520&resize=700%2C400 2x"},"classes":[]},{"id":2720,"url":"http:\/\/www.bloguecornella.es\/wordpress\/2025\/10\/10\/previa-capitulo-6-3-rfef-ue-cornella-can-vidalet-cf-la-victoria-como-obligacion\/","url_meta":{"origin":3670,"position":5},"title":"Previa &#8211; Cap\u00edtulo 6 &#8211; 3 RFEF &#8211; UE Cornell\u00e0 &#8211; Can Vidalet CF &#8211; \u00abLa victoria como obligaci\u00f3n\u00bb","author":"bloguecornella","date":"10 de octubre de 2025","format":false,"excerpt":"Tras la debacle del partido contra el CF Badalona, la UE Cornell\u00e0 vuelve al Municipal para enfrentarse a un reci\u00e9n ascendido como es el Can Vidalet CF. Y, con esto, hablamos del \u00fanico derbi nacional en la comarca del Baix Llobregat. El rival: Can Vidalet CF (13\u00ba - 5 puntos)\u2026","rel":"","context":"En \u00abPrevia partido\u00bb","block_context":{"text":"Previa partido","link":"http:\/\/www.bloguecornella.es\/wordpress\/category\/previa-partido\/"},"img":{"alt_text":"","src":"https:\/\/i0.wp.com\/www.bloguecornella.es\/wordpress\/wp-content\/uploads\/2025\/10\/J6-UE-Cornella-CF-Can-Vidalet-1.png?fit=940%2C520&resize=350%2C200","width":350,"height":200,"srcset":"https:\/\/i0.wp.com\/www.bloguecornella.es\/wordpress\/wp-content\/uploads\/2025\/10\/J6-UE-Cornella-CF-Can-Vidalet-1.png?fit=940%2C520&resize=350%2C200 1x, https:\/\/i0.wp.com\/www.bloguecornella.es\/wordpress\/wp-content\/uploads\/2025\/10\/J6-UE-Cornella-CF-Can-Vidalet-1.png?fit=940%2C520&resize=525%2C300 1.5x, https:\/\/i0.wp.com\/www.bloguecornella.es\/wordpress\/wp-content\/uploads\/2025\/10\/J6-UE-Cornella-CF-Can-Vidalet-1.png?fit=940%2C520&resize=700%2C400 2x"},"classes":[]}],"_links":{"self":[{"href":"http:\/\/www.bloguecornella.es\/wordpress\/wp-json\/wp\/v2\/posts\/3670","targetHints":{"allow":["GET"]}}],"collection":[{"href":"http:\/\/www.bloguecornella.es\/wordpress\/wp-json\/wp\/v2\/posts"}],"about":[{"href":"http:\/\/www.bloguecornella.es\/wordpress\/wp-json\/wp\/v2\/types\/post"}],"author":[{"embeddable":true,"href":"http:\/\/www.bloguecornella.es\/wordpress\/wp-json\/wp\/v2\/users\/1"}],"replies":[{"embeddable":true,"href":"http:\/\/www.bloguecornella.es\/wordpress\/wp-json\/wp\/v2\/comments?post=3670"}],"version-history":[{"count":9,"href":"http:\/\/www.bloguecornella.es\/wordpress\/wp-json\/wp\/v2\/posts\/3670\/revisions"}],"predecessor-version":[{"id":3719,"href":"http:\/\/www.bloguecornella.es\/wordpress\/wp-json\/wp\/v2\/posts\/3670\/revisions\/3719"}],"wp:featuredmedia":[{"embeddable":true,"href":"http:\/\/www.bloguecornella.es\/wordpress\/wp-json\/wp\/v2\/media\/3673"}],"wp:attachment":[{"href":"http:\/\/www.bloguecornella.es\/wordpress\/wp-json\/wp\/v2\/media?parent=3670"}],"wp:term":[{"taxonomy":"category","embeddable":true,"href":"http:\/\/www.bloguecornella.es\/wordpress\/wp-json\/wp\/v2\/categories?post=3670"},{"taxonomy":"post_tag","embeddable":true,"href":"http:\/\/www.bloguecornella.es\/wordpress\/wp-json\/wp\/v2\/tags?post=3670"}],"curies":[{"name":"wp","href":"https:\/\/api.w.org\/{rel}","templated":true}]}}