{"id":3651,"date":"2026-01-20T14:00:00","date_gmt":"2026-01-20T13:00:00","guid":{"rendered":"http:\/\/www.bloguecornella.es\/wordpress\/?p=3651"},"modified":"2026-01-19T23:04:24","modified_gmt":"2026-01-19T22:04:24","slug":"resumen-cedidos-ue-cornella-17-18-enero-2026","status":"publish","type":"post","link":"http:\/\/www.bloguecornella.es\/wordpress\/2026\/01\/20\/resumen-cedidos-ue-cornella-17-18-enero-2026\/","title":{"rendered":"Resumen cedidos UE Cornell\u00e0 17-18 enero 2026"},"content":{"rendered":"\n<p id=\"block-826a7b86-dd39-4054-a535-c09a1d35c356\">Decimo s\u00e9ptima entrega del repaso a nuestros cedidos y el balance que han hecho est\u00e1 semana.<\/p>\n\n\n\n<p id=\"block-251dd21d-2c66-4fd9-9bce-881fdc6437e9\"><strong>Izan Gonz\u00e1lez &#8211; CE Europa (Primera Federaci\u00f3n &#8211; Grupo II)<\/strong><\/p>\n\n\n\n<p id=\"block-c0b5b0f7-841b-4893-beb5-beed7a3f6ef1\"><em>Jornada 20 &#8211; S\u00e1bado 17 Enero 2026 &#8211; 16:15h &#8211; CE Europa &#8211; Atl\u00e9tico Madrile\u00f1o.<\/em><\/p>\n\n\n\n<p>El CE Europa de Izan Gonz\u00e1lez empat\u00f3 su encuentro contra el filial del Club Atl\u00e9tico de Madrid a dos goles. El jugador cedido por la UE Cornell\u00e0, sigue en su l\u00ednea de jugador titular siendo uno de los jugadores con m\u00e1s minutos del club. Disputo los 90 minutos y obtuvo una amarilla.<\/p>\n\n\n\n<p id=\"block-8a3614a2-07c4-4b08-9366-20aefc5387f0\"><em>Pr\u00f3ximo partido: Jornada 21 &#8211; S\u00e1bado 24 Enero 2026 &#8211; 18:30h &#8211; FC Cartagena &#8211; CE Europa.<\/em><\/p>\n\n\n\n<p id=\"block-2fd9d650-c790-47e7-8df3-ac5d8cb580d6\"><strong>Iker Moreno &#8211; CE Mercadal (Tercera Federaci\u00f3n &#8211; Grupo XI)<\/strong><\/p>\n\n\n\n<p id=\"block-04f09622-0753-49c3-97e8-ac52c10dd624\"><em>Jornada 18 &#8211; S\u00e1bado 17 Enero 2026 &#8211; 17:00h &#8211; CD Son Cladera &#8211; CE Mercadal<\/em><\/p>\n\n\n\n<p id=\"block-6c32e9d7-eff9-4a23-8cc6-87ab017a7b11\">Iker Moreno disput\u00f3 los noventa minutos, siendo sustituido en el descuento, en la victoria del CE Mercadal por 1-3 frente al CD Son Cladera. El club menorqu\u00edn sigue en la zona de play-off de ascenso con dos puntos por encima del sexto clasificado.<\/p>\n\n\n\n<p id=\"block-f65b7607-3a69-45be-986d-4b5f2f788269\"><em>Pr\u00f3ximo partido: Jornada 19 &#8211; Domingo 25 Enero 2026 &#8211; 12:00h &#8211; CE Mercadal &#8211; CD Santanyi<\/em><\/p>\n\n\n\n<p id=\"block-dc32a46f-87b2-4b12-b9ca-bcc4c7b99ff7\"><strong>Jon Pilar &#8211; Fundaci\u00f3 UE Tona (Tercera Federaci\u00f3n &#8211; Grupo V)<\/strong><\/p>\n\n\n\n<p id=\"block-479705ce-3542-4f4e-850c-66da8f6485da\"><em>Jornada 1<\/em>8 <em>&#8211; Domingo 18 de Enero 2026 &#8211; 12:00h &#8211; CF Vilanova i la Geltru &#8211; Fundaci\u00f3 UE Tona<\/em><\/p>\n\n\n\n<p id=\"block-4d189966-9dc6-4546-87a4-16f8f80c1479\">Jon Pilar no esta convocado para el enfrentamiento contra el CF Vilanova i la Geltru<\/p>\n\n\n\n<p id=\"block-13a12bdc-1a87-4ce9-9247-74951083b936\"><em>Pr\u00f3ximo partido: Jornada 1<\/em>9 <em>&#8211; Domingo 25 de Enero 2026 &#8211; 12:30h &#8211; Fundaci\u00f3 UE Tona &#8211; Lleida CF<\/em><\/p>\n\n\n\n<p id=\"block-b82c2f9d-6d19-466c-b849-94b5b7c366db\"><strong>Marc Barrantes &#8211; FC Vilafranca (Lliga Elit)<\/strong><\/p>\n\n\n\n<p id=\"block-bc00a101-aeb9-49bf-8edd-3e112ca488bf\"><em><em>Jornada 15 &#8211; Domingo 18 de Enero 2026 &#8211; 12:00h &#8211; FC Vilafranca &#8211; UA Horta<\/em><\/em><\/p>\n\n\n\n<p id=\"block-b82c2f9d-6d19-466c-b849-94b5b7c366db\">Barrantes ha sido titular y ha disputado 67 minutos en el empate del FC Vilafranca contra la UA Horta.<\/p>\n\n\n\n<p id=\"block-bc00a101-aeb9-49bf-8edd-3e112ca488bf\"><em>Pr\u00f3ximo partido: Jornada 16 &#8211; Domingo 25 de Enero 2026 &#8211; 12:00h &#8211; FC Vilafranca &#8211; AEC Manlleu<\/em><\/p>\n\n\n\n<p id=\"block-e2349f7b-3da4-421a-baad-b88077115c54\"><strong>Marcos Mu\u00f1oz &#8211; CE Sabadell \u00abB\u00bb (Lliga Elit)<\/strong><\/p>\n\n\n\n<p id=\"block-2894329f-e49c-4b9d-bc75-4151386651f9\"><em>Jornada 15 &#8211; Domingo 18 de Enero 2026 &#8211; 12:00h &#8211; CE Sabadell \u00abB\u00bb &#8211; UE Rubi<\/em>.<\/p>\n\n\n\n<p>Marcos Mu\u00f1oz no fue convocado porque acumulo 5 tarjetas amarillas en el encuentro de la Jornada 14 y acarrea sanci\u00f3n de un encuentro.<\/p>\n\n\n\n<p><em>Pr\u00f3ximo partido: Jornada 16 &#8211; Domingo 25 de Enero 2026 &#8211; 18:30h &#8211; CE Sabadell \u00abB\u00bb &#8211; UE Castelldefels<\/em><\/p>\n\n\n\n<p id=\"block-b7b0a56b-003f-4c86-97ce-7b87ef657367\"><strong>Julia Aguilar &#8211; UA Horta (Lliga Elit)<\/strong><\/p>\n\n\n\n<p><em><em>Jornada 15 &#8211; Domingo 18 de Enero 2026 &#8211; 12:00h &#8211; FC Vilafranca &#8211; UA Horta<\/em>.<\/em><\/p>\n\n\n\n<p>Julia Aguilar ha estado convocado, pero no ha disputado minutos en el encuentro frente al FC Vilafranca.<\/p>\n\n\n\n<p><em>Pr\u00f3ximo partido: Jornada 16 &#8211; Domingo 25 de Enero 2026 &#8211; 17:00h &#8211; UD San Mauro &#8211; UA Horta<\/em><\/p>\n\n\n\n<p><\/p>\n","protected":false},"excerpt":{"rendered":"<p>Decimo s\u00e9ptima entrega del repaso a nuestros cedidos y el balance que han hecho est\u00e1 semana. Izan Gonz\u00e1lez &#8211; CE Europa (Primera Federaci\u00f3n &#8211; Grupo II) Jornada 20 &#8211; S\u00e1bado 17 Enero 2026 &#8211; 16:15h &#8211; CE Europa &#8211; Atl\u00e9tico Madrile\u00f1o. El CE Europa de Izan Gonz\u00e1lez empat\u00f3 su encuentro contra el filial del Club [&hellip;]<\/p>\n","protected":false},"author":1,"featured_media":3666,"comment_status":"open","ping_status":"open","sticky":false,"template":"","format":"standard","meta":{"_eb_attr":"","advanced_seo_description":"","jetpack_seo_html_title":"","jetpack_seo_noindex":false,"jetpack_post_was_ever_published":false,"_jetpack_newsletter_access":"","_jetpack_dont_email_post_to_subs":false,"_jetpack_newsletter_tier_id":0,"_jetpack_memberships_contains_paywalled_content":false,"_jetpack_memberships_contains_paid_content":false,"footnotes":"","jetpack_publicize_message":"Resumen cedidos UE Cornell\u00e0 17-18 enero 2026","jetpack_publicize_feature_enabled":true,"jetpack_social_post_already_shared":true,"jetpack_social_options":{"image_generator_settings":{"template":"highway","default_image_id":0,"font":"","enabled":false},"version":2}},"categories":[159,176,175,71,69,51],"tags":[158,174,173,65,66,54],"class_list":["post-3651","post","type-post","status-publish","format-standard","has-post-thumbnail","hentry","category-cedidos-ue-cornella","category-lliga-elit","category-primera-federacion","category-temporada-2025-26","category-tercera-federacion-grupo-v","category-ue-cornella","tag-cedidos-ue-cornella","tag-lliga-elit","tag-primera-federacion","tag-temporada-2025-26","tag-tercera-federacion-grupo-v","tag-ue-cornella"],"jetpack_publicize_connections":[],"jetpack_featured_media_url":"https:\/\/i0.wp.com\/www.bloguecornella.es\/wordpress\/wp-content\/uploads\/2026\/01\/Resumen-17-18-ene.png?fit=1600%2C900","jetpack_sharing_enabled":true,"jetpack-related-posts":[{"id":3514,"url":"http:\/\/www.bloguecornella.es\/wordpress\/2026\/01\/05\/resumen-cedidos-ue-cornella-3-4-enero-2026\/","url_meta":{"origin":3651,"position":0},"title":"Resumen cedidos UE Cornell\u00e0 3-4 Enero 2026","author":"bloguecornella","date":"5 de enero de 2026","format":false,"excerpt":"Decimo sexta entrega del repaso a nuestros cedidos y el balance que han hecho est\u00e1 semana. Izan Gonz\u00e1lez - CE Europa (Primera Federaci\u00f3n - Grupo II) Jornada 18 - Domingo 4 de Enero 2026 - 18:45h - Betis Deportivo - CE Europa. El CE Europa ha empatado en su desplazamiento\u2026","rel":"","context":"En \u00abCedidos UE Cornell\u00e0\u00bb","block_context":{"text":"Cedidos UE Cornell\u00e0","link":"http:\/\/www.bloguecornella.es\/wordpress\/category\/cedidos-ue-cornella\/"},"img":{"alt_text":"","src":"https:\/\/i0.wp.com\/www.bloguecornella.es\/wordpress\/wp-content\/uploads\/2026\/01\/resumen-20-21-dic.png?fit=1200%2C675&resize=350%2C200","width":350,"height":200,"srcset":"https:\/\/i0.wp.com\/www.bloguecornella.es\/wordpress\/wp-content\/uploads\/2026\/01\/resumen-20-21-dic.png?fit=1200%2C675&resize=350%2C200 1x, https:\/\/i0.wp.com\/www.bloguecornella.es\/wordpress\/wp-content\/uploads\/2026\/01\/resumen-20-21-dic.png?fit=1200%2C675&resize=525%2C300 1.5x, https:\/\/i0.wp.com\/www.bloguecornella.es\/wordpress\/wp-content\/uploads\/2026\/01\/resumen-20-21-dic.png?fit=1200%2C675&resize=700%2C400 2x, https:\/\/i0.wp.com\/www.bloguecornella.es\/wordpress\/wp-content\/uploads\/2026\/01\/resumen-20-21-dic.png?fit=1200%2C675&resize=1050%2C600 3x"},"classes":[]},{"id":3720,"url":"http:\/\/www.bloguecornella.es\/wordpress\/2026\/01\/26\/resumen-cedidos-ue-cornella-24-25-enero-2026\/","url_meta":{"origin":3651,"position":1},"title":"Resumen cedidos UE Cornell\u00e0 24-25 enero 2026","author":"bloguecornella","date":"26 de enero de 2026","format":false,"excerpt":"Decimo octava entrega del repaso a nuestros cedidos y el balance que han hecho est\u00e1 semana. Izan Gonz\u00e1lez - CE Europa (Primera Federaci\u00f3n - Grupo II) Jornada 21 - S\u00e1bado 24 Enero 2026 - 18:30h - FC Cartagena - CE Europa. Izan ha disputado todos los minutos del Cartagena 2-2\u2026","rel":"","context":"En \u00abCedidos UE Cornell\u00e0\u00bb","block_context":{"text":"Cedidos UE Cornell\u00e0","link":"http:\/\/www.bloguecornella.es\/wordpress\/category\/cedidos-ue-cornella\/"},"img":{"alt_text":"","src":"https:\/\/i0.wp.com\/www.bloguecornella.es\/wordpress\/wp-content\/uploads\/2026\/01\/Resumen-24-25-ene.png?fit=1200%2C675&resize=350%2C200","width":350,"height":200,"srcset":"https:\/\/i0.wp.com\/www.bloguecornella.es\/wordpress\/wp-content\/uploads\/2026\/01\/Resumen-24-25-ene.png?fit=1200%2C675&resize=350%2C200 1x, https:\/\/i0.wp.com\/www.bloguecornella.es\/wordpress\/wp-content\/uploads\/2026\/01\/Resumen-24-25-ene.png?fit=1200%2C675&resize=525%2C300 1.5x, https:\/\/i0.wp.com\/www.bloguecornella.es\/wordpress\/wp-content\/uploads\/2026\/01\/Resumen-24-25-ene.png?fit=1200%2C675&resize=700%2C400 2x, https:\/\/i0.wp.com\/www.bloguecornella.es\/wordpress\/wp-content\/uploads\/2026\/01\/Resumen-24-25-ene.png?fit=1200%2C675&resize=1050%2C600 3x"},"classes":[]},{"id":3571,"url":"http:\/\/www.bloguecornella.es\/wordpress\/2026\/01\/13\/resumen-cedidos-ue-cornella-fin-de-semana-10-11-enero-2026\/","url_meta":{"origin":3651,"position":2},"title":"Resumen cedidos UE Cornell\u00e0 fin de semana 10-11 enero 2026","author":"bloguecornella","date":"13 de enero de 2026","format":false,"excerpt":"Decimo s\u00e9ptima entrega del repaso a nuestros cedidos y el balance que han hecho est\u00e1 semana. Izan Gonz\u00e1lez - CE Europa (Primera Federaci\u00f3n - Grupo II) Jornada 19 - S\u00e1bado 10 Enero 2026 - 14:00h - CE Europa - CD Alcorc\u00f3n. El CE Europa empat\u00f3 en su \u00faltimo encuentro en\u2026","rel":"","context":"En \u00abCedidos UE Cornell\u00e0\u00bb","block_context":{"text":"Cedidos UE Cornell\u00e0","link":"http:\/\/www.bloguecornella.es\/wordpress\/category\/cedidos-ue-cornella\/"},"img":{"alt_text":"","src":"https:\/\/i0.wp.com\/www.bloguecornella.es\/wordpress\/wp-content\/uploads\/2026\/01\/Resumen-10-11-ene.png?fit=1200%2C675&resize=350%2C200","width":350,"height":200,"srcset":"https:\/\/i0.wp.com\/www.bloguecornella.es\/wordpress\/wp-content\/uploads\/2026\/01\/Resumen-10-11-ene.png?fit=1200%2C675&resize=350%2C200 1x, https:\/\/i0.wp.com\/www.bloguecornella.es\/wordpress\/wp-content\/uploads\/2026\/01\/Resumen-10-11-ene.png?fit=1200%2C675&resize=525%2C300 1.5x, https:\/\/i0.wp.com\/www.bloguecornella.es\/wordpress\/wp-content\/uploads\/2026\/01\/Resumen-10-11-ene.png?fit=1200%2C675&resize=700%2C400 2x, https:\/\/i0.wp.com\/www.bloguecornella.es\/wordpress\/wp-content\/uploads\/2026\/01\/Resumen-10-11-ene.png?fit=1200%2C675&resize=1050%2C600 3x"},"classes":[]},{"id":3443,"url":"http:\/\/www.bloguecornella.es\/wordpress\/2025\/12\/22\/resumen-cedidos-ue-cornella-fin-de-semana-20-21-diciembre-2025\/","url_meta":{"origin":3651,"position":3},"title":"Resumen cedidos UE Cornell\u00e0 &#8211; fin de semana 20-21 Diciembre 2025","author":"bloguecornella","date":"22 de diciembre de 2025","format":false,"excerpt":"Decimo cuarta entrega del repaso a nuestros cedidos y el balance que han hecho est\u00e1 semana. Izan Gonz\u00e1lez - CE Europa (Primera Federaci\u00f3n - Grupo II) Jornada 17 - Domingo 21 de Diciembre 2025 - 20:30h - Real Murcia - CE Europa. El CE Europa perdi\u00f3 en su visita al\u2026","rel":"","context":"En \u00abCedidos UE Cornell\u00e0\u00bb","block_context":{"text":"Cedidos UE Cornell\u00e0","link":"http:\/\/www.bloguecornella.es\/wordpress\/category\/cedidos-ue-cornella\/"},"img":{"alt_text":"","src":"https:\/\/i0.wp.com\/www.bloguecornella.es\/wordpress\/wp-content\/uploads\/2025\/12\/Resumen-20-21-dic.png?fit=1200%2C675&resize=350%2C200","width":350,"height":200,"srcset":"https:\/\/i0.wp.com\/www.bloguecornella.es\/wordpress\/wp-content\/uploads\/2025\/12\/Resumen-20-21-dic.png?fit=1200%2C675&resize=350%2C200 1x, https:\/\/i0.wp.com\/www.bloguecornella.es\/wordpress\/wp-content\/uploads\/2025\/12\/Resumen-20-21-dic.png?fit=1200%2C675&resize=525%2C300 1.5x, https:\/\/i0.wp.com\/www.bloguecornella.es\/wordpress\/wp-content\/uploads\/2025\/12\/Resumen-20-21-dic.png?fit=1200%2C675&resize=700%2C400 2x, https:\/\/i0.wp.com\/www.bloguecornella.es\/wordpress\/wp-content\/uploads\/2025\/12\/Resumen-20-21-dic.png?fit=1200%2C675&resize=1050%2C600 3x"},"classes":[]},{"id":3210,"url":"http:\/\/www.bloguecornella.es\/wordpress\/2025\/12\/01\/resumen-cedidos-ue-cornella-29-30-de-noviembre-2025\/","url_meta":{"origin":3651,"position":4},"title":"Resumen cedidos UE Cornell\u00e0 &#8211; 29-30 de Noviembre 2025","author":"bloguecornella","date":"1 de diciembre de 2025","format":false,"excerpt":"Decimosegunda entrega del repaso a nuestros cedidos y el balance que han hecho est\u00e1 semana. Izan Gonz\u00e1lez - CE Europa (Primera Federaci\u00f3n - Grupo II) Jornada 14 - Viernes 28 de Noviembre 2025 - 21:15h - CE Europa - CE Sabadell. Izan Gonz\u00e1lez vuelve a disputar los 90 minutos de\u2026","rel":"","context":"En \u00abCedidos UE Cornell\u00e0\u00bb","block_context":{"text":"Cedidos UE Cornell\u00e0","link":"http:\/\/www.bloguecornella.es\/wordpress\/category\/cedidos-ue-cornella\/"},"img":{"alt_text":"","src":"https:\/\/i0.wp.com\/www.bloguecornella.es\/wordpress\/wp-content\/uploads\/2025\/12\/Resumen-29-30-nov.png?fit=1200%2C675&resize=350%2C200","width":350,"height":200,"srcset":"https:\/\/i0.wp.com\/www.bloguecornella.es\/wordpress\/wp-content\/uploads\/2025\/12\/Resumen-29-30-nov.png?fit=1200%2C675&resize=350%2C200 1x, https:\/\/i0.wp.com\/www.bloguecornella.es\/wordpress\/wp-content\/uploads\/2025\/12\/Resumen-29-30-nov.png?fit=1200%2C675&resize=525%2C300 1.5x, https:\/\/i0.wp.com\/www.bloguecornella.es\/wordpress\/wp-content\/uploads\/2025\/12\/Resumen-29-30-nov.png?fit=1200%2C675&resize=700%2C400 2x, https:\/\/i0.wp.com\/www.bloguecornella.es\/wordpress\/wp-content\/uploads\/2025\/12\/Resumen-29-30-nov.png?fit=1200%2C675&resize=1050%2C600 3x"},"classes":[]},{"id":3276,"url":"http:\/\/www.bloguecornella.es\/wordpress\/2025\/12\/09\/resumen-cedidos-ue-cornella-fin-de-semana-6-7-diciembre-2025\/","url_meta":{"origin":3651,"position":5},"title":"Resumen cedidos UE Cornell\u00e0 fin de semana 6-7 diciembre 2025","author":"bloguecornella","date":"9 de diciembre de 2025","format":false,"excerpt":"Decimo tercera entrega del repaso a nuestros cedidos y el balance que han hecho est\u00e1 semana. Izan Gonz\u00e1lez - CE Europa (Primera Federaci\u00f3n - Grupo II) Jornada 15 - Lunes 8 de Diciembre 2025 - 18:30h - SD Tarazona - CE Europa. Izan Gonzalez, disfruto de nuevo de los 90\u2026","rel":"","context":"En \u00abCedidos UE Cornell\u00e0\u00bb","block_context":{"text":"Cedidos UE Cornell\u00e0","link":"http:\/\/www.bloguecornella.es\/wordpress\/category\/cedidos-ue-cornella\/"},"img":{"alt_text":"","src":"https:\/\/i0.wp.com\/www.bloguecornella.es\/wordpress\/wp-content\/uploads\/2025\/12\/Resumen-6-7-dic.png?fit=1200%2C675&resize=350%2C200","width":350,"height":200,"srcset":"https:\/\/i0.wp.com\/www.bloguecornella.es\/wordpress\/wp-content\/uploads\/2025\/12\/Resumen-6-7-dic.png?fit=1200%2C675&resize=350%2C200 1x, https:\/\/i0.wp.com\/www.bloguecornella.es\/wordpress\/wp-content\/uploads\/2025\/12\/Resumen-6-7-dic.png?fit=1200%2C675&resize=525%2C300 1.5x, https:\/\/i0.wp.com\/www.bloguecornella.es\/wordpress\/wp-content\/uploads\/2025\/12\/Resumen-6-7-dic.png?fit=1200%2C675&resize=700%2C400 2x, https:\/\/i0.wp.com\/www.bloguecornella.es\/wordpress\/wp-content\/uploads\/2025\/12\/Resumen-6-7-dic.png?fit=1200%2C675&resize=1050%2C600 3x"},"classes":[]}],"_links":{"self":[{"href":"http:\/\/www.bloguecornella.es\/wordpress\/wp-json\/wp\/v2\/posts\/3651","targetHints":{"allow":["GET"]}}],"collection":[{"href":"http:\/\/www.bloguecornella.es\/wordpress\/wp-json\/wp\/v2\/posts"}],"about":[{"href":"http:\/\/www.bloguecornella.es\/wordpress\/wp-json\/wp\/v2\/types\/post"}],"author":[{"embeddable":true,"href":"http:\/\/www.bloguecornella.es\/wordpress\/wp-json\/wp\/v2\/users\/1"}],"replies":[{"embeddable":true,"href":"http:\/\/www.bloguecornella.es\/wordpress\/wp-json\/wp\/v2\/comments?post=3651"}],"version-history":[{"count":4,"href":"http:\/\/www.bloguecornella.es\/wordpress\/wp-json\/wp\/v2\/posts\/3651\/revisions"}],"predecessor-version":[{"id":3665,"href":"http:\/\/www.bloguecornella.es\/wordpress\/wp-json\/wp\/v2\/posts\/3651\/revisions\/3665"}],"wp:featuredmedia":[{"embeddable":true,"href":"http:\/\/www.bloguecornella.es\/wordpress\/wp-json\/wp\/v2\/media\/3666"}],"wp:attachment":[{"href":"http:\/\/www.bloguecornella.es\/wordpress\/wp-json\/wp\/v2\/media?parent=3651"}],"wp:term":[{"taxonomy":"category","embeddable":true,"href":"http:\/\/www.bloguecornella.es\/wordpress\/wp-json\/wp\/v2\/categories?post=3651"},{"taxonomy":"post_tag","embeddable":true,"href":"http:\/\/www.bloguecornella.es\/wordpress\/wp-json\/wp\/v2\/tags?post=3651"}],"curies":[{"name":"wp","href":"https:\/\/api.w.org\/{rel}","templated":true}]}}