{"id":3586,"date":"2026-01-16T12:00:00","date_gmt":"2026-01-16T11:00:00","guid":{"rendered":"http:\/\/www.bloguecornella.es\/wordpress\/?p=3586"},"modified":"2026-01-15T20:35:58","modified_gmt":"2026-01-15T19:35:58","slug":"previa-capitulo-18-ue-cornella-uec-vic","status":"publish","type":"post","link":"http:\/\/www.bloguecornella.es\/wordpress\/2026\/01\/16\/previa-capitulo-18-ue-cornella-uec-vic\/","title":{"rendered":"Previa cap\u00edtulo 18 &#8211; UE Cornell\u00e0 &#8211; UE Vic \u00abArrancar la 2a vuelta con victoria\u00bb"},"content":{"rendered":"\n<p>Esta semana, dar\u00e1 comienzo la segunda vuelta del campeonato de Tercera Federaci\u00f3n masculina, con un partidazo en el Municipal de Cornell\u00e0 el pr\u00f3ximo s\u00e1bado 17 de enero a las 18h. Su rival, la UE Vic.<\/p>\n\n\n\n<p><strong>El rival: UE Vic (15\u00ba &#8211; 15 puntos)<\/strong><\/p>\n\n\n\n<p>La temporada se le est\u00e1 haciendo larga para un Vic que ha visto perder, hace aproximadamente un mes y medio, a su goleador Ignasi Quer. La marcha del jugador, que ha dejado lo que tuviera estipulado en el contrato como abono para el club \u00abvigata\u00bb, al CE L&#8217;Hospitalet, no se ha notado en lo que a resultados se refiere.<\/p>\n\n\n\n<p>El conjunto dirigido por Ram\u00f3n Carrascal ha sumado un total de 8 puntos sobre 15 posibles. Son m\u00e1s que todos los que ha conseguido en los doce partidos anteriores. Es un dato que no tiene porque tener relaci\u00f3n, pero es un dato a tener en cuenta.<\/p>\n\n\n\n<p>El Vic <strong>es el peor equipo visitante de la temporada<\/strong>. No ha conseguido una victoria a domicilio en lo que va de campa\u00f1a, solo ha sumado cuatro empates en nueve encuentros disputados fuera del Hip\u00f2lit Planas.<\/p>\n\n\n\n<p>Con la marcha de Ignasi, su hermano toma el relevo en la faceta goleadora, en la que ha marcado dos goles en los \u00faltimos encuentros que el equipo de l&#8217;Osona lo hab\u00eda hecho. En el partido de Ida, la pareja Quer puso en aprietos al conjunto de Ignasi Senabre, que recordemos consigui\u00f3 la victoria gracias al gol de jugada ensayada de Ot Serrano. Os dejo por aqu\u00ed la <a href=\"http:\/\/www.bloguecornella.es\/wordpress\/2025\/09\/07\/cronica-capitulo-1-uec-vic-0-1-ue-cornella-solidez-y-victoria-para-la-ue-cornella\/\" data-type=\"post\" data-id=\"2405\" target=\"_blank\" rel=\"noreferrer noopener\">cr\u00f3nica<\/a> del encuentro.<\/p>\n\n\n\n<p><strong>Situaci\u00f3n UE Cornell\u00e0: \u00abA seguir haciendo historia\u00bb<\/strong><\/p>\n\n\n\n<p>La UE Cornell\u00e0 est\u00e1 a punto de hacer historia consiguiendo la 3a mejor racha de partidos consecutivos sin perder en competiciones nacionales. Actualmente, la ha igualado a la que consigui\u00f3 en el a\u00f1o de la pandemia, donde consigui\u00f3 12 partidos consecutivos sin perder (10 de liga y 2 de play-off de ascenso), pero la puede superar, de no perder el siguiente encuentro contra la UE Vic.<\/p>\n\n\n\n<p>Dejando de lado el aspecto, puramente estad\u00edstico, la victoria contra el CE L&#8217;Hospitalet da un impulso para afianzarse en esa segunda posici\u00f3n, que hace sacar tres puntos a sus inmediatos perseguidores y seguir a uno del l\u00edder. Un CF Badalona que sigue en el mercado de invierno a golpe de talonario para traer a jugadores con experiencia en categor\u00edas como Primera Federaci\u00f3n y Segunda Federaci\u00f3n.<\/p>\n\n\n\n<p>En el partido de ida, ya costo encontrar la forma de poder asomar la porter\u00eda defendida por Agust\u00edn Mora y que, de no ser por la defensa y buenas intervenciones de Ruben, podr\u00edamos haber salido \u00abescaldado\u00bb del feudo \u00abvigata\u00bb. La situaci\u00f3n cambia y en el contexto actual, el conjunto de Ignasi est\u00e1 mas compacto, con m\u00e1s salida de bal\u00f3n y con m\u00e1s variantes para afrontar situaciones adversas que en la primera jornada.<\/p>\n\n\n\n<p>Marc Fernandez no jugara al estar sancionado con un encuentro por acumulaci\u00f3n de tarjetas. La lesi\u00f3n de Gonzalo Pereira es un trastoque en la defensa verde. En su defecto ser\u00eda Alejandro Pereira quien ocupe su lugar. El ex-jugador de Deportivo de la Coru\u00f1a est\u00e1 empezando a ganar confianza con el m\u00edster y prueba de ello es la titularidad en el pasado partido contra el CE L&#8217;Hospitalet.<\/p>\n\n\n\n<p>Santi volver\u00e1 a asomar el tridente de ataque que, esta semana, estar\u00e1 formada por la LSS (Leo dos Reis, Santi Guzman y Stefan Golubovic). 17 goles suman los tres puntas del conjunto verde.<\/p>\n\n\n\n<p><strong>El XI de Ignasi Senabre<\/strong><\/p>\n\n\n\n<p>El posible XI con el que saldr\u00e1 Ignasi el s\u00e1bado contra la UE Vic ser\u00eda el siguiente:<\/p>\n\n\n\n<p>POR &#8211; 13 &#8211; Isaac Vila.<\/p>\n\n\n\n<p>DFC &#8211; 4 &#8211; Iv\u00e1n de la Pe\u00f1a Jr.<\/p>\n\n\n\n<p>DFC &#8211; 15 &#8211; Alejandro Pereira.<\/p>\n\n\n\n<p>DFC &#8211; 17 &#8211; D\u00eddac Rodr\u00edguez.<\/p>\n\n\n\n<p>MCD &#8211; 16 &#8211; Moha Ajani.<\/p>\n\n\n\n<p>MI &#8211; 27 &#8211; Bruno Lorente.<\/p>\n\n\n\n<p>MC &#8211; 6 &#8211; Ot Serrano.<\/p>\n\n\n\n<p>MD &#8211; 10 &#8211; V\u00edctor Aliaga. <\/p>\n\n\n\n<p>EI &#8211; 12 &#8211; Santi Guzm\u00e1n.<\/p>\n\n\n\n<p>ED &#8211; 21 &#8211; Stefan Golubovic.<\/p>\n\n\n\n<p>DC &#8211; 23 &#8211; Leo dos Reis.<\/p>\n\n\n\n<p><em>Suplentes<\/em>: POR &#8211; 25 &#8211; Pol Cordero, DFC &#8211; 5 &#8211; Tomas Pe\u00f1alba, MI &#8211; 3 &#8211; Gerard Gonz\u00e1lez, MC &#8211; 8 &#8211; Marc Esteban, MD &#8211; 22 &#8211; Manel Lozano, MD &#8211; 20 &#8211; Toni Gomez, EI &#8211; 19 &#8211; Joan Benet, DC &#8211; 9 &#8211; H\u00e9ctor Tejada<\/p>\n\n\n\n<p><em>Reservas:<\/em> 24 &#8211; Adrian Simons.<\/p>\n\n\n\n<p><em>Lesionados:<\/em> POR &#8211; 1 &#8211; Ruben Mi\u00f1o, DFC &#8211; 2 &#8211; Diego Garz\u00f3n, DFC &#8211; 14 &#8211; Gonzalo Pereira, ED &#8211; 7 &#8211; Ibai Reches.<\/p>\n\n\n\n<p><strong>La opini\u00f3n del Blog<\/strong><\/p>\n\n\n\n<p>Se empieza a notar el peso de los presupuestos y de los clubes que est\u00e1n trabajando bajo un paraguas econ\u00f3mico importante. Que Hospitalet y Badalona est\u00e9n entre los 3 primeros no debe de ser novedad, debe de ser obligaci\u00f3n.<\/p>\n\n\n\n<p>El aficionado verde debe de sentirse orgulloso de su equipo, viendo que se est\u00e1 codeando con presupuestos grandes, sabiendo que el nuestro es limitado y, prueba de ello es la inversi\u00f3n que se est\u00e1 haciendo en fichajes en este mercado de invierno. Todos los jugadores que han tra\u00eddo son por confianza con el m\u00edster o por pasado con el club y que estaban sin equipo. <\/p>\n\n\n\n<p>La base del equipo construido por Ignasi es muy buena y solamente necesita peque\u00f1os detalles. Sabe sacar rendimiento de los jugadores y sabe como aprovecharlos en todas las parcelas posibles. Por lo que el objetivo, debe de ser siempre estar en play-off, y no bajar de el hasta final de temporada. Una vez asegurado, veremos las opciones que tenemos de conseguir el t\u00edtulo.<\/p>\n\n\n\n<p>Este s\u00e1bado no estare en el Municipal. Estare de viaje y lo seguir\u00e9 por las redes sociales del club. A todo aquel aficionado que quiera ir al Municipal, y todav\u00eda no sea abonado, est\u00e1 de suerte porque la 2a vuelta est\u00e1 a <strong>solo 25\u20ac <\/strong>y vendr\u00e1n partidos tan importantes como Manresa, Badalona, Lleida CF o L&#8217; Escala. Os dejo el <a href=\"https:\/\/uecornella.compralaentrada.com\/\" data-type=\"link\" data-id=\"https:\/\/uecornella.compralaentrada.com\/\" target=\"_blank\" rel=\"noreferrer noopener\">enlace<\/a> aqu\u00ed para sacaros el abono.<\/p>\n\n\n\n<p>El resto de aficionado, el s\u00e1bado a las 18h, comienza la segunda vuelta con la UE Cornell\u00e0 vs UE Vic.<\/p>\n","protected":false},"excerpt":{"rendered":"<p>Esta semana, dar\u00e1 comienzo la segunda vuelta del campeonato de Tercera Federaci\u00f3n masculina, con un partidazo en el Municipal de Cornell\u00e0 el pr\u00f3ximo s\u00e1bado 17 de enero a las 18h. Su rival, la UE Vic. El rival: UE Vic (15\u00ba &#8211; 15 puntos) La temporada se le est\u00e1 haciendo larga para un Vic que ha [&hellip;]<\/p>\n","protected":false},"author":1,"featured_media":3648,"comment_status":"open","ping_status":"open","sticky":false,"template":"","format":"standard","meta":{"_eb_attr":"","advanced_seo_description":"","jetpack_seo_html_title":"","jetpack_seo_noindex":false,"jetpack_post_was_ever_published":false,"_jetpack_newsletter_access":"","_jetpack_dont_email_post_to_subs":false,"_jetpack_newsletter_tier_id":0,"_jetpack_memberships_contains_paywalled_content":false,"_jetpack_memberships_contains_paid_content":false,"footnotes":"","jetpack_publicize_message":"","jetpack_publicize_feature_enabled":true,"jetpack_social_post_already_shared":true,"jetpack_social_options":{"image_generator_settings":{"template":"highway","default_image_id":0,"font":"","enabled":false},"version":2}},"categories":[14,71,69,51],"tags":[31,65,66,54],"class_list":["post-3586","post","type-post","status-publish","format-standard","has-post-thumbnail","hentry","category-previa-partido","category-temporada-2025-26","category-tercera-federacion-grupo-v","category-ue-cornella","tag-previa","tag-temporada-2025-26","tag-tercera-federacion-grupo-v","tag-ue-cornella"],"jetpack_publicize_connections":[],"jetpack_featured_media_url":"https:\/\/i0.wp.com\/www.bloguecornella.es\/wordpress\/wp-content\/uploads\/2026\/01\/J18-UE-Cornella-CUE-Vic.png?fit=940%2C520","jetpack_sharing_enabled":true,"jetpack-related-posts":[{"id":2383,"url":"http:\/\/www.bloguecornella.es\/wordpress\/2025\/09\/05\/capitulo-1-25-26-ue-vic-ue-cornella-con-todo-y-a-por-todo\/","url_meta":{"origin":3586,"position":0},"title":"Cap\u00edtulo 1 &#8211; 25\/26 &#8211; UE Vic &#8211; UE Cornell\u00e0 &#8211; \u00abCon todo y a por todo\u00bb","author":"bloguecornella","date":"5 de septiembre de 2025","format":false,"excerpt":"132 d\u00edas despu\u00e9s de consumar el segundo descenso consecutivo, vuelve la previa de un partido oficial de Liga de la UE Cornell\u00e0. Arranca la temporada 2025\/26 en la Tercera Federaci\u00f3n (5\u00ba escal\u00f3n del f\u00fatbol nacional) donde la UE Cornell\u00e0 quiere volver a sus or\u00edgenes y volver a ser ese equipo\u2026","rel":"","context":"En \u00abHector Tejada\u00bb","block_context":{"text":"Hector Tejada","link":"http:\/\/www.bloguecornella.es\/wordpress\/category\/hector-tejada\/"},"img":{"alt_text":"","src":"https:\/\/i0.wp.com\/www.bloguecornella.es\/wordpress\/wp-content\/uploads\/2025\/09\/J1-UE-Vic-UE-Cornella.png?fit=940%2C520&resize=350%2C200","width":350,"height":200,"srcset":"https:\/\/i0.wp.com\/www.bloguecornella.es\/wordpress\/wp-content\/uploads\/2025\/09\/J1-UE-Vic-UE-Cornella.png?fit=940%2C520&resize=350%2C200 1x, https:\/\/i0.wp.com\/www.bloguecornella.es\/wordpress\/wp-content\/uploads\/2025\/09\/J1-UE-Vic-UE-Cornella.png?fit=940%2C520&resize=525%2C300 1.5x, https:\/\/i0.wp.com\/www.bloguecornella.es\/wordpress\/wp-content\/uploads\/2025\/09\/J1-UE-Vic-UE-Cornella.png?fit=940%2C520&resize=700%2C400 2x"},"classes":[]},{"id":3797,"url":"http:\/\/www.bloguecornella.es\/wordpress\/2026\/02\/07\/previa-capitulo-16-fem-vic-riuprimer-refo-fundacio-ue-cornella-un-rival-incomodo-en-horas-bajas\/","url_meta":{"origin":3586,"position":1},"title":"Previa cap\u00edtulo 16 Fem &#8211; Vic Riuprimer REFO &#8211; Fundaci\u00f3 UE Cornell\u00e0 \u00abUn rival incomodo en horas bajas\u00bb","author":"bloguecornella","date":"7 de febrero de 2026","format":false,"excerpt":"A fecha en la que escribo, queda dos meses y medio de competici\u00f3n y queda siete encuentros para acabar la liga. La fumada de liga para la 3\u00aa Federaci\u00f3n hace que, en dos meses y medio, se jueguen siete encuentros para determinar el campe\u00f3n de liga. Antes del peque\u00f1o par\u00f3n\u2026","rel":"","context":"En \u00abFundaci\u00f3 UE Cornell\u00e0\u00bb","block_context":{"text":"Fundaci\u00f3 UE Cornell\u00e0","link":"http:\/\/www.bloguecornella.es\/wordpress\/category\/fuecornella\/"},"img":{"alt_text":"","src":"https:\/\/i0.wp.com\/www.bloguecornella.es\/wordpress\/wp-content\/uploads\/2026\/02\/Previa-Jornada-16.png?fit=940%2C529&resize=350%2C200","width":350,"height":200,"srcset":"https:\/\/i0.wp.com\/www.bloguecornella.es\/wordpress\/wp-content\/uploads\/2026\/02\/Previa-Jornada-16.png?fit=940%2C529&resize=350%2C200 1x, https:\/\/i0.wp.com\/www.bloguecornella.es\/wordpress\/wp-content\/uploads\/2026\/02\/Previa-Jornada-16.png?fit=940%2C529&resize=525%2C300 1.5x, https:\/\/i0.wp.com\/www.bloguecornella.es\/wordpress\/wp-content\/uploads\/2026\/02\/Previa-Jornada-16.png?fit=940%2C529&resize=700%2C400 2x"},"classes":[]},{"id":2355,"url":"http:\/\/www.bloguecornella.es\/wordpress\/2025\/08\/29\/5-pretemporada-25-26-uec-ue-cornella-ue-sant-andreu-previa\/","url_meta":{"origin":3586,"position":2},"title":"#5 Pretemporada 25\/26 UEC &#8211; UE Cornell\u00e0 &#8211; UE Sant Andreu &#8211; Previa","author":"bloguecornella","date":"29 de agosto de 2025","format":false,"excerpt":"La UE Cornell\u00e0 afronta el \u00faltimo partido de pretemporada, antes del comienzo liguero el pr\u00f3ximo s\u00e1bado 06\/09\/2025 en Vic, contra la UE Sant Andreu, equipo de Segunda Federaci\u00f3n y el rival, a priori, mas complicado en lo que llevamos de pretemporada. El conjunto de Ignasi Senabre afronta el partido con\u2026","rel":"","context":"En \u00abPretemporada - 2025\/26\u00bb","block_context":{"text":"Pretemporada - 2025\/26","link":"http:\/\/www.bloguecornella.es\/wordpress\/category\/pretemporada-2025-26\/"},"img":{"alt_text":"","src":"https:\/\/i0.wp.com\/www.bloguecornella.es\/wordpress\/wp-content\/uploads\/2025\/08\/Previa-5-UE-Cornella-UE-Sant-Andreu.png?fit=940%2C520&resize=350%2C200","width":350,"height":200,"srcset":"https:\/\/i0.wp.com\/www.bloguecornella.es\/wordpress\/wp-content\/uploads\/2025\/08\/Previa-5-UE-Cornella-UE-Sant-Andreu.png?fit=940%2C520&resize=350%2C200 1x, https:\/\/i0.wp.com\/www.bloguecornella.es\/wordpress\/wp-content\/uploads\/2025\/08\/Previa-5-UE-Cornella-UE-Sant-Andreu.png?fit=940%2C520&resize=525%2C300 1.5x, https:\/\/i0.wp.com\/www.bloguecornella.es\/wordpress\/wp-content\/uploads\/2025\/08\/Previa-5-UE-Cornella-UE-Sant-Andreu.png?fit=940%2C520&resize=700%2C400 2x"},"classes":[]},{"id":2405,"url":"http:\/\/www.bloguecornella.es\/wordpress\/2025\/09\/07\/cronica-capitulo-1-uec-vic-0-1-ue-cornella-solidez-y-victoria-para-la-ue-cornella\/","url_meta":{"origin":3586,"position":3},"title":"Cr\u00f3nica cap\u00edtulo 1: UEC Vic 0-1 UE Cornell\u00e0 \u00abSolidez y victoria para la UE Cornell\u00e0\u00bb","author":"bloguecornella","date":"7 de septiembre de 2025","format":false,"excerpt":"La UE Cornell\u00e0 consigue la primera victoria del curso con gol de Ot Serrano en el minuto 71 de partido, tras un c\u00f3rner r\u00e1pido de V\u00edctor Aliaga que ha dejado solo en la frontal al delantero cornellanense para batir al portero de la UE Vic. El primer once inicial de\u2026","rel":"","context":"En \u00abIgnasi Senabria\u00bb","block_context":{"text":"Ignasi Senabria","link":"http:\/\/www.bloguecornella.es\/wordpress\/category\/ignasi-senabria\/"},"img":{"alt_text":"","src":"https:\/\/i0.wp.com\/www.bloguecornella.es\/wordpress\/wp-content\/uploads\/2025\/09\/IMG_3072.jpeg?fit=1200%2C900&resize=350%2C200","width":350,"height":200,"srcset":"https:\/\/i0.wp.com\/www.bloguecornella.es\/wordpress\/wp-content\/uploads\/2025\/09\/IMG_3072.jpeg?fit=1200%2C900&resize=350%2C200 1x, https:\/\/i0.wp.com\/www.bloguecornella.es\/wordpress\/wp-content\/uploads\/2025\/09\/IMG_3072.jpeg?fit=1200%2C900&resize=525%2C300 1.5x, https:\/\/i0.wp.com\/www.bloguecornella.es\/wordpress\/wp-content\/uploads\/2025\/09\/IMG_3072.jpeg?fit=1200%2C900&resize=700%2C400 2x, https:\/\/i0.wp.com\/www.bloguecornella.es\/wordpress\/wp-content\/uploads\/2025\/09\/IMG_3072.jpeg?fit=1200%2C900&resize=1050%2C600 3x"},"classes":[]},{"id":2801,"url":"http:\/\/www.bloguecornella.es\/wordpress\/2025\/10\/17\/previa-capitulo-5-fem-fundacio-ue-cornella-vic-riuprimer-refo-prueba-de-fuego-para-las-aspiraciones-verdes\/","url_meta":{"origin":3586,"position":4},"title":"Previa Cap\u00edtulo 5 Fem: Fundaci\u00f3 UE Cornell\u00e0 &#8211; Vic Riuprimer REFO \u00abPrueba de fuego para las aspiraciones verdes\u00bb","author":"bloguecornella","date":"17 de octubre de 2025","format":false,"excerpt":"El equipo femenino de la Fundaci\u00f3 UE Cornell\u00e0 vuelve al Municipal para enfrentarse, antes del par\u00f3n por la ventana FIFA de selecciones, contra el Vic Riuprimer REFO, equipo con el que ya tuvimos una bonita lucha en la temporada 2023\/24. El rival: Vic Riuprimer REFO (6\u00ba - 6 puntos) El\u2026","rel":"","context":"En \u00abFundaci\u00f3 UE Cornell\u00e0\u00bb","block_context":{"text":"Fundaci\u00f3 UE Cornell\u00e0","link":"http:\/\/www.bloguecornella.es\/wordpress\/category\/fuecornella\/"},"img":{"alt_text":"","src":"https:\/\/i0.wp.com\/www.bloguecornella.es\/wordpress\/wp-content\/uploads\/2025\/10\/Previa-Jornada-5.png?fit=940%2C529&resize=350%2C200","width":350,"height":200,"srcset":"https:\/\/i0.wp.com\/www.bloguecornella.es\/wordpress\/wp-content\/uploads\/2025\/10\/Previa-Jornada-5.png?fit=940%2C529&resize=350%2C200 1x, https:\/\/i0.wp.com\/www.bloguecornella.es\/wordpress\/wp-content\/uploads\/2025\/10\/Previa-Jornada-5.png?fit=940%2C529&resize=525%2C300 1.5x, https:\/\/i0.wp.com\/www.bloguecornella.es\/wordpress\/wp-content\/uploads\/2025\/10\/Previa-Jornada-5.png?fit=940%2C529&resize=700%2C400 2x"},"classes":[]},{"id":2591,"url":"http:\/\/www.bloguecornella.es\/wordpress\/2025\/09\/26\/capitulo-4-ue-cornella-montanesa-cf-previa-buscar-la-primera-en-casa\/","url_meta":{"origin":3586,"position":5},"title":"Cap\u00edtulo 4 &#8211; UE Cornell\u00e0 &#8211; Monta\u00f1esa CF &#8211; Previa \u00abBuscar la primera en casa\u00bb","author":"bloguecornella","date":"26 de septiembre de 2025","format":false,"excerpt":"La UE Cornell\u00e0 vuelve a jugar partido en casa y, esta vez, su rival ser\u00e1 la Monta\u00f1esa de Axel Vizuete, en lo que ser\u00e1 el cap\u00edtulo n\u00famero 4 de est\u00e1 Tercera Federaci\u00f3n masculina, en su grupo 5. El rival: CF Monta\u00f1esa (7\u00ba - 5 puntos) La Monta\u00f1esa siempre es un\u2026","rel":"","context":"En \u00abPrevia partido\u00bb","block_context":{"text":"Previa partido","link":"http:\/\/www.bloguecornella.es\/wordpress\/category\/previa-partido\/"},"img":{"alt_text":"","src":"https:\/\/i0.wp.com\/www.bloguecornella.es\/wordpress\/wp-content\/uploads\/2025\/09\/J3-Cerdanyola-del-Valles-FC-UE-Cornella-1.png?fit=940%2C520&resize=350%2C200","width":350,"height":200,"srcset":"https:\/\/i0.wp.com\/www.bloguecornella.es\/wordpress\/wp-content\/uploads\/2025\/09\/J3-Cerdanyola-del-Valles-FC-UE-Cornella-1.png?fit=940%2C520&resize=350%2C200 1x, https:\/\/i0.wp.com\/www.bloguecornella.es\/wordpress\/wp-content\/uploads\/2025\/09\/J3-Cerdanyola-del-Valles-FC-UE-Cornella-1.png?fit=940%2C520&resize=525%2C300 1.5x, https:\/\/i0.wp.com\/www.bloguecornella.es\/wordpress\/wp-content\/uploads\/2025\/09\/J3-Cerdanyola-del-Valles-FC-UE-Cornella-1.png?fit=940%2C520&resize=700%2C400 2x"},"classes":[]}],"_links":{"self":[{"href":"http:\/\/www.bloguecornella.es\/wordpress\/wp-json\/wp\/v2\/posts\/3586","targetHints":{"allow":["GET"]}}],"collection":[{"href":"http:\/\/www.bloguecornella.es\/wordpress\/wp-json\/wp\/v2\/posts"}],"about":[{"href":"http:\/\/www.bloguecornella.es\/wordpress\/wp-json\/wp\/v2\/types\/post"}],"author":[{"embeddable":true,"href":"http:\/\/www.bloguecornella.es\/wordpress\/wp-json\/wp\/v2\/users\/1"}],"replies":[{"embeddable":true,"href":"http:\/\/www.bloguecornella.es\/wordpress\/wp-json\/wp\/v2\/comments?post=3586"}],"version-history":[{"count":6,"href":"http:\/\/www.bloguecornella.es\/wordpress\/wp-json\/wp\/v2\/posts\/3586\/revisions"}],"predecessor-version":[{"id":3657,"href":"http:\/\/www.bloguecornella.es\/wordpress\/wp-json\/wp\/v2\/posts\/3586\/revisions\/3657"}],"wp:featuredmedia":[{"embeddable":true,"href":"http:\/\/www.bloguecornella.es\/wordpress\/wp-json\/wp\/v2\/media\/3648"}],"wp:attachment":[{"href":"http:\/\/www.bloguecornella.es\/wordpress\/wp-json\/wp\/v2\/media?parent=3586"}],"wp:term":[{"taxonomy":"category","embeddable":true,"href":"http:\/\/www.bloguecornella.es\/wordpress\/wp-json\/wp\/v2\/categories?post=3586"},{"taxonomy":"post_tag","embeddable":true,"href":"http:\/\/www.bloguecornella.es\/wordpress\/wp-json\/wp\/v2\/tags?post=3586"}],"curies":[{"name":"wp","href":"https:\/\/api.w.org\/{rel}","templated":true}]}}