{"id":3534,"date":"2026-01-08T14:00:00","date_gmt":"2026-01-08T13:00:00","guid":{"rendered":"http:\/\/www.bloguecornella.es\/wordpress\/?p=3534"},"modified":"2026-01-07T23:58:30","modified_gmt":"2026-01-07T22:58:30","slug":"previa-capitulo-14-futbol-cornella-10-11-enero-2026","status":"publish","type":"post","link":"http:\/\/www.bloguecornella.es\/wordpress\/2026\/01\/08\/previa-capitulo-14-futbol-cornella-10-11-enero-2026\/","title":{"rendered":"Previa cap\u00edtulo 14 F\u00fatbol Cornell\u00e0 &#8211; 10-11 Enero 2026"},"content":{"rendered":"\n<p>Vuelve la competici\u00f3n para el resto de equipos de nuestra ciudad, cuando solamente quedan dos encuentros para finalizar la primera vuelta de la competici\u00f3n. UE Sant Ildefons, CD Almeda y CD Fontsanta-Fatjo buscar\u00e1n la victoria en el estreno del 2026.<\/p>\n\n\n\n<p><strong>Segunda Catalana &#8211; Grupo 3 &#8211; Domingo 11 de Enero 2026 &#8211; 12:45h &#8211; Municipal de Sant Ildefons &#8211; UE Sant Ildefons (6\u00ba &#8211; 20 puntos) &#8211; AE Bon Pastor (11\u00ba &#8211; 16 puntos)<\/strong><\/p>\n\n\n\n<p>Vuelve la competici\u00f3n para la UE Sant Ildefons. Despu\u00e9s de unas semanas de descanso por las vacaciones navide\u00f1as, el equipo de Joan Garc\u00eda vuelve al Municipal para enfrentarse al reci\u00e9n ascendido AE Bon Pastor.<\/p>\n\n\n\n<p>El equipo de Sant Andreu ha comenzado la temporada muy bien, situ\u00e1ndose en los puestos de play-off de ascenso a la Primera Catalana, aunque en las ultimas jornadas se ha ido descolgando de la zona alta y ahora se sit\u00faa a dos puntos del descenso, con un partido menos por disputar.<\/p>\n\n\n\n<p>El balance de los \u00faltimo cinco partidos es de 1 victoria, 1 empate y 3 derrotas y como visitante no es de los mejores de la liga, solo ha sumado una victoria en seis encuentros, y fue en la primera jornada de campeonato.<\/p>\n\n\n\n<p>El camino para los dos \u00faltimos partidos de la primera vuelta de la competici\u00f3n pasa este domingo, por conseguir la victoria contra el AE Bon Pastor y la semana que viene visitar a la FAF L&#8217;Hospitalet, rival directo por los puestos de play-off de ascenso.<\/p>\n\n\n\n<p><strong>Tercera Catalana &#8211; Grupo 9 &#8211; Domingo 11 de Enero 2026 &#8211; 12:00h &#8211; Municipal de Almeda &#8211; CD Almeda (3\u00ba &#8211; 23 puntos) &#8211; CF Vilomara (7\u00ba &#8211; 21 puntos)<\/strong><\/p>\n\n\n\n<p>El CD Almeda quiere conseguir la 3\u00aa victoria consecutiva contra un rival que est\u00e1 en su mejor momento de la temporada, el tambi\u00e9n reci\u00e9n ascendido CF Vilomara.<\/p>\n\n\n\n<p>El equipo de la comarca del Bages viaja a la ciudad de los Estopa con el objetivo de sumar la 4a victoria consecutiva en su regreso a la Tercera Catalana despu\u00e9s de nueve a\u00f1os sin pisarla. El comienzo no ha sido el mejor, coqueteando la zona de descenso, pero con un balance de cuatro victorias en cinco encuentros y con solo una derrota en los \u00faltimos ocho encuentros, es uno de los equipos mas en forma de la competici\u00f3n.<\/p>\n\n\n\n<p>El equipo del barrio de Almeda suma seis partidos consecutivos sin perder y ahora acaricia la zona noble de la clasificaci\u00f3n, estando a dos puntos, tanto del play-off como del liderato, que ahora mismo lo sustenta el CD Codolar.<\/p>\n\n\n\n<p>Ser\u00e1 el primer partido oficial entre ambos equipos y lo que est\u00e1 claro, es que se va a romper la racha de victorias consecutivas, e ir\u00e1 para los de casa o para los visitantes. Partidazo en el Municipal de Almeda.<\/p>\n\n\n\n<p><strong>Tercera Catalana &#8211; Grupo 11 &#8211; Domingo 11 de Enero 2026 &#8211; 17:30h &#8211; Camp Municipal CEM Estruch &#8211; CF Terlenka Barcelonista \u00abB\u00bb (1\u00ba &#8211; 30 puntos) &#8211; CD Fontsanta-Fatjo (4\u00ba &#8211; 25 puntos)<\/strong><\/p>\n\n\n\n<p>Sin duda, el partido m\u00e1s complejo de nuestros equipos de la ciudad de Cornell\u00e0. El CD Fontsanta-Fatjo de Dani se enfrenta al filial del CF Terlenka Barcelonista, l\u00edder del grupo 11 de la 3\u00aa Catalana.<\/p>\n\n\n\n<p>El equipo del municipio de El Prat suma su 5\u00aa temporada consecutiva en la 3\u00aa Catalana y aspira a todo este a\u00f1o. Intent\u00e1ndolo en sus anteriores 3 a\u00f1os, qued\u00e1ndose relativamente cerca de los puestos de play-off de ascenso. Ahora, vivi\u00e9ndolo como l\u00edder de la competici\u00f3n y muy cerca de convertirse en campe\u00f3n de invierno. El balance de los \u00faltimos cinco encuentros es de una derrota y cuatro encuentros, consecutivos, con victoria.<\/p>\n\n\n\n<p>El balance de encuentros con el CD Fontsanta Fatjo es fant\u00e1stico para los intereses locales. Dos encuentros, dos victorias para el cuadro pratense.<\/p>\n\n\n\n<p>El equipo de Cornell\u00e0 buscar\u00e1 la victoria, la primera contra el filial del CF Terlenka Barcelonista, y dar un golpe para asentarse en la zona de play-off de ascenso, esa que tiene a solo un punto y ocupa el filial del Atl\u00e9tic Sant Just. En est\u00e1 liga tan re\u00f1ida, cualquier punto que se pierda, puede ser fat\u00eddico.<\/p>\n\n\n\n<p><\/p>\n\n\n\n<p><em>Desde el Blog UE Cornell\u00e0, le deseamos la mejor de las suertes y la victoria para los nuestros en sus respectivas competiciones.<\/em><\/p>\n","protected":false},"excerpt":{"rendered":"<p>Vuelve la competici\u00f3n para el resto de equipos de nuestra ciudad, cuando solamente quedan dos encuentros para finalizar la primera vuelta de la competici\u00f3n. UE Sant Ildefons, CD Almeda y CD Fontsanta-Fatjo buscar\u00e1n la victoria en el estreno del 2026. Segunda Catalana &#8211; Grupo 3 &#8211; Domingo 11 de Enero 2026 &#8211; 12:45h &#8211; Municipal [&hellip;]<\/p>\n","protected":false},"author":1,"featured_media":3546,"comment_status":"open","ping_status":"open","sticky":false,"template":"","format":"standard","meta":{"_eb_attr":"","advanced_seo_description":"","jetpack_seo_html_title":"","jetpack_seo_noindex":false,"jetpack_post_was_ever_published":false,"_jetpack_newsletter_access":"","_jetpack_dont_email_post_to_subs":false,"_jetpack_newsletter_tier_id":0,"_jetpack_memberships_contains_paywalled_content":false,"_jetpack_memberships_contains_paid_content":false,"footnotes":"","jetpack_publicize_message":"","jetpack_publicize_feature_enabled":true,"jetpack_social_post_already_shared":true,"jetpack_social_options":{"image_generator_settings":{"template":"highway","default_image_id":0,"font":"","enabled":false},"version":2}},"categories":[3,171,157,6,7,14,71,17],"tags":[20,181,156,22,23,29,31,65,35],"class_list":["post-3534","post","type-post","status-publish","format-standard","has-post-thumbnail","hentry","category-2cat3","category-3cat-11","category-3cat9","category-cd-almeda","category-cd-fontsanta-fatjo","category-previa-partido","category-temporada-2025-26","category-ue-sant-ildefons","tag-2cat3","tag-3cat11","tag-3cat9","tag-cd-almeda","tag-cd-fontsanta-fatjo","tag-futbol-cornella","tag-previa","tag-temporada-2025-26","tag-ue-sant-ildefons"],"jetpack_publicize_connections":[],"jetpack_featured_media_url":"https:\/\/i0.wp.com\/www.bloguecornella.es\/wordpress\/wp-content\/uploads\/2026\/01\/Futbol-Cornella-Capitulo-14.png?fit=1600%2C900","jetpack_sharing_enabled":true,"jetpack-related-posts":[{"id":2494,"url":"http:\/\/www.bloguecornella.es\/wordpress\/2025\/09\/18\/futbol-cornella-capitulo-1-20-21-septiembre-2025-previa\/","url_meta":{"origin":3534,"position":0},"title":"F\u00fatbol Cornell\u00e0 &#8211; Cap\u00edtulo 1 &#8211; 20-21 Septiembre 2025 &#8211; Previa","author":"bloguecornella","date":"18 de septiembre de 2025","format":false,"excerpt":"Volvemos otra vez. Empieza una nueva temporada de nuestro \"F\u00fatbol Cornell\u00e0\" con lo que ser\u00e1 la primera jornada para nuestros equipos de la ciudad de Cornell\u00e0. Con el objetivo de olvidar la temporada anterior, donde descendieron UE Sant Ildefons y CD Almeda a 2a y 3a Catalana respectivamente, buscar\u00e1n todos\u2026","rel":"","context":"En \u00ab2cat3\u00bb","block_context":{"text":"2cat3","link":"http:\/\/www.bloguecornella.es\/wordpress\/category\/2cat3\/"},"img":{"alt_text":"","src":"https:\/\/i0.wp.com\/www.bloguecornella.es\/wordpress\/wp-content\/uploads\/2025\/09\/El-derbi-de-Cornella.png?fit=1200%2C675&resize=350%2C200","width":350,"height":200,"srcset":"https:\/\/i0.wp.com\/www.bloguecornella.es\/wordpress\/wp-content\/uploads\/2025\/09\/El-derbi-de-Cornella.png?fit=1200%2C675&resize=350%2C200 1x, https:\/\/i0.wp.com\/www.bloguecornella.es\/wordpress\/wp-content\/uploads\/2025\/09\/El-derbi-de-Cornella.png?fit=1200%2C675&resize=525%2C300 1.5x, https:\/\/i0.wp.com\/www.bloguecornella.es\/wordpress\/wp-content\/uploads\/2025\/09\/El-derbi-de-Cornella.png?fit=1200%2C675&resize=700%2C400 2x, https:\/\/i0.wp.com\/www.bloguecornella.es\/wordpress\/wp-content\/uploads\/2025\/09\/El-derbi-de-Cornella.png?fit=1200%2C675&resize=1050%2C600 3x"},"classes":[]},{"id":3592,"url":"http:\/\/www.bloguecornella.es\/wordpress\/2026\/01\/15\/previa-capitulo-15-futbol-cornella-17-18-enero-2026\/","url_meta":{"origin":3534,"position":1},"title":"Previa cap\u00edtulo 15 F\u00fatbol Cornell\u00e0 &#8211; 17-18 enero 2026","author":"bloguecornella","date":"15 de enero de 2026","format":false,"excerpt":"Finaliza la primera vuelta y los objetivos se van cumpliendo, mas o menos, para todos los equipos de la ciudad. La UE Sant Ildefons, defiende un play-off que se le puede complicar, el CD Almeda est\u00e1 desatado y busca asaltar el liderato y la Fontsanta-Fatjo que est\u00e1 cerca, pero hay\u2026","rel":"","context":"En \u00ab2cat3\u00bb","block_context":{"text":"2cat3","link":"http:\/\/www.bloguecornella.es\/wordpress\/category\/2cat3\/"},"img":{"alt_text":"","src":"https:\/\/i0.wp.com\/www.bloguecornella.es\/wordpress\/wp-content\/uploads\/2026\/01\/Futbol-Cornella-Capitulo-15-1.png?fit=1200%2C675&resize=350%2C200","width":350,"height":200,"srcset":"https:\/\/i0.wp.com\/www.bloguecornella.es\/wordpress\/wp-content\/uploads\/2026\/01\/Futbol-Cornella-Capitulo-15-1.png?fit=1200%2C675&resize=350%2C200 1x, https:\/\/i0.wp.com\/www.bloguecornella.es\/wordpress\/wp-content\/uploads\/2026\/01\/Futbol-Cornella-Capitulo-15-1.png?fit=1200%2C675&resize=525%2C300 1.5x, https:\/\/i0.wp.com\/www.bloguecornella.es\/wordpress\/wp-content\/uploads\/2026\/01\/Futbol-Cornella-Capitulo-15-1.png?fit=1200%2C675&resize=700%2C400 2x, https:\/\/i0.wp.com\/www.bloguecornella.es\/wordpress\/wp-content\/uploads\/2026\/01\/Futbol-Cornella-Capitulo-15-1.png?fit=1200%2C675&resize=1050%2C600 3x"},"classes":[]},{"id":3215,"url":"http:\/\/www.bloguecornella.es\/wordpress\/2025\/12\/11\/previa-capitulo-12-futbol-cornella-13-14-diciembre-2025\/","url_meta":{"origin":3534,"position":2},"title":"Previa cap\u00edtulo 12 F\u00fatbol Cornell\u00e0 13-14 diciembre 2025","author":"bloguecornella","date":"11 de diciembre de 2025","format":false,"excerpt":"Despu\u00e9s del par\u00f3n por el puente de la constituci\u00f3n, vuelve la competici\u00f3n a las territoriales catalanas, donde tenemos a nuestros tres equipos que afrontan los 4 \u00faltimos encuentros con objetivos completamente diferentes. La UE Sant Ildefons quiere romper la racha negativa de derrotas que le hace estar fuera del play-off,\u2026","rel":"","context":"En \u00ab2cat3\u00bb","block_context":{"text":"2cat3","link":"http:\/\/www.bloguecornella.es\/wordpress\/category\/2cat3\/"},"img":{"alt_text":"","src":"https:\/\/i0.wp.com\/www.bloguecornella.es\/wordpress\/wp-content\/uploads\/2025\/12\/Futbol-Cornella-Capitulo-12.png?fit=1200%2C675&resize=350%2C200","width":350,"height":200,"srcset":"https:\/\/i0.wp.com\/www.bloguecornella.es\/wordpress\/wp-content\/uploads\/2025\/12\/Futbol-Cornella-Capitulo-12.png?fit=1200%2C675&resize=350%2C200 1x, https:\/\/i0.wp.com\/www.bloguecornella.es\/wordpress\/wp-content\/uploads\/2025\/12\/Futbol-Cornella-Capitulo-12.png?fit=1200%2C675&resize=525%2C300 1.5x, https:\/\/i0.wp.com\/www.bloguecornella.es\/wordpress\/wp-content\/uploads\/2025\/12\/Futbol-Cornella-Capitulo-12.png?fit=1200%2C675&resize=700%2C400 2x, https:\/\/i0.wp.com\/www.bloguecornella.es\/wordpress\/wp-content\/uploads\/2025\/12\/Futbol-Cornella-Capitulo-12.png?fit=1200%2C675&resize=1050%2C600 3x"},"classes":[]},{"id":2872,"url":"http:\/\/www.bloguecornella.es\/wordpress\/2025\/10\/30\/previa-capitulo-7-futbol-cornella-fin-de-semana-1-2-de-noviembre-2025\/","url_meta":{"origin":3534,"position":3},"title":"Previa Cap\u00edtulo 7 F\u00fatbol Cornell\u00e0 &#8211; Fin de semana 1-2 de Noviembre 2025","author":"bloguecornella","date":"30 de octubre de 2025","format":false,"excerpt":"Nueva jornada para nuestros equipos de la ciudad de Cornell\u00e0, en la que la UE Sant Ildefons defender\u00e1 el liderato contra otro candidato como es el Racing Vallbona, el CD Almeda, idem contra el San Lorenzo Catalunya y el CD Fontsanta-Fatjo seguir creciendo en la clasificaci\u00f3n. As\u00ed que, vamos con\u2026","rel":"","context":"En \u00ab2cat3\u00bb","block_context":{"text":"2cat3","link":"http:\/\/www.bloguecornella.es\/wordpress\/category\/2cat3\/"},"img":{"alt_text":"","src":"https:\/\/i0.wp.com\/www.bloguecornella.es\/wordpress\/wp-content\/uploads\/2025\/10\/Futbol-Cornella-Capitulo-7.png?fit=1200%2C675&resize=350%2C200","width":350,"height":200,"srcset":"https:\/\/i0.wp.com\/www.bloguecornella.es\/wordpress\/wp-content\/uploads\/2025\/10\/Futbol-Cornella-Capitulo-7.png?fit=1200%2C675&resize=350%2C200 1x, https:\/\/i0.wp.com\/www.bloguecornella.es\/wordpress\/wp-content\/uploads\/2025\/10\/Futbol-Cornella-Capitulo-7.png?fit=1200%2C675&resize=525%2C300 1.5x, https:\/\/i0.wp.com\/www.bloguecornella.es\/wordpress\/wp-content\/uploads\/2025\/10\/Futbol-Cornella-Capitulo-7.png?fit=1200%2C675&resize=700%2C400 2x, https:\/\/i0.wp.com\/www.bloguecornella.es\/wordpress\/wp-content\/uploads\/2025\/10\/Futbol-Cornella-Capitulo-7.png?fit=1200%2C675&resize=1050%2C600 3x"},"classes":[]},{"id":3009,"url":"http:\/\/www.bloguecornella.es\/wordpress\/2025\/11\/13\/previa-capitulo-9-futbol-cornella-15-16-noviembre-2025\/","url_meta":{"origin":3534,"position":4},"title":"Previa Cap\u00edtulo 9 F\u00fatbol Cornell\u00e0 &#8211; 15-16 Noviembre 2025","author":"bloguecornella","date":"13 de noviembre de 2025","format":false,"excerpt":"Vuelve el f\u00fatbol, una semana m\u00e1s, y a punto de cumplir un tercio del campeonato. La UE Sant Ildefons querr\u00e1 mantenerse por 3a semana consecutiva, en lo m\u00e1s alto de la clasificaci\u00f3n, la Fontsanta-Fatjo querr\u00e1 ser l\u00edder, por fin, de la competici\u00f3n y el CD Almeda buscar una 2a victoria\u2026","rel":"","context":"En \u00ab2cat3\u00bb","block_context":{"text":"2cat3","link":"http:\/\/www.bloguecornella.es\/wordpress\/category\/2cat3\/"},"img":{"alt_text":"","src":"https:\/\/i0.wp.com\/www.bloguecornella.es\/wordpress\/wp-content\/uploads\/2025\/11\/Futbol-Cornella-Capitulo-9.png?fit=1200%2C675&resize=350%2C200","width":350,"height":200,"srcset":"https:\/\/i0.wp.com\/www.bloguecornella.es\/wordpress\/wp-content\/uploads\/2025\/11\/Futbol-Cornella-Capitulo-9.png?fit=1200%2C675&resize=350%2C200 1x, https:\/\/i0.wp.com\/www.bloguecornella.es\/wordpress\/wp-content\/uploads\/2025\/11\/Futbol-Cornella-Capitulo-9.png?fit=1200%2C675&resize=525%2C300 1.5x, https:\/\/i0.wp.com\/www.bloguecornella.es\/wordpress\/wp-content\/uploads\/2025\/11\/Futbol-Cornella-Capitulo-9.png?fit=1200%2C675&resize=700%2C400 2x, https:\/\/i0.wp.com\/www.bloguecornella.es\/wordpress\/wp-content\/uploads\/2025\/11\/Futbol-Cornella-Capitulo-9.png?fit=1200%2C675&resize=1050%2C600 3x"},"classes":[]},{"id":2740,"url":"http:\/\/www.bloguecornella.es\/wordpress\/2025\/10\/09\/previa-capitulo-4-futbol-cornella-11-12-octubre-2025\/","url_meta":{"origin":3534,"position":5},"title":"Previa Cap\u00edtulo 4 &#8211; F\u00fatbol Cornell\u00e0 &#8211; 11-12 Octubre 2025","author":"bloguecornella","date":"9 de octubre de 2025","format":false,"excerpt":"Nueva semana de competici\u00f3n, en pleno festivo por la Hispanidad, arrancamos el cap\u00edtulo 4 de nuestra secci\u00f3n F\u00fatbol Cornell\u00e0 con la UE Sant Ildefons, l\u00edder de su liga y con un partido trascendental, contra otro de los aspirantes al ascenso de categor\u00eda. El CD Almeda buscar\u00e1 la victoria para seguir,\u2026","rel":"","context":"En \u00ab2cat3\u00bb","block_context":{"text":"2cat3","link":"http:\/\/www.bloguecornella.es\/wordpress\/category\/2cat3\/"},"img":{"alt_text":"","src":"https:\/\/i0.wp.com\/www.bloguecornella.es\/wordpress\/wp-content\/uploads\/2025\/10\/Futbol-Cornella-Capitulo-4-1.png?fit=1200%2C675&resize=350%2C200","width":350,"height":200,"srcset":"https:\/\/i0.wp.com\/www.bloguecornella.es\/wordpress\/wp-content\/uploads\/2025\/10\/Futbol-Cornella-Capitulo-4-1.png?fit=1200%2C675&resize=350%2C200 1x, https:\/\/i0.wp.com\/www.bloguecornella.es\/wordpress\/wp-content\/uploads\/2025\/10\/Futbol-Cornella-Capitulo-4-1.png?fit=1200%2C675&resize=525%2C300 1.5x, https:\/\/i0.wp.com\/www.bloguecornella.es\/wordpress\/wp-content\/uploads\/2025\/10\/Futbol-Cornella-Capitulo-4-1.png?fit=1200%2C675&resize=700%2C400 2x, https:\/\/i0.wp.com\/www.bloguecornella.es\/wordpress\/wp-content\/uploads\/2025\/10\/Futbol-Cornella-Capitulo-4-1.png?fit=1200%2C675&resize=1050%2C600 3x"},"classes":[]}],"_links":{"self":[{"href":"http:\/\/www.bloguecornella.es\/wordpress\/wp-json\/wp\/v2\/posts\/3534","targetHints":{"allow":["GET"]}}],"collection":[{"href":"http:\/\/www.bloguecornella.es\/wordpress\/wp-json\/wp\/v2\/posts"}],"about":[{"href":"http:\/\/www.bloguecornella.es\/wordpress\/wp-json\/wp\/v2\/types\/post"}],"author":[{"embeddable":true,"href":"http:\/\/www.bloguecornella.es\/wordpress\/wp-json\/wp\/v2\/users\/1"}],"replies":[{"embeddable":true,"href":"http:\/\/www.bloguecornella.es\/wordpress\/wp-json\/wp\/v2\/comments?post=3534"}],"version-history":[{"count":5,"href":"http:\/\/www.bloguecornella.es\/wordpress\/wp-json\/wp\/v2\/posts\/3534\/revisions"}],"predecessor-version":[{"id":3545,"href":"http:\/\/www.bloguecornella.es\/wordpress\/wp-json\/wp\/v2\/posts\/3534\/revisions\/3545"}],"wp:featuredmedia":[{"embeddable":true,"href":"http:\/\/www.bloguecornella.es\/wordpress\/wp-json\/wp\/v2\/media\/3546"}],"wp:attachment":[{"href":"http:\/\/www.bloguecornella.es\/wordpress\/wp-json\/wp\/v2\/media?parent=3534"}],"wp:term":[{"taxonomy":"category","embeddable":true,"href":"http:\/\/www.bloguecornella.es\/wordpress\/wp-json\/wp\/v2\/categories?post=3534"},{"taxonomy":"post_tag","embeddable":true,"href":"http:\/\/www.bloguecornella.es\/wordpress\/wp-json\/wp\/v2\/tags?post=3534"}],"curies":[{"name":"wp","href":"https:\/\/api.w.org\/{rel}","templated":true}]}}