{"id":3532,"date":"2026-01-09T12:00:00","date_gmt":"2026-01-09T11:00:00","guid":{"rendered":"http:\/\/www.bloguecornella.es\/wordpress\/?p=3532"},"modified":"2026-01-08T23:29:38","modified_gmt":"2026-01-08T22:29:38","slug":"previa-capitulo-17-ue-cornella-ce-lhospitalet","status":"publish","type":"post","link":"http:\/\/www.bloguecornella.es\/wordpress\/2026\/01\/09\/previa-capitulo-17-ue-cornella-ce-lhospitalet\/","title":{"rendered":"Previa cap\u00edtulo 17 &#8211; UE Cornell\u00e0 &#8211; CE L&#8217;Hospitalet \u00abUna final antes de cerrar la primera vuelta\u00bb"},"content":{"rendered":"\n<p>Queda un encuentro para finalizar la primera vuelta, y no es otro que un \u00abderbi\u00bb especial entre dos equipos vecinos, y con mucha historia detr\u00e1s. Dos realidades diferentes que marcan un mismo objetivo, el ascenso. La UE Cornell\u00e0 recibe para acabar la primera vuelta al CE L&#8217;Hospitalet de Jordi Alba y Thiago Alcantara.<\/p>\n\n\n\n<p><strong>El rival: CE L&#8217;Hospitalet (3\u00ba &#8211; 30 puntos)<\/strong><\/p>\n\n\n\n<p>El presupuesto este a\u00f1o es el que marca a uno de los dos grandes candidatos de la temporada a conseguir el titulo liguero. El CE L&#8217;Hospitalet, con la llegada de Thiago Alc\u00e1ntara y Jordi Alba marcan el ritmo a base de fichajes top este inicio de temporada y que se empieza a demostrar con resultados.<\/p>\n\n\n\n<p>La trayectoria del club en este inicio de temporada es de altibajos. Un comienzo top, situ\u00e1ndose l\u00edder en las primeras jornadas y luego, con un baj\u00f3n que le ha llegado a colocarse en 9\u00aa posici\u00f3n, para volver a coger ritmo y situarse a solo un punto del l\u00edder y con los mismos puntos que su pr\u00f3ximo rival. Actualmente suma 7 de los \u00faltimos 9 puntos.<\/p>\n\n\n\n<p>Ignasi Quer es el gran fichaje que se ha realizado durante est\u00e1 temporada. Con el cambio de la normativa de los fichajes en la 3\u00aa Federaci\u00f3n, los clubes pueden fichar a jugadores hasta el pr\u00f3ximo 01 de febrero, pese a haber competido en la misma categor\u00eda. Procedente del Vic, suma cuatro partidos y tres goles en su haber con el CE L&#8217;Hospitalet que, sumados a los 5 que llevaba con el conjunto vigat\u00e1, suma ocho goles, siendo el segundo m\u00e1ximo goleador de la liga.<\/p>\n\n\n\n<p>Para los verdes, uno de los jugadores que m\u00e1s les va a sonar es el de Javi Serra. El jugador disputo la temporada 24\/25 con la UE Cornell\u00e0 y est\u00e1 siendo uno de los titulares del equipo de Cristi\u00e1n G\u00f3mez en los \u00faltimos encuentros.<\/p>\n\n\n\n<p>Aliaga, Buba, Flavio son otros de los nombres que se suman al elenco de futbolistas que pueden poner en serio riesgo a los jugadores de Ignasi Senabre.<\/p>\n\n\n\n<p><strong>Situaci\u00f3n UE Cornell\u00e0: \u201cMuy predecibles en competici\u00f3n\u201d<\/strong><\/p>\n\n\n\n<p>Lo que vemos en la UE Cornell\u00e0 es que es un equipo resolutivo ante situaciones adversas. Hace tiempo que no se ve un equipo que es capaz de sobreponerse a palos y conseguir sacar petr\u00f3leo donde no hay. Pero eso tambi\u00e9n tiene una doble lectura, que el equipo de Ignasi se est\u00e1 empezando a ver el plumero.<\/p>\n\n\n\n<p>Que Stefan y V\u00edctor Aliaga sean una dupla que se saben compenetrarse muy bien es un hecho. Siempre se ven dos jugadores encima de Stefan que dificultan la combinaci\u00f3n entre ambos jugadores y eso dificulta que, cuando se cometen errores en defensa, se pueda avanzar en el marcador.<\/p>\n\n\n\n<p>La vuelta de H\u00e9ctor Tejada, despu\u00e9s de su lesi\u00f3n, no ha podido ser mejor. Once minutos y gol para sumar un punto en la \u00faltima visita a la comarca del Bages. Pese a su juventud, ya ha demostrado ser un jugador adaptado a la Tercera Federaci\u00f3n y vuelve a marcar con los verdes, despu\u00e9s de haberlo hecho en Primera Federaci\u00f3n en la temporada 23\/24. Creo que es un buen momento para que pueda demostrar, como revulsivo de Leo dos Reis, en la punta de ataque.<\/p>\n\n\n\n<p>Se sigue necesitando fondo de armario. No tenemos banquillo que pueda respaldar cambios en la media y en la punta de ataque. Ian Arques no est\u00e1 en su mejor momento, Moha no est\u00e1 teniendo el protagonismo que se espera, y la juventud de muchos jugadores hacen que cuando se tenga que mirar al banquillo para sacar revulsivo, nos veamos que nos faltan jugadores experimentados.<\/p>\n\n\n\n<p>Para el pr\u00f3ximo encuentro, seguimos con los mismos jugadores que pueden perderse el inicio de la segunda vuelta, en casa contra la UE Vic, el pr\u00f3ximo s\u00e1bado 17 de enero en el Municipal. Moha Ajani y Marc Fern\u00e1ndez, est\u00e1n apercibidos de que, si reciben una tarjeta, se perder\u00e1n ese encuentro.<\/p>\n\n\n\n<p><strong>El XI de Ignasi Senabre:<\/strong><\/p>\n\n\n\n<p>El once con el que creo que saldr\u00e1 Ignasi el domingo ser\u00e1 el siguiente:<\/p>\n\n\n\n<p>POR &#8211; 13 &#8211; Isaac Vila.<\/p>\n\n\n\n<p>DFC &#8211; 4 &#8211; Iv\u00e1n de la Pe\u00f1a.<\/p>\n\n\n\n<p>DFC &#8211; 14 &#8211; Gonzalo Pereira.<\/p>\n\n\n\n<p>DFC &#8211; 15 &#8211; Alejandro Pereira.<\/p>\n\n\n\n<p>MCD &#8211; 6 &#8211; Ot Serrano.<\/p>\n\n\n\n<p>MI &#8211; 27 &#8211; Bruno Lorente.<\/p>\n\n\n\n<p>MC &#8211; 12 &#8211; Santi Guzm\u00e1n.<\/p>\n\n\n\n<p>MD &#8211; 10 &#8211; V\u00edctor Aliaga.<\/p>\n\n\n\n<p>EI &#8211; 11 &#8211; Marc Fernandez.<\/p>\n\n\n\n<p>ED &#8211; 21- Stefan Golubovic.<\/p>\n\n\n\n<p>DC &#8211; 23 &#8211; Leo dos Reis.<\/p>\n\n\n\n<p><em>Suplentes<\/em>: POR &#8211; 25 &#8211; Galo, DFC &#8211; 5 &#8211; Tomas Pe\u00f1alba, DFC &#8211; 17 &#8211; D\u00eddac Rodr\u00edguez, MCD &#8211; 16 &#8211; Moha Ajani, MI &#8211; 22 &#8211; Manel Lozano, MC &#8211; 8 &#8211; Marc Esteban, MD &#8211; 19 &#8211; Joan Benet, DC &#8211; 9 &#8211; H\u00e9ctor Tejada.<\/p>\n\n\n\n<p><em>Lesi\u00f3n<\/em>: POR &#8211; 1 &#8211; Rub\u00e9n Mi\u00f1o, DFC &#8211; 2 &#8211; Diego Garz\u00f3n, ED &#8211; 7 &#8211; Ibai Reches.<\/p>\n\n\n\n<p><em>Descartados<\/em>: DFC &#8211; 30 &#8211; Alejandro Gonz\u00e1lez, MI &#8211; 3 &#8211; Gerard Gonz\u00e1lez, MC &#8211; 18 &#8211; Ian Arques, MD &#8211; 20 &#8211; Toni G\u00f3mez, EI &#8211; 24 &#8211; Adri\u00e1n Simons.<\/p>\n\n\n\n<p><strong>La opini\u00f3n del Blog:<\/strong><\/p>\n\n\n\n<p>Ya hemos completado la mitad del campeonato y vemos que est\u00e1 al rojo vivo. No se puede descuidar ning\u00fan equipo, porque puede perder posiciones de forma muy r\u00e1pida.<\/p>\n\n\n\n<p>Le falta contundencia al equipo de Ignasi Senabre en momentos importantes del encuentro que, antes, los ten\u00eda con mas seguridad. Esto permite que los pinchazos de los m\u00e1ximos rivales no los sepamos aprovechar. Por otro lado, el nivel de competici\u00f3n de est\u00e1 3\u00aa Federaci\u00f3n es incr\u00e9ible. Manresa tiene una potencia brutal para seguir estando arriba, el Vilanova no se queda corto tampoco y por detr\u00e1s asoman la patita CF Peralada y Fundaci\u00f3 Grama sin hacer mucho ruido. As\u00ed que no desviemos el objetivo principal, que es poder asegurar una plaza de las que dan acceso a luchar por el ascenso.<\/p>\n\n\n\n<p>El trabajo de Ignasi con el presupuesto que tiene es brutal. Es un hombre de f\u00fatbol que sabe aprovechar muy bien a cada jugador, pero que necesitas dotarlo de musculo para poder luchar por cosas grandes. Y eso ser\u00e1 un lastre que, pasados los a\u00f1os, se va notando m\u00e1s en lo que era la UE Cornell\u00e0 y lo que es ahora. Por lo que hay que poner en valor y en contexto lo que est\u00e1 haciendo.<\/p>\n\n\n\n<p>No podre estar este domingo en el Municipal narr\u00e1ndolo. Por lo que si quer\u00e9is disfrutar de un gran partidazo de f\u00fatbol, el Municipal de Cornell\u00e0 es vuestro sitio. <\/p>\n","protected":false},"excerpt":{"rendered":"<p>Queda un encuentro para finalizar la primera vuelta, y no es otro que un \u00abderbi\u00bb especial entre dos equipos vecinos, y con mucha historia detr\u00e1s. Dos realidades diferentes que marcan un mismo objetivo, el ascenso. La UE Cornell\u00e0 recibe para acabar la primera vuelta al CE L&#8217;Hospitalet de Jordi Alba y Thiago Alcantara. El rival: [&hellip;]<\/p>\n","protected":false},"author":1,"featured_media":3566,"comment_status":"open","ping_status":"open","sticky":false,"template":"","format":"standard","meta":{"_eb_attr":"","advanced_seo_description":"","jetpack_seo_html_title":"","jetpack_seo_noindex":false,"jetpack_post_was_ever_published":false,"_jetpack_newsletter_access":"","_jetpack_dont_email_post_to_subs":false,"_jetpack_newsletter_tier_id":0,"_jetpack_memberships_contains_paywalled_content":false,"_jetpack_memberships_contains_paid_content":false,"footnotes":"","jetpack_publicize_message":"","jetpack_publicize_feature_enabled":true,"jetpack_social_post_already_shared":true,"jetpack_social_options":{"image_generator_settings":{"template":"highway","default_image_id":0,"font":"","enabled":false},"version":2}},"categories":[14,71,69,51],"tags":[31,65,66,54],"class_list":["post-3532","post","type-post","status-publish","format-standard","has-post-thumbnail","hentry","category-previa-partido","category-temporada-2025-26","category-tercera-federacion-grupo-v","category-ue-cornella","tag-previa","tag-temporada-2025-26","tag-tercera-federacion-grupo-v","tag-ue-cornella"],"jetpack_publicize_connections":[],"jetpack_featured_media_url":"https:\/\/i0.wp.com\/www.bloguecornella.es\/wordpress\/wp-content\/uploads\/2026\/01\/J17-UE-Cornella-CE-LHospitalet.png?fit=940%2C520","jetpack_sharing_enabled":true,"jetpack-related-posts":[{"id":1810,"url":"http:\/\/www.bloguecornella.es\/wordpress\/2025\/06\/27\/3-jorge-carreon-experiencia-contrastada-en-la-categoria\/","url_meta":{"origin":3532,"position":0},"title":"#3 &#8211; Jorge Carre\u00f3n: Experiencia contrastada en la categor\u00eda","author":"bloguecornella","date":"27 de junio de 2025","format":false,"excerpt":"El tercer fichaje de la categor\u00eda viene a dar experiencia en el medio del campo, tras la salida de Alejandro P\u00e9rez al Atl\u00e8tic Balears. A sus 27 a\u00f1os, ha pasado por 9 equipos y, donde el 90% de sus partidos, ha sido, entre el 4\u00ba y 5\u00ba escal\u00f3n del f\u00fatbol\u2026","rel":"","context":"En \u00abFichaje\u00bb","block_context":{"text":"Fichaje","link":"http:\/\/www.bloguecornella.es\/wordpress\/category\/fichaje\/"},"img":{"alt_text":"","src":"https:\/\/i0.wp.com\/www.bloguecornella.es\/wordpress\/wp-content\/uploads\/2025\/06\/3-Jorge-Carreon.png?fit=940%2C529&resize=350%2C200","width":350,"height":200,"srcset":"https:\/\/i0.wp.com\/www.bloguecornella.es\/wordpress\/wp-content\/uploads\/2025\/06\/3-Jorge-Carreon.png?fit=940%2C529&resize=350%2C200 1x, https:\/\/i0.wp.com\/www.bloguecornella.es\/wordpress\/wp-content\/uploads\/2025\/06\/3-Jorge-Carreon.png?fit=940%2C529&resize=525%2C300 1.5x, https:\/\/i0.wp.com\/www.bloguecornella.es\/wordpress\/wp-content\/uploads\/2025\/06\/3-Jorge-Carreon.png?fit=940%2C529&resize=700%2C400 2x"},"classes":[]},{"id":3340,"url":"http:\/\/www.bloguecornella.es\/wordpress\/2026\/01\/02\/previa-capitulo-16-ce-manresa-ue-cornella\/","url_meta":{"origin":3532,"position":1},"title":"Previa cap\u00edtulo 16 &#8211; CE Manresa &#8211; UE Cornell\u00e0 \u00abBatalla por el liderato\u00bb","author":"bloguecornella","date":"2 de enero de 2026","format":false,"excerpt":"Bienvenidos al 2026. Espero que hay\u00e1is disfrutado de las fiestas y que los prop\u00f3sitos que os hay\u00e1is marcado, el 31 de diciembre 2026 se cumplan. Este domingo, vuelve el bal\u00f3n a rodar en un estadio que no visitamos desde hace 20 a\u00f1os, en liga, y que vamos con el aroma\u2026","rel":"","context":"En \u00abPrevia partido\u00bb","block_context":{"text":"Previa partido","link":"http:\/\/www.bloguecornella.es\/wordpress\/category\/previa-partido\/"},"img":{"alt_text":"","src":"https:\/\/i0.wp.com\/www.bloguecornella.es\/wordpress\/wp-content\/uploads\/2026\/01\/J16-CE-Manresa-UE-Cornella.png?fit=940%2C520&resize=350%2C200","width":350,"height":200,"srcset":"https:\/\/i0.wp.com\/www.bloguecornella.es\/wordpress\/wp-content\/uploads\/2026\/01\/J16-CE-Manresa-UE-Cornella.png?fit=940%2C520&resize=350%2C200 1x, https:\/\/i0.wp.com\/www.bloguecornella.es\/wordpress\/wp-content\/uploads\/2026\/01\/J16-CE-Manresa-UE-Cornella.png?fit=940%2C520&resize=525%2C300 1.5x, https:\/\/i0.wp.com\/www.bloguecornella.es\/wordpress\/wp-content\/uploads\/2026\/01\/J16-CE-Manresa-UE-Cornella.png?fit=940%2C520&resize=700%2C400 2x"},"classes":[]},{"id":3586,"url":"http:\/\/www.bloguecornella.es\/wordpress\/2026\/01\/16\/previa-capitulo-18-ue-cornella-uec-vic\/","url_meta":{"origin":3532,"position":2},"title":"Previa cap\u00edtulo 18 &#8211; UE Cornell\u00e0 &#8211; UE Vic \u00abArrancar la 2a vuelta con victoria\u00bb","author":"bloguecornella","date":"16 de enero de 2026","format":false,"excerpt":"Esta semana, dar\u00e1 comienzo la segunda vuelta del campeonato de Tercera Federaci\u00f3n masculina, con un partidazo en el Municipal de Cornell\u00e0 el pr\u00f3ximo s\u00e1bado 17 de enero a las 18h. Su rival, la UE Vic. El rival: UE Vic (15\u00ba - 15 puntos) La temporada se le est\u00e1 haciendo larga\u2026","rel":"","context":"En \u00abPrevia partido\u00bb","block_context":{"text":"Previa partido","link":"http:\/\/www.bloguecornella.es\/wordpress\/category\/previa-partido\/"},"img":{"alt_text":"","src":"https:\/\/i0.wp.com\/www.bloguecornella.es\/wordpress\/wp-content\/uploads\/2026\/01\/J18-UE-Cornella-CUE-Vic.png?fit=940%2C520&resize=350%2C200","width":350,"height":200,"srcset":"https:\/\/i0.wp.com\/www.bloguecornella.es\/wordpress\/wp-content\/uploads\/2026\/01\/J18-UE-Cornella-CUE-Vic.png?fit=940%2C520&resize=350%2C200 1x, https:\/\/i0.wp.com\/www.bloguecornella.es\/wordpress\/wp-content\/uploads\/2026\/01\/J18-UE-Cornella-CUE-Vic.png?fit=940%2C520&resize=525%2C300 1.5x, https:\/\/i0.wp.com\/www.bloguecornella.es\/wordpress\/wp-content\/uploads\/2026\/01\/J18-UE-Cornella-CUE-Vic.png?fit=940%2C520&resize=700%2C400 2x"},"classes":[]},{"id":2816,"url":"http:\/\/www.bloguecornella.es\/wordpress\/2025\/10\/20\/resumen-cedidos-fin-de-semana-18-19-octubre-2025\/","url_meta":{"origin":3532,"position":3},"title":"Resumen cedidos fin de semana 18-19 octubre 2025","author":"bloguecornella","date":"20 de octubre de 2025","format":false,"excerpt":"Quinta entrega del repaso a nuestros cedidos y el balance que han hecho est\u00e1 semana. Izan Gonz\u00e1lez - CE Europa (Primera Federaci\u00f3n - Grupo II) Jornada 8 - S\u00e1bado 18 de Octubre 2025 - 21:00h - CE Europa - CD Eldense Izan jugo, pr\u00e1cticamente todo el partido, salvo ser sustituido\u2026","rel":"","context":"En \u00abCedidos UE Cornell\u00e0\u00bb","block_context":{"text":"Cedidos UE Cornell\u00e0","link":"http:\/\/www.bloguecornella.es\/wordpress\/category\/cedidos-ue-cornella\/"},"img":{"alt_text":"","src":"https:\/\/i0.wp.com\/www.bloguecornella.es\/wordpress\/wp-content\/uploads\/2025\/10\/Resumen-18-19-Oct.png?fit=1200%2C675&resize=350%2C200","width":350,"height":200,"srcset":"https:\/\/i0.wp.com\/www.bloguecornella.es\/wordpress\/wp-content\/uploads\/2025\/10\/Resumen-18-19-Oct.png?fit=1200%2C675&resize=350%2C200 1x, https:\/\/i0.wp.com\/www.bloguecornella.es\/wordpress\/wp-content\/uploads\/2025\/10\/Resumen-18-19-Oct.png?fit=1200%2C675&resize=525%2C300 1.5x, https:\/\/i0.wp.com\/www.bloguecornella.es\/wordpress\/wp-content\/uploads\/2025\/10\/Resumen-18-19-Oct.png?fit=1200%2C675&resize=700%2C400 2x, https:\/\/i0.wp.com\/www.bloguecornella.es\/wordpress\/wp-content\/uploads\/2025\/10\/Resumen-18-19-Oct.png?fit=1200%2C675&resize=1050%2C600 3x"},"classes":[]},{"id":3368,"url":"http:\/\/www.bloguecornella.es\/wordpress\/2025\/12\/19\/previa-capitulo-12-fem-ce-europa-b-fundacio-ue-cornella\/","url_meta":{"origin":3532,"position":4},"title":"Previa cap\u00edtulo 12 Fem: CE Europa \u00abB\u00bb &#8211; Fundaci\u00f3 UE Cornell\u00e0 \u00abLlegar al derbi con victoria\u00bb","author":"bloguecornella","date":"19 de diciembre de 2025","format":false,"excerpt":"Comienza la segunda vuelta y acaba el 2025. Un 2025 en el que se acabo el sue\u00f1o de la Segunda Federaci\u00f3n, jugamos la Copa de la Reina, por primera vez en la historia y se jugo los cuartos de final de la Copa Catalunya. Las circustancias de esta Tercera Federaci\u00f3n\u2026","rel":"","context":"En \u00abFundaci\u00f3 UE Cornell\u00e0\u00bb","block_context":{"text":"Fundaci\u00f3 UE Cornell\u00e0","link":"http:\/\/www.bloguecornella.es\/wordpress\/category\/fuecornella\/"},"img":{"alt_text":"","src":"https:\/\/i0.wp.com\/www.bloguecornella.es\/wordpress\/wp-content\/uploads\/2025\/12\/Previa-Jornada-12.png?fit=940%2C529&resize=350%2C200","width":350,"height":200,"srcset":"https:\/\/i0.wp.com\/www.bloguecornella.es\/wordpress\/wp-content\/uploads\/2025\/12\/Previa-Jornada-12.png?fit=940%2C529&resize=350%2C200 1x, https:\/\/i0.wp.com\/www.bloguecornella.es\/wordpress\/wp-content\/uploads\/2025\/12\/Previa-Jornada-12.png?fit=940%2C529&resize=525%2C300 1.5x, https:\/\/i0.wp.com\/www.bloguecornella.es\/wordpress\/wp-content\/uploads\/2025\/12\/Previa-Jornada-12.png?fit=940%2C529&resize=700%2C400 2x"},"classes":[]},{"id":2639,"url":"http:\/\/www.bloguecornella.es\/wordpress\/2025\/10\/03\/previa-capitulo-5-cf-badalona-ue-cornella-duelo-de-intenciones-por-la-liga\/","url_meta":{"origin":3532,"position":5},"title":"Previa &#8211; Cap\u00edtulo 5 &#8211; CF Badalona &#8211; UE Cornell\u00e0 \u00abDuelo de intenciones por la liga\u00bb","author":"bloguecornella","date":"3 de octubre de 2025","format":false,"excerpt":"Lleg\u00f3. El primer gran reto de la temporada para la UE Cornell\u00e0 de Ignasi Senabre. En la Jornada 5. Contra uno de los m\u00e1ximos aspirantes a llevarse el t\u00edtulo de 3\u00aa Federaci\u00f3n este a\u00f1o. El CF Badalona SAD. El rival: CF Badalona (2\u00ba - 10 puntos) El equipo de Pedro\u2026","rel":"","context":"En \u00abPrevia partido\u00bb","block_context":{"text":"Previa partido","link":"http:\/\/www.bloguecornella.es\/wordpress\/category\/previa-partido\/"},"img":{"alt_text":"","src":"https:\/\/i0.wp.com\/www.bloguecornella.es\/wordpress\/wp-content\/uploads\/2025\/09\/J5-CF-Badalona-UE-Cornella.png?fit=940%2C520&resize=350%2C200","width":350,"height":200,"srcset":"https:\/\/i0.wp.com\/www.bloguecornella.es\/wordpress\/wp-content\/uploads\/2025\/09\/J5-CF-Badalona-UE-Cornella.png?fit=940%2C520&resize=350%2C200 1x, https:\/\/i0.wp.com\/www.bloguecornella.es\/wordpress\/wp-content\/uploads\/2025\/09\/J5-CF-Badalona-UE-Cornella.png?fit=940%2C520&resize=525%2C300 1.5x, https:\/\/i0.wp.com\/www.bloguecornella.es\/wordpress\/wp-content\/uploads\/2025\/09\/J5-CF-Badalona-UE-Cornella.png?fit=940%2C520&resize=700%2C400 2x"},"classes":[]}],"_links":{"self":[{"href":"http:\/\/www.bloguecornella.es\/wordpress\/wp-json\/wp\/v2\/posts\/3532","targetHints":{"allow":["GET"]}}],"collection":[{"href":"http:\/\/www.bloguecornella.es\/wordpress\/wp-json\/wp\/v2\/posts"}],"about":[{"href":"http:\/\/www.bloguecornella.es\/wordpress\/wp-json\/wp\/v2\/types\/post"}],"author":[{"embeddable":true,"href":"http:\/\/www.bloguecornella.es\/wordpress\/wp-json\/wp\/v2\/users\/1"}],"replies":[{"embeddable":true,"href":"http:\/\/www.bloguecornella.es\/wordpress\/wp-json\/wp\/v2\/comments?post=3532"}],"version-history":[{"count":5,"href":"http:\/\/www.bloguecornella.es\/wordpress\/wp-json\/wp\/v2\/posts\/3532\/revisions"}],"predecessor-version":[{"id":3565,"href":"http:\/\/www.bloguecornella.es\/wordpress\/wp-json\/wp\/v2\/posts\/3532\/revisions\/3565"}],"wp:featuredmedia":[{"embeddable":true,"href":"http:\/\/www.bloguecornella.es\/wordpress\/wp-json\/wp\/v2\/media\/3566"}],"wp:attachment":[{"href":"http:\/\/www.bloguecornella.es\/wordpress\/wp-json\/wp\/v2\/media?parent=3532"}],"wp:term":[{"taxonomy":"category","embeddable":true,"href":"http:\/\/www.bloguecornella.es\/wordpress\/wp-json\/wp\/v2\/categories?post=3532"},{"taxonomy":"post_tag","embeddable":true,"href":"http:\/\/www.bloguecornella.es\/wordpress\/wp-json\/wp\/v2\/tags?post=3532"}],"curies":[{"name":"wp","href":"https:\/\/api.w.org\/{rel}","templated":true}]}}