{"id":3362,"date":"2025-12-19T17:00:00","date_gmt":"2025-12-19T16:00:00","guid":{"rendered":"http:\/\/www.bloguecornella.es\/wordpress\/?p=3362"},"modified":"2025-12-19T15:41:49","modified_gmt":"2025-12-19T14:41:49","slug":"previa-capitulo-15-ue-cornella-ce-europa-b","status":"publish","type":"post","link":"http:\/\/www.bloguecornella.es\/wordpress\/2025\/12\/19\/previa-capitulo-15-ue-cornella-ce-europa-b\/","title":{"rendered":"Previa cap\u00edtulo 15: UE Cornell\u00e0 &#8211; CE Europa \u00abB\u00bb \u00abAcabar un 2025, de contrastes, con victoria\u00bb"},"content":{"rendered":"\n<p>\u00daltimo partido del 2025 para hacer una lectura doble. Una primera parte donde descendimos a Tercera Federaci\u00f3n y una segunda en la que estamos volando contra presupuestos altos por el ascenso. Y el Cornell\u00e0 querr\u00e1 acabarlo con victoria para ir con fuerza a los dos \u00faltimos encuentros de la 1a vuelta. Su rival, el filial escapulado, el CE Europa \u00abB\u00bb.<\/p>\n\n\n\n<p><strong>El rival: CE Europa \u00abB\u00bb (14\u00ba &#8211; 13 puntos<\/strong>)<\/p>\n\n\n\n<p>El filial europe\u00edsta visitara por primera vez el Municipal de Cornell\u00e0 con el objetivo de romper la racha de tres partidos consecutivos sin ganar. Sus resultados fuera de casa son mejores en el Nou Sardenya, pero bien es cierto que la posici\u00f3n en la clasificaci\u00f3n no dice lo mismo.<\/p>\n\n\n\n<p>Hay que destacar dos jugadores del filial que est\u00e1n completando una buena temporada. Se trata de Eric Compte y Marc Angles que suman entre los dos 10 goles (cinco por jugador) y se traduce en el 66% de los goles del equipo esta temporada. <\/p>\n\n\n\n<p><strong>La situaci\u00f3n de la UE Cornell\u00e0: \u00abCerrar el 2025 con victoria\u00bb<\/strong><\/p>\n\n\n\n<p>Ignasi lo tiene claro y quiere cerrar el 2025 con victoria e irse a las vacaciones de navidad con el objetivo cumplido y de sumar su 10\u00aa jornada consecutiva sin perder. Esta vuelta a la Tercera Federaci\u00f3n est\u00e1 siendo un sue\u00f1o para un equipo que viene de bajar dos categor\u00edas consecutivas y donde ve que esta compitiendo contra presupuestos como los del Hospi y Badalona.<\/p>\n\n\n\n<p>La LSS volver\u00e1 a estar disponible para el t\u00e9cnico barcelon\u00e9s que buscar\u00e1 que sea efectiva en el pr\u00f3ximo encuentro de liga contra el Europa B. Gracias a esos 15 goles, la UE Cornell\u00e0 es el <strong>m\u00e1ximo goleador de la competici\u00f3n<\/strong>, con 26 goles, 3 mas que sus inmediatos perseguidores. Adem\u00e1s, si todo va bien y el m\u00edster lo ve conveniente, se podr\u00e1 volver a ver a H\u00e9ctor Tejada que, despu\u00e9s de su lesi\u00f3n, fue convocado en el pasado fin de semana, aunque no se sent\u00f3 en el banquillo.<\/p>\n\n\n\n<p>Ian Arques esta completando buenos partidos y creo que puede ser una buena oportunidad para que entre en el once inicial y pueda destacara como jugador que puede ser un revulsivo en su posici\u00f3n.<\/p>\n\n\n\n<p>Para este encuentro, previsiblemente y con el concepto de que vendr\u00e1n dos encuentros muy dif\u00edciles, dar\u00e1 descanso a Moha Ajani y Marc Fernandez que, al tener cuatro tarjetas amarillas cada uno, una podr\u00eda hacer perderse el siguiente encuentro contra el CE Manresa. Estar\u00e1n en el banquillo, pero no se les forzara para que puedan jugar el primero de los dos grandes duelos que se les viene encima a los de Senabre.<\/p>\n\n\n\n<p><strong>El XI de Ignasi Senabre<\/strong><\/p>\n\n\n\n<p>El XI con el que Ignasi, previsiblemente, saldr\u00e1 el pr\u00f3ximo domingo ser\u00e1 el siguiente:<\/p>\n\n\n\n<p>POR &#8211; 1 &#8211; Rub\u00e9n Mi\u00f1o<\/p>\n\n\n\n<p>DFC &#8211; 4 &#8211; Iv\u00e1n de la Pe\u00f1a Jr.<\/p>\n\n\n\n<p>DFC &#8211; 14 &#8211; Gonzalo Pereira.<\/p>\n\n\n\n<p>DFC &#8211; 17 &#8211; D\u00eddac Rodr\u00edguez<\/p>\n\n\n\n<p>MCD &#8211; 6 &#8211; Ot Serrano<\/p>\n\n\n\n<p>MI &#8211; 3 &#8211; Gerard Gonz\u00e1lez<\/p>\n\n\n\n<p>MC &#8211; 18 &#8211; Ian Arques<\/p>\n\n\n\n<p>MD &#8211; 10 &#8211; V\u00edctor Aliaga<\/p>\n\n\n\n<p>EI &#8211; 12 &#8211; Santi Guzm\u00e1n<\/p>\n\n\n\n<p>ED &#8211; 21 &#8211; Stefan Golubovic<\/p>\n\n\n\n<p>DC &#8211; 23 &#8211; Leo dos Reis<\/p>\n\n\n\n<p><em>Suplentes<\/em>: POR &#8211; 13 &#8211; Isaac Vila, DFC &#8211; 15 &#8211; Alejandro Pereira, MCD &#8211; 16 &#8211; Moha Ajani, MI &#8211; 19 &#8211; Joan Benet, MD &#8211; 22 &#8211; Manel Lozano, EI &#8211; 11 &#8211; Marc Fern\u00e1ndez, ED &#8211; 24 &#8211; Adrian Simons, DC &#8211; 9 H\u00e9ctor Tejada, <\/p>\n\n\n\n<p><em>Lesionados<\/em>: DFC &#8211; 2 &#8211; Diego Garz\u00f3n, ED &#8211; 7 &#8211; Ibai Reches<\/p>\n\n\n\n<p><em>Descartados:<\/em> DFC &#8211; 5 &#8211; Tom\u00e1s Pe\u00f1alba, DFC &#8211; 30 &#8211; Alejandro Gonz\u00e1lez, MD &#8211; 20 &#8211; Toni Gomez, MC &#8211; 8 &#8211; Marc Esteban, <\/p>\n\n\n\n<p><strong>La opini\u00f3n del Blog:<\/strong><\/p>\n\n\n\n<p>Cerrar con victoria este 2025 es necesario, pese al gran momento que est\u00e1 viviendo el equipo y que habr\u00e1 partidos en los que se pueda perder, los dos pr\u00f3ximos partidos pueden marcar el ritmo de la competici\u00f3n y coger  holgura para, por una parte, asegurar el play-off, donde seguimos cuatro puntos por encima de el, y que los dos pr\u00f3ximos partidos son contra el Manresa y el Hospitalet.<\/p>\n\n\n\n<p>El equipo lo veo unido, el equipo lo veo con hambre, el equipo se compenetra, incluso los suplentes, y no creo que sea necesario ir al mercado de invierno para reforzarnos. Tenemos base para poder ir con lo que tenemos hasta el final de temporada.<\/p>\n\n\n\n<p>Veremos si, en el mercado, se querr\u00e1 ir a buscar jugadores de la UE Cornell\u00e0, aunque no faltar\u00e1n motivos para poder llevarse a las perlas del equipo.<\/p>\n\n\n\n<p>Volveremos a retransmitir v\u00eda <a href=\"https:\/\/www.twitch.tv\/bloguecornellatv\" data-type=\"link\" data-id=\"https:\/\/www.twitch.tv\/bloguecornellatv\" target=\"_blank\" rel=\"noreferrer noopener\">Twitch<\/a> el encuentro, con lo que ser\u00e1 cerrar un a\u00f1o 2025 muy bueno para el Blog y en el que espero que lo pod\u00e1is seguir con nosotros.<\/p>\n\n\n\n<p>Domingo 21 de Enero &#8211; 20h &#8211; Municipal de Cornell\u00e0 &#8211; UE Cornell\u00e0 &#8211; CE Europa \u00abB\u00bb<\/p>\n","protected":false},"excerpt":{"rendered":"<p>\u00daltimo partido del 2025 para hacer una lectura doble. Una primera parte donde descendimos a Tercera Federaci\u00f3n y una segunda en la que estamos volando contra presupuestos altos por el ascenso. Y el Cornell\u00e0 querr\u00e1 acabarlo con victoria para ir con fuerza a los dos \u00faltimos encuentros de la 1a vuelta. Su rival, el filial [&hellip;]<\/p>\n","protected":false},"author":1,"featured_media":3364,"comment_status":"open","ping_status":"open","sticky":false,"template":"","format":"standard","meta":{"_eb_attr":"","advanced_seo_description":"","jetpack_seo_html_title":"","jetpack_seo_noindex":false,"jetpack_post_was_ever_published":false,"_jetpack_newsletter_access":"","_jetpack_dont_email_post_to_subs":false,"_jetpack_newsletter_tier_id":0,"_jetpack_memberships_contains_paywalled_content":false,"_jetpack_memberships_contains_paid_content":false,"footnotes":"","jetpack_publicize_message":"","jetpack_publicize_feature_enabled":true,"jetpack_social_post_already_shared":true,"jetpack_social_options":{"image_generator_settings":{"template":"highway","default_image_id":0,"font":"","enabled":false},"version":2}},"categories":[14,71,69,51],"tags":[31,65,66,54],"class_list":["post-3362","post","type-post","status-publish","format-standard","has-post-thumbnail","hentry","category-previa-partido","category-temporada-2025-26","category-tercera-federacion-grupo-v","category-ue-cornella","tag-previa","tag-temporada-2025-26","tag-tercera-federacion-grupo-v","tag-ue-cornella"],"jetpack_publicize_connections":[],"jetpack_featured_media_url":"https:\/\/i0.wp.com\/www.bloguecornella.es\/wordpress\/wp-content\/uploads\/2025\/12\/J15-UE-Cornella-CE-Europa-B.png?fit=940%2C520","jetpack_sharing_enabled":true,"jetpack-related-posts":[{"id":2492,"url":"http:\/\/www.bloguecornella.es\/wordpress\/2025\/09\/19\/capitulo-1-fundacio-ue-cornella-ce-europa-b-previa-ilusion-por-volver-a-segunda-federacion\/","url_meta":{"origin":3362,"position":0},"title":"Cap\u00edtulo 1 : Fundaci\u00f3 UE Cornell\u00e0 &#8211; CE Europa \u201cB\u201d &#8211; Previa \u201cIlusi\u00f3n por volver a Segunda Federaci\u00f3n\u201d","author":"bloguecornella","date":"19 de septiembre de 2025","format":false,"excerpt":"Vuelve la competici\u00f3n para el femenino de la UE Cornell\u00e0. Vuelve a rodar el bal\u00f3n, de forma oficial, en el Nou Municipal, para la Fundaci\u00f3 UE Cornell\u00e0. Este domingo, a las 18h, se enfrenta a un reci\u00e9n ascendido como es el filial del CE Europa \"B\" El rival: CE Europa\u2026","rel":"","context":"En \u00abFundaci\u00f3 UE Cornell\u00e0\u00bb","block_context":{"text":"Fundaci\u00f3 UE Cornell\u00e0","link":"http:\/\/www.bloguecornella.es\/wordpress\/category\/fuecornella\/"},"img":{"alt_text":"","src":"https:\/\/i0.wp.com\/www.bloguecornella.es\/wordpress\/wp-content\/uploads\/2025\/09\/Previa-Jornada-1.png?fit=940%2C529&resize=350%2C200","width":350,"height":200,"srcset":"https:\/\/i0.wp.com\/www.bloguecornella.es\/wordpress\/wp-content\/uploads\/2025\/09\/Previa-Jornada-1.png?fit=940%2C529&resize=350%2C200 1x, https:\/\/i0.wp.com\/www.bloguecornella.es\/wordpress\/wp-content\/uploads\/2025\/09\/Previa-Jornada-1.png?fit=940%2C529&resize=525%2C300 1.5x, https:\/\/i0.wp.com\/www.bloguecornella.es\/wordpress\/wp-content\/uploads\/2025\/09\/Previa-Jornada-1.png?fit=940%2C529&resize=700%2C400 2x"},"classes":[]},{"id":3368,"url":"http:\/\/www.bloguecornella.es\/wordpress\/2025\/12\/19\/previa-capitulo-12-fem-ce-europa-b-fundacio-ue-cornella\/","url_meta":{"origin":3362,"position":1},"title":"Previa cap\u00edtulo 12 Fem: CE Europa \u00abB\u00bb &#8211; Fundaci\u00f3 UE Cornell\u00e0 \u00abLlegar al derbi con victoria\u00bb","author":"bloguecornella","date":"19 de diciembre de 2025","format":false,"excerpt":"Comienza la segunda vuelta y acaba el 2025. Un 2025 en el que se acabo el sue\u00f1o de la Segunda Federaci\u00f3n, jugamos la Copa de la Reina, por primera vez en la historia y se jugo los cuartos de final de la Copa Catalunya. Las circustancias de esta Tercera Federaci\u00f3n\u2026","rel":"","context":"En \u00abFundaci\u00f3 UE Cornell\u00e0\u00bb","block_context":{"text":"Fundaci\u00f3 UE Cornell\u00e0","link":"http:\/\/www.bloguecornella.es\/wordpress\/category\/fuecornella\/"},"img":{"alt_text":"","src":"https:\/\/i0.wp.com\/www.bloguecornella.es\/wordpress\/wp-content\/uploads\/2025\/12\/Previa-Jornada-12.png?fit=940%2C529&resize=350%2C200","width":350,"height":200,"srcset":"https:\/\/i0.wp.com\/www.bloguecornella.es\/wordpress\/wp-content\/uploads\/2025\/12\/Previa-Jornada-12.png?fit=940%2C529&resize=350%2C200 1x, https:\/\/i0.wp.com\/www.bloguecornella.es\/wordpress\/wp-content\/uploads\/2025\/12\/Previa-Jornada-12.png?fit=940%2C529&resize=525%2C300 1.5x, https:\/\/i0.wp.com\/www.bloguecornella.es\/wordpress\/wp-content\/uploads\/2025\/12\/Previa-Jornada-12.png?fit=940%2C529&resize=700%2C400 2x"},"classes":[]},{"id":3514,"url":"http:\/\/www.bloguecornella.es\/wordpress\/2026\/01\/05\/resumen-cedidos-ue-cornella-3-4-enero-2026\/","url_meta":{"origin":3362,"position":2},"title":"Resumen cedidos UE Cornell\u00e0 3-4 Enero 2026","author":"bloguecornella","date":"5 de enero de 2026","format":false,"excerpt":"Decimo sexta entrega del repaso a nuestros cedidos y el balance que han hecho est\u00e1 semana. Izan Gonz\u00e1lez - CE Europa (Primera Federaci\u00f3n - Grupo II) Jornada 18 - Domingo 4 de Enero 2026 - 18:45h - Betis Deportivo - CE Europa. El CE Europa ha empatado en su desplazamiento\u2026","rel":"","context":"En \u00abCedidos UE Cornell\u00e0\u00bb","block_context":{"text":"Cedidos UE Cornell\u00e0","link":"http:\/\/www.bloguecornella.es\/wordpress\/category\/cedidos-ue-cornella\/"},"img":{"alt_text":"","src":"https:\/\/i0.wp.com\/www.bloguecornella.es\/wordpress\/wp-content\/uploads\/2026\/01\/resumen-20-21-dic.png?fit=1200%2C675&resize=350%2C200","width":350,"height":200,"srcset":"https:\/\/i0.wp.com\/www.bloguecornella.es\/wordpress\/wp-content\/uploads\/2026\/01\/resumen-20-21-dic.png?fit=1200%2C675&resize=350%2C200 1x, https:\/\/i0.wp.com\/www.bloguecornella.es\/wordpress\/wp-content\/uploads\/2026\/01\/resumen-20-21-dic.png?fit=1200%2C675&resize=525%2C300 1.5x, https:\/\/i0.wp.com\/www.bloguecornella.es\/wordpress\/wp-content\/uploads\/2026\/01\/resumen-20-21-dic.png?fit=1200%2C675&resize=700%2C400 2x, https:\/\/i0.wp.com\/www.bloguecornella.es\/wordpress\/wp-content\/uploads\/2026\/01\/resumen-20-21-dic.png?fit=1200%2C675&resize=1050%2C600 3x"},"classes":[]},{"id":3276,"url":"http:\/\/www.bloguecornella.es\/wordpress\/2025\/12\/09\/resumen-cedidos-ue-cornella-fin-de-semana-6-7-diciembre-2025\/","url_meta":{"origin":3362,"position":3},"title":"Resumen cedidos UE Cornell\u00e0 fin de semana 6-7 diciembre 2025","author":"bloguecornella","date":"9 de diciembre de 2025","format":false,"excerpt":"Decimo tercera entrega del repaso a nuestros cedidos y el balance que han hecho est\u00e1 semana. Izan Gonz\u00e1lez - CE Europa (Primera Federaci\u00f3n - Grupo II) Jornada 15 - Lunes 8 de Diciembre 2025 - 18:30h - SD Tarazona - CE Europa. Izan Gonzalez, disfruto de nuevo de los 90\u2026","rel":"","context":"En \u00abCedidos UE Cornell\u00e0\u00bb","block_context":{"text":"Cedidos UE Cornell\u00e0","link":"http:\/\/www.bloguecornella.es\/wordpress\/category\/cedidos-ue-cornella\/"},"img":{"alt_text":"","src":"https:\/\/i0.wp.com\/www.bloguecornella.es\/wordpress\/wp-content\/uploads\/2025\/12\/Resumen-6-7-dic.png?fit=1200%2C675&resize=350%2C200","width":350,"height":200,"srcset":"https:\/\/i0.wp.com\/www.bloguecornella.es\/wordpress\/wp-content\/uploads\/2025\/12\/Resumen-6-7-dic.png?fit=1200%2C675&resize=350%2C200 1x, https:\/\/i0.wp.com\/www.bloguecornella.es\/wordpress\/wp-content\/uploads\/2025\/12\/Resumen-6-7-dic.png?fit=1200%2C675&resize=525%2C300 1.5x, https:\/\/i0.wp.com\/www.bloguecornella.es\/wordpress\/wp-content\/uploads\/2025\/12\/Resumen-6-7-dic.png?fit=1200%2C675&resize=700%2C400 2x, https:\/\/i0.wp.com\/www.bloguecornella.es\/wordpress\/wp-content\/uploads\/2025\/12\/Resumen-6-7-dic.png?fit=1200%2C675&resize=1050%2C600 3x"},"classes":[]},{"id":2490,"url":"http:\/\/www.bloguecornella.es\/wordpress\/2025\/09\/15\/resumen-cedidos-ue-cornella-13-14-septiembre-2025\/","url_meta":{"origin":3362,"position":4},"title":"Resumen cedidos UE Cornella 13-14 Septiembre 2025","author":"bloguecornella","date":"15 de septiembre de 2025","format":false,"excerpt":"Segunda entrega del repaso a nuestros cedidos y el balance que han hecho est\u00e1 semana. Izan Gonz\u00e1lez - CE Europa (Primera Federaci\u00f3n - Grupo II) Jornada 3 - S\u00e1bado 13 Septiembre 2025 - 16:15h - Villarreal CF \"B\" - CE Europa. De nuevo, Izan Gonz\u00e1lez ha jugado de titular y\u2026","rel":"","context":"En \u00abCedidos UE Cornell\u00e0\u00bb","block_context":{"text":"Cedidos UE Cornell\u00e0","link":"http:\/\/www.bloguecornella.es\/wordpress\/category\/cedidos-ue-cornella\/"},"img":{"alt_text":"","src":"https:\/\/i0.wp.com\/www.bloguecornella.es\/wordpress\/wp-content\/uploads\/2025\/09\/Resumen-cedidos-1.png?fit=1200%2C675&resize=350%2C200","width":350,"height":200,"srcset":"https:\/\/i0.wp.com\/www.bloguecornella.es\/wordpress\/wp-content\/uploads\/2025\/09\/Resumen-cedidos-1.png?fit=1200%2C675&resize=350%2C200 1x, https:\/\/i0.wp.com\/www.bloguecornella.es\/wordpress\/wp-content\/uploads\/2025\/09\/Resumen-cedidos-1.png?fit=1200%2C675&resize=525%2C300 1.5x, https:\/\/i0.wp.com\/www.bloguecornella.es\/wordpress\/wp-content\/uploads\/2025\/09\/Resumen-cedidos-1.png?fit=1200%2C675&resize=700%2C400 2x, https:\/\/i0.wp.com\/www.bloguecornella.es\/wordpress\/wp-content\/uploads\/2025\/09\/Resumen-cedidos-1.png?fit=1200%2C675&resize=1050%2C600 3x"},"classes":[]},{"id":3210,"url":"http:\/\/www.bloguecornella.es\/wordpress\/2025\/12\/01\/resumen-cedidos-ue-cornella-29-30-de-noviembre-2025\/","url_meta":{"origin":3362,"position":5},"title":"Resumen cedidos UE Cornell\u00e0 &#8211; 29-30 de Noviembre 2025","author":"bloguecornella","date":"1 de diciembre de 2025","format":false,"excerpt":"Decimosegunda entrega del repaso a nuestros cedidos y el balance que han hecho est\u00e1 semana. Izan Gonz\u00e1lez - CE Europa (Primera Federaci\u00f3n - Grupo II) Jornada 14 - Viernes 28 de Noviembre 2025 - 21:15h - CE Europa - CE Sabadell. Izan Gonz\u00e1lez vuelve a disputar los 90 minutos de\u2026","rel":"","context":"En \u00abCedidos UE Cornell\u00e0\u00bb","block_context":{"text":"Cedidos UE Cornell\u00e0","link":"http:\/\/www.bloguecornella.es\/wordpress\/category\/cedidos-ue-cornella\/"},"img":{"alt_text":"","src":"https:\/\/i0.wp.com\/www.bloguecornella.es\/wordpress\/wp-content\/uploads\/2025\/12\/Resumen-29-30-nov.png?fit=1200%2C675&resize=350%2C200","width":350,"height":200,"srcset":"https:\/\/i0.wp.com\/www.bloguecornella.es\/wordpress\/wp-content\/uploads\/2025\/12\/Resumen-29-30-nov.png?fit=1200%2C675&resize=350%2C200 1x, https:\/\/i0.wp.com\/www.bloguecornella.es\/wordpress\/wp-content\/uploads\/2025\/12\/Resumen-29-30-nov.png?fit=1200%2C675&resize=525%2C300 1.5x, https:\/\/i0.wp.com\/www.bloguecornella.es\/wordpress\/wp-content\/uploads\/2025\/12\/Resumen-29-30-nov.png?fit=1200%2C675&resize=700%2C400 2x, https:\/\/i0.wp.com\/www.bloguecornella.es\/wordpress\/wp-content\/uploads\/2025\/12\/Resumen-29-30-nov.png?fit=1200%2C675&resize=1050%2C600 3x"},"classes":[]}],"_links":{"self":[{"href":"http:\/\/www.bloguecornella.es\/wordpress\/wp-json\/wp\/v2\/posts\/3362","targetHints":{"allow":["GET"]}}],"collection":[{"href":"http:\/\/www.bloguecornella.es\/wordpress\/wp-json\/wp\/v2\/posts"}],"about":[{"href":"http:\/\/www.bloguecornella.es\/wordpress\/wp-json\/wp\/v2\/types\/post"}],"author":[{"embeddable":true,"href":"http:\/\/www.bloguecornella.es\/wordpress\/wp-json\/wp\/v2\/users\/1"}],"replies":[{"embeddable":true,"href":"http:\/\/www.bloguecornella.es\/wordpress\/wp-json\/wp\/v2\/comments?post=3362"}],"version-history":[{"count":7,"href":"http:\/\/www.bloguecornella.es\/wordpress\/wp-json\/wp\/v2\/posts\/3362\/revisions"}],"predecessor-version":[{"id":3436,"href":"http:\/\/www.bloguecornella.es\/wordpress\/wp-json\/wp\/v2\/posts\/3362\/revisions\/3436"}],"wp:featuredmedia":[{"embeddable":true,"href":"http:\/\/www.bloguecornella.es\/wordpress\/wp-json\/wp\/v2\/media\/3364"}],"wp:attachment":[{"href":"http:\/\/www.bloguecornella.es\/wordpress\/wp-json\/wp\/v2\/media?parent=3362"}],"wp:term":[{"taxonomy":"category","embeddable":true,"href":"http:\/\/www.bloguecornella.es\/wordpress\/wp-json\/wp\/v2\/categories?post=3362"},{"taxonomy":"post_tag","embeddable":true,"href":"http:\/\/www.bloguecornella.es\/wordpress\/wp-json\/wp\/v2\/tags?post=3362"}],"curies":[{"name":"wp","href":"https:\/\/api.w.org\/{rel}","templated":true}]}}