{"id":3260,"date":"2025-12-09T17:00:00","date_gmt":"2025-12-09T16:00:00","guid":{"rendered":"http:\/\/www.bloguecornella.es\/wordpress\/?p=3260"},"modified":"2025-12-09T23:38:00","modified_gmt":"2025-12-09T22:38:00","slug":"previa-copa-catalunya-octavos-final-ue-cornella-ce-sabadell","status":"publish","type":"post","link":"http:\/\/www.bloguecornella.es\/wordpress\/2025\/12\/09\/previa-copa-catalunya-octavos-final-ue-cornella-ce-sabadell\/","title":{"rendered":"Previa Copa Catalunya &#8211; Octavos Final &#8211; UE Cornell\u00e0 &#8211; CE Sabadell \u00abSo\u00f1ar con la gesta y acceder a cuartos de final\u00bb"},"content":{"rendered":"\n<p>Este mi\u00e9rcoles 10 de diciembre, la UE Cornell\u00e0 recibe al CE Sabadell en el Municipal de Cornell\u00e0, con el objetivo de luchar por acceder, por cuarta vez en su historia, a los cuartos de final de la Copa Catalunya masculina, despu\u00e9s de los que ha logrado en 2016, 2018 y 2023.<\/p>\n\n\n\n<p><strong>El rival: CE Sabadell (3\u00ba &#8211; 23 puntos) &#8211; Primera Federaci\u00f3n &#8211; Grupo 2<\/strong><\/p>\n\n\n\n<p>Desde el descenso en la temporada 2023\/24 a la Segunda Federaci\u00f3n, y lo que supon\u00eda estar en la 4\u00aa categor\u00eda del f\u00fatbol profesional, ha supuesto un cambio de rumbo para la entidad en lo que lleva de 2025.<\/p>\n\n\n\n<p>Un ascenso en play-off a la Primera Federaci\u00f3n y un arranque de campeonato para volver a luchar por estar en el f\u00fatbol profesional son alicientes para que el duelo que se vivir\u00e1 este mi\u00e9rcoles en el Municipal sea de altura.<\/p>\n\n\n\n<p>En lo que se refiere a los \u00faltimos enfrentamientos en el Nou Municipal de Cornell\u00e0, se salda con 1 victoria, 1 empate y 2 derrotas. Estamos hablando en situaciones en que ambos equipos compet\u00edan en la misma categor\u00eda y no se asemejan a lo que actualmente est\u00e1n viviendo cada uno de ellos.<\/p>\n\n\n\n<p>Para el partido de copa previo contra el Ripollet CF, jugaron jugadores titulares del equipo de Ferr\u00e1n Costa como son Miguelete y Ton Ripoll. Jugaron con varios jugadores del equipo filial y tambi\u00e9n del Juvenil A Divisi\u00f3n de Honor.<\/p>\n\n\n\n<p><strong>Situaci\u00f3n UE Cornell\u00e0: \u00abUna oportunidad de hacer hist\u00f3ria\u00bb<\/strong><\/p>\n\n\n\n<p>Despu\u00e9s de la victoria por 4-1 conseguida este s\u00e1bado en el Municipal, el equipo de Ignasi Senabre llega al partido de copa con la moral de sumar nueve encuentros consecutivos sin perder (8 de liga y 1 de Copa Catalunya) y de poder afrontar este partido como lo que es, unos octavos de final de Copa Catalunya, partido de rotaciones y en el que podemos hacer historia y clasificarnos para los cuartos de Final.<\/p>\n\n\n\n<p>El rival no es el m\u00e1s sencillo que nos pod\u00eda tocar, pero es un partido muy bonito por la rivalidad que hay entre los dos equipos.<\/p>\n\n\n\n<p>La LSS ha vuelto a reivindicarse este \u00faltimo fin de semana. Leo, Santi y Stefan volvieron a ver porter\u00eda y es el tercer encuentro en el que los tres ven porter\u00eda en el mismo encuentro. Creo que pueden estar disponibles para el partido de este mi\u00e9rcoles y buscar el pase a los cuartos de final.<\/p>\n\n\n\n<p>En esa l\u00ednea, creo que subir\u00e1n del juvenil jugadores como Yurii y Eloy Mejias. Este \u00faltimo, destaco en el partido contra el San Crist\u00f3bal y no descarto que partan de inicio para el partido contra el Sabadell.<\/p>\n\n\n\n<p>Isaac Vila volver\u00e1 a la porter\u00eda despu\u00e9s de la titularidad contra el Tona y reafirmarse como portero titular, incluso en partidos de liga. Aqu\u00ed la disputa la tendr\u00e1 con Ruben Mi\u00f1o. Los dos porteros hacen buen t\u00e1ndem y, donde el alumno est\u00e1 aprendiendo del maestro, en sus \u00faltimos a\u00f1os de carrera futbol\u00edstica.<\/p>\n\n\n\n<p>El Cornell\u00e0 no llega a los cuartos de final desde la temporada 2023 y aqu\u00ed fue eliminado por el antiguo Badalona Futur por 1-3 en el Municipal de Cornell\u00e0.<\/p>\n\n\n\n<p><strong>El XI de Ignasi Senabre<\/strong><\/p>\n\n\n\n<p>El XI con el que previsiblemente Ignasi Senabre saldr\u00e1 contra el CE Sabadell ser\u00eda el siguiente:<\/p>\n\n\n\n<p>POR &#8211; 13 &#8211; Isaac Vila.<\/p>\n\n\n\n<p>DFC &#8211; 5 &#8211; Tom\u00e1s Pe\u00f1alba.<\/p>\n\n\n\n<p>DFC &#8211; 14 &#8211; Gonzalo Pereira.<\/p>\n\n\n\n<p>DFC &#8211; 15 &#8211; Alejandro Pereira.<\/p>\n\n\n\n<p>MCD &#8211; 18 &#8211; Ian Arques.<\/p>\n\n\n\n<p>MI &#8211; 27 &#8211; Eloy Mejias.<\/p>\n\n\n\n<p>MC &#8211; 12 &#8211; Santi Guzman.<\/p>\n\n\n\n<p>MD &#8211; 19 &#8211; Joan Benet.<\/p>\n\n\n\n<p>EI &#8211; 24 &#8211; Adri\u00e1n Simons.<\/p>\n\n\n\n<p>ED &#8211; 21 &#8211; Stefan Golubovic.<\/p>\n\n\n\n<p>DC &#8211; 23 &#8211; Leo dos Reis.<\/p>\n\n\n\n<p><em>Suplentes<\/em>: POR &#8211; 1- Ruben Mi\u00f1o, DFC &#8211; 4 &#8211; Ivan de la Pe\u00f1a Jr., 17 &#8211; DFC &#8211; D\u00eddac Rodr\u00edguez, MCD &#8211; 16 &#8211; Moha Ajani, MI &#8211; 22 &#8211; Manel Lozano,  MC &#8211; 8 &#8211; Marc Esteban, MD &#8211; 10 &#8211; V\u00edctor Aliaga, ED &#8211; 11 &#8211; Marc Fernandez,  DC &#8211; 25 &#8211; Yurii Kisak.<\/p>\n\n\n\n<p><em>Lesi\u00f3n<\/em>: DFC &#8211; 2 &#8211; Diego Garz\u00f3n, ED &#8211; 7 &#8211; Ibai Reches, DC &#8211; 9 &#8211; H\u00e9ctor Tejada.<\/p>\n\n\n\n<p><em>Descarte<\/em>: MI &#8211; 3 &#8211; Gerard Gonz\u00e1lez, DFC &#8211; 30 &#8211; Alejandro Gonz\u00e1lez, , MD &#8211; 20 &#8211; Toni Gomez, MC &#8211; 6 &#8211; Ot Serrano. <\/p>\n\n\n\n<p><strong>La opini\u00f3n del blog<\/strong><\/p>\n\n\n\n<p>Este partido, debe de servir para que los jugadores que han hecho un buen trabajo en el partido de la 6\u00aa eliminatoria, est\u00e9n listos para este partido y, sin olvidar, que enfrente tienen a un equipo de Primera Federaci\u00f3n como es el CE Sabadell.<\/p>\n\n\n\n<p>Creo que Ignasi apostara por un equipo que sea mixto entre titular y suplentes con la variante de meter a Eloy y Santi en esas demarcaciones. Habr\u00e1 descanso para jugadores como Ot y Gerard de cara al partido del domingo, pero creo que hay equipo para poder dar la sorpresa contra el CE Sabadell.<\/p>\n\n\n\n<p>Debe de servir como motivaci\u00f3n para poder conseguir luchar por un t\u00edtulo que podr\u00eda sumarse a nuestras vitrinas y estamos a cuatro encuentros de conseguirlo. Yo, personalmente, el tengo ilusi\u00f3n a la Copa Catalunya, y el Municipal debe de responder con la misma fuerza.<\/p>\n\n\n\n<p>Este partido, se podr\u00e1 seguir por la plataforma de Twitch del blog y por nuestro canal de X para que escuch\u00e9is, en formato radio, el partido entre la UE Cornell\u00e0 y el CE Sabadell, con todas las novedades y t\u00e1cticas de nuestro equipo.<\/p>\n\n\n\n<p>Mi\u00e9rcoles 10 de diciembre, a las 21:00h, nos escuchamos para disfrutar de un UE Cornell\u00e0 &#8211; CE Sabadell.<\/p>\n","protected":false},"excerpt":{"rendered":"<p>Este mi\u00e9rcoles 10 de diciembre, la UE Cornell\u00e0 recibe al CE Sabadell en el Municipal de Cornell\u00e0, con el objetivo de luchar por acceder, por cuarta vez en su historia, a los cuartos de final de la Copa Catalunya masculina, despu\u00e9s de los que ha logrado en 2016, 2018 y 2023. El rival: CE Sabadell [&hellip;]<\/p>\n","protected":false},"author":1,"featured_media":3300,"comment_status":"open","ping_status":"open","sticky":false,"template":"","format":"standard","meta":{"_eb_attr":"","advanced_seo_description":"","jetpack_seo_html_title":"","jetpack_seo_noindex":false,"jetpack_post_was_ever_published":false,"_jetpack_newsletter_access":"","_jetpack_dont_email_post_to_subs":false,"_jetpack_newsletter_tier_id":0,"_jetpack_memberships_contains_paywalled_content":false,"_jetpack_memberships_contains_paid_content":false,"footnotes":"","jetpack_publicize_message":"","jetpack_publicize_feature_enabled":true,"jetpack_social_post_already_shared":true,"jetpack_social_options":{"image_generator_settings":{"template":"highway","default_image_id":0,"font":"","enabled":false},"version":2}},"categories":[9,84,14,71,51],"tags":[49,190,31,65,54],"class_list":["post-3260","post","type-post","status-publish","format-standard","has-post-thumbnail","hentry","category-copa-catalunya","category-copa-catalunya-masculina-2026","category-previa-partido","category-temporada-2025-26","category-ue-cornella","tag-copa-catalunya","tag-copa-catalunya-masculina-2026","tag-previa","tag-temporada-2025-26","tag-ue-cornella"],"jetpack_publicize_connections":[],"jetpack_featured_media_url":"https:\/\/i0.wp.com\/www.bloguecornella.es\/wordpress\/wp-content\/uploads\/2025\/12\/Copa-Cat-Octavos-UE-Cornella-CE-Sabadell.png?fit=940%2C520","jetpack_sharing_enabled":true,"jetpack-related-posts":[{"id":2867,"url":"http:\/\/www.bloguecornella.es\/wordpress\/2025\/10\/29\/copa-catalunya-2026-la-ue-cornella-espera-rival-para-la-6a-eliminatoria\/","url_meta":{"origin":3260,"position":0},"title":"Copa Catalunya 2026 : La UE Cornell\u00e0, espera rival para la 6\u00aa eliminatoria.","author":"bloguecornella","date":"29 de octubre de 2025","format":false,"excerpt":"Como hablamos la semana pasada de la Copa Catalunya Femenina en el siguiente enlace, toca hablar de la Copa Catalunya masculina, que est\u00e9 mi\u00e9rcoles 29 de Octubre, comienza la 5\u00aa eliminatoria de la Copa Catalunya 2026 masculina y de la que la UE Cornell\u00e0 esperara rival para enfrentarse, en campo\u2026","rel":"","context":"En \u00abCopa Catalunya\u00bb","block_context":{"text":"Copa Catalunya","link":"http:\/\/www.bloguecornella.es\/wordpress\/category\/copa-catalunya\/"},"img":{"alt_text":"","src":"https:\/\/i0.wp.com\/www.bloguecornella.es\/wordpress\/wp-content\/uploads\/2025\/10\/Rivales-UE-Cornella-en-6a-Eliminatoria.png?fit=940%2C529&resize=350%2C200","width":350,"height":200,"srcset":"https:\/\/i0.wp.com\/www.bloguecornella.es\/wordpress\/wp-content\/uploads\/2025\/10\/Rivales-UE-Cornella-en-6a-Eliminatoria.png?fit=940%2C529&resize=350%2C200 1x, https:\/\/i0.wp.com\/www.bloguecornella.es\/wordpress\/wp-content\/uploads\/2025\/10\/Rivales-UE-Cornella-en-6a-Eliminatoria.png?fit=940%2C529&resize=525%2C300 1.5x, https:\/\/i0.wp.com\/www.bloguecornella.es\/wordpress\/wp-content\/uploads\/2025\/10\/Rivales-UE-Cornella-en-6a-Eliminatoria.png?fit=940%2C529&resize=700%2C400 2x"},"classes":[]},{"id":2814,"url":"http:\/\/www.bloguecornella.es\/wordpress\/2025\/10\/22\/copa_cat_fem_octavos\/","url_meta":{"origin":3260,"position":1},"title":"Copa Catalunya 2026 &#8211; La Fundaci\u00f3 UE Cornell\u00e0 espera rival para los Cuartos de final","author":"bloguecornella","date":"22 de octubre de 2025","format":false,"excerpt":"La Copa Catalunya encara su fase n\u00famero cuatro. O mejor dicho, sus octavos de final. El torneo catal\u00e1n, desde su cambio de formato en la temporada pasada, ha dado un salto de calidad para poder ofrecer una mejor experiencia de partido para vivir el torneo m\u00e1s importante a nivel auton\u00f3mico.\u2026","rel":"","context":"En \u00abCopa Catalunya\u00bb","block_context":{"text":"Copa Catalunya","link":"http:\/\/www.bloguecornella.es\/wordpress\/category\/copa-catalunya\/"},"img":{"alt_text":"","src":"https:\/\/i0.wp.com\/www.bloguecornella.es\/wordpress\/wp-content\/uploads\/2025\/10\/Rivales-Fundacio-UE-Cornella-Cuartos-de-Final.png?fit=940%2C529&resize=350%2C200","width":350,"height":200,"srcset":"https:\/\/i0.wp.com\/www.bloguecornella.es\/wordpress\/wp-content\/uploads\/2025\/10\/Rivales-Fundacio-UE-Cornella-Cuartos-de-Final.png?fit=940%2C529&resize=350%2C200 1x, https:\/\/i0.wp.com\/www.bloguecornella.es\/wordpress\/wp-content\/uploads\/2025\/10\/Rivales-Fundacio-UE-Cornella-Cuartos-de-Final.png?fit=940%2C529&resize=525%2C300 1.5x, https:\/\/i0.wp.com\/www.bloguecornella.es\/wordpress\/wp-content\/uploads\/2025\/10\/Rivales-Fundacio-UE-Cornella-Cuartos-de-Final.png?fit=940%2C529&resize=700%2C400 2x"},"classes":[]},{"id":1540,"url":"http:\/\/www.bloguecornella.es\/wordpress\/2025\/05\/20\/definida-la-copa-catalunya-2026-la-ue-cornella-entraria-en-5a-o-6a-ronda\/","url_meta":{"origin":3260,"position":2},"title":"Definida la Copa Catalunya 2026. La UE Cornell\u00e0 entrar\u00eda en 5\u00aa o 6\u00aa Ronda.","author":"bloguecornella","date":"20 de mayo de 2025","format":false,"excerpt":"Una vez finalizados los campeonatos auton\u00f3micos, a excepci\u00f3n de la Lliga Elit, que finaliza este fin de semana, y donde una UE Vic tiene al 99% el acceso a la Copa Catalunya, como campe\u00f3n de liga, estos ser\u00edan los equipos clasificados para disputarla. Los equipos marcados en color ROJO corresponden\u2026","rel":"","context":"En \u00abCopa Catalunya - Masculina - 2026\u00bb","block_context":{"text":"Copa Catalunya - Masculina - 2026","link":"http:\/\/www.bloguecornella.es\/wordpress\/category\/copa-catalunya-masculina-2026\/"},"img":{"alt_text":"","src":"https:\/\/i0.wp.com\/www.bloguecornella.es\/wordpress\/wp-content\/uploads\/2025\/05\/Copa-Catalunya-2026.png?fit=940%2C529&resize=350%2C200","width":350,"height":200,"srcset":"https:\/\/i0.wp.com\/www.bloguecornella.es\/wordpress\/wp-content\/uploads\/2025\/05\/Copa-Catalunya-2026.png?fit=940%2C529&resize=350%2C200 1x, https:\/\/i0.wp.com\/www.bloguecornella.es\/wordpress\/wp-content\/uploads\/2025\/05\/Copa-Catalunya-2026.png?fit=940%2C529&resize=525%2C300 1.5x, https:\/\/i0.wp.com\/www.bloguecornella.es\/wordpress\/wp-content\/uploads\/2025\/05\/Copa-Catalunya-2026.png?fit=940%2C529&resize=700%2C400 2x"},"classes":[]},{"id":666,"url":"http:\/\/www.bloguecornella.es\/wordpress\/2024\/12\/17\/previa-1-16-final-copa-catalunya-cerdanyola-fc-ue-cornella\/","url_meta":{"origin":3260,"position":3},"title":"Previa 1\/16 Final Copa Catalunya: Cerdanyola FC &#8211; UE Cornell\u00e0","author":"bloguecornella","date":"17 de diciembre de 2024","format":false,"excerpt":"Llego el d\u00eda. Por fin, la UE Cornell\u00e0 entra en escena de esta renovada Copa Catalunya en sus fases ya finales (16 savos final), en la que se jugar\u00e1n cuatro encuentros a partido \u00fanico: 17\/12\/2024 - 20:00h - Terrassa FC (2RFEF) - CE Europa (2RFEF) 18\/12\/2024 - 18:30h - Tona\u2026","rel":"","context":"En \u00abCopa Catalunya\u00bb","block_context":{"text":"Copa Catalunya","link":"http:\/\/www.bloguecornella.es\/wordpress\/category\/copa-catalunya\/"},"img":{"alt_text":"","src":"","width":0,"height":0},"classes":[]},{"id":3301,"url":"http:\/\/www.bloguecornella.es\/wordpress\/2025\/12\/11\/cronica-copa-catalunya-octavos-de-final-ue-cornella-1-0-3-1-ce-sabadell-morir-al-llegar-a-la-orilla-eliminados-de-la-copa-catalunya\/","url_meta":{"origin":3260,"position":4},"title":"Cr\u00f3nica Copa Catalunya &#8211; Octavos de Final &#8211; UE Cornell\u00e0 1 (0-3) 1 CE Sabadell \u00abMorir al llegar a la orilla. Eliminados de la Copa Catalunya\u00bb","author":"bloguecornella","date":"11 de diciembre de 2025","format":false,"excerpt":"La UE Cornell\u00e0 cae en los octavos de Final de la Copa Catalunya, tras empatar a uno contra el CE Sabadell y perder en la tanda de penaltis por 0-3. El gol de Joan Benet en el 71 fue contrarrestado por Utges en el 88 y donde han podido ganar\u2026","rel":"","context":"En \u00abCopa Catalunya\u00bb","block_context":{"text":"Copa Catalunya","link":"http:\/\/www.bloguecornella.es\/wordpress\/category\/copa-catalunya\/"},"img":{"alt_text":"","src":"https:\/\/i0.wp.com\/www.bloguecornella.es\/wordpress\/wp-content\/uploads\/2025\/12\/img_4999.jpg?fit=1200%2C900&resize=350%2C200","width":350,"height":200,"srcset":"https:\/\/i0.wp.com\/www.bloguecornella.es\/wordpress\/wp-content\/uploads\/2025\/12\/img_4999.jpg?fit=1200%2C900&resize=350%2C200 1x, https:\/\/i0.wp.com\/www.bloguecornella.es\/wordpress\/wp-content\/uploads\/2025\/12\/img_4999.jpg?fit=1200%2C900&resize=525%2C300 1.5x, https:\/\/i0.wp.com\/www.bloguecornella.es\/wordpress\/wp-content\/uploads\/2025\/12\/img_4999.jpg?fit=1200%2C900&resize=700%2C400 2x, https:\/\/i0.wp.com\/www.bloguecornella.es\/wordpress\/wp-content\/uploads\/2025\/12\/img_4999.jpg?fit=1200%2C900&resize=1050%2C600 3x"},"classes":[]},{"id":3144,"url":"http:\/\/www.bloguecornella.es\/wordpress\/2025\/11\/25\/previa-copa-catalunya-fem-1-4-final-fc-ona-sant-adria-fundacio-ue-cornella-en-busqueda-de-la-machada-y-acceder-a-semifinales\/","url_meta":{"origin":3260,"position":5},"title":"Previa Copa Catalunya Fem 1\/4 Final: FC Ona Sant Adria &#8211; Fundaci\u00f3 UE Cornell\u00e0: \u00abEn b\u00fasqueda de la machada y acceder a semifinales\u00bb","author":"bloguecornella","date":"25 de noviembre de 2025","format":false,"excerpt":"Vuelve la Copa Catalunya y con ello, un partido muy bonito de disputar, contra uno de los filiales de referencia del f\u00fatbol Femenino. Nuevo club, cambio de nombre, de identidad, pero con el pasado de aquel antiguo Levante las Planas de Sant Joan Despi. Hablamos del FC Ona Sant Adri\u00e0,\u2026","rel":"","context":"En \u00abCopa Catalunya - Femenina - 2026\u00bb","block_context":{"text":"Copa Catalunya - Femenina - 2026","link":"http:\/\/www.bloguecornella.es\/wordpress\/category\/copa-catalunya-femenina-2026\/"},"img":{"alt_text":"","src":"https:\/\/i0.wp.com\/www.bloguecornella.es\/wordpress\/wp-content\/uploads\/2025\/11\/Previa-Copa-Catalunya-14-Final.png?fit=940%2C529&resize=350%2C200","width":350,"height":200,"srcset":"https:\/\/i0.wp.com\/www.bloguecornella.es\/wordpress\/wp-content\/uploads\/2025\/11\/Previa-Copa-Catalunya-14-Final.png?fit=940%2C529&resize=350%2C200 1x, https:\/\/i0.wp.com\/www.bloguecornella.es\/wordpress\/wp-content\/uploads\/2025\/11\/Previa-Copa-Catalunya-14-Final.png?fit=940%2C529&resize=525%2C300 1.5x, https:\/\/i0.wp.com\/www.bloguecornella.es\/wordpress\/wp-content\/uploads\/2025\/11\/Previa-Copa-Catalunya-14-Final.png?fit=940%2C529&resize=700%2C400 2x"},"classes":[]}],"_links":{"self":[{"href":"http:\/\/www.bloguecornella.es\/wordpress\/wp-json\/wp\/v2\/posts\/3260","targetHints":{"allow":["GET"]}}],"collection":[{"href":"http:\/\/www.bloguecornella.es\/wordpress\/wp-json\/wp\/v2\/posts"}],"about":[{"href":"http:\/\/www.bloguecornella.es\/wordpress\/wp-json\/wp\/v2\/types\/post"}],"author":[{"embeddable":true,"href":"http:\/\/www.bloguecornella.es\/wordpress\/wp-json\/wp\/v2\/users\/1"}],"replies":[{"embeddable":true,"href":"http:\/\/www.bloguecornella.es\/wordpress\/wp-json\/wp\/v2\/comments?post=3260"}],"version-history":[{"count":11,"href":"http:\/\/www.bloguecornella.es\/wordpress\/wp-json\/wp\/v2\/posts\/3260\/revisions"}],"predecessor-version":[{"id":3303,"href":"http:\/\/www.bloguecornella.es\/wordpress\/wp-json\/wp\/v2\/posts\/3260\/revisions\/3303"}],"wp:featuredmedia":[{"embeddable":true,"href":"http:\/\/www.bloguecornella.es\/wordpress\/wp-json\/wp\/v2\/media\/3300"}],"wp:attachment":[{"href":"http:\/\/www.bloguecornella.es\/wordpress\/wp-json\/wp\/v2\/media?parent=3260"}],"wp:term":[{"taxonomy":"category","embeddable":true,"href":"http:\/\/www.bloguecornella.es\/wordpress\/wp-json\/wp\/v2\/categories?post=3260"},{"taxonomy":"post_tag","embeddable":true,"href":"http:\/\/www.bloguecornella.es\/wordpress\/wp-json\/wp\/v2\/tags?post=3260"}],"curies":[{"name":"wp","href":"https:\/\/api.w.org\/{rel}","templated":true}]}}