{"id":321,"date":"2024-10-28T01:02:16","date_gmt":"2024-10-28T00:02:16","guid":{"rendered":"https:\/\/bloguecornella.wordpress.com\/?p=321"},"modified":"2024-10-28T01:02:16","modified_gmt":"2024-10-28T00:02:16","slug":"cronica-j9-ue-cornella-1-1-elche-ilicitano-seis-puntos-perdidos-en-los-ultimos-minutos","status":"publish","type":"post","link":"http:\/\/www.bloguecornella.es\/wordpress\/2024\/10\/28\/cronica-j9-ue-cornella-1-1-elche-ilicitano-seis-puntos-perdidos-en-los-ultimos-minutos\/","title":{"rendered":"Cr\u00f3nica J9: UE Cornella 1-1 Elche Ilicitano \u00abSeis puntos perdidos en los \u00faltimos minutos\u00bb"},"content":{"rendered":"\n<p>Nuevo tropiezo de la UE Cornella. Nuevo partido en el que perdemos puntos en los \u00faltimos minutos de partido y, casualmente, con sensaci\u00f3n id\u00e9ntica que con la SD Ibiza en la Jornada 2. Nos adelantamos en el marcador, cae el diluvio universal (remarcar que, esta vez, no ha sido tan heavy) y gol en el \u00faltimo minuto para perder dos puntos.<\/p>\n\n\n\n<p>Ya son <strong>seis puntos<\/strong> los que hemos perdido por goles en contra en los \u00faltimos minutos de partido (J2 SD Ibiza \u00faltima jugada de partido, J7 UE Olot a cuatro minutos del final, J8 UD  Alzira a cuatro minutos del final y J9 Elche Ilicitano en el descuento a falta de dos minutos para acabar). Se est\u00e1 convirtiendo en un mal augurio que hace que no podamos sumar de tres en tres o no perder un punto que puede ser bueno.<\/p>\n\n\n\n<p>El partido comienza con buen ritmo para la UE Cornella con una primera buena jugada de toque en la que Mateo falla con el portero. El dominio estaba en el lado verde hasta que el arbitro pito penalti a favor del conjunto ilicitano en el minuto 15 de partido. Penalti muy discutible tras una carga bien realizada por Oliveira.<\/p>\n\n\n\n<p>Como no, para penaltis Ruben Mi\u00f1o paro el segundo penalti de est\u00e1 temporada (UE Sant Andreu fue el otro equipo). A partir de ah\u00ed, fueron sucediendo buenas jugadas de Mateo y Javi Serra en las que podr\u00edamos habernos adelantado en el marcador. Despu\u00e9s de unos buenos minutos del Elche Ilicitano, antes del descanso, una buena jugada por banda de Luis Forcen que da una asistencia de libro para que Ibai Reches marque su segundo gol con la el\u00e1stica verde, siendo pichichi del conjunto verde con dos goles, al igual que Mateo.<\/p>\n\n\n\n<p>En la primera parte, destacan los nombres de Oliveira en Defensa, Javi Serra en el desborde en banda e Izan Gonzalez. Para mi, el mejor de esta UE Cornella junto con Ruben Mi\u00f1o en la porter\u00eda.<\/p>\n\n\n\n<p>Comenzamos la segunda parte sin cambios y con el Elche Ilicitano mas metido en el partido con una buena jugada de Konare que Oliveira salva en ultima instancia. Tambi\u00e9n tuvo otra muy clara en el minuto 64 de partido en la que Ruben Mi\u00f1o paro, en dos tiempos, un disparo a bocajarro que podr\u00eda haber sido el empate.<\/p>\n\n\n\n<p>Los primeros cambios llegaron en el minuto 72 de partido y con un Elche Ilicitano que cada vez va teniendo m\u00e1s presencia (en parte, gracias a Konare que ha hecho de las suyas en la defensa verde) nos plantamos con un esquema de 5-2-2-1 para poder defender el resultado y en estas, para variar, llega el gol en el descuento para llevar el empate al marcador.<\/p>\n\n\n\n<p>La UE Cornella se sit\u00faa 15\u00ba con siete puntos de 28 posibles y con la salvaci\u00f3n a seis puntos que la marca el Terrassa FC.<\/p>\n\n\n\n<p>Situaci\u00f3n muy dif\u00edcil y jodida para el conjunto verde. Se nota en el ambiente que los jugadores est\u00e1n luchando y ven que no pueden. Se necesita arreglar cosas y creo que est\u00e1 en la mano del m\u00edster en poder llegar a ello. Es su trabajo recomponer el equipo y debe de llevarlo a la salvaci\u00f3n. No creo que sea buena opci\u00f3n cambiar de entrenador por lo que repercute a posterior. Pero si confiar en estos chicos que se han prestado a ser todos nuevos en un a\u00f1o dif\u00edcil con el descenso de Primera Federaci\u00f3n y estar ahora en descenso a Tercera Federaci\u00f3n.<\/p>\n\n\n\n<p>Tiene que haber comuni\u00f3n entre afici\u00f3n y equipo y saldr\u00e1n las cosas. Contra el RCD Mallorca B es la prueba clave de romper la din\u00e1mica negativa.<\/p>\n\n\n\n<p><\/p>\n\n\n\n<p><\/p>\n","protected":false},"excerpt":{"rendered":"<p>Nuevo tropiezo de la UE Cornella. Nuevo partido en el que perdemos puntos en los \u00faltimos minutos de partido y, casualmente, con sensaci\u00f3n id\u00e9ntica que con la SD Ibiza en la Jornada 2. Nos adelantamos en el marcador, cae el diluvio universal (remarcar que, esta vez, no ha sido tan heavy) y gol en el [&hellip;]<\/p>\n","protected":false},"author":1,"featured_media":322,"comment_status":"open","ping_status":"open","sticky":false,"template":"","format":"standard","meta":{"_eb_attr":"","advanced_seo_description":"","jetpack_seo_html_title":"","jetpack_seo_noindex":false,"jetpack_post_was_ever_published":false,"_jetpack_newsletter_access":"","_jetpack_dont_email_post_to_subs":false,"_jetpack_newsletter_tier_id":0,"_jetpack_memberships_contains_paywalled_content":false,"_jetpack_memberships_contains_paid_content":false,"footnotes":"","jetpack_publicize_message":"","jetpack_publicize_feature_enabled":true,"jetpack_social_post_already_shared":false,"jetpack_social_options":{"image_generator_settings":{"template":"highway","default_image_id":0,"font":"","enabled":false},"version":2}},"categories":[15,16],"tags":[32,34],"class_list":["post-321","post","type-post","status-publish","format-standard","has-post-thumbnail","hentry","category-segunda-federacion-grupo-3","category-temporada-24-25","tag-segunda-federacion","tag-temporada-2024-25"],"jetpack_publicize_connections":[],"jetpack_featured_media_url":"https:\/\/i0.wp.com\/www.bloguecornella.es\/wordpress\/wp-content\/uploads\/2024\/10\/img_7281.jpeg?fit=2048%2C1536","jetpack_sharing_enabled":true,"jetpack-related-posts":[{"id":308,"url":"http:\/\/www.bloguecornella.es\/wordpress\/2024\/10\/25\/previa-j9-ue-cornella-ilicitano\/","url_meta":{"origin":321,"position":0},"title":"Previa J9: UE Cornella &#8211; Ilicitano","author":"bloguecornella","date":"25 de octubre de 2024","format":false,"excerpt":"Este domingo, a las 12:30h tenemos nuevo partido en el grupo 3 de Segunda Federacion. Tenemos nuevo partido en el Nou Municipal contra el Elche Ilicitano. El Ilicitano, pese a ser un equipo reci\u00e9n ascendido, ha realizado un inicio de campa\u00f1a muy bueno situ\u00e1ndose, jornada tras jornada, en los puestos\u2026","rel":"","context":"En \u00abPrevia partido\u00bb","block_context":{"text":"Previa partido","link":"http:\/\/www.bloguecornella.es\/wordpress\/category\/previa-partido\/"},"img":{"alt_text":"","src":"","width":0,"height":0},"classes":[]},{"id":737,"url":"http:\/\/www.bloguecornella.es\/wordpress\/2025\/01\/12\/cronica-j18-ue-cornella-2-1-ce-andratx-el-equipo-gana-en-seguridad-mental\/","url_meta":{"origin":321,"position":1},"title":"Cr\u00f3nica J18: UE Cornell\u00e0 2-1 CE Andratx \u00abEl equipo gana en seguridad mental\u00bb","author":"bloguecornella","date":"12 de enero de 2025","format":false,"excerpt":"La parte m\u00e1s importante que destaco del partido de la UE Cornell\u00e0 es que ha ganado en seguridad mental. Ese aliciente que nos ha faltado en partidos como contra la SD Ibiza, la UE Olot, el Elche Ilicitano entre otros, hoy se ha visto reforzado y ganado para llevarnos los\u2026","rel":"","context":"En \u00abSegunda Federaci\u00f3n Grupo 3\u00bb","block_context":{"text":"Segunda Federaci\u00f3n Grupo 3","link":"http:\/\/www.bloguecornella.es\/wordpress\/category\/segunda-federacion-grupo-3\/"},"img":{"alt_text":"","src":"https:\/\/i0.wp.com\/www.bloguecornella.es\/wordpress\/wp-content\/uploads\/2025\/01\/img_8822.jpg?fit=1200%2C900&resize=350%2C200","width":350,"height":200,"srcset":"https:\/\/i0.wp.com\/www.bloguecornella.es\/wordpress\/wp-content\/uploads\/2025\/01\/img_8822.jpg?fit=1200%2C900&resize=350%2C200 1x, https:\/\/i0.wp.com\/www.bloguecornella.es\/wordpress\/wp-content\/uploads\/2025\/01\/img_8822.jpg?fit=1200%2C900&resize=525%2C300 1.5x, https:\/\/i0.wp.com\/www.bloguecornella.es\/wordpress\/wp-content\/uploads\/2025\/01\/img_8822.jpg?fit=1200%2C900&resize=700%2C400 2x, https:\/\/i0.wp.com\/www.bloguecornella.es\/wordpress\/wp-content\/uploads\/2025\/01\/img_8822.jpg?fit=1200%2C900&resize=1050%2C600 3x"},"classes":[]},{"id":1007,"url":"http:\/\/www.bloguecornella.es\/wordpress\/2025\/03\/04\/pronostico-ult9j-ue-cornella\/","url_meta":{"origin":321,"position":2},"title":"Pron\u00f3stico \u00faltimas 9 jornadas UE Cornell\u00e0: \u00abSeremos de 2\u00aa, pero sufriendo\u00bb","author":"bloguecornella","date":"4 de marzo de 2025","format":false,"excerpt":"Al igual que hemos realizado con la Fundaci\u00f3 UE Cornell\u00e0 Femenina, vamos a pronosticar, en este caso, las \u00faltimas 9 jornadas para finalizar una temporada 2024\/25 que no se olvidara f\u00e1cilmente en la ciudad de Cornell\u00e0. Con el equipo sin ganar desde las \u00faltimas 6 jornadas, el equipo que dirige\u2026","rel":"","context":"En \u00abPron\u00f3stico Ult 10J 24\/25\u00bb","block_context":{"text":"Pron\u00f3stico Ult 10J 24\/25","link":"http:\/\/www.bloguecornella.es\/wordpress\/category\/pronostico-ult-10j-24-25\/"},"img":{"alt_text":"","src":"https:\/\/i0.wp.com\/www.bloguecornella.es\/wordpress\/wp-content\/uploads\/2025\/03\/2RFEF_Ult9J_2425.png?fit=1200%2C676&resize=350%2C200","width":350,"height":200,"srcset":"https:\/\/i0.wp.com\/www.bloguecornella.es\/wordpress\/wp-content\/uploads\/2025\/03\/2RFEF_Ult9J_2425.png?fit=1200%2C676&resize=350%2C200 1x, https:\/\/i0.wp.com\/www.bloguecornella.es\/wordpress\/wp-content\/uploads\/2025\/03\/2RFEF_Ult9J_2425.png?fit=1200%2C676&resize=525%2C300 1.5x, https:\/\/i0.wp.com\/www.bloguecornella.es\/wordpress\/wp-content\/uploads\/2025\/03\/2RFEF_Ult9J_2425.png?fit=1200%2C676&resize=700%2C400 2x, https:\/\/i0.wp.com\/www.bloguecornella.es\/wordpress\/wp-content\/uploads\/2025\/03\/2RFEF_Ult9J_2425.png?fit=1200%2C676&resize=1050%2C600 3x"},"classes":[]},{"id":124,"url":"http:\/\/www.bloguecornella.es\/wordpress\/2024\/09\/10\/cronica-j2-ue-cornella-1-1-sd-ibiza\/","url_meta":{"origin":321,"position":3},"title":"Cr\u00f3nica J2 &#8211; UE Cornella 1 &#8211; 1 SD Ibiza","author":"bloguecornella","date":"10 de septiembre de 2024","format":false,"excerpt":"La UE Cornella saca un empate cruel. Se pudo llevar la victoria, pero en la \u00faltima jugada de partido, en un centro de c\u00f3rner remata a placer y mete el bal\u00f3n en la porter\u00eda de Ruben Mi\u00f1o. El partido comienza con dominio local. Hemos tenido dos internadas buenas de Boris\u2026","rel":"","context":"En \u00abSegunda Federaci\u00f3n Grupo 3\u00bb","block_context":{"text":"Segunda Federaci\u00f3n Grupo 3","link":"http:\/\/www.bloguecornella.es\/wordpress\/category\/segunda-federacion-grupo-3\/"},"img":{"alt_text":"","src":"","width":0,"height":0},"classes":[]},{"id":997,"url":"http:\/\/www.bloguecornella.es\/wordpress\/2025\/03\/07\/previa-j26-elche-ilicitano-ue-cornella\/","url_meta":{"origin":321,"position":4},"title":"Previa J26: Elche Ilicitano &#8211; UE Cornell\u00e0","author":"bloguecornella","date":"7 de marzo de 2025","format":false,"excerpt":"La UE Cornell\u00e0 realizar\u00e1, este domingo, su pen\u00faltimo viaje a tierras valencianas para enfrentarse al filial del Elche CF, el Elche Ilicitano. El partido se disputara este domingo 9 de Marzo a las 12:00h y se podr\u00e1 ver por el canal de Youtube del Elche CF. Rival: Elche Ilicitano (9\u00ba\u2026","rel":"","context":"En \u00abSegunda Federaci\u00f3n Grupo 3\u00bb","block_context":{"text":"Segunda Federaci\u00f3n Grupo 3","link":"http:\/\/www.bloguecornella.es\/wordpress\/category\/segunda-federacion-grupo-3\/"},"img":{"alt_text":"","src":"https:\/\/i0.wp.com\/www.bloguecornella.es\/wordpress\/wp-content\/uploads\/2025\/03\/J26_2RFEF3_ILI_COR.png?fit=1200%2C675&resize=350%2C200","width":350,"height":200,"srcset":"https:\/\/i0.wp.com\/www.bloguecornella.es\/wordpress\/wp-content\/uploads\/2025\/03\/J26_2RFEF3_ILI_COR.png?fit=1200%2C675&resize=350%2C200 1x, https:\/\/i0.wp.com\/www.bloguecornella.es\/wordpress\/wp-content\/uploads\/2025\/03\/J26_2RFEF3_ILI_COR.png?fit=1200%2C675&resize=525%2C300 1.5x, https:\/\/i0.wp.com\/www.bloguecornella.es\/wordpress\/wp-content\/uploads\/2025\/03\/J26_2RFEF3_ILI_COR.png?fit=1200%2C675&resize=700%2C400 2x, https:\/\/i0.wp.com\/www.bloguecornella.es\/wordpress\/wp-content\/uploads\/2025\/03\/J26_2RFEF3_ILI_COR.png?fit=1200%2C675&resize=1050%2C600 3x"},"classes":[]},{"id":1050,"url":"http:\/\/www.bloguecornella.es\/wordpress\/2025\/03\/09\/cronica-j26-elche-ilicitano-4-3-ue-cornella-falta-de-energia-para-puntuar\/","url_meta":{"origin":321,"position":5},"title":"Cr\u00f3nica J26: Elche Ilicitano 4-3 UE Cornell\u00e0 \u00abFalta de energ\u00eda para puntuar\u00bb","author":"bloguecornella","date":"9 de marzo de 2025","format":false,"excerpt":"La UE Cornell\u00e0 cae derrotada, en su visita a Elche, por 4-3 contra el filial Ilicitano en el que se remonto el tanto inicial local mediante Mateo Enriquez (penalti) y Jorge Mart\u00ednez y se llego a poner por delante de nuevo para acabar sucumbiendo en el minuto 91. En la\u2026","rel":"","context":"En \u00abSegunda Federaci\u00f3n Grupo 3\u00bb","block_context":{"text":"Segunda Federaci\u00f3n Grupo 3","link":"http:\/\/www.bloguecornella.es\/wordpress\/category\/segunda-federacion-grupo-3\/"},"img":{"alt_text":"","src":"https:\/\/i0.wp.com\/www.bloguecornella.es\/wordpress\/wp-content\/uploads\/2025\/03\/CronicaJ26.jpeg?fit=1200%2C1200&resize=350%2C200","width":350,"height":200,"srcset":"https:\/\/i0.wp.com\/www.bloguecornella.es\/wordpress\/wp-content\/uploads\/2025\/03\/CronicaJ26.jpeg?fit=1200%2C1200&resize=350%2C200 1x, https:\/\/i0.wp.com\/www.bloguecornella.es\/wordpress\/wp-content\/uploads\/2025\/03\/CronicaJ26.jpeg?fit=1200%2C1200&resize=525%2C300 1.5x, https:\/\/i0.wp.com\/www.bloguecornella.es\/wordpress\/wp-content\/uploads\/2025\/03\/CronicaJ26.jpeg?fit=1200%2C1200&resize=700%2C400 2x, https:\/\/i0.wp.com\/www.bloguecornella.es\/wordpress\/wp-content\/uploads\/2025\/03\/CronicaJ26.jpeg?fit=1200%2C1200&resize=1050%2C600 3x"},"classes":[]}],"_links":{"self":[{"href":"http:\/\/www.bloguecornella.es\/wordpress\/wp-json\/wp\/v2\/posts\/321","targetHints":{"allow":["GET"]}}],"collection":[{"href":"http:\/\/www.bloguecornella.es\/wordpress\/wp-json\/wp\/v2\/posts"}],"about":[{"href":"http:\/\/www.bloguecornella.es\/wordpress\/wp-json\/wp\/v2\/types\/post"}],"author":[{"embeddable":true,"href":"http:\/\/www.bloguecornella.es\/wordpress\/wp-json\/wp\/v2\/users\/1"}],"replies":[{"embeddable":true,"href":"http:\/\/www.bloguecornella.es\/wordpress\/wp-json\/wp\/v2\/comments?post=321"}],"version-history":[{"count":0,"href":"http:\/\/www.bloguecornella.es\/wordpress\/wp-json\/wp\/v2\/posts\/321\/revisions"}],"wp:featuredmedia":[{"embeddable":true,"href":"http:\/\/www.bloguecornella.es\/wordpress\/wp-json\/wp\/v2\/media\/322"}],"wp:attachment":[{"href":"http:\/\/www.bloguecornella.es\/wordpress\/wp-json\/wp\/v2\/media?parent=321"}],"wp:term":[{"taxonomy":"category","embeddable":true,"href":"http:\/\/www.bloguecornella.es\/wordpress\/wp-json\/wp\/v2\/categories?post=321"},{"taxonomy":"post_tag","embeddable":true,"href":"http:\/\/www.bloguecornella.es\/wordpress\/wp-json\/wp\/v2\/tags?post=321"}],"curies":[{"name":"wp","href":"https:\/\/api.w.org\/{rel}","templated":true}]}}