{"id":3064,"date":"2025-11-21T12:00:00","date_gmt":"2025-11-21T11:00:00","guid":{"rendered":"http:\/\/www.bloguecornella.es\/wordpress\/?p=3064"},"modified":"2025-11-20T14:53:16","modified_gmt":"2025-11-20T13:53:16","slug":"previa-capitulo-12-lleida-cf-ue-cornella","status":"publish","type":"post","link":"http:\/\/www.bloguecornella.es\/wordpress\/2025\/11\/21\/previa-capitulo-12-lleida-cf-ue-cornella\/","title":{"rendered":"Previa cap\u00edtulo 12: Lleida CF &#8211; UE Cornell\u00e0 \u00abRival con historia, en horas bajas\u00bb"},"content":{"rendered":"\n<p>Para terminar el mes de noviembre, la UE Cornell\u00e0 viajara este domingo, a la \u00abTerra Ferme\u00bb, para enfrentarse a un rival hist\u00f3rico como es el Lleida CF. Equipo que, la temporada pasada, tambi\u00e9n disputo la Segunda Federaci\u00f3n como la UE Cornell\u00e0.<\/p>\n\n\n\n<p><strong>El rival: Lleida CF (18\u00ba &#8211; 6 puntos)<\/strong><\/p>\n\n\n\n<p>El Lleida CF de Jordi Cort\u00e9s est\u00e1 sobreviviendo de la mejor manera que pueda hacer y con una afici\u00f3n que les est\u00e1 dando calor en los momentos m\u00e1s duros de este a\u00f1o, en el que en verano de 2025, han estado a punto de desaparecer.<\/p>\n\n\n\n<p>Si tenemos que hablar de t\u00e9rminos deportivos, hasta la jornada 7 no marcaron su primer gol y hasta la jornada 10 no consiguieron la primera victoria y el primer gol de la temporada en el Camp d&#8217;Esports. El comienzo no ha sido bueno, pero se esta empezando a ver brotes verdes en el conjunto azul\u00f3n.<\/p>\n\n\n\n<p>Si tenemos que hablar de jugadores, destaca <strong>Satoca<\/strong>, el portero del club, que est\u00e1 siendo el m\u00e1s resolutivo y, por propias palabras de Tom\u00e1s Montes\u00f3, uno de los mejores de la categor\u00eda. Esta claro que habr\u00e1 mejores, en el sentido de que el club est\u00e1 \u00faltimo, pero esta siendo de lo m\u00e1s resolutivo de cara a conseguir puntos, como el de la victoria contra la Monta\u00f1esa. Tambi\u00e9n destaca <strong>Pau Russo<\/strong>, que estuvo el a\u00f1o pasado en el Reus FC Reddis y <strong>Luis Silva<\/strong>.<\/p>\n\n\n\n<p><strong>Situaci\u00f3n UE Cornell\u00e0: \u00abEl c\u00e9sped puede ser un problema\u00bb<\/strong><\/p>\n\n\n\n<p>El partido pasa por como se adapta la UE Cornell\u00e0 a un campo, de dimensiones m\u00e1s grandes, como el del Camp d&#8217;esports y a un estado del cesped que est\u00e1 lamentable. Se est\u00e1 trabajando en el, pero no creo que llegue en condiciones optimas para el partido de este domingo.<\/p>\n\n\n\n<p>La baja de Gonzalo Pereira, por acumulaci\u00f3n de tarjetas, es una baja sensible dentro del esquema de Ignasi Senabre. Tenemos jugadores que pueden suplir bien esa baja y me adelanto a que podr\u00e1 ser una defensa con Diego, D\u00eddac e Iv\u00e1n de la Pe\u00f1a.<\/p>\n\n\n\n<p>Este partido, despu\u00e9s de la victoria del Lleida CF en la Copa Catalunya contra el CFJ Mollerusa, por 2-3, puede venir este partido de dos formas, en baja forma por el esfuerzo realizado, o con la moral alta de, darse cuenta, de que pueden volver a la senda de la victoria en esta jornada. Es un arma de doble filo que tendr\u00e1 que trabajar, Ignasi Senabre, para no caer en riesgos innecesarios en el partido.<\/p>\n\n\n\n<p>La mala fortuna se ceba con Ibai Reches. El extremo sufri\u00f3 una lesi\u00f3n en el anterior encuentro que le va a dejar de baja durante las pr\u00f3ximas cinco-seis semanas. Se suma a la de H\u00e9ctor Tejada, salvo novedad, ser\u00e1 tambi\u00e9n una de las bajas debido a la lesi\u00f3n que tiene. Tengo ganas de volver a ver a H\u00e9ctor en el verde y demostrar el potencial que tiene.<\/p>\n\n\n\n<p><strong>El XI de Ignasi Senabre<\/strong><\/p>\n\n\n\n<p>El previsible once con el que saldr\u00e1 Ignasi Senabre este domingo ser\u00e1 el siguiente:<\/p>\n\n\n\n<p>POR &#8211; 1 &#8211; Rub\u00e9n Mi\u00f1o<\/p>\n\n\n\n<p>DFC &#8211; 2 &#8211; Diego Garz\u00f3n<\/p>\n\n\n\n<p>DFC &#8211; 4 &#8211; Iv\u00e1n de la Pe\u00f1a Jr.<\/p>\n\n\n\n<p>DFC &#8211; 17 &#8211; D\u00eddac Rodr\u00edguez.<\/p>\n\n\n\n<p>MCD &#8211; 16 &#8211; Moha Ajani<\/p>\n\n\n\n<p>MI &#8211; 3 &#8211; Gerard Gonz\u00e1lez.<\/p>\n\n\n\n<p>MC &#8211; 6 &#8211; Ot Serrano.<\/p>\n\n\n\n<p>MD &#8211; 10 &#8211; V\u00edctor Aliaga.<\/p>\n\n\n\n<p>EI &#8211; 11 &#8211; Marc Fernandez.<\/p>\n\n\n\n<p>ED &#8211; 21 &#8211; Stefan Golubovic<\/p>\n\n\n\n<p>DC &#8211; 23 &#8211; Leo dos Reis.<\/p>\n\n\n\n<p><em>Suplentes<\/em>: POR &#8211; 13 &#8211; Isaac Vila, DFC &#8211; 5 &#8211; Tomas Pe\u00f1alba, MC &#8211; 18 &#8211; Ian Arques, MD &#8211; 22 &#8211; Manel Lozano, MI &#8211; 19 &#8211; Joan Benet, EI &#8211; 12 &#8211; Santi Guzman, ED &#8211; 24 &#8211; Adrian Simons<\/p>\n\n\n\n<p><em>Descartados:<\/em> 4 &#8211; Gonzalo Pereira, 7-Ibai Reches,  8 &#8211; Marc Esteban, 9 &#8211; H\u00e9ctor Tejada, 14 &#8211; Toni Gomez, 15 &#8211; Alejandro Pereira, 30 &#8211; Alejandro Gonzalez<\/p>\n\n\n\n<p><strong>La opini\u00f3n del blog<\/strong><\/p>\n\n\n\n<p>Llegar al par\u00f3n con una nueva victoria debe de ser el prop\u00f3sito del equipo de Ignasi Senabre, que est\u00e1 haciendo un primer tercio de campeonato espectacular. A una media de 21 puntos, que actualmente tenemos, por cada tercio de campeonato, te da los 55 puntos que necesitas para poder estar en la zona de play-off de ascenso a la 2\u00aa Federaci\u00f3n. Objetivo que tiene el club para hacer una buena temporada.<\/p>\n\n\n\n<p>Ser\u00e1 un precioso partido el que viviremos en el Camp d&#8217;Esports y que espero, que esta vez, se salde con victoria como la que conseguimos hace 5 a\u00f1os. Habr\u00e1 afici\u00f3n verde en Lleida apoyando al equipo verde para que, entre todos, podamos llevarnos la victoria este fin de semana y con un objetivo, el de la Copa Catalunya, de la pr\u00f3xima semana.<\/p>\n\n\n\n<p>Me gusta que haya propuesta de juego y que se este rindiendo bien y buscando siempre la victoria. Esto es lo que hay que pedir y luego analizar que es lo que ha fallado, pero que nunca falte el compromiso de los jugadores y de luchar por ello.<\/p>\n\n\n\n<p>Este domingo, a las 17h, narrare el partido, v\u00eda <a href=\"https:\/\/www.twitch.tv\/bloguecornellatv\" data-type=\"link\" data-id=\"https:\/\/www.twitch.tv\/bloguecornellatv\" target=\"_blank\" rel=\"noreferrer noopener\">Twitch<\/a>, para que si no vienes al camp d&#8217;Esports, puedas escuchar la narraci\u00f3n, via radio, y seguir el partido con nosotros.<\/p>\n\n\n\n<p>Es importante cerrar Noviembre, tambi\u00e9n con victoria, y mas contra un rival de los que no son de tu liga. Os espero el domingo a las 16:45h en nuestro canal de <a href=\"https:\/\/www.twitch.tv\/bloguecornellatv\" data-type=\"link\" data-id=\"https:\/\/www.twitch.tv\/bloguecornellatv\" target=\"_blank\" rel=\"noreferrer noopener\">Twitch <\/a>y <a href=\"https:\/\/x.com\/bloguecornella\" data-type=\"link\" data-id=\"https:\/\/x.com\/bloguecornella\" target=\"_blank\" rel=\"noreferrer noopener\">X<\/a>.<\/p>\n","protected":false},"excerpt":{"rendered":"<p>Para terminar el mes de noviembre, la UE Cornell\u00e0 viajara este domingo, a la \u00abTerra Ferme\u00bb, para enfrentarse a un rival hist\u00f3rico como es el Lleida CF. Equipo que, la temporada pasada, tambi\u00e9n disputo la Segunda Federaci\u00f3n como la UE Cornell\u00e0. El rival: Lleida CF (18\u00ba &#8211; 6 puntos) El Lleida CF de Jordi Cort\u00e9s [&hellip;]<\/p>\n","protected":false},"author":1,"featured_media":3065,"comment_status":"open","ping_status":"open","sticky":false,"template":"","format":"standard","meta":{"_eb_attr":"","advanced_seo_description":"","jetpack_seo_html_title":"","jetpack_seo_noindex":false,"jetpack_post_was_ever_published":false,"_jetpack_newsletter_access":"","_jetpack_dont_email_post_to_subs":false,"_jetpack_newsletter_tier_id":0,"_jetpack_memberships_contains_paywalled_content":false,"_jetpack_memberships_contains_paid_content":false,"footnotes":"","jetpack_publicize_message":"","jetpack_publicize_feature_enabled":true,"jetpack_social_post_already_shared":true,"jetpack_social_options":{"image_generator_settings":{"template":"highway","default_image_id":0,"font":"","enabled":false},"version":2}},"categories":[14,71,69,51],"tags":[31,65,66,54],"class_list":["post-3064","post","type-post","status-publish","format-standard","has-post-thumbnail","hentry","category-previa-partido","category-temporada-2025-26","category-tercera-federacion-grupo-v","category-ue-cornella","tag-previa","tag-temporada-2025-26","tag-tercera-federacion-grupo-v","tag-ue-cornella"],"jetpack_publicize_connections":[],"jetpack_featured_media_url":"https:\/\/i0.wp.com\/www.bloguecornella.es\/wordpress\/wp-content\/uploads\/2025\/11\/J12-Lleida-CF-UE-Cornella.png?fit=940%2C520","jetpack_sharing_enabled":true,"jetpack-related-posts":[{"id":133,"url":"http:\/\/www.bloguecornella.es\/wordpress\/2024\/09\/13\/previa-j3-lleida-cf-ue-cornella\/","url_meta":{"origin":3064,"position":0},"title":"Previa J3: Lleida CF &#8211; UE Cornell\u00e0","author":"bloguecornella","date":"13 de septiembre de 2024","format":false,"excerpt":"Encaramos ya la tercera jornada de la temporada 2024-25 en Segunda Federaci\u00f3n enfrentando la UE Cornell\u00e0 al Lleida CF en el Camp D'Esports. Debido a una sanci\u00f3n del pasado curso al Lleida CF, sus dos primeros partidos, como local, ser\u00e1n a puerta cerrada. El Lleida CF viene de remontar y\u2026","rel":"","context":"En \u00abPrevia partido\u00bb","block_context":{"text":"Previa partido","link":"http:\/\/www.bloguecornella.es\/wordpress\/category\/previa-partido\/"},"img":{"alt_text":"","src":"","width":0,"height":0},"classes":[]},{"id":2490,"url":"http:\/\/www.bloguecornella.es\/wordpress\/2025\/09\/15\/resumen-cedidos-ue-cornella-13-14-septiembre-2025\/","url_meta":{"origin":3064,"position":1},"title":"Resumen cedidos UE Cornella 13-14 Septiembre 2025","author":"bloguecornella","date":"15 de septiembre de 2025","format":false,"excerpt":"Segunda entrega del repaso a nuestros cedidos y el balance que han hecho est\u00e1 semana. Izan Gonz\u00e1lez - CE Europa (Primera Federaci\u00f3n - Grupo II) Jornada 3 - S\u00e1bado 13 Septiembre 2025 - 16:15h - Villarreal CF \"B\" - CE Europa. De nuevo, Izan Gonz\u00e1lez ha jugado de titular y\u2026","rel":"","context":"En \u00abCedidos UE Cornell\u00e0\u00bb","block_context":{"text":"Cedidos UE Cornell\u00e0","link":"http:\/\/www.bloguecornella.es\/wordpress\/category\/cedidos-ue-cornella\/"},"img":{"alt_text":"","src":"https:\/\/i0.wp.com\/www.bloguecornella.es\/wordpress\/wp-content\/uploads\/2025\/09\/Resumen-cedidos-1.png?fit=1200%2C675&resize=350%2C200","width":350,"height":200,"srcset":"https:\/\/i0.wp.com\/www.bloguecornella.es\/wordpress\/wp-content\/uploads\/2025\/09\/Resumen-cedidos-1.png?fit=1200%2C675&resize=350%2C200 1x, https:\/\/i0.wp.com\/www.bloguecornella.es\/wordpress\/wp-content\/uploads\/2025\/09\/Resumen-cedidos-1.png?fit=1200%2C675&resize=525%2C300 1.5x, https:\/\/i0.wp.com\/www.bloguecornella.es\/wordpress\/wp-content\/uploads\/2025\/09\/Resumen-cedidos-1.png?fit=1200%2C675&resize=700%2C400 2x, https:\/\/i0.wp.com\/www.bloguecornella.es\/wordpress\/wp-content\/uploads\/2025\/09\/Resumen-cedidos-1.png?fit=1200%2C675&resize=1050%2C600 3x"},"classes":[]},{"id":141,"url":"http:\/\/www.bloguecornella.es\/wordpress\/2024\/09\/15\/cronica-j3-lleida-cf-1-0-ue-cornella\/","url_meta":{"origin":3064,"position":2},"title":"Cr\u00f3nica J3: Lleida CF 1-0 UE Cornella","author":"bloguecornella","date":"15 de septiembre de 2024","format":false,"excerpt":"La UE Cornella ha sufrido la primera derrota de la temporada a manos del Lleida CF, equipo que el a\u00f1o anterior, jugo play-off de ascenso a Primera Federaci\u00f3n. El partido ha sido bastante mon\u00f3tono. No ha destacado en ocasiones por ambos equipos y se decanta por un gol tempranero del\u2026","rel":"","context":"En \u00abSegunda Federaci\u00f3n Grupo 3\u00bb","block_context":{"text":"Segunda Federaci\u00f3n Grupo 3","link":"http:\/\/www.bloguecornella.es\/wordpress\/category\/segunda-federacion-grupo-3\/"},"img":{"alt_text":"","src":"","width":0,"height":0},"classes":[]},{"id":2391,"url":"http:\/\/www.bloguecornella.es\/wordpress\/2025\/09\/08\/resumen-cedidos-ue-cornella-6-7-septiembre-2025-capitulo-1\/","url_meta":{"origin":3064,"position":3},"title":"Resumen cedidos UE Cornell\u00e0 6-7 Septiembre 2025 &#8211; Cap\u00edtulo 1","author":"bloguecornella","date":"8 de septiembre de 2025","format":false,"excerpt":"Cada lunes, sacaremos un resumen de lo que ha acontecido en este fin de semana para nuestros jugadores que est\u00e1n cedidos en diferentes clubs. Izan Gonz\u00e1lez - CE Europa (Primera Federaci\u00f3n - Grupo II) Jornada 2 - S\u00e1bado 06 Septiembre 2025 - 19:00h - CE Europa - Sevilla Atl\u00e9tico. Izan\u2026","rel":"","context":"En \u00abCedidos UE Cornell\u00e0\u00bb","block_context":{"text":"Cedidos UE Cornell\u00e0","link":"http:\/\/www.bloguecornella.es\/wordpress\/category\/cedidos-ue-cornella\/"},"img":{"alt_text":"","src":"https:\/\/i0.wp.com\/www.bloguecornella.es\/wordpress\/wp-content\/uploads\/2025\/09\/Resumen-cedidos.png?fit=1200%2C675&resize=350%2C200","width":350,"height":200,"srcset":"https:\/\/i0.wp.com\/www.bloguecornella.es\/wordpress\/wp-content\/uploads\/2025\/09\/Resumen-cedidos.png?fit=1200%2C675&resize=350%2C200 1x, https:\/\/i0.wp.com\/www.bloguecornella.es\/wordpress\/wp-content\/uploads\/2025\/09\/Resumen-cedidos.png?fit=1200%2C675&resize=525%2C300 1.5x, https:\/\/i0.wp.com\/www.bloguecornella.es\/wordpress\/wp-content\/uploads\/2025\/09\/Resumen-cedidos.png?fit=1200%2C675&resize=700%2C400 2x, https:\/\/i0.wp.com\/www.bloguecornella.es\/wordpress\/wp-content\/uploads\/2025\/09\/Resumen-cedidos.png?fit=1200%2C675&resize=1050%2C600 3x"},"classes":[]},{"id":3104,"url":"http:\/\/www.bloguecornella.es\/wordpress\/2025\/11\/24\/cronica-capitulo-12-lleida-cf-x-x-ue-cornella\/","url_meta":{"origin":3064,"position":4},"title":"Cr\u00f3nica cap\u00edtulo 12 : Lleida CF 1 &#8211; 1 UE Cornell\u00e0 \u00abBuen empate, con sabor agridulce\u00bb","author":"bloguecornella","date":"24 de noviembre de 2025","format":false,"excerpt":"La UE Cornell\u00e0 logra sacar un empate en su visita al Camp D'Esports de Lleida contra un Lleida CF que ha sido combativo, y que podr\u00eda haberse llevado el partido en la \u00faltima jugada de partido. V\u00edctor Aliaga ha hecho el gol verde con el sabor agridulce de la lesi\u00f3n\u2026","rel":"","context":"En \u00abTemporada 2025\/26\u00bb","block_context":{"text":"Temporada 2025\/26","link":"http:\/\/www.bloguecornella.es\/wordpress\/category\/temporada-2025-26\/"},"img":{"alt_text":"","src":"https:\/\/i0.wp.com\/www.bloguecornella.es\/wordpress\/wp-content\/uploads\/2025\/11\/img_4777.jpg?fit=1200%2C900&resize=350%2C200","width":350,"height":200,"srcset":"https:\/\/i0.wp.com\/www.bloguecornella.es\/wordpress\/wp-content\/uploads\/2025\/11\/img_4777.jpg?fit=1200%2C900&resize=350%2C200 1x, https:\/\/i0.wp.com\/www.bloguecornella.es\/wordpress\/wp-content\/uploads\/2025\/11\/img_4777.jpg?fit=1200%2C900&resize=525%2C300 1.5x, https:\/\/i0.wp.com\/www.bloguecornella.es\/wordpress\/wp-content\/uploads\/2025\/11\/img_4777.jpg?fit=1200%2C900&resize=700%2C400 2x, https:\/\/i0.wp.com\/www.bloguecornella.es\/wordpress\/wp-content\/uploads\/2025\/11\/img_4777.jpg?fit=1200%2C900&resize=1050%2C600 3x"},"classes":[]},{"id":79,"url":"http:\/\/www.bloguecornella.es\/wordpress\/2024\/08\/09\/previa-reus-fc-reddis-ue-cornella-10-08-2024-19h\/","url_meta":{"origin":3064,"position":5},"title":"Previa: Reus FC Reddis &#8211; UE Cornella 10\/08\/2024 19h","author":"bloguecornella","date":"9 de agosto de 2024","format":false,"excerpt":"El pr\u00f3ximo sabado 10\/08\/2024, a las 19h, se va a enfrentar la UE Cornella contra el Reus FC Reddis en el estadi Municipal de Reus. Nuestro rival viene de jugar dos partidos de pretemporada frente al Atletic Lleida con victoria 1-0 y empate contra el AE Prat a 1. La\u2026","rel":"","context":"En \u00abCopa Federacion - Fase autonomica\u00bb","block_context":{"text":"Copa Federacion - Fase autonomica","link":"http:\/\/www.bloguecornella.es\/wordpress\/category\/copa-federacion-fase-autonomica\/"},"img":{"alt_text":"","src":"","width":0,"height":0},"classes":[]}],"_links":{"self":[{"href":"http:\/\/www.bloguecornella.es\/wordpress\/wp-json\/wp\/v2\/posts\/3064","targetHints":{"allow":["GET"]}}],"collection":[{"href":"http:\/\/www.bloguecornella.es\/wordpress\/wp-json\/wp\/v2\/posts"}],"about":[{"href":"http:\/\/www.bloguecornella.es\/wordpress\/wp-json\/wp\/v2\/types\/post"}],"author":[{"embeddable":true,"href":"http:\/\/www.bloguecornella.es\/wordpress\/wp-json\/wp\/v2\/users\/1"}],"replies":[{"embeddable":true,"href":"http:\/\/www.bloguecornella.es\/wordpress\/wp-json\/wp\/v2\/comments?post=3064"}],"version-history":[{"count":10,"href":"http:\/\/www.bloguecornella.es\/wordpress\/wp-json\/wp\/v2\/posts\/3064\/revisions"}],"predecessor-version":[{"id":3128,"href":"http:\/\/www.bloguecornella.es\/wordpress\/wp-json\/wp\/v2\/posts\/3064\/revisions\/3128"}],"wp:featuredmedia":[{"embeddable":true,"href":"http:\/\/www.bloguecornella.es\/wordpress\/wp-json\/wp\/v2\/media\/3065"}],"wp:attachment":[{"href":"http:\/\/www.bloguecornella.es\/wordpress\/wp-json\/wp\/v2\/media?parent=3064"}],"wp:term":[{"taxonomy":"category","embeddable":true,"href":"http:\/\/www.bloguecornella.es\/wordpress\/wp-json\/wp\/v2\/categories?post=3064"},{"taxonomy":"post_tag","embeddable":true,"href":"http:\/\/www.bloguecornella.es\/wordpress\/wp-json\/wp\/v2\/tags?post=3064"}],"curies":[{"name":"wp","href":"https:\/\/api.w.org\/{rel}","templated":true}]}}