{"id":2982,"date":"2025-11-11T09:15:00","date_gmt":"2025-11-11T08:15:00","guid":{"rendered":"http:\/\/www.bloguecornella.es\/wordpress\/?p=2982"},"modified":"2025-11-10T09:32:06","modified_gmt":"2025-11-10T08:32:06","slug":"resumen-cedidos-ue-cornella-fin-de-semana-8-9-de-noviembre-2025","status":"publish","type":"post","link":"http:\/\/www.bloguecornella.es\/wordpress\/2025\/11\/11\/resumen-cedidos-ue-cornella-fin-de-semana-8-9-de-noviembre-2025\/","title":{"rendered":"Resumen cedidos UE Cornell\u00e0 fin de semana 8-9 de Noviembre 2025"},"content":{"rendered":"\n<p class=\"wp-block-paragraph\" id=\"block-34559a67-9313-40b3-be74-c564ffd24b44\">Novena entrega del repaso a nuestros cedidos y el balance que han hecho est\u00e1 semana.<\/p>\n\n\n\n<p class=\"wp-block-paragraph\" id=\"block-5f8818f2-a613-4c07-8237-b59c9699aa26\"><strong>Izan Gonz\u00e1lez &#8211; CE Europa (Primera Federaci\u00f3n &#8211; Grupo II)<\/strong><\/p>\n\n\n\n<p class=\"wp-block-paragraph\" id=\"block-e7e10207-7efe-4d11-bf8a-7ca86d02e122\"><em><em>Jornada 11 &#8211; S\u00e1bado 8 de Noviembre 2025 &#8211; 16:15h &#8211; H\u00e9rcules CF &#8211; CE Europa<\/em><\/em>.<\/p>\n\n\n\n<p class=\"wp-block-paragraph\" id=\"block-114e4339-74ac-4f35-90b4-3b80b812dc00\">Izan volvi\u00f3 a jugar el partido completo y acabo con derrota por la m\u00ednima en el Estadio Rico Perez contra el Hercules CF<\/p>\n\n\n\n<p class=\"wp-block-paragraph\" id=\"block-18f97a90-8eff-4fc6-a45c-a565a67de126\"><em>Pr\u00f3ximo partido: Jornada 12 &#8211; Domingo 16 de Noviembre 2025 &#8211; 21:00h &#8211; CE Europa &#8211; Cartagena CF.<\/em><\/p>\n\n\n\n<p class=\"wp-block-paragraph\" id=\"block-74d46c59-1c04-4460-8cc0-fc26a3d7c896\"><strong>Iker Moreno &#8211; CE Mercadal (Tercera Federaci\u00f3n &#8211; Grupo XI)<\/strong><\/p>\n\n\n\n<p class=\"wp-block-paragraph\" id=\"block-84426e4e-5279-458b-acc7-2566f2435fc1\"><em><em>Jornada 10 &#8211; Domingo 9 de Noviembre 2025 &#8211; 12:00h &#8211; CE Mercadal &#8211; Manacor<\/em><\/em><\/p>\n\n\n\n<p class=\"wp-block-paragraph\" id=\"block-aff96613-9d78-4e60-ab7c-6bdb242d00c5\">Iker Moreno completo casi todo el encuentro. Jugo 87 minutos en la derrota del CE Mercadal contra el Manacor por la m\u00ednima. Un indiscutible en el once inicial para el CE Mercadal<\/p>\n\n\n\n<p class=\"wp-block-paragraph\" id=\"block-6d2a40d2-6f97-4547-9613-62a65e6215fe\"><em>Pr\u00f3ximo partido: Jornada 10 &#8211; Domingo 16 de Noviembre 2025 &#8211; 16:00h &#8211; Cardassar &#8211; <em> CE Mercadal<\/em><\/em>.<\/p>\n\n\n\n<p class=\"wp-block-paragraph\" id=\"block-29321420-2321-4687-9c01-a59d6243b6b3\"><strong>Jon Pilar &#8211; Fundaci\u00f3 UE Tona (Tercera Federaci\u00f3n &#8211; Grupo V)<\/strong><\/p>\n\n\n\n<p class=\"wp-block-paragraph\" id=\"block-b9ce2e3d-097d-4ae4-b1d8-3d9d5465433e\"><em><em>Jornada 10 &#8211; Domingo 9 de Noviembre 2025 &#8211; 11:45h &#8211; Fundaci\u00f3 UE Tona &#8211; Cerdanyola del Valles FC<\/em><\/em>.<\/p>\n\n\n\n<p class=\"wp-block-paragraph\" id=\"block-8b78b3aa-3c94-4ba0-bd95-31fd9f3baccf\">Jon Pilar fue convocado por el equipo, pero no participo en la derrota por 1-2 contra el Cerdanyola del Valles FC.<\/p>\n\n\n\n<p class=\"wp-block-paragraph\" id=\"block-f18d8407-4e0f-4a8e-b192-c60b88fbb4b3\"><em>Pr\u00f3ximo partido: Jornada 11 &#8211; Domingo 16 de Noviembre 2025 &#8211; 12:00h &#8211; CF Monta\u00f1esa &#8211; <em>Fundaci\u00f3 UE Tona<\/em><\/em>.<\/p>\n\n\n\n<p class=\"wp-block-paragraph\" id=\"block-836d3097-68fb-4806-a36b-caf99b75591e\"><strong>Marc Barrantes &#8211; FC Vilafranca (Lliga Elit)<\/strong><\/p>\n\n\n\n<p class=\"wp-block-paragraph\" id=\"block-5a77afe5-14d7-4324-93e4-e70816a63129\"><em><em>Jornada 8 &#8211; Domingo 9 de Noviembre 2025 &#8211; 11:45h &#8211; CE Sabadell \u00abB\u00bb &#8211; FC Vilafranc<\/em>a.<\/em><\/p>\n\n\n\n<p class=\"wp-block-paragraph\" id=\"block-11d4af8e-354f-4bcf-8faf-6afe926c9427\">Marc Barrantes volvi\u00f3 a salir de titular y jugo 75 minutos en la victoria del FC Vilafranca contra el filial arlequinado<\/p>\n\n\n\n<p class=\"wp-block-paragraph\" id=\"block-d0d2766f-16d3-4ad7-ad17-bf2f37dcd5cf\"><em>Pr\u00f3ximo partido: Jornada 9 &#8211; Domingo 16 de Noviembre 2025 &#8211; 11:45h &#8211; <em>FC Vilafranca<\/em> &#8211; FC Martinenc<\/em>.<\/p>\n\n\n\n<p class=\"wp-block-paragraph\" id=\"block-2343e94a-fd24-4e37-baa8-78828485b2a6\"><strong>Marcos Mu\u00f1oz &#8211; CE Sabadell \u00abB\u00bb (Lliga Elit)<\/strong><\/p>\n\n\n\n<p class=\"wp-block-paragraph\" id=\"block-c788c75c-aaae-44d1-a412-5130c37ebc26\"><em><em>Jornada 8 &#8211; Domingo 9 de Noviembre 2025 &#8211; 11:45h &#8211; CE Sabadell \u00abB\u00bb &#8211; FC Vilafranca<\/em><\/em><\/p>\n\n\n\n<p class=\"wp-block-paragraph\" id=\"block-2409d322-49ef-4ad7-9cde-3f21c2a9f54d\">Marc Mu\u00f1oz no tuvo tanta suerte esta semana y fue expulsado, por roja directa, en el minuto 26 de encuentro. A espera de lo que dictamine la sanci\u00f3n para saber cuantos encuentros se pierde.<\/p>\n\n\n\n<p class=\"wp-block-paragraph\" id=\"block-c55d996a-22c6-491c-9d0f-d529fe2d882e\"><strong>Julia Aguilar &#8211; UA Horta (Lliga Elit)<\/strong><\/p>\n\n\n\n<p class=\"wp-block-paragraph\" id=\"block-2e0faeae-7b4a-4b35-b24e-4c2f4d70834d\"><em><em>Jornada 8 &#8211; S\u00e1bado 8 de Noviembre 2025 &#8211; 18:30h &#8211; UE Castelldefels &#8211; UA Horta<\/em><\/em><\/p>\n\n\n\n<p class=\"wp-block-paragraph\" id=\"block-403b8e27-4d1f-4839-8459-1df37a706ac9\">Julia Aguilar ha estado convocado, pero no ha jugado minutos en la derrota contra la UE Castelldefels.<\/p>\n\n\n\n<p class=\"wp-block-paragraph\" id=\"block-20d6d522-39b7-4922-a6b8-e02460a40585\"><em>Pr\u00f3ximo partido:<\/em> <em>Jornada 9 &#8211; S\u00e1bado 15 de Noviembre 2025 &#8211; 16:05h &#8211; <em>UA Horta<\/em> &#8211; <\/em>Sant Joan At. Montcada<\/p>\n","protected":false},"excerpt":{"rendered":"<p>Novena entrega del repaso a nuestros cedidos y el balance que han hecho est\u00e1 semana. Izan Gonz\u00e1lez &#8211; CE Europa (Primera Federaci\u00f3n &#8211; Grupo II) Jornada 11 &#8211; S\u00e1bado 8 de Noviembre 2025 &#8211; 16:15h &#8211; H\u00e9rcules CF &#8211; CE Europa. Izan volvi\u00f3 a jugar el partido completo y acabo con derrota por la m\u00ednima [&hellip;]<\/p>\n","protected":false},"author":1,"featured_media":2999,"comment_status":"open","ping_status":"open","sticky":false,"template":"","format":"standard","meta":{"_eb_attr":"","advanced_seo_description":"","jetpack_seo_html_title":"","jetpack_seo_noindex":false,"jetpack_seo_schema_type":"","_jetpack_newsletter_access":"","_jetpack_dont_email_post_to_subs":false,"_jetpack_newsletter_tier_id":0,"_jetpack_memberships_contains_paywalled_content":false,"_jetpack_feature_clip_id":0,"_jetpack_memberships_contains_paid_content":false,"footnotes":"","jetpack_publicize_message":"","jetpack_publicize_feature_enabled":true,"jetpack_social_post_already_shared":true,"jetpack_social_options":{"image_generator_settings":{"template":"highway","default_image_id":0,"font":"","enabled":false},"version":2},"jetpack_post_was_ever_published":false},"categories":[159,176,175,1,71,69,51],"tags":[158,174,173,65,66,54],"class_list":["post-2982","post","type-post","status-publish","format-standard","has-post-thumbnail","hentry","category-cedidos-ue-cornella","category-lliga-elit","category-primera-federacion","category-sin-categoria","category-temporada-2025-26","category-tercera-federacion-grupo-v","category-ue-cornella","tag-cedidos-ue-cornella","tag-lliga-elit","tag-primera-federacion","tag-temporada-2025-26","tag-tercera-federacion-grupo-v","tag-ue-cornella"],"jetpack_publicize_connections":[],"jetpack_sharing_enabled":true,"jetpack-related-posts":[{"id":3210,"url":"http:\/\/www.bloguecornella.es\/wordpress\/2025\/12\/01\/resumen-cedidos-ue-cornella-29-30-de-noviembre-2025\/","url_meta":{"origin":2982,"position":0},"title":"Resumen cedidos UE Cornell\u00e0 &#8211; 29-30 de Noviembre 2025","author":"bloguecornella","date":"1 de diciembre de 2025","format":false,"excerpt":"Decimosegunda entrega del repaso a nuestros cedidos y el balance que han hecho est\u00e1 semana. Izan Gonz\u00e1lez - CE Europa (Primera Federaci\u00f3n - Grupo II) Jornada 14 - Viernes 28 de Noviembre 2025 - 21:15h - CE Europa - CE Sabadell. Izan Gonz\u00e1lez vuelve a disputar los 90 minutos de\u2026","rel":"","context":"En \u00abCedidos UE Cornell\u00e0\u00bb","block_context":{"text":"Cedidos UE Cornell\u00e0","link":"http:\/\/www.bloguecornella.es\/wordpress\/category\/cedidos-ue-cornella\/"},"img":{"alt_text":"","src":"https:\/\/i0.wp.com\/www.bloguecornella.es\/wordpress\/wp-content\/uploads\/2025\/12\/Resumen-29-30-nov.png?fit=1200%2C675&resize=350%2C200","width":350,"height":200,"srcset":"https:\/\/i0.wp.com\/www.bloguecornella.es\/wordpress\/wp-content\/uploads\/2025\/12\/Resumen-29-30-nov.png?fit=1200%2C675&resize=350%2C200 1x, https:\/\/i0.wp.com\/www.bloguecornella.es\/wordpress\/wp-content\/uploads\/2025\/12\/Resumen-29-30-nov.png?fit=1200%2C675&resize=525%2C300 1.5x, https:\/\/i0.wp.com\/www.bloguecornella.es\/wordpress\/wp-content\/uploads\/2025\/12\/Resumen-29-30-nov.png?fit=1200%2C675&resize=700%2C400 2x, https:\/\/i0.wp.com\/www.bloguecornella.es\/wordpress\/wp-content\/uploads\/2025\/12\/Resumen-29-30-nov.png?fit=1200%2C675&resize=1050%2C600 3x"},"classes":[]},{"id":2931,"url":"http:\/\/www.bloguecornella.es\/wordpress\/2025\/11\/03\/resumen-cedidos-fin-de-semana-1-2-noviembre-2025\/","url_meta":{"origin":2982,"position":1},"title":"Resumen cedidos fin de semana 1-2 Noviembre 2025","author":"bloguecornella","date":"3 de noviembre de 2025","format":false,"excerpt":"Octava entrega del repaso a nuestros cedidos y el balance que han hecho est\u00e1 semana. Izan Gonz\u00e1lez - CE Europa (Primera Federaci\u00f3n - Grupo II) Jornada 10 - S\u00e1bado 1 de Noviembre 2025 - 21:00h - CE Europa - At. Sanluque\u00f1o. Izan suma su 10\u00aa titularidad en 10 partidos del\u2026","rel":"","context":"En \u00abCedidos UE Cornell\u00e0\u00bb","block_context":{"text":"Cedidos UE Cornell\u00e0","link":"http:\/\/www.bloguecornella.es\/wordpress\/category\/cedidos-ue-cornella\/"},"img":{"alt_text":"","src":"https:\/\/i0.wp.com\/www.bloguecornella.es\/wordpress\/wp-content\/uploads\/2025\/11\/Resumen-1-2-nov.png?fit=1200%2C675&resize=350%2C200","width":350,"height":200,"srcset":"https:\/\/i0.wp.com\/www.bloguecornella.es\/wordpress\/wp-content\/uploads\/2025\/11\/Resumen-1-2-nov.png?fit=1200%2C675&resize=350%2C200 1x, https:\/\/i0.wp.com\/www.bloguecornella.es\/wordpress\/wp-content\/uploads\/2025\/11\/Resumen-1-2-nov.png?fit=1200%2C675&resize=525%2C300 1.5x, https:\/\/i0.wp.com\/www.bloguecornella.es\/wordpress\/wp-content\/uploads\/2025\/11\/Resumen-1-2-nov.png?fit=1200%2C675&resize=700%2C400 2x, https:\/\/i0.wp.com\/www.bloguecornella.es\/wordpress\/wp-content\/uploads\/2025\/11\/Resumen-1-2-nov.png?fit=1200%2C675&resize=1050%2C600 3x"},"classes":[]},{"id":3133,"url":"http:\/\/www.bloguecornella.es\/wordpress\/2025\/11\/24\/resumen-cedidos-ue-cornella-fin-de-semana-22-23-noviembre-2025\/","url_meta":{"origin":2982,"position":2},"title":"Resumen cedidos UE Cornell\u00e0 fin de semana 22-23 Noviembre 2025","author":"bloguecornella","date":"24 de noviembre de 2025","format":false,"excerpt":"Und\u00e9cima entrega del repaso a nuestros cedidos y el balance que han hecho est\u00e1 semana. Izan Gonz\u00e1lez - CE Europa (Primera Federaci\u00f3n - Grupo II) Jornada 13 - Domingo 23 de Noviembre 2025 - 18:30h - UD Ibiza - CE Europa. Izan Gonz\u00e1lez volvi\u00f3 a jugar todo el encuentro en\u2026","rel":"","context":"En \u00abCedidos UE Cornell\u00e0\u00bb","block_context":{"text":"Cedidos UE Cornell\u00e0","link":"http:\/\/www.bloguecornella.es\/wordpress\/category\/cedidos-ue-cornella\/"},"img":{"alt_text":"","src":"https:\/\/i0.wp.com\/www.bloguecornella.es\/wordpress\/wp-content\/uploads\/2025\/11\/Resumen-22-23-nov.png?fit=1200%2C675&resize=350%2C200","width":350,"height":200,"srcset":"https:\/\/i0.wp.com\/www.bloguecornella.es\/wordpress\/wp-content\/uploads\/2025\/11\/Resumen-22-23-nov.png?fit=1200%2C675&resize=350%2C200 1x, https:\/\/i0.wp.com\/www.bloguecornella.es\/wordpress\/wp-content\/uploads\/2025\/11\/Resumen-22-23-nov.png?fit=1200%2C675&resize=525%2C300 1.5x, https:\/\/i0.wp.com\/www.bloguecornella.es\/wordpress\/wp-content\/uploads\/2025\/11\/Resumen-22-23-nov.png?fit=1200%2C675&resize=700%2C400 2x, https:\/\/i0.wp.com\/www.bloguecornella.es\/wordpress\/wp-content\/uploads\/2025\/11\/Resumen-22-23-nov.png?fit=1200%2C675&resize=1050%2C600 3x"},"classes":[]},{"id":3276,"url":"http:\/\/www.bloguecornella.es\/wordpress\/2025\/12\/09\/resumen-cedidos-ue-cornella-fin-de-semana-6-7-diciembre-2025\/","url_meta":{"origin":2982,"position":3},"title":"Resumen cedidos UE Cornell\u00e0 fin de semana 6-7 diciembre 2025","author":"bloguecornella","date":"9 de diciembre de 2025","format":false,"excerpt":"Decimo tercera entrega del repaso a nuestros cedidos y el balance que han hecho est\u00e1 semana. Izan Gonz\u00e1lez - CE Europa (Primera Federaci\u00f3n - Grupo II) Jornada 15 - Lunes 8 de Diciembre 2025 - 18:30h - SD Tarazona - CE Europa. Izan Gonzalez, disfruto de nuevo de los 90\u2026","rel":"","context":"En \u00abCedidos UE Cornell\u00e0\u00bb","block_context":{"text":"Cedidos UE Cornell\u00e0","link":"http:\/\/www.bloguecornella.es\/wordpress\/category\/cedidos-ue-cornella\/"},"img":{"alt_text":"","src":"https:\/\/i0.wp.com\/www.bloguecornella.es\/wordpress\/wp-content\/uploads\/2025\/12\/Resumen-6-7-dic.png?fit=1200%2C675&resize=350%2C200","width":350,"height":200,"srcset":"https:\/\/i0.wp.com\/www.bloguecornella.es\/wordpress\/wp-content\/uploads\/2025\/12\/Resumen-6-7-dic.png?fit=1200%2C675&resize=350%2C200 1x, https:\/\/i0.wp.com\/www.bloguecornella.es\/wordpress\/wp-content\/uploads\/2025\/12\/Resumen-6-7-dic.png?fit=1200%2C675&resize=525%2C300 1.5x, https:\/\/i0.wp.com\/www.bloguecornella.es\/wordpress\/wp-content\/uploads\/2025\/12\/Resumen-6-7-dic.png?fit=1200%2C675&resize=700%2C400 2x, https:\/\/i0.wp.com\/www.bloguecornella.es\/wordpress\/wp-content\/uploads\/2025\/12\/Resumen-6-7-dic.png?fit=1200%2C675&resize=1050%2C600 3x"},"classes":[]},{"id":2862,"url":"http:\/\/www.bloguecornella.es\/wordpress\/2025\/10\/27\/resumen-cedidos-fin-de-semana-25-26-octubre-2025\/","url_meta":{"origin":2982,"position":4},"title":"Resumen cedidos fin de semana 25-26 octubre 2025","author":"bloguecornella","date":"27 de octubre de 2025","format":false,"excerpt":"S\u00e9ptima entrega del repaso a nuestros cedidos y el balance que han hecho est\u00e1 semana. Izan Gonz\u00e1lez - CE Europa (Primera Federaci\u00f3n - Grupo II) Jornada 9 - Domingo 26 de Octubre 2025 - 21:00h - Atl\u00e9tico Madrile\u00f1o - CE Europa Izan volvi\u00f3 a jugar el partido completo en la\u2026","rel":"","context":"En \u00abCedidos UE Cornell\u00e0\u00bb","block_context":{"text":"Cedidos UE Cornell\u00e0","link":"http:\/\/www.bloguecornella.es\/wordpress\/category\/cedidos-ue-cornella\/"},"img":{"alt_text":"","src":"https:\/\/i0.wp.com\/www.bloguecornella.es\/wordpress\/wp-content\/uploads\/2025\/10\/Resumen-25-26-Oct.png?fit=1200%2C675&resize=350%2C200","width":350,"height":200,"srcset":"https:\/\/i0.wp.com\/www.bloguecornella.es\/wordpress\/wp-content\/uploads\/2025\/10\/Resumen-25-26-Oct.png?fit=1200%2C675&resize=350%2C200 1x, https:\/\/i0.wp.com\/www.bloguecornella.es\/wordpress\/wp-content\/uploads\/2025\/10\/Resumen-25-26-Oct.png?fit=1200%2C675&resize=525%2C300 1.5x, https:\/\/i0.wp.com\/www.bloguecornella.es\/wordpress\/wp-content\/uploads\/2025\/10\/Resumen-25-26-Oct.png?fit=1200%2C675&resize=700%2C400 2x, https:\/\/i0.wp.com\/www.bloguecornella.es\/wordpress\/wp-content\/uploads\/2025\/10\/Resumen-25-26-Oct.png?fit=1200%2C675&resize=1050%2C600 3x"},"classes":[]},{"id":3061,"url":"http:\/\/www.bloguecornella.es\/wordpress\/2025\/11\/18\/resumen-cedidos-ue-cornella-fin-de-semana-15-16-noviembre-2025\/","url_meta":{"origin":2982,"position":5},"title":"Resumen cedidos UE Cornell\u00e0 fin de semana 15-16 noviembre 2025","author":"bloguecornella","date":"18 de noviembre de 2025","format":false,"excerpt":"Decima entrega del repaso a nuestros cedidos y el balance que han hecho est\u00e1 semana. Izan Gonz\u00e1lez - CE Europa (Primera Federaci\u00f3n - Grupo II) Jornada 12 - Domingo 16 de Noviembre 2025 - 21:00h - CE Europa - Cartagena CF. Izan volvi\u00f3 a jugar los 90 minutos en la\u2026","rel":"","context":"En \u00abCedidos UE Cornell\u00e0\u00bb","block_context":{"text":"Cedidos UE Cornell\u00e0","link":"http:\/\/www.bloguecornella.es\/wordpress\/category\/cedidos-ue-cornella\/"},"img":{"alt_text":"","src":"https:\/\/i0.wp.com\/www.bloguecornella.es\/wordpress\/wp-content\/uploads\/2025\/11\/Resumen-15-16-nov.png?fit=1200%2C675&resize=350%2C200","width":350,"height":200,"srcset":"https:\/\/i0.wp.com\/www.bloguecornella.es\/wordpress\/wp-content\/uploads\/2025\/11\/Resumen-15-16-nov.png?fit=1200%2C675&resize=350%2C200 1x, https:\/\/i0.wp.com\/www.bloguecornella.es\/wordpress\/wp-content\/uploads\/2025\/11\/Resumen-15-16-nov.png?fit=1200%2C675&resize=525%2C300 1.5x, https:\/\/i0.wp.com\/www.bloguecornella.es\/wordpress\/wp-content\/uploads\/2025\/11\/Resumen-15-16-nov.png?fit=1200%2C675&resize=700%2C400 2x, https:\/\/i0.wp.com\/www.bloguecornella.es\/wordpress\/wp-content\/uploads\/2025\/11\/Resumen-15-16-nov.png?fit=1200%2C675&resize=1050%2C600 3x"},"classes":[]}],"jetpack_featured_media_url":"https:\/\/i0.wp.com\/www.bloguecornella.es\/wordpress\/wp-content\/uploads\/2025\/11\/Resumen-8-9-nov.png?fit=1600%2C900","_links":{"self":[{"href":"http:\/\/www.bloguecornella.es\/wordpress\/wp-json\/wp\/v2\/posts\/2982","targetHints":{"allow":["GET"]}}],"collection":[{"href":"http:\/\/www.bloguecornella.es\/wordpress\/wp-json\/wp\/v2\/posts"}],"about":[{"href":"http:\/\/www.bloguecornella.es\/wordpress\/wp-json\/wp\/v2\/types\/post"}],"author":[{"embeddable":true,"href":"http:\/\/www.bloguecornella.es\/wordpress\/wp-json\/wp\/v2\/users\/1"}],"replies":[{"embeddable":true,"href":"http:\/\/www.bloguecornella.es\/wordpress\/wp-json\/wp\/v2\/comments?post=2982"}],"version-history":[{"count":5,"href":"http:\/\/www.bloguecornella.es\/wordpress\/wp-json\/wp\/v2\/posts\/2982\/revisions"}],"predecessor-version":[{"id":3008,"href":"http:\/\/www.bloguecornella.es\/wordpress\/wp-json\/wp\/v2\/posts\/2982\/revisions\/3008"}],"wp:featuredmedia":[{"embeddable":true,"href":"http:\/\/www.bloguecornella.es\/wordpress\/wp-json\/wp\/v2\/media\/2999"}],"wp:attachment":[{"href":"http:\/\/www.bloguecornella.es\/wordpress\/wp-json\/wp\/v2\/media?parent=2982"}],"wp:term":[{"taxonomy":"category","embeddable":true,"href":"http:\/\/www.bloguecornella.es\/wordpress\/wp-json\/wp\/v2\/categories?post=2982"},{"taxonomy":"post_tag","embeddable":true,"href":"http:\/\/www.bloguecornella.es\/wordpress\/wp-json\/wp\/v2\/tags?post=2982"}],"curies":[{"name":"wp","href":"https:\/\/api.w.org\/{rel}","templated":true}]}}