{"id":2974,"date":"2025-11-13T17:00:00","date_gmt":"2025-11-13T16:00:00","guid":{"rendered":"http:\/\/www.bloguecornella.es\/wordpress\/?p=2974"},"modified":"2025-11-13T00:48:48","modified_gmt":"2025-11-12T23:48:48","slug":"entrevista-genis-sampietro-entrenador-del-cf-vilanova-i-la-geltru-al-cornella-lo-veo-entre-los-tres-primeros","status":"publish","type":"post","link":"http:\/\/www.bloguecornella.es\/wordpress\/2025\/11\/13\/entrevista-genis-sampietro-entrenador-del-cf-vilanova-i-la-geltru-al-cornella-lo-veo-entre-los-tres-primeros\/","title":{"rendered":"Entrevista Genis Sampietro &#8211; Entrenador del CF Vilanova i la Geltru: \u00abAl Cornell\u00e0 lo veo entre los tres primeros\u00bb"},"content":{"rendered":"\n<p>La UE Cornell\u00e0 le dio su primera oportunidad a nivel amateur, en equipo semiprofesional. Duro solo once encuentros y lo que parec\u00eda unos meses de par\u00f3n para reflexionar, pensar, una llamada le hizo volver a lo que m\u00e1s le gusta y vivir una segunda oportunidad, con ascenso incluido, con el CF Vilanova. Rival que, por otro lado, ser\u00e1 el de la UE Cornell\u00e0 esta semana y volver\u00e1 al Municipal este fin de semana.<\/p>\n\n\n\n<p>Hablamos de Genis Sampietro, ex-entrenador verde y actual entrenador de la CF Vilanova i la Geltru, que concede entrevista previa al partido de este fin de semana contra los verdes.  <\/p>\n\n\n\n<p><strong>Primero de todo, \u00bfQu\u00e9 tal, como va todo?<\/strong><\/p>\n\n\n\n<p>Bien. Un poco cansado de lunes. Siempre es un d\u00eda que, despu\u00e9s del fin de semana, estas mas cansado y disfrutando del proyecto del Vilanova, con los jugadores, ya preparando lo que va a ser la semana, preparar el partido con el equipo.<\/p>\n\n\n\n<p><strong>H\u00e1blanos de tu experiencia como entrenador. Clubes, experiencias, etc.<\/strong><\/p>\n\n\n\n<p>Yo empiezo siempre mi trayectoria hablando a partir de Juveniles que es cuando, de alguna forma, empiezas m\u00e1s a crecer como entrenador, aunque he estado tambi\u00e9n en f\u00fatbol base en el Girona y en Santa Coloma de Farn\u00e9s. Yo empec\u00e9 en juveniles en el Poble Sec. Estuvimos dos a\u00f1os en los que subimos, directamente de Segunda Divisi\u00f3n a Preferente. A continuaci\u00f3n estuve en el Juvenil de la Damm durante cinco a\u00f1os, en los que cuatro de ellos fue en Preferente y uno en Liga Nacional. Esos a\u00f1os en la Damm los he vivido super bien y muy agusto en el club, ya que encontr\u00e9 el f\u00fatbol que quiero jugar, que quiero hacer. Bien es cierto que en Poblesec era mas complicado, por las dimensiones del campo, etc. pero en la Damm me encontre con un grupo de chavales y de estructura que me permit\u00eda lleva mi f\u00fatbol y ah\u00ed empezaba a poder forjar mi marca como entrenador, antes de dar el salto al CF Badalona de Divisi\u00f3n de Honor.<\/p>\n\n\n\n<p>En el CF Badalona tuvimos la suerte de poder haber disfrutado de la clasificaci\u00f3n para la Copa del Rey y de haber hecho historia llegando a las semifinales y jugando la final-four en Oviedo. Gracias a esa temporada, me permite poder dar el salto al f\u00fatbol semi-profesional al Cornell\u00e0.<\/p>\n\n\n\n<p>En el Cornell\u00e0 estuve muy agusto con la experiencia, con asumir el resto, con la gente que me he encontrado en el Cornell\u00e0, con la gente que trabajaba con los jugadores y que lamentablemente no salio como nos hubiera gustado.<\/p>\n\n\n\n<p>A partir de ah\u00ed, decid\u00ed salir unos meses de desconexi\u00f3n, que no me hab\u00eda tomado desde que empec\u00e9 y me sali\u00f3 la oportunidad de Vilanova, en la que me encajo el proyecto y que me anime a poder coger y que el comienzo fue id\u00edlico que nos pusimos en ascenso directo y el equipo, poco a poco, se fue adaptando a nuestra forma de jugar y pudimos conseguir el ascenso.<\/p>\n\n\n\n<p>Este a\u00f1o hemos empezado fuerte y, aunque no fue f\u00e1cil, hemos hecho unas buenas primeras diez jornadas y ahora empezar a aguantar un poco m\u00e1s y disfrutar.<\/p>\n\n\n\n<p><strong>Cuando te llamar\u00f3n para dirigir al club \u00bfCu\u00e1l era el objetivo del Vilanova cuando te cogi\u00f3 y como se vivi\u00f3 el ascenso?<\/strong><\/p>\n\n\n\n<p>Fue una liga&#8230; La Liga Elite es una competici\u00f3n, en la que va todo muy apretado, tanto la parte de abajo como la de arriba. Cuando llegue estaba en 5a posici\u00f3n y el equipo esta preparado para ser uno de los fuertes de la categor\u00eda y en Navidad estaban primeros. El objetivo era asegurar el play-off y arrancamos muy bien, nos colocamos en 2\u00aa posici\u00f3n y despu\u00e9s conseguimos un punto de nueve posibles y vimos que hab\u00eda una posibilidad de perder lo que hab\u00edamos conseguido.<\/p>\n\n\n\n<p>Hab\u00eda presi\u00f3n. Porque de haber llegado al ascenso directo y despu\u00e9s pensar que lo pod\u00edamos perder, generaba esa tensi\u00f3n. Llegamos a la ultima jornada enfrent\u00e1ndonos al FC Vilafranca que, tambi\u00e9n se jugaba el ascenso, y que incluso podr\u00eda quedar segundo y los conseguimos ganando en casa y asegurando un ascenso que se disfruto con la afici\u00f3n. <\/p>\n\n\n\n<p>Creo que hay una buena afici\u00f3n en la ciudad, tambi\u00e9n en la directiva, se hace notar la ilusi\u00f3n de volver a una categor\u00eda que hacia tiempo que no entraban y que hist\u00f3ricamente ten\u00edan ah\u00ed en la mano.<\/p>\n\n\n\n<p>Como comentabas, me encontr\u00e9 con un grupo de jugadores con los que hemos encajado muy bien y hemos conectado a la perfecci\u00f3n el a\u00f1o pasado y que dan continuidad este a\u00f1o para la Tercera Federaci\u00f3n y las nuevas incorporaciones nos van a dar la profundidad que necesitamos para afrontar bien la categor\u00eda.<\/p>\n\n\n\n<p> <strong>\u00bfC\u00f3mo valoras la Tercera Federaci\u00f3n actual?<\/strong><\/p>\n\n\n\n<p>Es una categor\u00eda muy competida, muy bonita, bastante igualada. A diferencia de otras temporadas que habia uno o dos equipos que destacaban, se podr\u00eda decir que se puede dividir en mitades. Podemos hablar que hay nueve equipos que pueden meter en play-off, parece que San Cristobal pueden entrar ahi. Abajo es otro espacio que parece otra liga.<\/p>\n\n\n\n<p>Puede que se vuelva a entremezclar, pero parece muy claro que hay dos grupos ahora mismo y, hay dos presupuestos mas humildes, pero veremos lo que ocurre durante la temporada.<\/p>\n\n\n\n<p><strong>Hablemos del  partido de este fin de semana. Vuelves despu\u00e9s de tres partidos de sanci\u00f3n, y es contra el Cornell\u00e0 \u00bfQu\u00e9 sensaciones tienes de volver a pisar el verde del Municipal?<\/strong><\/p>\n\n\n\n<p>Me hace ilusi\u00f3n. No ilusi\u00f3n en cuanto querer ir y ganar por venganza o rabia, porque no tengo nada de esas sensaciones. Es un club en el que estuve muy bien.<\/p>\n\n\n\n<p>Hubo condicionantes, mas deportivos,  en los que no se gestionaron bien ni por el club ni por mi. Pero me hace ilusi\u00f3n por volver a gente del club, gente del staff que todav\u00eda esta, hasta con aficionados, etc. Siempre es bonito reencontrarte. Creo que es lo bonito del f\u00fatbol. Me hace especial ilusi\u00f3n volver a ir y para que vean un buen f\u00fatbol en el que creo que somos dos equipos que proponemos un futbol muy atractivo y ser\u00e1 bonito para el espectador.<\/p>\n\n\n\n<p><strong>Es cierto y la clasificaci\u00f3n ayuda a<\/strong> <strong>ello, solo dos puntos de diferencias. El f\u00fatbol es disfrutarlo, son momentos y es bueno volver a sitios en los que te reconozcan, que saluden y lo disfrutemos.<\/strong><\/p>\n\n\n\n<p><strong>Ahora, sobre este Cornell\u00e0 de la 25\/26, \u00bfQu\u00e9 diferencias le ves con tu Cornell\u00e0 de la temporada pasada? Son dos equipos nuevos, pero cada uno con sus jugadores<\/strong><\/p>\n\n\n\n<p>Lo veo fuerte. Un equipo hecho a medida de Ignasi, porque como el esta tambi\u00e9n a nivel de gesti\u00f3n, les ha hecho un equipo con sentido de lo que quiere buscar en el campo.<\/p>\n\n\n\n<p>Uno de los handicaps que tuve fue que en la pretemporada no pude hacerla en nuestro estadio por las obras, y estar mareados entre un campo, otro, campos que no estaban bien. Aqu\u00ed ha podido empezar de inicio y jugadores estuvieron con ellos en \u00e9pocas pasadas y ya conocen como juegan y el staff de Ignasi tiene mucha experiencia en la categor\u00eda.<\/p>\n\n\n\n<p>Los jugadores me gustan mucho para la categor\u00eda en la que est\u00e1n y luchando para llegar donde est\u00e1n y siendo un equipo para poder estar entre los 3 primeros sin problema.<\/p>\n\n\n\n<p><strong>Yo soy un poco m\u00e1s humilde y si que es verdad<\/strong> <strong>que se est\u00e1 cumpliendo los objetivos de estar en mitad tabla, creo que hay equipo para estar en play-off de ascenso.<\/strong><\/p>\n\n\n\n<p><strong>Para acabar, como hice con Fran hace un mes, \u00bfC\u00f3mo ves ese puesto en el que tiene que estar el Cornell\u00e0? \u00bfCu\u00e1l es el del Vilanova y que les dir\u00edas a los aficionados del Vilanova?<\/strong><\/p>\n\n\n\n<p>Creo que el objetivo del Cornell\u00e0 es estar en play-off. Badalona y Hospi son las mejores plantillas de la categor\u00eda. L&#8217;Escala no es una sorpresa y desde el d\u00eda que los fui a ver contra la Grama, vi que tenia potencial. La Grama tambi\u00e9n tiene potencial. Cornell\u00e0 tiene que estar entre los 3 primeros, pero tambi\u00e9n hay equipos buenos.<\/p>\n\n\n\n<p>Luego, nosotros, sinceramente, no lo se. El objetivo inicial es un equipo para mitad de tabla. Poder asentarnos en la categor\u00eda sin sufrir el posible descenso. Es verdad que se est\u00e1 asentando bien lo estamos cumpliendo y ahora estamos disfrutando del momento. Queremos ser ambiciosos y agarrar puntos para poder seguir disfrutando de esta arriba. Si tenemos que bajar, bajamos y sin ning\u00fan problema, pero ahora disfrutar.<\/p>\n\n\n\n<p>A la afici\u00f3n le dir\u00eda que vengan a Cornell\u00e0, que disfruten del momento, que creo que lo est\u00e1n haciendo. Tambi\u00e9n les dir\u00eda que partido a partido, ahora estamos de invitado, que es verdad que se pueden frustrar que si nos va mal en el futuro. El equipo est\u00e1 funcionando bien y que puede ser un a\u00f1o muy bonito y que nos ayuda mucho cuando nos vienen a animar.<\/p>\n\n\n\n<p><\/p>\n\n\n\n<p>La entrevista completa, en el siguiente <a href=\"https:\/\/youtu.be\/USB-mV52K7c\" data-type=\"link\" data-id=\"https:\/\/youtu.be\/USB-mV52K7c\" target=\"_blank\" rel=\"noreferrer noopener\">enlace<\/a><\/p>\n","protected":false},"excerpt":{"rendered":"<p>La UE Cornell\u00e0 le dio su primera oportunidad a nivel amateur, en equipo semiprofesional. Duro solo once encuentros y lo que parec\u00eda unos meses de par\u00f3n para reflexionar, pensar, una llamada le hizo volver a lo que m\u00e1s le gusta y vivir una segunda oportunidad, con ascenso incluido, con el CF Vilanova. Rival que, por [&hellip;]<\/p>\n","protected":false},"author":1,"featured_media":3044,"comment_status":"open","ping_status":"open","sticky":false,"template":"","format":"standard","meta":{"_eb_attr":"","advanced_seo_description":"","jetpack_seo_html_title":"","jetpack_seo_noindex":false,"jetpack_post_was_ever_published":false,"_jetpack_newsletter_access":"","_jetpack_dont_email_post_to_subs":false,"_jetpack_newsletter_tier_id":0,"_jetpack_memberships_contains_paywalled_content":false,"_jetpack_memberships_contains_paid_content":false,"footnotes":"","jetpack_publicize_message":"","jetpack_publicize_feature_enabled":true,"jetpack_social_post_already_shared":true,"jetpack_social_options":{"image_generator_settings":{"template":"highway","default_image_id":0,"font":"","enabled":false},"version":2}},"categories":[64,196,71,69,51],"tags":[62,195,65,66,54],"class_list":["post-2974","post","type-post","status-publish","format-standard","has-post-thumbnail","hentry","category-entrevista","category-genis-sampietro","category-temporada-2025-26","category-tercera-federacion-grupo-v","category-ue-cornella","tag-entrevista","tag-genis-sampietro","tag-temporada-2025-26","tag-tercera-federacion-grupo-v","tag-ue-cornella"],"jetpack_publicize_connections":[],"jetpack_featured_media_url":"https:\/\/i0.wp.com\/www.bloguecornella.es\/wordpress\/wp-content\/uploads\/2025\/11\/Genis-Sampietro.png?fit=940%2C529","jetpack_sharing_enabled":true,"jetpack-related-posts":[{"id":3024,"url":"http:\/\/www.bloguecornella.es\/wordpress\/2025\/11\/14\/previa-capitulo-11-ue-cornella-cf-vilanova-i-la-geltru-partido-trampa-en-el-municipal\/","url_meta":{"origin":2974,"position":0},"title":"Previa cap\u00edtulo 11 &#8211; UE Cornell\u00e0 &#8211; CF Vilanova i la Geltru \u00abPartido trampa en el Municipal\u00bb","author":"bloguecornella","date":"14 de noviembre de 2025","format":false,"excerpt":"Este s\u00e1bado, en el Nou Municipal de Cornell\u00e0, se vivir\u00e1 un duelo precioso de f\u00fatbol y que ser\u00e1 una prueba, m\u00e1s, de la concentraci\u00f3n del equipo ante rivales como el que nos visitar\u00e1 este fin de semana, el CF Vilanova i la Geltru. El rival: CF Vilanova i la Geltru\u2026","rel":"","context":"En \u00abPrevia partido\u00bb","block_context":{"text":"Previa partido","link":"http:\/\/www.bloguecornella.es\/wordpress\/category\/previa-partido\/"},"img":{"alt_text":"","src":"https:\/\/i0.wp.com\/www.bloguecornella.es\/wordpress\/wp-content\/uploads\/2025\/11\/J11-UE-Cornella-CF-Vilanova-i-la-Geltru.png?fit=940%2C520&resize=350%2C200","width":350,"height":200,"srcset":"https:\/\/i0.wp.com\/www.bloguecornella.es\/wordpress\/wp-content\/uploads\/2025\/11\/J11-UE-Cornella-CF-Vilanova-i-la-Geltru.png?fit=940%2C520&resize=350%2C200 1x, https:\/\/i0.wp.com\/www.bloguecornella.es\/wordpress\/wp-content\/uploads\/2025\/11\/J11-UE-Cornella-CF-Vilanova-i-la-Geltru.png?fit=940%2C520&resize=525%2C300 1.5x, https:\/\/i0.wp.com\/www.bloguecornella.es\/wordpress\/wp-content\/uploads\/2025\/11\/J11-UE-Cornella-CF-Vilanova-i-la-Geltru.png?fit=940%2C520&resize=700%2C400 2x"},"classes":[]},{"id":2391,"url":"http:\/\/www.bloguecornella.es\/wordpress\/2025\/09\/08\/resumen-cedidos-ue-cornella-6-7-septiembre-2025-capitulo-1\/","url_meta":{"origin":2974,"position":1},"title":"Resumen cedidos UE Cornell\u00e0 6-7 Septiembre 2025 &#8211; Cap\u00edtulo 1","author":"bloguecornella","date":"8 de septiembre de 2025","format":false,"excerpt":"Cada lunes, sacaremos un resumen de lo que ha acontecido en este fin de semana para nuestros jugadores que est\u00e1n cedidos en diferentes clubs. Izan Gonz\u00e1lez - CE Europa (Primera Federaci\u00f3n - Grupo II) Jornada 2 - S\u00e1bado 06 Septiembre 2025 - 19:00h - CE Europa - Sevilla Atl\u00e9tico. Izan\u2026","rel":"","context":"En \u00abCedidos UE Cornell\u00e0\u00bb","block_context":{"text":"Cedidos UE Cornell\u00e0","link":"http:\/\/www.bloguecornella.es\/wordpress\/category\/cedidos-ue-cornella\/"},"img":{"alt_text":"","src":"https:\/\/i0.wp.com\/www.bloguecornella.es\/wordpress\/wp-content\/uploads\/2025\/09\/Resumen-cedidos.png?fit=1200%2C675&resize=350%2C200","width":350,"height":200,"srcset":"https:\/\/i0.wp.com\/www.bloguecornella.es\/wordpress\/wp-content\/uploads\/2025\/09\/Resumen-cedidos.png?fit=1200%2C675&resize=350%2C200 1x, https:\/\/i0.wp.com\/www.bloguecornella.es\/wordpress\/wp-content\/uploads\/2025\/09\/Resumen-cedidos.png?fit=1200%2C675&resize=525%2C300 1.5x, https:\/\/i0.wp.com\/www.bloguecornella.es\/wordpress\/wp-content\/uploads\/2025\/09\/Resumen-cedidos.png?fit=1200%2C675&resize=700%2C400 2x, https:\/\/i0.wp.com\/www.bloguecornella.es\/wordpress\/wp-content\/uploads\/2025\/09\/Resumen-cedidos.png?fit=1200%2C675&resize=1050%2C600 3x"},"classes":[]},{"id":3651,"url":"http:\/\/www.bloguecornella.es\/wordpress\/2026\/01\/20\/resumen-cedidos-ue-cornella-17-18-enero-2026\/","url_meta":{"origin":2974,"position":2},"title":"Resumen cedidos UE Cornell\u00e0 17-18 enero 2026","author":"bloguecornella","date":"20 de enero de 2026","format":false,"excerpt":"Decimo s\u00e9ptima entrega del repaso a nuestros cedidos y el balance que han hecho est\u00e1 semana. Izan Gonz\u00e1lez - CE Europa (Primera Federaci\u00f3n - Grupo II) Jornada 20 - S\u00e1bado 17 Enero 2026 - 16:15h - CE Europa - Atl\u00e9tico Madrile\u00f1o. El CE Europa de Izan Gonz\u00e1lez empat\u00f3 su encuentro\u2026","rel":"","context":"En \u00abCedidos UE Cornell\u00e0\u00bb","block_context":{"text":"Cedidos UE Cornell\u00e0","link":"http:\/\/www.bloguecornella.es\/wordpress\/category\/cedidos-ue-cornella\/"},"img":{"alt_text":"","src":"https:\/\/i0.wp.com\/www.bloguecornella.es\/wordpress\/wp-content\/uploads\/2026\/01\/Resumen-17-18-ene.png?fit=1200%2C675&resize=350%2C200","width":350,"height":200,"srcset":"https:\/\/i0.wp.com\/www.bloguecornella.es\/wordpress\/wp-content\/uploads\/2026\/01\/Resumen-17-18-ene.png?fit=1200%2C675&resize=350%2C200 1x, https:\/\/i0.wp.com\/www.bloguecornella.es\/wordpress\/wp-content\/uploads\/2026\/01\/Resumen-17-18-ene.png?fit=1200%2C675&resize=525%2C300 1.5x, https:\/\/i0.wp.com\/www.bloguecornella.es\/wordpress\/wp-content\/uploads\/2026\/01\/Resumen-17-18-ene.png?fit=1200%2C675&resize=700%2C400 2x, https:\/\/i0.wp.com\/www.bloguecornella.es\/wordpress\/wp-content\/uploads\/2026\/01\/Resumen-17-18-ene.png?fit=1200%2C675&resize=1050%2C600 3x"},"classes":[]},{"id":3849,"url":"http:\/\/www.bloguecornella.es\/wordpress\/2026\/02\/13\/previa-capitulo-22-ue-cornella-cf-badalona-la-batalla-por-el-titulo-se-vive-en-el-municipal\/","url_meta":{"origin":2974,"position":3},"title":"Previa cap\u00edtulo 22 &#8211; UE Cornell\u00e0 &#8211; CF Badalona \u00abLa batalla por el t\u00edtulo se vive en el Municipal\u00bb","author":"bloguecornella","date":"13 de febrero de 2026","format":false,"excerpt":"Llego. La gran batalla por el t\u00edtulo, con permiso del CE Manresa. Una final por marcar el paso hacia el t\u00edtulo de 3\u00aa Federaci\u00f3n y, con ello, el ascenso directo a la Segunda Federaci\u00f3n. Estamos hablando, de la UE Cornell\u00e0 y del CF Badalona y, en este caso, en el\u2026","rel":"","context":"En \u00abPrevia partido\u00bb","block_context":{"text":"Previa partido","link":"http:\/\/www.bloguecornella.es\/wordpress\/category\/previa-partido\/"},"img":{"alt_text":"","src":"https:\/\/i0.wp.com\/www.bloguecornella.es\/wordpress\/wp-content\/uploads\/2026\/02\/J22-UE-Cornella-CF-Badalona.png?fit=940%2C520&resize=350%2C200","width":350,"height":200,"srcset":"https:\/\/i0.wp.com\/www.bloguecornella.es\/wordpress\/wp-content\/uploads\/2026\/02\/J22-UE-Cornella-CF-Badalona.png?fit=940%2C520&resize=350%2C200 1x, https:\/\/i0.wp.com\/www.bloguecornella.es\/wordpress\/wp-content\/uploads\/2026\/02\/J22-UE-Cornella-CF-Badalona.png?fit=940%2C520&resize=525%2C300 1.5x, https:\/\/i0.wp.com\/www.bloguecornella.es\/wordpress\/wp-content\/uploads\/2026\/02\/J22-UE-Cornella-CF-Badalona.png?fit=940%2C520&resize=700%2C400 2x"},"classes":[]},{"id":1402,"url":"http:\/\/www.bloguecornella.es\/wordpress\/2025\/05\/07\/alberto-lopo-entrenador-tercera-federacion\/","url_meta":{"origin":2974,"position":4},"title":"Alberto Lopo, \u00bfEl entrenador de Tercera Federaci\u00f3n?","author":"bloguecornella","date":"7 de mayo de 2025","format":false,"excerpt":"Parece una respuesta que pocos aficionados de la UE Cornell\u00e0 lo ver\u00edan reflejado. Ya que el actual t\u00e9cnico de la UE Cornell\u00e0, no ha tenido experiencia en la categor\u00eda de Segunda Federaci\u00f3n. Tampoco lo han tenido sus antecesores. Por ello, analizaremos la temporada 2024\/25 de los entrenadores que han pasado\u2026","rel":"","context":"En \u00abPretemporada - 2025\/26\u00bb","block_context":{"text":"Pretemporada - 2025\/26","link":"http:\/\/www.bloguecornella.es\/wordpress\/category\/pretemporada-2025-26\/"},"img":{"alt_text":"","src":"https:\/\/i0.wp.com\/www.bloguecornella.es\/wordpress\/wp-content\/uploads\/2025\/05\/Alberto-Lopo-%C2%BFEl-entrenador-de-3a-Federacion.png?fit=940%2C529&resize=350%2C200","width":350,"height":200,"srcset":"https:\/\/i0.wp.com\/www.bloguecornella.es\/wordpress\/wp-content\/uploads\/2025\/05\/Alberto-Lopo-%C2%BFEl-entrenador-de-3a-Federacion.png?fit=940%2C529&resize=350%2C200 1x, https:\/\/i0.wp.com\/www.bloguecornella.es\/wordpress\/wp-content\/uploads\/2025\/05\/Alberto-Lopo-%C2%BFEl-entrenador-de-3a-Federacion.png?fit=940%2C529&resize=525%2C300 1.5x, https:\/\/i0.wp.com\/www.bloguecornella.es\/wordpress\/wp-content\/uploads\/2025\/05\/Alberto-Lopo-%C2%BFEl-entrenador-de-3a-Federacion.png?fit=940%2C529&resize=700%2C400 2x"},"classes":[]},{"id":3571,"url":"http:\/\/www.bloguecornella.es\/wordpress\/2026\/01\/13\/resumen-cedidos-ue-cornella-fin-de-semana-10-11-enero-2026\/","url_meta":{"origin":2974,"position":5},"title":"Resumen cedidos UE Cornell\u00e0 fin de semana 10-11 enero 2026","author":"bloguecornella","date":"13 de enero de 2026","format":false,"excerpt":"Decimo s\u00e9ptima entrega del repaso a nuestros cedidos y el balance que han hecho est\u00e1 semana. Izan Gonz\u00e1lez - CE Europa (Primera Federaci\u00f3n - Grupo II) Jornada 19 - S\u00e1bado 10 Enero 2026 - 14:00h - CE Europa - CD Alcorc\u00f3n. El CE Europa empat\u00f3 en su \u00faltimo encuentro en\u2026","rel":"","context":"En \u00abCedidos UE Cornell\u00e0\u00bb","block_context":{"text":"Cedidos UE Cornell\u00e0","link":"http:\/\/www.bloguecornella.es\/wordpress\/category\/cedidos-ue-cornella\/"},"img":{"alt_text":"","src":"https:\/\/i0.wp.com\/www.bloguecornella.es\/wordpress\/wp-content\/uploads\/2026\/01\/Resumen-10-11-ene.png?fit=1200%2C675&resize=350%2C200","width":350,"height":200,"srcset":"https:\/\/i0.wp.com\/www.bloguecornella.es\/wordpress\/wp-content\/uploads\/2026\/01\/Resumen-10-11-ene.png?fit=1200%2C675&resize=350%2C200 1x, https:\/\/i0.wp.com\/www.bloguecornella.es\/wordpress\/wp-content\/uploads\/2026\/01\/Resumen-10-11-ene.png?fit=1200%2C675&resize=525%2C300 1.5x, https:\/\/i0.wp.com\/www.bloguecornella.es\/wordpress\/wp-content\/uploads\/2026\/01\/Resumen-10-11-ene.png?fit=1200%2C675&resize=700%2C400 2x, https:\/\/i0.wp.com\/www.bloguecornella.es\/wordpress\/wp-content\/uploads\/2026\/01\/Resumen-10-11-ene.png?fit=1200%2C675&resize=1050%2C600 3x"},"classes":[]}],"_links":{"self":[{"href":"http:\/\/www.bloguecornella.es\/wordpress\/wp-json\/wp\/v2\/posts\/2974","targetHints":{"allow":["GET"]}}],"collection":[{"href":"http:\/\/www.bloguecornella.es\/wordpress\/wp-json\/wp\/v2\/posts"}],"about":[{"href":"http:\/\/www.bloguecornella.es\/wordpress\/wp-json\/wp\/v2\/types\/post"}],"author":[{"embeddable":true,"href":"http:\/\/www.bloguecornella.es\/wordpress\/wp-json\/wp\/v2\/users\/1"}],"replies":[{"embeddable":true,"href":"http:\/\/www.bloguecornella.es\/wordpress\/wp-json\/wp\/v2\/comments?post=2974"}],"version-history":[{"count":7,"href":"http:\/\/www.bloguecornella.es\/wordpress\/wp-json\/wp\/v2\/posts\/2974\/revisions"}],"predecessor-version":[{"id":3046,"href":"http:\/\/www.bloguecornella.es\/wordpress\/wp-json\/wp\/v2\/posts\/2974\/revisions\/3046"}],"wp:featuredmedia":[{"embeddable":true,"href":"http:\/\/www.bloguecornella.es\/wordpress\/wp-json\/wp\/v2\/media\/3044"}],"wp:attachment":[{"href":"http:\/\/www.bloguecornella.es\/wordpress\/wp-json\/wp\/v2\/media?parent=2974"}],"wp:term":[{"taxonomy":"category","embeddable":true,"href":"http:\/\/www.bloguecornella.es\/wordpress\/wp-json\/wp\/v2\/categories?post=2974"},{"taxonomy":"post_tag","embeddable":true,"href":"http:\/\/www.bloguecornella.es\/wordpress\/wp-json\/wp\/v2\/tags?post=2974"}],"curies":[{"name":"wp","href":"https:\/\/api.w.org\/{rel}","templated":true}]}}