{"id":2842,"date":"2025-10-24T13:00:00","date_gmt":"2025-10-24T11:00:00","guid":{"rendered":"http:\/\/www.bloguecornella.es\/wordpress\/?p=2842"},"modified":"2025-10-23T18:39:01","modified_gmt":"2025-10-23T16:39:01","slug":"previa-capitulo-8-cfj-mollerussa-ue-cornella-en-busqueda-de-la-3a-consecutiva","status":"publish","type":"post","link":"http:\/\/www.bloguecornella.es\/wordpress\/2025\/10\/24\/previa-capitulo-8-cfj-mollerussa-ue-cornella-en-busqueda-de-la-3a-consecutiva\/","title":{"rendered":"Previa Cap\u00edtulo 8 &#8211; CFJ Mollerussa &#8211; UE Cornell\u00e0 \u00abEn b\u00fasqueda de la 3a consecutiva\u00bb"},"content":{"rendered":"\n<p>La UE Cornell\u00e0 vuelve a salir del Municipal para, est\u00e1 vez, ir a las comarcas de la \u00abTerra Ferma\u00bb para enfrentarse al CFJ Mollerussa, equipo con el que ser\u00e1 el primer enfrentamiento directo.<\/p>\n\n\n\n<p><strong>El rival: CFJ Mollerussa (16\u00ba &#8211; 5 puntos)<\/strong><\/p>\n\n\n\n<p>No ha tenido el comienzo so\u00f1ado este Mollerussa que, pese a lo que indica en la clasificaci\u00f3n, ha conseguido empates contra equipos como el CF Badalona o CE Manresa.<\/p>\n\n\n\n<p>El club afronta su tercera temporada en la Tercera Federaci\u00f3n. En la temporada 2023\/24 consiguieron un 12\u00ba puesto con 43 puntos y un 13\u00ba puesto en la pasada temporada, sumando 41 puntos.<\/p>\n\n\n\n<p>Un equipo que se ha asentado en la categor\u00eda y que mantiene un bloque con jugadores de experiencia como Joel, Guillem y <strong>Juwara<\/strong>. Precisamente de Juwara, ser\u00e1 uno de los hombres en los que nos tendremos que fijar, porque es el m\u00e1ximo goleador del club con <strong>cuatro goles<\/strong>. Uno de cada dos goles llevan su firma.<\/p>\n\n\n\n<p>La afici\u00f3n en casa hace de su Municipal un bunquer que cuesta sacar los puntos. Peralada y Hospitalet son los \u00fanicos equipos que han vencido en el Municipal y les ha costado conseguir la victoria. Por lo que este ser\u00e1 su punto fuerte en el partido del domingo.<\/p>\n\n\n\n<p><strong>La situaci\u00f3n de la UE Cornell\u00e0:<\/strong> <strong>\u00abSeguir trabajando y no confiarse\u00bb<\/strong><\/p>\n\n\n\n<p>La UE Cornell\u00e0 va de menos a mas y se nota en el juego. El equipo de Ignasi Senabre est\u00e1 sacando rendimiento de los jugadores de banda y son los que est\u00e1n provocando el peligro verde.<\/p>\n\n\n\n<p>V\u00edctor Aliaga est\u00e1 en un estado de forma excepcional y esto lo demuestra en el juego y en las asistencias que da para conseguir la victoria. Tambi\u00e9n Gerard, D\u00eddac que est\u00e1n empezando a tener un papel relevante y que demuestra con titularidades.<\/p>\n\n\n\n<p>Leo Dos Reis se ha convertido en el pichichi del equipo y buscara de nuevo perforar la porter\u00eda del Mollerussa en este encuentro.<\/p>\n\n\n\n<p>Ahora, toca seguir en la din\u00e1mica de no perder puntos en los que tenemos que conseguir las victorias. Las dos \u00fanicas derrotas vienen contra rivales en los cuales, era factible poder perder y ahora hay que seguir en la din\u00e1mica de victorias.<\/p>\n\n\n\n<p>De momento, es posible el regreso de Diego y\/o Tom\u00e1s tras estar mejor de sus lesiones. Un alivio para la defensa verde que ha sufrido en estos \u00faltimos partidos. Para H\u00e9ctor Tejada y Marc Esteban, todav\u00eda no tienen fecha de regreso.<\/p>\n\n\n\n<p><strong>El XI de Ignasi Senabre<\/strong><\/p>\n\n\n\n<p>El posible once con el que saldr\u00e1 Ignasi Senabre ser\u00eda el siguiente:<\/p>\n\n\n\n<p>POR &#8211; 1 &#8211; Rub\u00e9n Mi\u00f1o.<\/p>\n\n\n\n<p>DFC &#8211; 4 &#8211; Iv\u00e1n de la Pe\u00f1a Jr.<\/p>\n\n\n\n<p>DFC &#8211; 14 &#8211; Gonzalo Pereira.<\/p>\n\n\n\n<p>DFC &#8211;  17 &#8211; D\u00eddac Rodr\u00edguez.<\/p>\n\n\n\n<p>MCD &#8211; 16 &#8211; Moha Ajani<\/p>\n\n\n\n<p>MI &#8211; 3 &#8211; Gerard Gonz\u00e1lez.<\/p>\n\n\n\n<p>MC &#8211; 6 &#8211; Ot Serrano.<\/p>\n\n\n\n<p>MD &#8211; 10 &#8211; V\u00edctor Aliaga.<\/p>\n\n\n\n<p>EI &#8211; 11 &#8211; Marc Fernandez<\/p>\n\n\n\n<p>ED &#8211; 21 &#8211; Stefan Golubovic<\/p>\n\n\n\n<p>DC &#8211; 23 &#8211; Leo dos Reis.<\/p>\n\n\n\n<p><em>Suplentes: <\/em>POR &#8211; 13 &#8211; Isaac Vila, DFC &#8211; 30 &#8211; Alejandro Gonz\u00e1lez, MI &#8211; 19 &#8211; Joan Benet, MC &#8211; 18 &#8211; Ian Arques, MD &#8211; 22 &#8211; Manel Lozano, EI &#8211; 12 &#8211; Santi Guzm\u00e1n, ED &#8211; 7 &#8211; Ibai Reches,<\/p>\n\n\n\n<p><strong>La opini\u00f3n del blog<\/strong><\/p>\n\n\n\n<p>Estar en play-off es un punto positivo para el equipo y para quitarse los miedos partido tras partido. Con el liderato a tiro de piedra tiene una oportunidad de poder seguir acerc\u00e1ndose a la parte m\u00e1s alta de la clasificaci\u00f3n y ser un serio candidato al t\u00edtulo.<\/p>\n\n\n\n<p>Llevamos casi dos meses de competici\u00f3n y esto, no deber\u00eda de ser el foco, pero siempre es bonito poder disfrutar de un Cornell\u00e0 que, vuelve a brillar y vuelve a estar en el lugar que se merece.<\/p>\n\n\n\n<p>Queda mucho trabajo, el foco tiene que ser estar entre los nueve primeros de la competici\u00f3n y que el n\u00facleo se convierta en una familia. Que va camino de ello.<\/p>\n\n\n\n<p>El domingo no estar\u00e9 en Mollerussa, pero se podr\u00e1 escuchar el partido en directo por <a href=\"https:\/\/www.ua1.cat\/\" data-type=\"link\" data-id=\"https:\/\/www.ua1.cat\/\" target=\"_blank\" rel=\"noreferrer noopener\">UA1 Lleida<\/a>. Domingo, a las 12h de la ma\u00f1ana, CFJ Mollerussa &#8211; UE Cornell\u00e0.<\/p>\n","protected":false},"excerpt":{"rendered":"<p>La UE Cornell\u00e0 vuelve a salir del Municipal para, est\u00e1 vez, ir a las comarcas de la \u00abTerra Ferma\u00bb para enfrentarse al CFJ Mollerussa, equipo con el que ser\u00e1 el primer enfrentamiento directo. El rival: CFJ Mollerussa (16\u00ba &#8211; 5 puntos) No ha tenido el comienzo so\u00f1ado este Mollerussa que, pese a lo que indica [&hellip;]<\/p>\n","protected":false},"author":1,"featured_media":2846,"comment_status":"open","ping_status":"open","sticky":false,"template":"","format":"standard","meta":{"_eb_attr":"","advanced_seo_description":"","jetpack_seo_html_title":"","jetpack_seo_noindex":false,"jetpack_post_was_ever_published":false,"_jetpack_newsletter_access":"","_jetpack_dont_email_post_to_subs":false,"_jetpack_newsletter_tier_id":0,"_jetpack_memberships_contains_paywalled_content":false,"_jetpack_memberships_contains_paid_content":false,"footnotes":"","jetpack_publicize_message":"","jetpack_publicize_feature_enabled":true,"jetpack_social_post_already_shared":true,"jetpack_social_options":{"image_generator_settings":{"template":"highway","default_image_id":0,"font":"","enabled":false},"version":2}},"categories":[14,71,69,51],"tags":[31,65,66,54],"class_list":["post-2842","post","type-post","status-publish","format-standard","has-post-thumbnail","hentry","category-previa-partido","category-temporada-2025-26","category-tercera-federacion-grupo-v","category-ue-cornella","tag-previa","tag-temporada-2025-26","tag-tercera-federacion-grupo-v","tag-ue-cornella"],"jetpack_publicize_connections":[],"jetpack_featured_media_url":"https:\/\/i0.wp.com\/www.bloguecornella.es\/wordpress\/wp-content\/uploads\/2025\/10\/J8-CFJ-Mollerussa-UE-Cornella.png?fit=940%2C520","jetpack_sharing_enabled":true,"jetpack-related-posts":[{"id":3443,"url":"http:\/\/www.bloguecornella.es\/wordpress\/2025\/12\/22\/resumen-cedidos-ue-cornella-fin-de-semana-20-21-diciembre-2025\/","url_meta":{"origin":2842,"position":0},"title":"Resumen cedidos UE Cornell\u00e0 &#8211; fin de semana 20-21 Diciembre 2025","author":"bloguecornella","date":"22 de diciembre de 2025","format":false,"excerpt":"Decimo cuarta entrega del repaso a nuestros cedidos y el balance que han hecho est\u00e1 semana. Izan Gonz\u00e1lez - CE Europa (Primera Federaci\u00f3n - Grupo II) Jornada 17 - Domingo 21 de Diciembre 2025 - 20:30h - Real Murcia - CE Europa. El CE Europa perdi\u00f3 en su visita al\u2026","rel":"","context":"En \u00abCedidos UE Cornell\u00e0\u00bb","block_context":{"text":"Cedidos UE Cornell\u00e0","link":"http:\/\/www.bloguecornella.es\/wordpress\/category\/cedidos-ue-cornella\/"},"img":{"alt_text":"","src":"https:\/\/i0.wp.com\/www.bloguecornella.es\/wordpress\/wp-content\/uploads\/2025\/12\/Resumen-20-21-dic.png?fit=1200%2C675&resize=350%2C200","width":350,"height":200,"srcset":"https:\/\/i0.wp.com\/www.bloguecornella.es\/wordpress\/wp-content\/uploads\/2025\/12\/Resumen-20-21-dic.png?fit=1200%2C675&resize=350%2C200 1x, https:\/\/i0.wp.com\/www.bloguecornella.es\/wordpress\/wp-content\/uploads\/2025\/12\/Resumen-20-21-dic.png?fit=1200%2C675&resize=525%2C300 1.5x, https:\/\/i0.wp.com\/www.bloguecornella.es\/wordpress\/wp-content\/uploads\/2025\/12\/Resumen-20-21-dic.png?fit=1200%2C675&resize=700%2C400 2x, https:\/\/i0.wp.com\/www.bloguecornella.es\/wordpress\/wp-content\/uploads\/2025\/12\/Resumen-20-21-dic.png?fit=1200%2C675&resize=1050%2C600 3x"},"classes":[]},{"id":3376,"url":"http:\/\/www.bloguecornella.es\/wordpress\/2025\/12\/15\/resumen-cedidos-ue-cornella-fin-de-semana-13-14-diciembre-2025\/","url_meta":{"origin":2842,"position":1},"title":"Resumen cedidos UE Cornell\u00e0 fin de semana 13-14 Diciembre 2025","author":"bloguecornella","date":"15 de diciembre de 2025","format":false,"excerpt":"Decimo cuarta entrega del repaso a nuestros cedidos y el balance que han hecho est\u00e1 semana. Izan Gonz\u00e1lez - CE Europa (Primera Federaci\u00f3n - Grupo II) Jornada 16 - Viernes 12 de Diciembre 2025 - 20:30h - CE Europa - Antequera CF. La temporada de Izan Gonz\u00e1lez en el CE\u2026","rel":"","context":"En \u00abCedidos UE Cornell\u00e0\u00bb","block_context":{"text":"Cedidos UE Cornell\u00e0","link":"http:\/\/www.bloguecornella.es\/wordpress\/category\/cedidos-ue-cornella\/"},"img":{"alt_text":"","src":"https:\/\/i0.wp.com\/www.bloguecornella.es\/wordpress\/wp-content\/uploads\/2025\/12\/Resumen-13-14-dic.png?fit=1200%2C675&resize=350%2C200","width":350,"height":200,"srcset":"https:\/\/i0.wp.com\/www.bloguecornella.es\/wordpress\/wp-content\/uploads\/2025\/12\/Resumen-13-14-dic.png?fit=1200%2C675&resize=350%2C200 1x, https:\/\/i0.wp.com\/www.bloguecornella.es\/wordpress\/wp-content\/uploads\/2025\/12\/Resumen-13-14-dic.png?fit=1200%2C675&resize=525%2C300 1.5x, https:\/\/i0.wp.com\/www.bloguecornella.es\/wordpress\/wp-content\/uploads\/2025\/12\/Resumen-13-14-dic.png?fit=1200%2C675&resize=700%2C400 2x, https:\/\/i0.wp.com\/www.bloguecornella.es\/wordpress\/wp-content\/uploads\/2025\/12\/Resumen-13-14-dic.png?fit=1200%2C675&resize=1050%2C600 3x"},"classes":[]},{"id":2892,"url":"http:\/\/www.bloguecornella.es\/wordpress\/2025\/10\/31\/previa-capitulo-9-ue-cornella-ue-vilassar-de-mar-duelo-de-equipos-goleadores\/","url_meta":{"origin":2842,"position":2},"title":"Previa Cap\u00edtulo 9 &#8211; UE Cornell\u00e0 &#8211; UE Vilassar de Mar \u00abDuelo de equipos goleadores\u00bb","author":"bloguecornella","date":"31 de octubre de 2025","format":false,"excerpt":"Nueva jornada, nuevo mes, arrancamos el mes de Noviembre con un partidazo en el Nou Municipal de Cornell\u00e0. La UE Cornell\u00e0 recibe a la UE Vilassar de Mar, que no visita la ciudad del Baix Llobregat desde el a\u00f1o 2014. El rival: UE Vilassar de Mar (11\u00ba - 8 puntos)\u2026","rel":"","context":"En \u00abPrevia partido\u00bb","block_context":{"text":"Previa partido","link":"http:\/\/www.bloguecornella.es\/wordpress\/category\/previa-partido\/"},"img":{"alt_text":"","src":"https:\/\/i0.wp.com\/www.bloguecornella.es\/wordpress\/wp-content\/uploads\/2025\/10\/J9-UE-Cornella-UE-Vilassar-de-Mar.png?fit=940%2C520&resize=350%2C200","width":350,"height":200,"srcset":"https:\/\/i0.wp.com\/www.bloguecornella.es\/wordpress\/wp-content\/uploads\/2025\/10\/J9-UE-Cornella-UE-Vilassar-de-Mar.png?fit=940%2C520&resize=350%2C200 1x, https:\/\/i0.wp.com\/www.bloguecornella.es\/wordpress\/wp-content\/uploads\/2025\/10\/J9-UE-Cornella-UE-Vilassar-de-Mar.png?fit=940%2C520&resize=525%2C300 1.5x, https:\/\/i0.wp.com\/www.bloguecornella.es\/wordpress\/wp-content\/uploads\/2025\/10\/J9-UE-Cornella-UE-Vilassar-de-Mar.png?fit=940%2C520&resize=700%2C400 2x"},"classes":[]},{"id":2867,"url":"http:\/\/www.bloguecornella.es\/wordpress\/2025\/10\/29\/copa-catalunya-2026-la-ue-cornella-espera-rival-para-la-6a-eliminatoria\/","url_meta":{"origin":2842,"position":3},"title":"Copa Catalunya 2026 : La UE Cornell\u00e0, espera rival para la 6\u00aa eliminatoria.","author":"bloguecornella","date":"29 de octubre de 2025","format":false,"excerpt":"Como hablamos la semana pasada de la Copa Catalunya Femenina en el siguiente enlace, toca hablar de la Copa Catalunya masculina, que est\u00e9 mi\u00e9rcoles 29 de Octubre, comienza la 5\u00aa eliminatoria de la Copa Catalunya 2026 masculina y de la que la UE Cornell\u00e0 esperara rival para enfrentarse, en campo\u2026","rel":"","context":"En \u00abCopa Catalunya\u00bb","block_context":{"text":"Copa Catalunya","link":"http:\/\/www.bloguecornella.es\/wordpress\/category\/copa-catalunya\/"},"img":{"alt_text":"","src":"https:\/\/i0.wp.com\/www.bloguecornella.es\/wordpress\/wp-content\/uploads\/2025\/10\/Rivales-UE-Cornella-en-6a-Eliminatoria.png?fit=940%2C529&resize=350%2C200","width":350,"height":200,"srcset":"https:\/\/i0.wp.com\/www.bloguecornella.es\/wordpress\/wp-content\/uploads\/2025\/10\/Rivales-UE-Cornella-en-6a-Eliminatoria.png?fit=940%2C529&resize=350%2C200 1x, https:\/\/i0.wp.com\/www.bloguecornella.es\/wordpress\/wp-content\/uploads\/2025\/10\/Rivales-UE-Cornella-en-6a-Eliminatoria.png?fit=940%2C529&resize=525%2C300 1.5x, https:\/\/i0.wp.com\/www.bloguecornella.es\/wordpress\/wp-content\/uploads\/2025\/10\/Rivales-UE-Cornella-en-6a-Eliminatoria.png?fit=940%2C529&resize=700%2C400 2x"},"classes":[]},{"id":2271,"url":"http:\/\/www.bloguecornella.es\/wordpress\/2025\/08\/21\/1-pretemporada-25-26-fundacio-ue-cornella-rcd-espanyol-b-previa\/","url_meta":{"origin":2842,"position":4},"title":"#1 Pretemporada 25\/26 &#8211; Fundaci\u00f3 UE Cornell\u00e0 &#8211; RCD Espanyol \u00abB\u00bb &#8211; Previa","author":"bloguecornella","date":"21 de agosto de 2025","format":false,"excerpt":"Llego la primera toma de contacto de la Fundaci\u00f3 UE Cornell\u00e0 femenina en la temporada 2025\/26. Despu\u00e9s de la temporada hist\u00f3rica en la Segunda Federaci\u00f3n y de haber llegado a disputar partidos contra equipos m\u00edticos como el Rayo Vallecano, que fue campe\u00f3n de la actual Liga F, volvemos al h\u00e1bitat\u2026","rel":"","context":"En \u00abFundaci\u00f3 UE Cornell\u00e0\u00bb","block_context":{"text":"Fundaci\u00f3 UE Cornell\u00e0","link":"http:\/\/www.bloguecornella.es\/wordpress\/category\/fuecornella\/"},"img":{"alt_text":"","src":"https:\/\/i0.wp.com\/www.bloguecornella.es\/wordpress\/wp-content\/uploads\/2025\/08\/Previas-Fundacio-UE-Cornella.png?fit=940%2C529&resize=350%2C200","width":350,"height":200,"srcset":"https:\/\/i0.wp.com\/www.bloguecornella.es\/wordpress\/wp-content\/uploads\/2025\/08\/Previas-Fundacio-UE-Cornella.png?fit=940%2C529&resize=350%2C200 1x, https:\/\/i0.wp.com\/www.bloguecornella.es\/wordpress\/wp-content\/uploads\/2025\/08\/Previas-Fundacio-UE-Cornella.png?fit=940%2C529&resize=525%2C300 1.5x, https:\/\/i0.wp.com\/www.bloguecornella.es\/wordpress\/wp-content\/uploads\/2025\/08\/Previas-Fundacio-UE-Cornella.png?fit=940%2C529&resize=700%2C400 2x"},"classes":[]},{"id":2060,"url":"http:\/\/www.bloguecornella.es\/wordpress\/2025\/08\/08\/pretemporada-25-26-1-fundacio-grama-ue-cornella-previa\/","url_meta":{"origin":2842,"position":5},"title":"Pretemporada 25\/26 &#8211; #1 Fundaci\u00f3 Grama &#8211; UE Cornell\u00e0 &#8211; Previa","author":"bloguecornella","date":"8 de agosto de 2025","format":false,"excerpt":"Viene el primer gran test de la temporada 2025-26, con mucho equipos que han llegado ya ha jugar varios partidos, de la UE Cornell\u00e0 de Ignasi Senabre. El \"mandam\u00e1s\" de la parcela deportiva (Dentro de las funciones de entrenador, tambi\u00e9n est\u00e1n las de Director Deportivo), vera como va engrasando su\u2026","rel":"","context":"En \u00abIgnasi Senabria\u00bb","block_context":{"text":"Ignasi Senabria","link":"http:\/\/www.bloguecornella.es\/wordpress\/category\/ignasi-senabria\/"},"img":{"alt_text":"","src":"https:\/\/i0.wp.com\/www.bloguecornella.es\/wordpress\/wp-content\/uploads\/2025\/08\/Previa-partido-1.png?fit=940%2C520&resize=350%2C200","width":350,"height":200,"srcset":"https:\/\/i0.wp.com\/www.bloguecornella.es\/wordpress\/wp-content\/uploads\/2025\/08\/Previa-partido-1.png?fit=940%2C520&resize=350%2C200 1x, https:\/\/i0.wp.com\/www.bloguecornella.es\/wordpress\/wp-content\/uploads\/2025\/08\/Previa-partido-1.png?fit=940%2C520&resize=525%2C300 1.5x, https:\/\/i0.wp.com\/www.bloguecornella.es\/wordpress\/wp-content\/uploads\/2025\/08\/Previa-partido-1.png?fit=940%2C520&resize=700%2C400 2x"},"classes":[]}],"_links":{"self":[{"href":"http:\/\/www.bloguecornella.es\/wordpress\/wp-json\/wp\/v2\/posts\/2842","targetHints":{"allow":["GET"]}}],"collection":[{"href":"http:\/\/www.bloguecornella.es\/wordpress\/wp-json\/wp\/v2\/posts"}],"about":[{"href":"http:\/\/www.bloguecornella.es\/wordpress\/wp-json\/wp\/v2\/types\/post"}],"author":[{"embeddable":true,"href":"http:\/\/www.bloguecornella.es\/wordpress\/wp-json\/wp\/v2\/users\/1"}],"replies":[{"embeddable":true,"href":"http:\/\/www.bloguecornella.es\/wordpress\/wp-json\/wp\/v2\/comments?post=2842"}],"version-history":[{"count":4,"href":"http:\/\/www.bloguecornella.es\/wordpress\/wp-json\/wp\/v2\/posts\/2842\/revisions"}],"predecessor-version":[{"id":2849,"href":"http:\/\/www.bloguecornella.es\/wordpress\/wp-json\/wp\/v2\/posts\/2842\/revisions\/2849"}],"wp:featuredmedia":[{"embeddable":true,"href":"http:\/\/www.bloguecornella.es\/wordpress\/wp-json\/wp\/v2\/media\/2846"}],"wp:attachment":[{"href":"http:\/\/www.bloguecornella.es\/wordpress\/wp-json\/wp\/v2\/media?parent=2842"}],"wp:term":[{"taxonomy":"category","embeddable":true,"href":"http:\/\/www.bloguecornella.es\/wordpress\/wp-json\/wp\/v2\/categories?post=2842"},{"taxonomy":"post_tag","embeddable":true,"href":"http:\/\/www.bloguecornella.es\/wordpress\/wp-json\/wp\/v2\/tags?post=2842"}],"curies":[{"name":"wp","href":"https:\/\/api.w.org\/{rel}","templated":true}]}}