{"id":2814,"date":"2025-10-22T13:06:12","date_gmt":"2025-10-22T11:06:12","guid":{"rendered":"http:\/\/www.bloguecornella.es\/wordpress\/?p=2814"},"modified":"2025-11-05T15:30:15","modified_gmt":"2025-11-05T14:30:15","slug":"copa_cat_fem_octavos","status":"publish","type":"post","link":"http:\/\/www.bloguecornella.es\/wordpress\/2025\/10\/22\/copa_cat_fem_octavos\/","title":{"rendered":"Copa Catalunya 2026 &#8211; La Fundaci\u00f3 UE Cornell\u00e0 espera rival para los Cuartos de final"},"content":{"rendered":"\n<p>La Copa Catalunya encara su fase n\u00famero cuatro. O mejor dicho, sus <strong>octavos de final<\/strong>.<\/p>\n\n\n\n<p>El torneo catal\u00e1n, desde su cambio de formato en la temporada pasada, ha dado un salto de calidad para poder ofrecer una mejor experiencia de partido para vivir el torneo m\u00e1s importante a nivel auton\u00f3mico. La Copa Catalunya afronta la fase en la que, los ganadores de los tres partidos que se juegan, sean los posibles rivales de la Fundaci\u00f3 UE Cornell\u00e0.<\/p>\n\n\n\n<p>Los equipos adoptan la categor\u00eda en la que hab\u00edan jugado la temporada pasada. Y est\u00e1 ser\u00e1 la que represente durante la competici\u00f3n para determinar en que campo juegan. La Fundaci\u00f3 UE Cornell\u00e0 compiti\u00f3 en la temporada 2024\/25 en Segunda Federaci\u00f3n. Por lo que esta categor\u00eda ser\u00e1 la que mantenga a lo largo del torneo, pese a jugar en Tercera Federaci\u00f3n est\u00e1 temporada.<\/p>\n\n\n\n<p>Cualquiera de los siguientes partidos, tendr\u00e1 que jugar fuera del Municipal de Cornell\u00e0. Ya que los equipos que compiten son todos con la categor\u00eda de Tercera Federaci\u00f3n.<\/p>\n\n\n\n<p>Los partidos son los siguientes:<\/p>\n\n\n\n<p><strong>Mi\u00e9rcoles 22 de Octubre de 2025<\/strong> <strong>&#8211; 20:30h &#8211; Vic Riuprimer REFO &#8211; CE Seagull BDN<\/strong><\/p>\n\n\n\n<p>A priori, uno de los duelos m\u00e1s complicados de la eliminatoria. El conjunto de Badalona se enfrenta a las \u00abviguetanas\u00bb despu\u00e9s de haber sumado la victoria en la \u00faltima jornada de liga contra el Girona FC y coger confianza para el campeonato, en el que marcha en 3\u00aa posici\u00f3n, a tres puntos de la l\u00edder.<\/p>\n\n\n\n<p>El CE Seagull BDN paso directamente a los octavos de final. Mientras que el Vic Riuprimer jugara su segundo partido de competici\u00f3n, despu\u00e9s de haberse desecho en la 3\u00aa Eliminatoria a la Escola de F\u00fatbol Matar\u00f3 por 0-5. En competici\u00f3n liguera, sufrieron la \u00faltima derrota contra el Fundaci\u00f3 UE Cornell\u00e0 y se querr\u00e1n recuperar de ese duro mazazo.<\/p>\n\n\n\n<p>En la edici\u00f3n anterior, consiguieron llegar a las Semifinales del torneo, despu\u00e9s de haber dejado en la cuneta a equipos como la Fundaci\u00f3 UE Cornell\u00e0 en octavos de final y al CE Europa en cuartos de final. En Semifinales perdieron contra el Levante Badalona (Ahora conocido como FC Badalona Women).<\/p>\n\n\n\n<p><strong>S\u00e1bado 25 de Octubre 2025 &#8211; 16:00h &#8211; CD Riudoms &#8211; CF Igualada<\/strong><\/p>\n\n\n\n<p>Para mi, el partido m\u00e1s descafeinado de la ronda.<\/p>\n\n\n\n<p>El CD Riudoms atraviesa una racha negativa en liga de partidos perdidos y de partidos encajando muchos goles y, en la 3\u00aa eliminatoria, eliminaron a la UE Aldeana, de Primera Divisi\u00f3n, dos categor\u00edas por debajo de las tarragoninas, <strong>en penaltis.<\/strong><\/p>\n\n\n\n<p>Por su parte el CF Igualada, paso a los octavos de final ganando al CE Sabadell de Preferente por un contundente 1-7 en el marcador. En el campeonato liguero, est\u00e1n mostrando solvencia y situarse en el grupo delantero aspirante al t\u00edtulo de liga.<\/p>\n\n\n\n<p>Lo que he comentado, el m\u00e1s descafeinado de la ronda.<\/p>\n\n\n\n<p><strong>Domingo 26 de Octubre 2025 &#8211; 21:00h &#8211; CD Fontsanta-Fatjo &#8211; RCD Espanyol \u00abB\u00bb<\/strong><\/p>\n\n\n\n<p>Participara el RCD Espanyol en la competici\u00f3n, pero no ser\u00e1 el primer equipo perico, si no su filial que fue campe\u00f3n en la temporada 2024\/25 del grupo 3 de Tercera Federaci\u00f3n.<\/p>\n\n\n\n<p>Actualmente, en Segunda Federaci\u00f3n, se sit\u00faa en 5\u00aa posici\u00f3n con 13 puntos y sumando dos victorias consecutivas. Una de ellas, contra el ATB Femenino, que bajo de la Primera Federaci\u00f3n en la temporada 2024\/25.<\/p>\n\n\n\n<p>Por su parte, el CD Fontsanta-Fatjo es l\u00edder actual de su liga, en Tercera Federaci\u00f3n y viene de ganar, en la 3\u00aa Eliminatoria al CF Singuerlin de Primera Divisi\u00f3n por 0-4.<\/p>\n\n\n\n<p>Las ganadoras de est\u00e1 eliminatoria ser\u00e1n las cocos de los cuartos de final.<\/p>\n\n\n\n<p><\/p>\n\n\n\n<p>La Fundaci\u00f3 UE Cornell\u00e0, junto con el CE Europa y la SE AEM de Primera Federaci\u00f3n, tendr\u00e1n rival de Copa Catalunya a partir de la semana que viene y sus partidos los jugar\u00e1n fuera por la condici\u00f3n de categor\u00eda superior.<\/p>\n","protected":false},"excerpt":{"rendered":"<p>La Copa Catalunya encara su fase n\u00famero cuatro. O mejor dicho, sus octavos de final. El torneo catal\u00e1n, desde su cambio de formato en la temporada pasada, ha dado un salto de calidad para poder ofrecer una mejor experiencia de partido para vivir el torneo m\u00e1s importante a nivel auton\u00f3mico. La Copa Catalunya afronta la [&hellip;]<\/p>\n","protected":false},"author":1,"featured_media":2829,"comment_status":"open","ping_status":"open","sticky":false,"template":"","format":"standard","meta":{"_eb_attr":"","advanced_seo_description":"","jetpack_seo_html_title":"","jetpack_seo_noindex":false,"jetpack_post_was_ever_published":false,"_jetpack_newsletter_access":"","_jetpack_dont_email_post_to_subs":false,"_jetpack_newsletter_tier_id":0,"_jetpack_memberships_contains_paywalled_content":false,"_jetpack_memberships_contains_paid_content":false,"footnotes":"","jetpack_publicize_message":"","jetpack_publicize_feature_enabled":true,"jetpack_social_post_already_shared":true,"jetpack_social_options":{"image_generator_settings":{"template":"highway","default_image_id":0,"font":"","enabled":false},"version":2}},"categories":[9,87,12,71],"tags":[191,86,65],"class_list":["post-2814","post","type-post","status-publish","format-standard","has-post-thumbnail","hentry","category-copa-catalunya","category-copa-catalunya-femenina-2026","category-fuecornella","category-temporada-2025-26","tag-copa-catalunya-femenina-2026","tag-fundacio-ue-cornella","tag-temporada-2025-26"],"jetpack_publicize_connections":[],"jetpack_featured_media_url":"https:\/\/i0.wp.com\/www.bloguecornella.es\/wordpress\/wp-content\/uploads\/2025\/10\/Rivales-Fundacio-UE-Cornella-Cuartos-de-Final.png?fit=940%2C529","jetpack_sharing_enabled":true,"jetpack-related-posts":[{"id":1576,"url":"http:\/\/www.bloguecornella.es\/wordpress\/2025\/05\/28\/definida-la-copa-catalunya-femenina-2026-la-fundacio-ue-cornella-entraria-en-los-16-savos-final\/","url_meta":{"origin":2814,"position":0},"title":"Definida la Copa Catalunya Femenina 2026. La Fundaci\u00f3 UE Cornell\u00e0 entrar\u00eda en los 1\/16 Final o en Octavos","author":"bloguecornella","date":"28 de mayo de 2025","format":false,"excerpt":"Al igual que con la competici\u00f3n masculina. Todav\u00eda no tenemos la final convocada entre el FC Barcelona y el Levante Badalona. Desconozco si ser\u00e1 ya en esta temporada, o como partido de pretemporada para la pr\u00f3xima edici\u00f3n... Pero es un asunto que se deber\u00eda de corregir para que los cambios\u2026","rel":"","context":"En \u00abCopa Catalunya - Femenina - 2026\u00bb","block_context":{"text":"Copa Catalunya - Femenina - 2026","link":"http:\/\/www.bloguecornella.es\/wordpress\/category\/copa-catalunya-femenina-2026\/"},"img":{"alt_text":"","src":"https:\/\/i0.wp.com\/www.bloguecornella.es\/wordpress\/wp-content\/uploads\/2025\/05\/Copa-Catalunya-2026-1-1.png?fit=940%2C529&resize=350%2C200","width":350,"height":200,"srcset":"https:\/\/i0.wp.com\/www.bloguecornella.es\/wordpress\/wp-content\/uploads\/2025\/05\/Copa-Catalunya-2026-1-1.png?fit=940%2C529&resize=350%2C200 1x, https:\/\/i0.wp.com\/www.bloguecornella.es\/wordpress\/wp-content\/uploads\/2025\/05\/Copa-Catalunya-2026-1-1.png?fit=940%2C529&resize=525%2C300 1.5x, https:\/\/i0.wp.com\/www.bloguecornella.es\/wordpress\/wp-content\/uploads\/2025\/05\/Copa-Catalunya-2026-1-1.png?fit=940%2C529&resize=700%2C400 2x"},"classes":[]},{"id":3144,"url":"http:\/\/www.bloguecornella.es\/wordpress\/2025\/11\/25\/previa-copa-catalunya-fem-1-4-final-fc-ona-sant-adria-fundacio-ue-cornella-en-busqueda-de-la-machada-y-acceder-a-semifinales\/","url_meta":{"origin":2814,"position":1},"title":"Previa Copa Catalunya Fem 1\/4 Final: FC Ona Sant Adria &#8211; Fundaci\u00f3 UE Cornell\u00e0: \u00abEn b\u00fasqueda de la machada y acceder a semifinales\u00bb","author":"bloguecornella","date":"25 de noviembre de 2025","format":false,"excerpt":"Vuelve la Copa Catalunya y con ello, un partido muy bonito de disputar, contra uno de los filiales de referencia del f\u00fatbol Femenino. Nuevo club, cambio de nombre, de identidad, pero con el pasado de aquel antiguo Levante las Planas de Sant Joan Despi. Hablamos del FC Ona Sant Adri\u00e0,\u2026","rel":"","context":"En \u00abCopa Catalunya - Femenina - 2026\u00bb","block_context":{"text":"Copa Catalunya - Femenina - 2026","link":"http:\/\/www.bloguecornella.es\/wordpress\/category\/copa-catalunya-femenina-2026\/"},"img":{"alt_text":"","src":"https:\/\/i0.wp.com\/www.bloguecornella.es\/wordpress\/wp-content\/uploads\/2025\/11\/Previa-Copa-Catalunya-14-Final.png?fit=940%2C529&resize=350%2C200","width":350,"height":200,"srcset":"https:\/\/i0.wp.com\/www.bloguecornella.es\/wordpress\/wp-content\/uploads\/2025\/11\/Previa-Copa-Catalunya-14-Final.png?fit=940%2C529&resize=350%2C200 1x, https:\/\/i0.wp.com\/www.bloguecornella.es\/wordpress\/wp-content\/uploads\/2025\/11\/Previa-Copa-Catalunya-14-Final.png?fit=940%2C529&resize=525%2C300 1.5x, https:\/\/i0.wp.com\/www.bloguecornella.es\/wordpress\/wp-content\/uploads\/2025\/11\/Previa-Copa-Catalunya-14-Final.png?fit=940%2C529&resize=700%2C400 2x"},"classes":[]},{"id":2867,"url":"http:\/\/www.bloguecornella.es\/wordpress\/2025\/10\/29\/copa-catalunya-2026-la-ue-cornella-espera-rival-para-la-6a-eliminatoria\/","url_meta":{"origin":2814,"position":2},"title":"Copa Catalunya 2026 : La UE Cornell\u00e0, espera rival para la 6\u00aa eliminatoria.","author":"bloguecornella","date":"29 de octubre de 2025","format":false,"excerpt":"Como hablamos la semana pasada de la Copa Catalunya Femenina en el siguiente enlace, toca hablar de la Copa Catalunya masculina, que est\u00e9 mi\u00e9rcoles 29 de Octubre, comienza la 5\u00aa eliminatoria de la Copa Catalunya 2026 masculina y de la que la UE Cornell\u00e0 esperara rival para enfrentarse, en campo\u2026","rel":"","context":"En \u00abCopa Catalunya\u00bb","block_context":{"text":"Copa Catalunya","link":"http:\/\/www.bloguecornella.es\/wordpress\/category\/copa-catalunya\/"},"img":{"alt_text":"","src":"https:\/\/i0.wp.com\/www.bloguecornella.es\/wordpress\/wp-content\/uploads\/2025\/10\/Rivales-UE-Cornella-en-6a-Eliminatoria.png?fit=940%2C529&resize=350%2C200","width":350,"height":200,"srcset":"https:\/\/i0.wp.com\/www.bloguecornella.es\/wordpress\/wp-content\/uploads\/2025\/10\/Rivales-UE-Cornella-en-6a-Eliminatoria.png?fit=940%2C529&resize=350%2C200 1x, https:\/\/i0.wp.com\/www.bloguecornella.es\/wordpress\/wp-content\/uploads\/2025\/10\/Rivales-UE-Cornella-en-6a-Eliminatoria.png?fit=940%2C529&resize=525%2C300 1.5x, https:\/\/i0.wp.com\/www.bloguecornella.es\/wordpress\/wp-content\/uploads\/2025\/10\/Rivales-UE-Cornella-en-6a-Eliminatoria.png?fit=940%2C529&resize=700%2C400 2x"},"classes":[]},{"id":281,"url":"http:\/\/www.bloguecornella.es\/wordpress\/2024\/10\/15\/previa-4a-ronda-copa-catalunya-fem-vic-riuprimer-fundacio-uec\/","url_meta":{"origin":2814,"position":3},"title":"Previa 4\u00aa Ronda Copa Catalunya Fem: Vic Riuprimer &#8211; Fundaci\u00f3 UEC","author":"bloguecornella","date":"15 de octubre de 2024","format":false,"excerpt":"Este mi\u00e9rcoles 16\/10\/2024, jugaremos la 4a Ronda de la Copa Catalunya Femenina Absoluta. Si, este a\u00f1o, ha decidido la Federaci\u00f3n Catalana acabar con eso de tener dos campeonatos y que los equipos grandes se desvinculen. Ahora, todos deben de participar de manera obligatoria. Eso si, cada categor\u00eda va entrando en\u2026","rel":"","context":"En \u00abCopa Catalunya\u00bb","block_context":{"text":"Copa Catalunya","link":"http:\/\/www.bloguecornella.es\/wordpress\/category\/copa-catalunya\/"},"img":{"alt_text":"","src":"","width":0,"height":0},"classes":[]},{"id":1540,"url":"http:\/\/www.bloguecornella.es\/wordpress\/2025\/05\/20\/definida-la-copa-catalunya-2026-la-ue-cornella-entraria-en-5a-o-6a-ronda\/","url_meta":{"origin":2814,"position":4},"title":"Definida la Copa Catalunya 2026. La UE Cornell\u00e0 entrar\u00eda en 5\u00aa o 6\u00aa Ronda.","author":"bloguecornella","date":"20 de mayo de 2025","format":false,"excerpt":"Una vez finalizados los campeonatos auton\u00f3micos, a excepci\u00f3n de la Lliga Elit, que finaliza este fin de semana, y donde una UE Vic tiene al 99% el acceso a la Copa Catalunya, como campe\u00f3n de liga, estos ser\u00edan los equipos clasificados para disputarla. Los equipos marcados en color ROJO corresponden\u2026","rel":"","context":"En \u00abCopa Catalunya - Masculina - 2026\u00bb","block_context":{"text":"Copa Catalunya - Masculina - 2026","link":"http:\/\/www.bloguecornella.es\/wordpress\/category\/copa-catalunya-masculina-2026\/"},"img":{"alt_text":"","src":"https:\/\/i0.wp.com\/www.bloguecornella.es\/wordpress\/wp-content\/uploads\/2025\/05\/Copa-Catalunya-2026.png?fit=940%2C529&resize=350%2C200","width":350,"height":200,"srcset":"https:\/\/i0.wp.com\/www.bloguecornella.es\/wordpress\/wp-content\/uploads\/2025\/05\/Copa-Catalunya-2026.png?fit=940%2C529&resize=350%2C200 1x, https:\/\/i0.wp.com\/www.bloguecornella.es\/wordpress\/wp-content\/uploads\/2025\/05\/Copa-Catalunya-2026.png?fit=940%2C529&resize=525%2C300 1.5x, https:\/\/i0.wp.com\/www.bloguecornella.es\/wordpress\/wp-content\/uploads\/2025\/05\/Copa-Catalunya-2026.png?fit=940%2C529&resize=700%2C400 2x"},"classes":[]},{"id":2257,"url":"http:\/\/www.bloguecornella.es\/wordpress\/2025\/08\/22\/copa-federacion-fase-autonomica-final-ue-cornella-fundacio-ue-tona-previa\/","url_meta":{"origin":2814,"position":5},"title":"Copa Federaci\u00f3n (Fase auton\u00f3mica) &#8211; Final &#8211; UE Cornell\u00e0 &#8211; Fundaci\u00f3 UE Tona &#8211; Previa","author":"bloguecornella","date":"22 de agosto de 2025","format":false,"excerpt":"Llego la semana en la que muchos aficionados de la UE Cornell\u00e0 ten\u00edan puesto una chincheta en el calendario. Llego la fase auton\u00f3mica de la Copa Federaci\u00f3n y, este a\u00f1o, solamente son dos los clubes de Catalunya que se han presentado. La UE Cornell\u00e0 y la Fundaci\u00f3 UE Tona. Para\u2026","rel":"","context":"En \u00abCopa Federacion - Fase autonomica\u00bb","block_context":{"text":"Copa Federacion - Fase autonomica","link":"http:\/\/www.bloguecornella.es\/wordpress\/category\/copa-federacion-fase-autonomica\/"},"img":{"alt_text":"","src":"https:\/\/i0.wp.com\/www.bloguecornella.es\/wordpress\/wp-content\/uploads\/2025\/08\/Copa-Federacion-Fase-Autonomica-Final.png?fit=940%2C520&resize=350%2C200","width":350,"height":200,"srcset":"https:\/\/i0.wp.com\/www.bloguecornella.es\/wordpress\/wp-content\/uploads\/2025\/08\/Copa-Federacion-Fase-Autonomica-Final.png?fit=940%2C520&resize=350%2C200 1x, https:\/\/i0.wp.com\/www.bloguecornella.es\/wordpress\/wp-content\/uploads\/2025\/08\/Copa-Federacion-Fase-Autonomica-Final.png?fit=940%2C520&resize=525%2C300 1.5x, https:\/\/i0.wp.com\/www.bloguecornella.es\/wordpress\/wp-content\/uploads\/2025\/08\/Copa-Federacion-Fase-Autonomica-Final.png?fit=940%2C520&resize=700%2C400 2x"},"classes":[]}],"_links":{"self":[{"href":"http:\/\/www.bloguecornella.es\/wordpress\/wp-json\/wp\/v2\/posts\/2814","targetHints":{"allow":["GET"]}}],"collection":[{"href":"http:\/\/www.bloguecornella.es\/wordpress\/wp-json\/wp\/v2\/posts"}],"about":[{"href":"http:\/\/www.bloguecornella.es\/wordpress\/wp-json\/wp\/v2\/types\/post"}],"author":[{"embeddable":true,"href":"http:\/\/www.bloguecornella.es\/wordpress\/wp-json\/wp\/v2\/users\/1"}],"replies":[{"embeddable":true,"href":"http:\/\/www.bloguecornella.es\/wordpress\/wp-json\/wp\/v2\/comments?post=2814"}],"version-history":[{"count":2,"href":"http:\/\/www.bloguecornella.es\/wordpress\/wp-json\/wp\/v2\/posts\/2814\/revisions"}],"predecessor-version":[{"id":2830,"href":"http:\/\/www.bloguecornella.es\/wordpress\/wp-json\/wp\/v2\/posts\/2814\/revisions\/2830"}],"wp:featuredmedia":[{"embeddable":true,"href":"http:\/\/www.bloguecornella.es\/wordpress\/wp-json\/wp\/v2\/media\/2829"}],"wp:attachment":[{"href":"http:\/\/www.bloguecornella.es\/wordpress\/wp-json\/wp\/v2\/media?parent=2814"}],"wp:term":[{"taxonomy":"category","embeddable":true,"href":"http:\/\/www.bloguecornella.es\/wordpress\/wp-json\/wp\/v2\/categories?post=2814"},{"taxonomy":"post_tag","embeddable":true,"href":"http:\/\/www.bloguecornella.es\/wordpress\/wp-json\/wp\/v2\/tags?post=2814"}],"curies":[{"name":"wp","href":"https:\/\/api.w.org\/{rel}","templated":true}]}}