{"id":2702,"date":"2025-10-08T14:00:00","date_gmt":"2025-10-08T12:00:00","guid":{"rendered":"http:\/\/www.bloguecornella.es\/wordpress\/?p=2702"},"modified":"2025-10-07T17:25:56","modified_gmt":"2025-10-07T15:25:56","slug":"entrevista-a-fran-rubio-entrenador-can-vidalet-el-estilo-de-ignasi-sera-al-que-el-futbol-va-a-ir","status":"publish","type":"post","link":"http:\/\/www.bloguecornella.es\/wordpress\/2025\/10\/08\/entrevista-a-fran-rubio-entrenador-can-vidalet-el-estilo-de-ignasi-sera-al-que-el-futbol-va-a-ir\/","title":{"rendered":"Entrevista a Fran Rubio &#8211; Entrenador Can Vidalet \u00abEl estilo de Ignasi, ser\u00e1 al que el f\u00fatbol va a ir\u00bb"},"content":{"rendered":"\n<p>Con motivo del derbi de la comarca del Baix Llobregat, m\u00e1s concretamente, de los dos mejores clubes de la comarca a d\u00eda de hoy, hemos tenido el placer de entrevistar a Fran Rubio, entrenador del Can Vidalet CF, para que nos hable de su crecimiento profesional dentro del club, la instituci\u00f3n y el presente.<\/p>\n\n\n\n<p><strong>1 &#8211; \u00bfQu\u00e9 tal? \u00bfC\u00f3mo se encuentra?<\/strong><\/p>\n\n\n\n<p>Bien, muy bien. Aunque con la sensaci\u00f3n amarga del \u00faltimo minuto por el penalti fallado, pero orgullosos de lo que estamos consiguiendo.<\/p>\n\n\n\n<p><strong>2 &#8211; H\u00e1blenos de sus inicios como entrenador, \u00bfHa estado en otros equipos a parte del Can Vidalet CF? (Categor\u00edas inferiores, amateur, etc.)<\/strong><\/p>\n\n\n\n<p>Empec\u00e9 en el Can Vidalet desde que tenia 16 a\u00f1os, y una de las razones por la que va tan bien es por la dedicaci\u00f3n que se hace a la formaci\u00f3n de los entrenadores de la base. Hacerlos crecer, mejorar. A trav\u00e9s de la empresa Ekkono, hay mas facilidad de salida y con 25 a\u00f1os, siendo entrenador del Juvenil A, me dan la oportunidad de poder ir a la Federaci\u00f3n Japonesa de f\u00fatbol, ir al PSG, y trabajar en equipos como el G\u00f6teborg, de la liga sueca.<\/p>\n\n\n\n<p>Ahora comparto, aunque no sea a nivel profesional, el conocimiento como analista, asistente en el Aberdeen de la liga escocesa, que tengo que compaginar tambi\u00e9n con mi trabajo de primer entrenador en el Can Vidalet CF. Por las ma\u00f1anas le dedico al Aberdeen y por las tardes le dedico al Can Vidalet.<\/p>\n\n\n\n<p><strong>3 &#8211; Justo quer\u00eda preguntar sobre ese punto. Gran parte del crecimiento que ha experimentado el Can Vidalet CF es por la metodolog\u00eda que se esta aplicando, y est\u00e1 lleva su nombre, y as\u00ed lo hace saber el club, \u00bfC\u00f3mo lo valora?<\/strong><\/p>\n\n\n\n<p>Bueno, para ser justos, la raz\u00f3n n\u00famero uno del crecimiento es la de <strong>Pedro Rubio<\/strong>, el presidente.<\/p>\n\n\n\n<p>Desde que ha empezado, ha buscado la forma de unificar criterios y trabajo para ir todos en un mismo sentido. La casualidad de que, empezando a estudiar, encontr\u00e9 a David Hern\u00e1ndez y les propuse de, cuando estaban montando la empresa, colaborar con el club y ah\u00ed empez\u00f3 todo.<\/p>\n\n\n\n<p>Como yo era el nexo de uni\u00f3n, estaba muy involucrado y me he aprovechado, en el buen sentido de la palabra, para formarme a tope y estoy orgulloso de lo que hayamos podido contribuir al crecimiento personal del club. Pero como yo, hay muchas personas que siguen en el club, incluso cuando empez\u00f3, que ahora est\u00e1n entrenando al Juvenil A.<\/p>\n\n\n\n<p>A veces no valoramos la suerte, en ese sentido, de la gente que siga <strong>vinculada al club <\/strong>y contribuya al crecimiento.<\/p>\n\n\n\n<p><strong>4 &#8211; El crecimiento es innegable. Yo he seguido, sobre todo en la etapa en la que cogiste al equipo en Lliga Elit, y tiene merito que, de estar en categor\u00edas territoriales de la FCF llegar y que sea  el equipo de barrio y no el de la ciudad, el que est\u00e1 a nivel nacional.<\/strong><\/p>\n\n\n\n<p>Para que se entienda, el ayuntamiento da, mas o menos, las mismas ayudas a nosotros que al otro equipo de la ciudad y la diferencia de categor\u00edas es la misma entre nosotros y el primer equipo del Barcelona que nosotros y ellos. Es para poner en contexto todo lo que ha conseguido el club con los recursos que tenemos.<\/p>\n\n\n\n<p><strong>5 &#8211; Entremos en materia y hablemos de la temporada actual. Aunque estemos en la jornada 6,  \u00bfC\u00f3mo ve de compleja la categor\u00eda y como est\u00e1 viendo el inicio del Can Vidalet?<\/strong><\/p>\n\n\n\n<p>La Tercera Federaci\u00f3n ya es una categor\u00eda semiprofesional. La Lliga Elit ya es una categor\u00eda dif\u00edcil, pero la Tercera&#8230; es un salto importante. Al final, los equipos entrenan mucho, y muchos de ellos, se dedican a ello y siguen un ritmo profesional.<\/p>\n\n\n\n<p>Cuando veo los entrenos del Aberdeen o los partidos y los comparo con nosotros, es normal que haya una diferencia grande, pero que jugadores de equipos como Badalona, Cornell\u00e0 podr\u00edan estar en ese sentido.<\/p>\n\n\n\n<p>El salto es grande. Nosotros entremos tres d\u00edas. El presupuesto es el que es, el campo es el que es, no podemos entrenar por la ma\u00f1ana porque, a ver, como pedir a un jugador que trabaja por la ma\u00f1ana, que entrene. Por la tarde, incluso a las cuatro es dif\u00edcil.<\/p>\n\n\n\n<p>Estamos compitiendo contra muchas dificultades. El Cornell\u00e0 tiene mejores instalaciones, entrenan por la ma\u00f1ana, tienen gimnasio&#8230; digamos que como un club profesional que da las facilidades a los jugadores. <\/p>\n\n\n\n<p>Nos hemos metido aqu\u00ed porque es lo que hemos querido. Hoy en la charla con los jugadores, tras el fallo de penalti y que hemos hecho un buen partido y hemos tenido nuestras opciones, les he transmitido eso, que estamos aqu\u00ed nosotros y quer\u00edamos ver como era y esto, pese a la dificultad, nos va a hacer crecer a nosotros y a mi el primero el poder aprender de entrenadores de nivel, que me van a poner las cosas dif\u00edciles.<\/p>\n\n\n\n<p>Tambi\u00e9n es verdad, que en este inicio, se han juntados dos cosas, el inicio que es dif\u00edcil en una categor\u00eda tan exigente y tambi\u00e9n baja de jugadores que son titulares.<\/p>\n\n\n\n<p><strong>6 &#8211; Aunque no se reconozca a nivel auton\u00f3mico, pero \u00bfC\u00f3mo valora que el Can Vidalet CF sea, junto a la UE Cornell\u00e0, los mejores conjuntos de la comarca del Baix Llobregat<\/strong>?<\/p>\n\n\n\n<p>Puesto as\u00ed, y es la realidad, es un orgullo inmenso. Cuando empec\u00e9 jugando y tambi\u00e9n entrenando, se ve\u00eda como un sue\u00f1o lejano. Llegaremos a Tercera, ojala estemos en Tercera y ahora ya es realidad.<\/p>\n\n\n\n<p>Es dif\u00edcil poner con palabras el trabajo que hay detr\u00e1s y la constancia de todo el trabajo que se ha hecho durante estos a\u00f1os. Mucha emoci\u00f3n. Lo resumir\u00eda en eso, en orgullo de ver recompensado todo el trabajo durante estos a\u00f1os.<\/p>\n\n\n\n<p><strong>7 &#8211; El rival de est\u00e1 semana es la UE Cornell\u00e0 \u00bfC\u00f3mo valora el equipo de Ignasi Senabre y como ve el partido del s\u00e1bado en el Municipal de Cornell\u00e0?<\/strong><\/p>\n\n\n\n<p>El estilo que tiene Ignasi, es un estilo de juego que ser\u00e1 al que va ir el f\u00fatbol a d\u00eda de hoy. <\/p>\n\n\n\n<p>He trabajo con muchos equipos profesionales, veo muchos partidos y el f\u00fatbol est\u00e1 yendo al f\u00fatbol que quiere implantar Ignasi. Muchas presi\u00f3n, con toque de bal\u00f3n. Un poco como el que plantea Luis Enrique con el PSG.<\/p>\n\n\n\n<p>A mi me gusta. Con los jugadores que tiene puede sacar rendimiento. Llevan poco tiempo, y cuesta mucho poner en marcha todo esto. A la larga, ser\u00e1 uno de los mejores equipos de la liga y estar\u00e1n luchando por todo.<\/p>\n\n\n\n<p>Nosotros, afrontaremos el partido igualando las cosas que ellos hacen. Al final, la diferencia de intensidad f\u00edsica es de nivel, hay diferencia. Como cuando juega el Barcelona contra un equipo de zona media-baja y hacer un partido como el que hicimos contra el Badalona.<\/p>\n\n\n\n<p>Fue un partido en el que estuvimos mas defendiendo que atacando, pero sin perder nuestra esencia. Aunque creo que el Cornell\u00e0 nos lo pondr\u00e1 dif\u00edcil, ya que ellos ir\u00e1n m\u00e1s al ataque. <\/p>\n\n\n\n<p><strong>8 &#8211; \u00bfQu\u00e9 le dir\u00eda a la afici\u00f3n del CF Can Vidalet para el partido de este s\u00e1bado?<\/strong><\/p>\n\n\n\n<p>Les dir\u00eda que todos hemos conseguido algo hist\u00f3rico. Ellos son participes de lo que ha conseguido y, tambi\u00e9n, entrenadores y ex-jugadores.<\/p>\n\n\n\n<p>En el Play-off se vio algo bonito que, incluso, gente de Andaluc\u00eda vino a vernos y nos sigue. En la retransmisi\u00f3n del partido, en La Xarxa, se llego a ocupar dos \u00abCamp Nous\u00bb, en los dos partidos y jugamos en ambos partidos como locales con los desplazamientos de gente que hubo.<\/p>\n\n\n\n<p>Les dir\u00eda eso, que lo vivan como una fiesta. Que lo vean como&#8230; \u00a1estamos jugando contra todo un Cornell\u00e0! Jugaremos contra equipos como el Hospitalet, o tambi\u00e9n como cuando jugamos contra el Badalona, que vino tambi\u00e9n aficionados a arroparnos. Y eso la afici\u00f3n lo sabe, que estamos jugando contra ciudades y nosotros somos un barrio.<\/p>\n\n\n\n<p>La gente entiende lo que es la Tercera Federaci\u00f3n y saben de la dificultad de la categor\u00eda. Les dir\u00eda que nos sigan arropando, como cuando el play-off y que nos ayudaran mucho de esa forma.<\/p>\n\n\n\n<p><\/p>\n\n\n\n<p>Pod\u00e9is tener la entrevista completa en mis redes sociales:<\/p>\n\n\n\n<ul class=\"wp-block-list\">\n<li><strong>Youtube<\/strong>: <a href=\"https:\/\/youtu.be\/uBNt3QegJX0\">https:\/\/youtu.be\/uBNt3QegJX0<\/a><\/li>\n\n\n\n<li>IVOOX: <a href=\"https:\/\/go.ivoox.com\/rf\/160263777\">https:\/\/go.ivoox.com\/rf\/160263777<\/a><\/li>\n\n\n\n<li>Spotify: <\/li>\n<\/ul>\n","protected":false},"excerpt":{"rendered":"<p>Con motivo del derbi de la comarca del Baix Llobregat, m\u00e1s concretamente, de los dos mejores clubes de la comarca a d\u00eda de hoy, hemos tenido el placer de entrevistar a Fran Rubio, entrenador del Can Vidalet CF, para que nos hable de su crecimiento profesional dentro del club, la instituci\u00f3n y el presente. 1 [&hellip;]<\/p>\n","protected":false},"author":1,"featured_media":2749,"comment_status":"open","ping_status":"open","sticky":false,"template":"","format":"standard","meta":{"_eb_attr":"","advanced_seo_description":"","jetpack_seo_html_title":"","jetpack_seo_noindex":false,"jetpack_post_was_ever_published":false,"_jetpack_newsletter_access":"","_jetpack_dont_email_post_to_subs":false,"_jetpack_newsletter_tier_id":0,"_jetpack_memberships_contains_paywalled_content":false,"_jetpack_memberships_contains_paid_content":false,"footnotes":"","jetpack_publicize_message":"","jetpack_publicize_feature_enabled":true,"jetpack_social_post_already_shared":true,"jetpack_social_options":{"image_generator_settings":{"template":"highway","default_image_id":0,"font":"","enabled":false},"version":2}},"categories":[179,64,178,71,69,51],"tags":[62,180,65,66,54],"class_list":["post-2702","post","type-post","status-publish","format-standard","has-post-thumbnail","hentry","category-derbi-baix-llobregat","category-entrevista","category-fran-rubio","category-temporada-2025-26","category-tercera-federacion-grupo-v","category-ue-cornella","tag-entrevista","tag-fran-rubio","tag-temporada-2025-26","tag-tercera-federacion-grupo-v","tag-ue-cornella"],"jetpack_publicize_connections":[],"jetpack_featured_media_url":"https:\/\/i0.wp.com\/www.bloguecornella.es\/wordpress\/wp-content\/uploads\/2025\/10\/Imagen-de-WhatsApp-2025-10-06-a-las-21.34.50_68f00f62-scaled.jpg?fit=2560%2C1707","jetpack_sharing_enabled":true,"jetpack-related-posts":[{"id":2720,"url":"http:\/\/www.bloguecornella.es\/wordpress\/2025\/10\/10\/previa-capitulo-6-3-rfef-ue-cornella-can-vidalet-cf-la-victoria-como-obligacion\/","url_meta":{"origin":2702,"position":0},"title":"Previa &#8211; Cap\u00edtulo 6 &#8211; 3 RFEF &#8211; UE Cornell\u00e0 &#8211; Can Vidalet CF &#8211; \u00abLa victoria como obligaci\u00f3n\u00bb","author":"bloguecornella","date":"10 de octubre de 2025","format":false,"excerpt":"Tras la debacle del partido contra el CF Badalona, la UE Cornell\u00e0 vuelve al Municipal para enfrentarse a un reci\u00e9n ascendido como es el Can Vidalet CF. Y, con esto, hablamos del \u00fanico derbi nacional en la comarca del Baix Llobregat. El rival: Can Vidalet CF (13\u00ba - 5 puntos)\u2026","rel":"","context":"En \u00abPrevia partido\u00bb","block_context":{"text":"Previa partido","link":"http:\/\/www.bloguecornella.es\/wordpress\/category\/previa-partido\/"},"img":{"alt_text":"","src":"https:\/\/i0.wp.com\/www.bloguecornella.es\/wordpress\/wp-content\/uploads\/2025\/10\/J6-UE-Cornella-CF-Can-Vidalet-1.png?fit=940%2C520&resize=350%2C200","width":350,"height":200,"srcset":"https:\/\/i0.wp.com\/www.bloguecornella.es\/wordpress\/wp-content\/uploads\/2025\/10\/J6-UE-Cornella-CF-Can-Vidalet-1.png?fit=940%2C520&resize=350%2C200 1x, https:\/\/i0.wp.com\/www.bloguecornella.es\/wordpress\/wp-content\/uploads\/2025\/10\/J6-UE-Cornella-CF-Can-Vidalet-1.png?fit=940%2C520&resize=525%2C300 1.5x, https:\/\/i0.wp.com\/www.bloguecornella.es\/wordpress\/wp-content\/uploads\/2025\/10\/J6-UE-Cornella-CF-Can-Vidalet-1.png?fit=940%2C520&resize=700%2C400 2x"},"classes":[]},{"id":2170,"url":"http:\/\/www.bloguecornella.es\/wordpress\/2025\/08\/16\/3-pretemporada-25-26-ue-cornella-can-vidalet-cf-previa\/","url_meta":{"origin":2702,"position":1},"title":"#3 Pretemporada 25\/26 &#8211; UE Cornell\u00e0 &#8211; Can Vidalet CF &#8211; Previa","author":"bloguecornella","date":"16 de agosto de 2025","format":false,"excerpt":"Hoy, s\u00e1bado 16 de octubre, lanzamos la previa relacionada con el partido entre la UE Cornell\u00e0 y el Can Vidalet CF. El duelo del Baix Llobregat se va a realizar en el Municipal de Cornell\u00e0 ma\u00f1ana, 17 de agosto de 2025. Pese a que hoy hay partido, que podr\u00e9is ver\u2026","rel":"","context":"En \u00abPretemporada - 2025\/26\u00bb","block_context":{"text":"Pretemporada - 2025\/26","link":"http:\/\/www.bloguecornella.es\/wordpress\/category\/pretemporada-2025-26\/"},"img":{"alt_text":"","src":"https:\/\/i0.wp.com\/www.bloguecornella.es\/wordpress\/wp-content\/uploads\/2025\/08\/3-Pretemporada.png?fit=940%2C520&resize=350%2C200","width":350,"height":200,"srcset":"https:\/\/i0.wp.com\/www.bloguecornella.es\/wordpress\/wp-content\/uploads\/2025\/08\/3-Pretemporada.png?fit=940%2C520&resize=350%2C200 1x, https:\/\/i0.wp.com\/www.bloguecornella.es\/wordpress\/wp-content\/uploads\/2025\/08\/3-Pretemporada.png?fit=940%2C520&resize=525%2C300 1.5x, https:\/\/i0.wp.com\/www.bloguecornella.es\/wordpress\/wp-content\/uploads\/2025\/08\/3-Pretemporada.png?fit=940%2C520&resize=700%2C400 2x"},"classes":[]},{"id":2773,"url":"http:\/\/www.bloguecornella.es\/wordpress\/2025\/10\/12\/cronica-capitulo-6-ue-cornella-4-0-cf-can-vidalet-cf-la-ue-cornella-domina-en-el-derbi\/","url_meta":{"origin":2702,"position":2},"title":"Cr\u00f3nica Cap\u00edtulo 6 &#8211; UE Cornell\u00e0 4-0 CF Can Vidalet CF \u00abLa UE Cornell\u00e0 domina en el derbi\u00bb","author":"bloguecornella","date":"12 de octubre de 2025","format":false,"excerpt":"Mejor no podr\u00eda haber acabado el derbi para la UE Cornell\u00e0, que vence por un contundente 4-0 contra el CF Can Vidalet que, hasta el 3r gol, ha tenido opciones de poder igualar la contienda. Resumen encuentro Con la baja de Diego Garz\u00f3n en la convocatoria, Ignasi fiel a su\u2026","rel":"","context":"En \u00abDerbi Baix Llobregat\u00bb","block_context":{"text":"Derbi Baix Llobregat","link":"http:\/\/www.bloguecornella.es\/wordpress\/category\/derbi-baix-llobregat\/"},"img":{"alt_text":"","src":"https:\/\/i0.wp.com\/www.bloguecornella.es\/wordpress\/wp-content\/uploads\/2025\/10\/IMG_3827.jpeg?fit=1200%2C900&resize=350%2C200","width":350,"height":200,"srcset":"https:\/\/i0.wp.com\/www.bloguecornella.es\/wordpress\/wp-content\/uploads\/2025\/10\/IMG_3827.jpeg?fit=1200%2C900&resize=350%2C200 1x, https:\/\/i0.wp.com\/www.bloguecornella.es\/wordpress\/wp-content\/uploads\/2025\/10\/IMG_3827.jpeg?fit=1200%2C900&resize=525%2C300 1.5x, https:\/\/i0.wp.com\/www.bloguecornella.es\/wordpress\/wp-content\/uploads\/2025\/10\/IMG_3827.jpeg?fit=1200%2C900&resize=700%2C400 2x, https:\/\/i0.wp.com\/www.bloguecornella.es\/wordpress\/wp-content\/uploads\/2025\/10\/IMG_3827.jpeg?fit=1200%2C900&resize=1050%2C600 3x"},"classes":[]},{"id":1597,"url":"http:\/\/www.bloguecornella.es\/wordpress\/2025\/05\/30\/rumores-apuntando-a-raul-paje-como-entrenador-de-la-ue-cornella\/","url_meta":{"origin":2702,"position":3},"title":"Rumores apuntando a Ra\u00fal Paje como entrenador de la UE Cornell\u00e0","author":"bloguecornella","date":"30 de mayo de 2025","format":false,"excerpt":"Desde el final de la temporada, todo est\u00e1 siendo un hermetismo a orillas del rio Llobregat de cara a la planificaci\u00f3n de la temporada 2025\/26. La salida, de momento, de 4 jugadores del juvenil A, son las \u00fanicas notas rese\u00f1ables de lo que viene siendo la pretemporada 2025\/26 en la\u2026","rel":"","context":"En \u00abPretemporada - 2025\/26\u00bb","block_context":{"text":"Pretemporada - 2025\/26","link":"http:\/\/www.bloguecornella.es\/wordpress\/category\/pretemporada-2025-26\/"},"img":{"alt_text":"Raul Paje, en un partido con L'Escala - Imagen Mundo Deportivo","src":"https:\/\/i0.wp.com\/www.bloguecornella.es\/wordpress\/wp-content\/uploads\/2025\/05\/Raul-Paje.jpeg?fit=948%2C465&resize=350%2C200","width":350,"height":200,"srcset":"https:\/\/i0.wp.com\/www.bloguecornella.es\/wordpress\/wp-content\/uploads\/2025\/05\/Raul-Paje.jpeg?fit=948%2C465&resize=350%2C200 1x, https:\/\/i0.wp.com\/www.bloguecornella.es\/wordpress\/wp-content\/uploads\/2025\/05\/Raul-Paje.jpeg?fit=948%2C465&resize=525%2C300 1.5x, https:\/\/i0.wp.com\/www.bloguecornella.es\/wordpress\/wp-content\/uploads\/2025\/05\/Raul-Paje.jpeg?fit=948%2C465&resize=700%2C400 2x"},"classes":[]},{"id":2153,"url":"http:\/\/www.bloguecornella.es\/wordpress\/2025\/08\/15\/2-pretemporada-25-26-montanesa-cf-ue-cornella-previa\/","url_meta":{"origin":2702,"position":4},"title":"#2 Pretemporada 25-26 &#8211; Monta\u00f1esa CF &#8211; UE Cornell\u00e0 &#8211; Previa","author":"bloguecornella","date":"15 de agosto de 2025","format":false,"excerpt":"Ya tenemos nuevo fin de semana de pretemporada y, esta vez, por partida doble. Tenemos un Monta\u00f1esa CF - UE Cornell\u00e0 el s\u00e1bado y el domingo una UE Cornell\u00e0 - Can Vidalet CF, derbi del Baix Llobregat. En este post, hablaremos un poco del partido que corresponde al s\u00e1bado 16\u2026","rel":"","context":"En \u00abPretemporada - 2025\/26\u00bb","block_context":{"text":"Pretemporada - 2025\/26","link":"http:\/\/www.bloguecornella.es\/wordpress\/category\/pretemporada-2025-26\/"},"img":{"alt_text":"","src":"https:\/\/i0.wp.com\/www.bloguecornella.es\/wordpress\/wp-content\/uploads\/2025\/08\/2-Pretemporada-25-26-MON-UEC.png?fit=940%2C520&resize=350%2C200","width":350,"height":200,"srcset":"https:\/\/i0.wp.com\/www.bloguecornella.es\/wordpress\/wp-content\/uploads\/2025\/08\/2-Pretemporada-25-26-MON-UEC.png?fit=940%2C520&resize=350%2C200 1x, https:\/\/i0.wp.com\/www.bloguecornella.es\/wordpress\/wp-content\/uploads\/2025\/08\/2-Pretemporada-25-26-MON-UEC.png?fit=940%2C520&resize=525%2C300 1.5x, https:\/\/i0.wp.com\/www.bloguecornella.es\/wordpress\/wp-content\/uploads\/2025\/08\/2-Pretemporada-25-26-MON-UEC.png?fit=940%2C520&resize=700%2C400 2x"},"classes":[]},{"id":3210,"url":"http:\/\/www.bloguecornella.es\/wordpress\/2025\/12\/01\/resumen-cedidos-ue-cornella-29-30-de-noviembre-2025\/","url_meta":{"origin":2702,"position":5},"title":"Resumen cedidos UE Cornell\u00e0 &#8211; 29-30 de Noviembre 2025","author":"bloguecornella","date":"1 de diciembre de 2025","format":false,"excerpt":"Decimosegunda entrega del repaso a nuestros cedidos y el balance que han hecho est\u00e1 semana. Izan Gonz\u00e1lez - CE Europa (Primera Federaci\u00f3n - Grupo II) Jornada 14 - Viernes 28 de Noviembre 2025 - 21:15h - CE Europa - CE Sabadell. Izan Gonz\u00e1lez vuelve a disputar los 90 minutos de\u2026","rel":"","context":"En \u00abCedidos UE Cornell\u00e0\u00bb","block_context":{"text":"Cedidos UE Cornell\u00e0","link":"http:\/\/www.bloguecornella.es\/wordpress\/category\/cedidos-ue-cornella\/"},"img":{"alt_text":"","src":"https:\/\/i0.wp.com\/www.bloguecornella.es\/wordpress\/wp-content\/uploads\/2025\/12\/Resumen-29-30-nov.png?fit=1200%2C675&resize=350%2C200","width":350,"height":200,"srcset":"https:\/\/i0.wp.com\/www.bloguecornella.es\/wordpress\/wp-content\/uploads\/2025\/12\/Resumen-29-30-nov.png?fit=1200%2C675&resize=350%2C200 1x, https:\/\/i0.wp.com\/www.bloguecornella.es\/wordpress\/wp-content\/uploads\/2025\/12\/Resumen-29-30-nov.png?fit=1200%2C675&resize=525%2C300 1.5x, https:\/\/i0.wp.com\/www.bloguecornella.es\/wordpress\/wp-content\/uploads\/2025\/12\/Resumen-29-30-nov.png?fit=1200%2C675&resize=700%2C400 2x, https:\/\/i0.wp.com\/www.bloguecornella.es\/wordpress\/wp-content\/uploads\/2025\/12\/Resumen-29-30-nov.png?fit=1200%2C675&resize=1050%2C600 3x"},"classes":[]}],"_links":{"self":[{"href":"http:\/\/www.bloguecornella.es\/wordpress\/wp-json\/wp\/v2\/posts\/2702","targetHints":{"allow":["GET"]}}],"collection":[{"href":"http:\/\/www.bloguecornella.es\/wordpress\/wp-json\/wp\/v2\/posts"}],"about":[{"href":"http:\/\/www.bloguecornella.es\/wordpress\/wp-json\/wp\/v2\/types\/post"}],"author":[{"embeddable":true,"href":"http:\/\/www.bloguecornella.es\/wordpress\/wp-json\/wp\/v2\/users\/1"}],"replies":[{"embeddable":true,"href":"http:\/\/www.bloguecornella.es\/wordpress\/wp-json\/wp\/v2\/comments?post=2702"}],"version-history":[{"count":7,"href":"http:\/\/www.bloguecornella.es\/wordpress\/wp-json\/wp\/v2\/posts\/2702\/revisions"}],"predecessor-version":[{"id":2754,"href":"http:\/\/www.bloguecornella.es\/wordpress\/wp-json\/wp\/v2\/posts\/2702\/revisions\/2754"}],"wp:featuredmedia":[{"embeddable":true,"href":"http:\/\/www.bloguecornella.es\/wordpress\/wp-json\/wp\/v2\/media\/2749"}],"wp:attachment":[{"href":"http:\/\/www.bloguecornella.es\/wordpress\/wp-json\/wp\/v2\/media?parent=2702"}],"wp:term":[{"taxonomy":"category","embeddable":true,"href":"http:\/\/www.bloguecornella.es\/wordpress\/wp-json\/wp\/v2\/categories?post=2702"},{"taxonomy":"post_tag","embeddable":true,"href":"http:\/\/www.bloguecornella.es\/wordpress\/wp-json\/wp\/v2\/tags?post=2702"}],"curies":[{"name":"wp","href":"https:\/\/api.w.org\/{rel}","templated":true}]}}