{"id":2632,"date":"2025-09-29T16:00:00","date_gmt":"2025-09-29T14:00:00","guid":{"rendered":"http:\/\/www.bloguecornella.es\/wordpress\/?p=2632"},"modified":"2025-09-29T00:45:25","modified_gmt":"2025-09-28T22:45:25","slug":"resumen-cedidos-ue-cornella-fin-de-semana-27-28-septiembre-2025","status":"publish","type":"post","link":"http:\/\/www.bloguecornella.es\/wordpress\/2025\/09\/29\/resumen-cedidos-ue-cornella-fin-de-semana-27-28-septiembre-2025\/","title":{"rendered":"Resumen cedidos UE Cornell\u00e0 fin de semana 27-28 Septiembre 2025"},"content":{"rendered":"\n<p id=\"block-c75365bf-c69a-4870-a78e-5ef737643e51\">Cuarta entrega del repaso a nuestros cedidos y el balance que han hecho est\u00e1 semana. <\/p>\n\n\n\n<p id=\"block-9dee5b01-6c21-4c07-9558-0af523ada553\"><strong>Izan Gonz\u00e1lez &#8211; CE Europa (Primera Federaci\u00f3n &#8211; Grupo II)<\/strong><\/p>\n\n\n\n<p id=\"block-32a9afa4-c469-4987-a391-ddb97831abbc\"><em><em><em>Jornada 5 &#8211; Domingo 28 Septiembre 2025 &#8211; 12:00h &#8211; CD Teruel &#8211; CE Europa<\/em><\/em><\/em><\/p>\n\n\n\n<p id=\"block-0221a5ed-5cda-44c4-89bd-caaacb21c63a\">Izan Gonz\u00e1lez, vuelve a ser titular en su equipo, el CE Europa, donde ha jugado todo el partido y no consiguieron la victoria contra el CD Teruel por la m\u00ednima.<\/p>\n\n\n\n<p id=\"block-6ad1c438-7b8f-481f-811a-db1b4601e478\"><em>Pr\u00f3ximo partido: Jornada 6 &#8211; S\u00e1bado 4 Octubre 2025 &#8211; 16:00h &#8211; CE Europa &#8211; Marbella FC<\/em><\/p>\n\n\n\n<p id=\"block-c0455744-24e9-486d-9e10-a36bdb95d258\"><strong>Iker Moreno &#8211; CE Mercadal (Tercera Federaci\u00f3n &#8211; Grupo XI)<\/strong><\/p>\n\n\n\n<p><em><em>Jornada 4 &#8211; S\u00e1bado 27 Septiembre 2025 &#8211; 16:00h &#8211; Rotlet Molinar &#8211; <em>CE Mercadal<\/em><\/em><\/em><\/p>\n\n\n\n<p id=\"block-6872be76-1a94-4c51-ad51-eea81008dd64\">El jugador sali\u00f3 de titular en el empate a cero de su equipo, el CE Mercadal, contra el Rotlet Molinar. Nueva puntuaci\u00f3n de 6.7 (Be Soccer) en los 55 minutos que ha jugado.<\/p>\n\n\n\n<p id=\"block-269dcaf1-0c5a-4f3a-a6ed-628a5dcc7c75\"><em>Pr\u00f3ximo partido: Jornada 5 &#8211; S\u00e1bado 4 Octubre 2025 &#8211; 16:00h &#8211; CE Mercadal &#8211; <em>SD Portmany<\/em><\/em><\/p>\n\n\n\n<p id=\"block-e10d2343-c61d-4838-b489-171a453e8bf7\"><strong>Jon Pilar &#8211; Fundaci\u00f3 UE Tona (Tercera Federaci\u00f3n &#8211; Grupo V)<\/strong><\/p>\n\n\n\n<p id=\"block-c996ad6c-65eb-4067-a171-00b26968d281\"><em>Jornada 4 &#8211; Domingo 28 Septiembre 2025 &#8211; 12:30h &#8211; Fundaci\u00f3 UE Tona &#8211; Fundacio Grama<\/em>.<\/p>\n\n\n\n<p id=\"block-2326ecf3-2718-4e40-afa7-ce1269c62d0d\">Jon Pilar, por segundo partido consecutivo, no juega pese a estar convocado, en la derrota por 1-3 frente a la Fundaci\u00f3 Grama.<\/p>\n\n\n\n<p id=\"block-3719c680-2e72-46fe-a1ee-241cabead2bd\"><em>Pr\u00f3ximo partido: Jornada 5 &#8211; Domingo 5 Octubre 2025 &#8211; 17:15h &#8211; CE Europa \u00abB\u00bb &#8211; Fundacio UE Tona<\/em>.<\/p>\n\n\n\n<p id=\"block-e10d2343-c61d-4838-b489-171a453e8bf7\"><strong>Marc Barrantes &#8211; FC Vilafranca (Lliga Elit)<\/strong><\/p>\n\n\n\n<p id=\"block-c996ad6c-65eb-4067-a171-00b26968d281\"><em>Jornada 2 &#8211; S\u00e1bado 27 Septiembre 2025 &#8211; 18:00h &#8211; CF Ciudad Cooperativa &#8211; <em>FC Vilafranca<\/em><\/em><\/p>\n\n\n\n<p id=\"block-2326ecf3-2718-4e40-afa7-ce1269c62d0d\">Marc volvi\u00f3 a salir de titular en la derrota de su equipo, el FC Vilafranca, contra un reci\u00e9n ascendido como el CF Ciudad Cooperativa. Recibi\u00f3 TA en el minuto 44 de partido.<\/p>\n\n\n\n<p id=\"block-3719c680-2e72-46fe-a1ee-241cabead2bd\"><em>Pr\u00f3ximo partido: Jornada 3 &#8211; Domingo 5 Octubre 2025 &#8211; 16:30h &#8211; UE Valls &#8211; <em>FC Vilafranca<\/em><\/em>.<\/p>\n\n\n\n<p id=\"block-e10d2343-c61d-4838-b489-171a453e8bf7\"><strong>Marcos Mu\u00f1oz &#8211; CE Sabadell \u00abB\u00bb (Lliga Elit)<\/strong><\/p>\n\n\n\n<p id=\"block-c996ad6c-65eb-4067-a171-00b26968d281\"><em><em>Jornada 2 &#8211; Domingo 28 Septiembre 2025 &#8211; 12:00h &#8211; CE Sabadell \u00abB\u00bb &#8211; Sant Joan At. Montcada<\/em><\/em>.<\/p>\n\n\n\n<p id=\"block-2326ecf3-2718-4e40-afa7-ce1269c62d0d\">Primera convocatoria y primera titularidad para Marcos con su club, el CE Sabadell \u00abB\u00bb, en el que ha jugado 85 minutos y ha recibido una amonestaci\u00f3n en el minuto 27. El resultado fue de derrota por la m\u00ednima contra el Sant Joan At. Montcada.<\/p>\n\n\n\n<p id=\"block-3719c680-2e72-46fe-a1ee-241cabead2bd\"><em>Pr\u00f3ximo partido: Jornada 3 &#8211; S\u00e1bado 4 Octubre 2025 &#8211; 18:00h &#8211; Santfeliuenc FC &#8211; CE Sabadell \u00abB\u00bb<\/em>.<\/p>\n","protected":false},"excerpt":{"rendered":"<p>Cuarta entrega del repaso a nuestros cedidos y el balance que han hecho est\u00e1 semana. Izan Gonz\u00e1lez &#8211; CE Europa (Primera Federaci\u00f3n &#8211; Grupo II) Jornada 5 &#8211; Domingo 28 Septiembre 2025 &#8211; 12:00h &#8211; CD Teruel &#8211; CE Europa Izan Gonz\u00e1lez, vuelve a ser titular en su equipo, el CE Europa, donde ha jugado [&hellip;]<\/p>\n","protected":false},"author":1,"featured_media":2635,"comment_status":"open","ping_status":"open","sticky":false,"template":"","format":"standard","meta":{"_eb_attr":"","advanced_seo_description":"","jetpack_seo_html_title":"","jetpack_seo_noindex":false,"jetpack_post_was_ever_published":false,"_jetpack_newsletter_access":"","_jetpack_dont_email_post_to_subs":false,"_jetpack_newsletter_tier_id":0,"_jetpack_memberships_contains_paywalled_content":false,"_jetpack_memberships_contains_paid_content":false,"footnotes":"","jetpack_publicize_message":"","jetpack_publicize_feature_enabled":true,"jetpack_social_post_already_shared":true,"jetpack_social_options":{"image_generator_settings":{"template":"highway","default_image_id":0,"font":"","enabled":false},"version":2}},"categories":[159,176,175,69,51],"tags":[158,174,65,66,63],"class_list":["post-2632","post","type-post","status-publish","format-standard","has-post-thumbnail","hentry","category-cedidos-ue-cornella","category-lliga-elit","category-primera-federacion","category-tercera-federacion-grupo-v","category-ue-cornella","tag-cedidos-ue-cornella","tag-lliga-elit","tag-temporada-2025-26","tag-tercera-federacion-grupo-v","tag-ue-cornella-2"],"jetpack_publicize_connections":[],"jetpack_featured_media_url":"https:\/\/i0.wp.com\/www.bloguecornella.es\/wordpress\/wp-content\/uploads\/2025\/09\/Resumen-cedidos-1-1.png?fit=1600%2C900","jetpack_sharing_enabled":true,"jetpack-related-posts":[{"id":2566,"url":"http:\/\/www.bloguecornella.es\/wordpress\/2025\/09\/22\/resumen-cedidos-ue-cornella-20-21-septiembre-2025\/","url_meta":{"origin":2632,"position":0},"title":"Resumen cedidos UE Cornell\u00e0 20-21 Septiembre 2025","author":"bloguecornella","date":"22 de septiembre de 2025","format":false,"excerpt":"Tercera entrega del repaso a nuestros cedidos y el balance que han hecho est\u00e1 semana. En est\u00e1 entrega, se suman los cedidos Marc Barrantes y Marcos Fern\u00e1ndez, que se han estrenado, en Lliga Elit, con sus respectivos equipos. Izan Gonz\u00e1lez - CE Europa (Primera Federaci\u00f3n - Grupo II) Jornada 4\u2026","rel":"","context":"En \u00abCedidos UE Cornell\u00e0\u00bb","block_context":{"text":"Cedidos UE Cornell\u00e0","link":"http:\/\/www.bloguecornella.es\/wordpress\/category\/cedidos-ue-cornella\/"},"img":{"alt_text":"","src":"https:\/\/i0.wp.com\/www.bloguecornella.es\/wordpress\/wp-content\/uploads\/2025\/09\/Resumen-cedidos-2.png?fit=1200%2C675&resize=350%2C200","width":350,"height":200,"srcset":"https:\/\/i0.wp.com\/www.bloguecornella.es\/wordpress\/wp-content\/uploads\/2025\/09\/Resumen-cedidos-2.png?fit=1200%2C675&resize=350%2C200 1x, https:\/\/i0.wp.com\/www.bloguecornella.es\/wordpress\/wp-content\/uploads\/2025\/09\/Resumen-cedidos-2.png?fit=1200%2C675&resize=525%2C300 1.5x, https:\/\/i0.wp.com\/www.bloguecornella.es\/wordpress\/wp-content\/uploads\/2025\/09\/Resumen-cedidos-2.png?fit=1200%2C675&resize=700%2C400 2x, https:\/\/i0.wp.com\/www.bloguecornella.es\/wordpress\/wp-content\/uploads\/2025\/09\/Resumen-cedidos-2.png?fit=1200%2C675&resize=1050%2C600 3x"},"classes":[]},{"id":3514,"url":"http:\/\/www.bloguecornella.es\/wordpress\/2026\/01\/05\/resumen-cedidos-ue-cornella-3-4-enero-2026\/","url_meta":{"origin":2632,"position":1},"title":"Resumen cedidos UE Cornell\u00e0 3-4 Enero 2026","author":"bloguecornella","date":"5 de enero de 2026","format":false,"excerpt":"Decimo sexta entrega del repaso a nuestros cedidos y el balance que han hecho est\u00e1 semana. Izan Gonz\u00e1lez - CE Europa (Primera Federaci\u00f3n - Grupo II) Jornada 18 - Domingo 4 de Enero 2026 - 18:45h - Betis Deportivo - CE Europa. El CE Europa ha empatado en su desplazamiento\u2026","rel":"","context":"En \u00abCedidos UE Cornell\u00e0\u00bb","block_context":{"text":"Cedidos UE Cornell\u00e0","link":"http:\/\/www.bloguecornella.es\/wordpress\/category\/cedidos-ue-cornella\/"},"img":{"alt_text":"","src":"https:\/\/i0.wp.com\/www.bloguecornella.es\/wordpress\/wp-content\/uploads\/2026\/01\/resumen-20-21-dic.png?fit=1200%2C675&resize=350%2C200","width":350,"height":200,"srcset":"https:\/\/i0.wp.com\/www.bloguecornella.es\/wordpress\/wp-content\/uploads\/2026\/01\/resumen-20-21-dic.png?fit=1200%2C675&resize=350%2C200 1x, https:\/\/i0.wp.com\/www.bloguecornella.es\/wordpress\/wp-content\/uploads\/2026\/01\/resumen-20-21-dic.png?fit=1200%2C675&resize=525%2C300 1.5x, https:\/\/i0.wp.com\/www.bloguecornella.es\/wordpress\/wp-content\/uploads\/2026\/01\/resumen-20-21-dic.png?fit=1200%2C675&resize=700%2C400 2x, https:\/\/i0.wp.com\/www.bloguecornella.es\/wordpress\/wp-content\/uploads\/2026\/01\/resumen-20-21-dic.png?fit=1200%2C675&resize=1050%2C600 3x"},"classes":[]},{"id":3210,"url":"http:\/\/www.bloguecornella.es\/wordpress\/2025\/12\/01\/resumen-cedidos-ue-cornella-29-30-de-noviembre-2025\/","url_meta":{"origin":2632,"position":2},"title":"Resumen cedidos UE Cornell\u00e0 &#8211; 29-30 de Noviembre 2025","author":"bloguecornella","date":"1 de diciembre de 2025","format":false,"excerpt":"Decimosegunda entrega del repaso a nuestros cedidos y el balance que han hecho est\u00e1 semana. Izan Gonz\u00e1lez - CE Europa (Primera Federaci\u00f3n - Grupo II) Jornada 14 - Viernes 28 de Noviembre 2025 - 21:15h - CE Europa - CE Sabadell. Izan Gonz\u00e1lez vuelve a disputar los 90 minutos de\u2026","rel":"","context":"En \u00abCedidos UE Cornell\u00e0\u00bb","block_context":{"text":"Cedidos UE Cornell\u00e0","link":"http:\/\/www.bloguecornella.es\/wordpress\/category\/cedidos-ue-cornella\/"},"img":{"alt_text":"","src":"https:\/\/i0.wp.com\/www.bloguecornella.es\/wordpress\/wp-content\/uploads\/2025\/12\/Resumen-29-30-nov.png?fit=1200%2C675&resize=350%2C200","width":350,"height":200,"srcset":"https:\/\/i0.wp.com\/www.bloguecornella.es\/wordpress\/wp-content\/uploads\/2025\/12\/Resumen-29-30-nov.png?fit=1200%2C675&resize=350%2C200 1x, https:\/\/i0.wp.com\/www.bloguecornella.es\/wordpress\/wp-content\/uploads\/2025\/12\/Resumen-29-30-nov.png?fit=1200%2C675&resize=525%2C300 1.5x, https:\/\/i0.wp.com\/www.bloguecornella.es\/wordpress\/wp-content\/uploads\/2025\/12\/Resumen-29-30-nov.png?fit=1200%2C675&resize=700%2C400 2x, https:\/\/i0.wp.com\/www.bloguecornella.es\/wordpress\/wp-content\/uploads\/2025\/12\/Resumen-29-30-nov.png?fit=1200%2C675&resize=1050%2C600 3x"},"classes":[]},{"id":3276,"url":"http:\/\/www.bloguecornella.es\/wordpress\/2025\/12\/09\/resumen-cedidos-ue-cornella-fin-de-semana-6-7-diciembre-2025\/","url_meta":{"origin":2632,"position":3},"title":"Resumen cedidos UE Cornell\u00e0 fin de semana 6-7 diciembre 2025","author":"bloguecornella","date":"9 de diciembre de 2025","format":false,"excerpt":"Decimo tercera entrega del repaso a nuestros cedidos y el balance que han hecho est\u00e1 semana. Izan Gonz\u00e1lez - CE Europa (Primera Federaci\u00f3n - Grupo II) Jornada 15 - Lunes 8 de Diciembre 2025 - 18:30h - SD Tarazona - CE Europa. Izan Gonzalez, disfruto de nuevo de los 90\u2026","rel":"","context":"En \u00abCedidos UE Cornell\u00e0\u00bb","block_context":{"text":"Cedidos UE Cornell\u00e0","link":"http:\/\/www.bloguecornella.es\/wordpress\/category\/cedidos-ue-cornella\/"},"img":{"alt_text":"","src":"https:\/\/i0.wp.com\/www.bloguecornella.es\/wordpress\/wp-content\/uploads\/2025\/12\/Resumen-6-7-dic.png?fit=1200%2C675&resize=350%2C200","width":350,"height":200,"srcset":"https:\/\/i0.wp.com\/www.bloguecornella.es\/wordpress\/wp-content\/uploads\/2025\/12\/Resumen-6-7-dic.png?fit=1200%2C675&resize=350%2C200 1x, https:\/\/i0.wp.com\/www.bloguecornella.es\/wordpress\/wp-content\/uploads\/2025\/12\/Resumen-6-7-dic.png?fit=1200%2C675&resize=525%2C300 1.5x, https:\/\/i0.wp.com\/www.bloguecornella.es\/wordpress\/wp-content\/uploads\/2025\/12\/Resumen-6-7-dic.png?fit=1200%2C675&resize=700%2C400 2x, https:\/\/i0.wp.com\/www.bloguecornella.es\/wordpress\/wp-content\/uploads\/2025\/12\/Resumen-6-7-dic.png?fit=1200%2C675&resize=1050%2C600 3x"},"classes":[]},{"id":3651,"url":"http:\/\/www.bloguecornella.es\/wordpress\/2026\/01\/20\/resumen-cedidos-ue-cornella-17-18-enero-2026\/","url_meta":{"origin":2632,"position":4},"title":"Resumen cedidos UE Cornell\u00e0 17-18 enero 2026","author":"bloguecornella","date":"20 de enero de 2026","format":false,"excerpt":"Decimo s\u00e9ptima entrega del repaso a nuestros cedidos y el balance que han hecho est\u00e1 semana. Izan Gonz\u00e1lez - CE Europa (Primera Federaci\u00f3n - Grupo II) Jornada 20 - S\u00e1bado 17 Enero 2026 - 16:15h - CE Europa - Atl\u00e9tico Madrile\u00f1o. El CE Europa de Izan Gonz\u00e1lez empat\u00f3 su encuentro\u2026","rel":"","context":"En \u00abCedidos UE Cornell\u00e0\u00bb","block_context":{"text":"Cedidos UE Cornell\u00e0","link":"http:\/\/www.bloguecornella.es\/wordpress\/category\/cedidos-ue-cornella\/"},"img":{"alt_text":"","src":"https:\/\/i0.wp.com\/www.bloguecornella.es\/wordpress\/wp-content\/uploads\/2026\/01\/Resumen-17-18-ene.png?fit=1200%2C675&resize=350%2C200","width":350,"height":200,"srcset":"https:\/\/i0.wp.com\/www.bloguecornella.es\/wordpress\/wp-content\/uploads\/2026\/01\/Resumen-17-18-ene.png?fit=1200%2C675&resize=350%2C200 1x, https:\/\/i0.wp.com\/www.bloguecornella.es\/wordpress\/wp-content\/uploads\/2026\/01\/Resumen-17-18-ene.png?fit=1200%2C675&resize=525%2C300 1.5x, https:\/\/i0.wp.com\/www.bloguecornella.es\/wordpress\/wp-content\/uploads\/2026\/01\/Resumen-17-18-ene.png?fit=1200%2C675&resize=700%2C400 2x, https:\/\/i0.wp.com\/www.bloguecornella.es\/wordpress\/wp-content\/uploads\/2026\/01\/Resumen-17-18-ene.png?fit=1200%2C675&resize=1050%2C600 3x"},"classes":[]},{"id":3571,"url":"http:\/\/www.bloguecornella.es\/wordpress\/2026\/01\/13\/resumen-cedidos-ue-cornella-fin-de-semana-10-11-enero-2026\/","url_meta":{"origin":2632,"position":5},"title":"Resumen cedidos UE Cornell\u00e0 fin de semana 10-11 enero 2026","author":"bloguecornella","date":"13 de enero de 2026","format":false,"excerpt":"Decimo s\u00e9ptima entrega del repaso a nuestros cedidos y el balance que han hecho est\u00e1 semana. Izan Gonz\u00e1lez - CE Europa (Primera Federaci\u00f3n - Grupo II) Jornada 19 - S\u00e1bado 10 Enero 2026 - 14:00h - CE Europa - CD Alcorc\u00f3n. El CE Europa empat\u00f3 en su \u00faltimo encuentro en\u2026","rel":"","context":"En \u00abCedidos UE Cornell\u00e0\u00bb","block_context":{"text":"Cedidos UE Cornell\u00e0","link":"http:\/\/www.bloguecornella.es\/wordpress\/category\/cedidos-ue-cornella\/"},"img":{"alt_text":"","src":"https:\/\/i0.wp.com\/www.bloguecornella.es\/wordpress\/wp-content\/uploads\/2026\/01\/Resumen-10-11-ene.png?fit=1200%2C675&resize=350%2C200","width":350,"height":200,"srcset":"https:\/\/i0.wp.com\/www.bloguecornella.es\/wordpress\/wp-content\/uploads\/2026\/01\/Resumen-10-11-ene.png?fit=1200%2C675&resize=350%2C200 1x, https:\/\/i0.wp.com\/www.bloguecornella.es\/wordpress\/wp-content\/uploads\/2026\/01\/Resumen-10-11-ene.png?fit=1200%2C675&resize=525%2C300 1.5x, https:\/\/i0.wp.com\/www.bloguecornella.es\/wordpress\/wp-content\/uploads\/2026\/01\/Resumen-10-11-ene.png?fit=1200%2C675&resize=700%2C400 2x, https:\/\/i0.wp.com\/www.bloguecornella.es\/wordpress\/wp-content\/uploads\/2026\/01\/Resumen-10-11-ene.png?fit=1200%2C675&resize=1050%2C600 3x"},"classes":[]}],"_links":{"self":[{"href":"http:\/\/www.bloguecornella.es\/wordpress\/wp-json\/wp\/v2\/posts\/2632","targetHints":{"allow":["GET"]}}],"collection":[{"href":"http:\/\/www.bloguecornella.es\/wordpress\/wp-json\/wp\/v2\/posts"}],"about":[{"href":"http:\/\/www.bloguecornella.es\/wordpress\/wp-json\/wp\/v2\/types\/post"}],"author":[{"embeddable":true,"href":"http:\/\/www.bloguecornella.es\/wordpress\/wp-json\/wp\/v2\/users\/1"}],"replies":[{"embeddable":true,"href":"http:\/\/www.bloguecornella.es\/wordpress\/wp-json\/wp\/v2\/comments?post=2632"}],"version-history":[{"count":3,"href":"http:\/\/www.bloguecornella.es\/wordpress\/wp-json\/wp\/v2\/posts\/2632\/revisions"}],"predecessor-version":[{"id":2654,"href":"http:\/\/www.bloguecornella.es\/wordpress\/wp-json\/wp\/v2\/posts\/2632\/revisions\/2654"}],"wp:featuredmedia":[{"embeddable":true,"href":"http:\/\/www.bloguecornella.es\/wordpress\/wp-json\/wp\/v2\/media\/2635"}],"wp:attachment":[{"href":"http:\/\/www.bloguecornella.es\/wordpress\/wp-json\/wp\/v2\/media?parent=2632"}],"wp:term":[{"taxonomy":"category","embeddable":true,"href":"http:\/\/www.bloguecornella.es\/wordpress\/wp-json\/wp\/v2\/categories?post=2632"},{"taxonomy":"post_tag","embeddable":true,"href":"http:\/\/www.bloguecornella.es\/wordpress\/wp-json\/wp\/v2\/tags?post=2632"}],"curies":[{"name":"wp","href":"https:\/\/api.w.org\/{rel}","templated":true}]}}