{"id":2495,"date":"2025-09-17T14:00:00","date_gmt":"2025-09-17T12:00:00","guid":{"rendered":"http:\/\/www.bloguecornella.es\/wordpress\/?p=2495"},"modified":"2025-09-15T09:41:45","modified_gmt":"2025-09-15T07:41:45","slug":"articulo-de-opinion-es-hora-de-dar-paso-a-los-jovenes","status":"publish","type":"post","link":"http:\/\/www.bloguecornella.es\/wordpress\/2025\/09\/17\/articulo-de-opinion-es-hora-de-dar-paso-a-los-jovenes\/","title":{"rendered":"Art\u00edculo de opini\u00f3n: Es hora de dar paso a los j\u00f3venes"},"content":{"rendered":"\n<p>Con mes y medio ya de trabajo desde que comenzaron all\u00e1 por finales del mes de julio, hemos visto una definici\u00f3n clara del juego de Ignasi Senabre en el verde.<\/p>\n\n\n\n<p>El 3-4-3 es su se\u00f1a de identidad, donde hemos visto reutilizar a los laterales como carrileros. Tanto es as\u00ed, que Gerard Gonz\u00e1lez, Manel Lozano y Diego Garz\u00f3n son alternativas a esas posiciones de juego.<\/p>\n\n\n\n<p>El once parece muy definido, donde tenemos a jugadores como Leo dos Reis y Marc Fern\u00e1ndez se han asentado en el once titular. Pero tenemos perfiles en el banquillo que considero que se pueden dar como revulsivos y se les aprovecha poco durante el partido. Mas para el final del encuentro.<\/p>\n\n\n\n<p><strong>H\u00e9ctor Tejada &#8211; Velocidad y gol.<\/strong><\/p>\n\n\n\n<p>Cada vez que sale H\u00e9ctor es puro nervio y velocidad. En la faceta goleadora, ya la demostr\u00f3 en la temporada 2024\/25, en el filial del CE Europa, que tiene olfato anotando tres goles y, en est\u00e1 pretemporada, tambi\u00e9n anotando 3 goles en el partido contra el CE Jupiter.<\/p>\n\n\n\n<p>Su competidor inmediato es Leo dos Reis, que se estreno el pasado fin de semana con el club verde y es el elegido por Ignasi en la punta de ataque. Aqu\u00ed, la velocidad de H\u00e9ctor se puede aprovechar m\u00e1s, dando energ\u00eda en el inicio de partido.<\/p>\n\n\n\n<p> <strong>Ibai Reches &#8211; Toque y rapidez<\/strong> <strong>para la contra.<\/strong><\/p>\n\n\n\n<p>Ibai es un jugador el\u00e9ctrico que tiene toque y se defiende muy bien en las contras. La combinaci\u00f3n en estos dos partidos con su compa\u00f1ero H\u00e9ctor Tejada es innata y aprovecha bien las jugadas para poder marcar goles.<\/p>\n\n\n\n<p>El extremo verde marco dos goles en el estreno de pretemporada en apenas 30 minutos de juego. En la temporada pasada, antes de su lesi\u00f3n en el inicio de campeonato, era un jugador fijo en el esquema de Genis Sampietro, anotando dos goles en las primeras ocho jornadas de juego.<\/p>\n\n\n\n<p><strong>Joan Benet &#8211; Visi\u00f3n y verticalidad en la banda<\/strong>.<\/p>\n\n\n\n<p>Me sorprendi\u00f3 para muy bien el joven jugador de la UE Cornell\u00e0 Joan Benet, sobretodo en sus actuaciones en los partidos contra la Monta\u00f1esa y contra la Fundaci\u00f3 Grama. Creo que esa visi\u00f3n que tiene el jugador se puede aprovechar mejor y poder aportar, no en los \u00faltimos minutos de partido, un juego de visi\u00f3n para poder luchar por el gol.<\/p>\n\n\n\n<p><strong>D\u00eddac Rodr\u00edguez &#8211; Juventud para una defensa solida.<\/strong><\/p>\n\n\n\n<p>El hecho de que fuera titular indiscutible en la temporada 2024\/25 en el FC Vilafranca no ha pasado por desapercibido y, en esta defensa de tres del m\u00edster barcelon\u00e9s, lo esta haciendo muy bien para ser una posici\u00f3n que no es la suya.<\/p>\n\n\n\n<p>Tal y como hace el t\u00e9cnico barcelon\u00e9s, tambi\u00e9n aprovecha para sumarlo al ataque en la medular, aprovechando la banda que tiene para poder subir y combinar con los extremos. Tiene recorrido y creo que se le debe de dar oportunidades.<\/p>\n\n\n\n<p><strong>Gerard Gonz\u00e1lez &#8211; Reconvertido en extremo con velocidad y toque.<\/strong><\/p>\n\n\n\n<p>El joven lateral izquierdo de la UE Cornell\u00e0 llego en el mercado invernal procedente del filial del Girona. No tuvo mucho juego en ese periodo para Alberto Lopo e Ignasi lo est\u00e1 reconvirtiendo en un jugador de banda con opciones de ataque, gracias a su velocidad y buen toque.<\/p>\n\n\n\n<p>Creo que fue de los mejores en la victoria contra la UE Vic y, en este \u00faltimo partido, no disputo ning\u00fan minuto. Sabe posicionarse bien, a nivel defensivo, como en la medular. <\/p>\n\n\n\n<p>Eso no quiere decir que el resto de jugadores no merezcan estar en el once titular. Creo que es bueno empezar a dar galones a jugadores que creo que nos pueden aportar un valor extra en los partidos y poder ser m\u00e1s resolutivos en ese sentido.<\/p>\n\n\n\n<p>Estamos en la Jornada 3, hemos jugado dos encuentros m\u00e1s cinco encuentros de pretemporada y el partido de Copa Federaci\u00f3n. Todav\u00eda hay un margen de mejora, pero creo que apostar por los j\u00f3venes y dar galones para demostrar que, despu\u00e9s de una progresi\u00f3n en la mayor\u00eda de ellos desde la cantera, pueden luchar por un puesto en el once titular. <\/p>\n\n\n\n<p>Y vosotros, \u00bfQu\u00e9 pens\u00e1is? <\/p>\n\n\n\n<p>Me gustar\u00eda conocer vuestra opini\u00f3n dej\u00e1ndola en los comentarios.<\/p>\n","protected":false},"excerpt":{"rendered":"<p>Con mes y medio ya de trabajo desde que comenzaron all\u00e1 por finales del mes de julio, hemos visto una definici\u00f3n clara del juego de Ignasi Senabre en el verde. El 3-4-3 es su se\u00f1a de identidad, donde hemos visto reutilizar a los laterales como carrileros. Tanto es as\u00ed, que Gerard Gonz\u00e1lez, Manel Lozano y [&hellip;]<\/p>\n","protected":false},"author":1,"featured_media":2520,"comment_status":"open","ping_status":"open","sticky":false,"template":"","format":"standard","meta":{"_eb_attr":"","advanced_seo_description":"","jetpack_seo_html_title":"","jetpack_seo_noindex":false,"jetpack_post_was_ever_published":false,"_jetpack_newsletter_access":"","_jetpack_dont_email_post_to_subs":false,"_jetpack_newsletter_tier_id":0,"_jetpack_memberships_contains_paywalled_content":false,"_jetpack_memberships_contains_paid_content":false,"footnotes":"","jetpack_publicize_message":"","jetpack_publicize_feature_enabled":true,"jetpack_social_post_already_shared":true,"jetpack_social_options":{"image_generator_settings":{"template":"highway","default_image_id":0,"font":"","enabled":false},"version":2}},"categories":[165,167,89,164,166,13,71,51],"tags":[109,163,88,147,110,30,65,54],"class_list":["post-2495","post","type-post","status-publish","format-standard","has-post-thumbnail","hentry","category-didac-rodriguez","category-gerard-gonzalez","category-hector-tejada","category-ibai-reches","category-joan-benet","category-opinion","category-temporada-2025-26","category-ue-cornella","tag-didac-rodriguez","tag-gerard-gonzalez","tag-hector-tejada","tag-ibai-reches","tag-joan-benet","tag-opinion","tag-temporada-2025-26","tag-ue-cornella"],"jetpack_publicize_connections":[],"jetpack_featured_media_url":"https:\/\/i0.wp.com\/www.bloguecornella.es\/wordpress\/wp-content\/uploads\/2025\/09\/Articulos-de-opinion.png?fit=940%2C529","jetpack_sharing_enabled":true,"jetpack-related-posts":[{"id":2148,"url":"http:\/\/www.bloguecornella.es\/wordpress\/2025\/08\/10\/cronica-1-pretemporada-25-26-fundacio-grama-1-3-ue-cornella-un-acertado-ibai-resuelve-un-buen-cornella\/","url_meta":{"origin":2495,"position":0},"title":"Cr\u00f3nica #1 Pretemporada 25\/26 &#8211; Fundaci\u00f3 Grama 1-3 UE Cornell\u00e0: \u00abUn acertado Ibai resuelve un buen Cornell\u00e0\u00bb","author":"bloguecornella","date":"10 de agosto de 2025","format":false,"excerpt":"El estreno de Ignasi Senabre con la UE Cornell\u00e0 no podr\u00eda haber tenido un mejor comienzo con la victoria por 1-3 contra la Fundaci\u00f3 Grama en el Municipal de Santa Coloma de Gramanet. Los goles, caen a cuenta de Marc Fernandez e Ibai Reches x2. El comienzo ha sido de\u2026","rel":"","context":"En \u00abFichaje\u00bb","block_context":{"text":"Fichaje","link":"http:\/\/www.bloguecornella.es\/wordpress\/category\/fichaje\/"},"img":{"alt_text":"","src":"https:\/\/i0.wp.com\/www.bloguecornella.es\/wordpress\/wp-content\/uploads\/2025\/08\/IMG_2285.jpeg?fit=1200%2C900&resize=350%2C200","width":350,"height":200,"srcset":"https:\/\/i0.wp.com\/www.bloguecornella.es\/wordpress\/wp-content\/uploads\/2025\/08\/IMG_2285.jpeg?fit=1200%2C900&resize=350%2C200 1x, https:\/\/i0.wp.com\/www.bloguecornella.es\/wordpress\/wp-content\/uploads\/2025\/08\/IMG_2285.jpeg?fit=1200%2C900&resize=525%2C300 1.5x, https:\/\/i0.wp.com\/www.bloguecornella.es\/wordpress\/wp-content\/uploads\/2025\/08\/IMG_2285.jpeg?fit=1200%2C900&resize=700%2C400 2x, https:\/\/i0.wp.com\/www.bloguecornella.es\/wordpress\/wp-content\/uploads\/2025\/08\/IMG_2285.jpeg?fit=1200%2C900&resize=1050%2C600 3x"},"classes":[]},{"id":1461,"url":"http:\/\/www.bloguecornella.es\/wordpress\/2025\/05\/21\/plantilla-primer-equipo-ue-cornella-estado-contractual\/","url_meta":{"origin":2495,"position":1},"title":"Plantilla Primer equipo UE Cornell\u00e0 &#8211; Estado contractual","author":"bloguecornella","date":"21 de mayo de 2025","format":false,"excerpt":"Una vez finalizada la temporada, repasemos la informaci\u00f3n de los jugadores de la UE Cornell\u00e0 y cuando finalizan los contratos. Se ira actualizando a medida que los jugadores no renueven o renueven con la entidad y los nuevos fichajes. N\u00baPosici\u00f3nJugadorEdadTemporadasFinalizaci\u00f3n contrato1PORRub\u00e9n Mi\u00f1o36330\/06\/202613PORIsaac Vila21230\/06\/202621LAIGerard Gonz\u00e1lez21230\/06\/20264DFCTomas Pe\u00f1alba22230\/06\/2026-DFCGonzalo Pereira28130\/06\/2026-DFCIv\u00e1n de la Pe\u00f1a24130\/06\/2026-DFCAlejandro Pereira23130\/06\/2026-LADManel\u2026","rel":"","context":"En \u00abPretemporada - 2025\/26\u00bb","block_context":{"text":"Pretemporada - 2025\/26","link":"http:\/\/www.bloguecornella.es\/wordpress\/category\/pretemporada-2025-26\/"},"img":{"alt_text":"","src":"https:\/\/i0.wp.com\/www.bloguecornella.es\/wordpress\/wp-content\/uploads\/2025\/05\/temporada-202526-1.png?fit=940%2C529&resize=350%2C200","width":350,"height":200,"srcset":"https:\/\/i0.wp.com\/www.bloguecornella.es\/wordpress\/wp-content\/uploads\/2025\/05\/temporada-202526-1.png?fit=940%2C529&resize=350%2C200 1x, https:\/\/i0.wp.com\/www.bloguecornella.es\/wordpress\/wp-content\/uploads\/2025\/05\/temporada-202526-1.png?fit=940%2C529&resize=525%2C300 1.5x, https:\/\/i0.wp.com\/www.bloguecornella.es\/wordpress\/wp-content\/uploads\/2025\/05\/temporada-202526-1.png?fit=940%2C529&resize=700%2C400 2x"},"classes":[]},{"id":3106,"url":"http:\/\/www.bloguecornella.es\/wordpress\/2025\/11\/25\/previa-copa-catalunya-6a-eliminatoria-cp-san-cristobal-ue-cornella\/","url_meta":{"origin":2495,"position":2},"title":"Previa Copa Catalunya 6\u00aa Eliminatoria : CP San Crist\u00f3bal &#8211; UE Cornell\u00e0 \u00abPartido para ilusionar a la afici\u00f3n\u00bb","author":"bloguecornella","date":"25 de noviembre de 2025","format":false,"excerpt":"Vuelve una competici\u00f3n, desde mi punto de vista, bonita y que, con la remodelaci\u00f3n de la temporada pasada, la hace m\u00e1s atractiva y encaramos la 6\u00aa eliminatoria, la equivalente a los dieciseisavos de final, entre el CP San Crist\u00f3bal y la UE Cornell\u00e0 El Rival: CP San Crist\u00f3bal (11\u00ba -\u2026","rel":"","context":"En \u00abCopa Catalunya\u00bb","block_context":{"text":"Copa Catalunya","link":"http:\/\/www.bloguecornella.es\/wordpress\/category\/copa-catalunya\/"},"img":{"alt_text":"","src":"https:\/\/i0.wp.com\/www.bloguecornella.es\/wordpress\/wp-content\/uploads\/2025\/11\/Copa-Cat-6a-Eliminatoria-CP-San-Cristobal-UE-Cornella.png?fit=940%2C520&resize=350%2C200","width":350,"height":200,"srcset":"https:\/\/i0.wp.com\/www.bloguecornella.es\/wordpress\/wp-content\/uploads\/2025\/11\/Copa-Cat-6a-Eliminatoria-CP-San-Cristobal-UE-Cornella.png?fit=940%2C520&resize=350%2C200 1x, https:\/\/i0.wp.com\/www.bloguecornella.es\/wordpress\/wp-content\/uploads\/2025\/11\/Copa-Cat-6a-Eliminatoria-CP-San-Cristobal-UE-Cornella.png?fit=940%2C520&resize=525%2C300 1.5x, https:\/\/i0.wp.com\/www.bloguecornella.es\/wordpress\/wp-content\/uploads\/2025\/11\/Copa-Cat-6a-Eliminatoria-CP-San-Cristobal-UE-Cornella.png?fit=940%2C520&resize=700%2C400 2x"},"classes":[]},{"id":3240,"url":"http:\/\/www.bloguecornella.es\/wordpress\/2025\/12\/05\/previa-capitulo-13-ue-cornella-fundacio-ue-tona\/","url_meta":{"origin":2495,"position":3},"title":"Previa cap\u00edtulo 13 : UE Cornell\u00e0 &#8211; Fundaci\u00f3 UE Tona \u00abNo perder la estela del grupo de cabeza\u00bb","author":"bloguecornella","date":"5 de diciembre de 2025","format":false,"excerpt":"Este super s\u00e1bado de f\u00fatbol amateur en el Municipal de Cornell\u00e0, nos enfrentamos, a las 17h, contra la Fundaci\u00f3 UE Tona, equipo al que nos enfrentamos en la fase auton\u00f3mica de la Copa Catalunya y en la que perdimos en la final por 0-2 en nuestro estadio. El Rival: Fundaci\u00f3\u2026","rel":"","context":"En \u00abPrevia partido\u00bb","block_context":{"text":"Previa partido","link":"http:\/\/www.bloguecornella.es\/wordpress\/category\/previa-partido\/"},"img":{"alt_text":"","src":"https:\/\/i0.wp.com\/www.bloguecornella.es\/wordpress\/wp-content\/uploads\/2025\/12\/J13-UE-Cornella-Fundacio-UE-Tona.png?fit=940%2C520&resize=350%2C200","width":350,"height":200,"srcset":"https:\/\/i0.wp.com\/www.bloguecornella.es\/wordpress\/wp-content\/uploads\/2025\/12\/J13-UE-Cornella-Fundacio-UE-Tona.png?fit=940%2C520&resize=350%2C200 1x, https:\/\/i0.wp.com\/www.bloguecornella.es\/wordpress\/wp-content\/uploads\/2025\/12\/J13-UE-Cornella-Fundacio-UE-Tona.png?fit=940%2C520&resize=525%2C300 1.5x, https:\/\/i0.wp.com\/www.bloguecornella.es\/wordpress\/wp-content\/uploads\/2025\/12\/J13-UE-Cornella-Fundacio-UE-Tona.png?fit=940%2C520&resize=700%2C400 2x"},"classes":[]},{"id":2441,"url":"http:\/\/www.bloguecornella.es\/wordpress\/2025\/09\/13\/cronica-capitulo-2-ue-cornella-1-2-cf-peralada-master-omar-y-la-defensa-hunde-al-cornella\/","url_meta":{"origin":2495,"position":4},"title":"Cr\u00f3nica cap\u00edtulo 2: UE Cornell\u00e0 1 &#8211; 2 CF Peralada \u00abMaster Omar y la defensa, hunde al Cornell\u00e0\u00bb","author":"bloguecornella","date":"13 de septiembre de 2025","format":false,"excerpt":"La UE Cornell\u00e0 cae, en el estreno de su feudo por 1-2, tras los dos goles del ex-jugador Master Omar, que le ha hecho recordar, a la grada, donde est\u00e1 el. Resumen partido: La UE Cornell\u00e0 empieza fuerte en los cinco primeros minutos de partido con un buen dominio del\u2026","rel":"","context":"En \u00abTemporada 2025\/26\u00bb","block_context":{"text":"Temporada 2025\/26","link":"http:\/\/www.bloguecornella.es\/wordpress\/category\/temporada-2025-26\/"},"img":{"alt_text":"","src":"https:\/\/i0.wp.com\/www.bloguecornella.es\/wordpress\/wp-content\/uploads\/2025\/09\/IMG_3322.jpeg?fit=1200%2C900&resize=350%2C200","width":350,"height":200,"srcset":"https:\/\/i0.wp.com\/www.bloguecornella.es\/wordpress\/wp-content\/uploads\/2025\/09\/IMG_3322.jpeg?fit=1200%2C900&resize=350%2C200 1x, https:\/\/i0.wp.com\/www.bloguecornella.es\/wordpress\/wp-content\/uploads\/2025\/09\/IMG_3322.jpeg?fit=1200%2C900&resize=525%2C300 1.5x, https:\/\/i0.wp.com\/www.bloguecornella.es\/wordpress\/wp-content\/uploads\/2025\/09\/IMG_3322.jpeg?fit=1200%2C900&resize=700%2C400 2x, https:\/\/i0.wp.com\/www.bloguecornella.es\/wordpress\/wp-content\/uploads\/2025\/09\/IMG_3322.jpeg?fit=1200%2C900&resize=1050%2C600 3x"},"classes":[]},{"id":2591,"url":"http:\/\/www.bloguecornella.es\/wordpress\/2025\/09\/26\/capitulo-4-ue-cornella-montanesa-cf-previa-buscar-la-primera-en-casa\/","url_meta":{"origin":2495,"position":5},"title":"Cap\u00edtulo 4 &#8211; UE Cornell\u00e0 &#8211; Monta\u00f1esa CF &#8211; Previa \u00abBuscar la primera en casa\u00bb","author":"bloguecornella","date":"26 de septiembre de 2025","format":false,"excerpt":"La UE Cornell\u00e0 vuelve a jugar partido en casa y, esta vez, su rival ser\u00e1 la Monta\u00f1esa de Axel Vizuete, en lo que ser\u00e1 el cap\u00edtulo n\u00famero 4 de est\u00e1 Tercera Federaci\u00f3n masculina, en su grupo 5. El rival: CF Monta\u00f1esa (7\u00ba - 5 puntos) La Monta\u00f1esa siempre es un\u2026","rel":"","context":"En \u00abPrevia partido\u00bb","block_context":{"text":"Previa partido","link":"http:\/\/www.bloguecornella.es\/wordpress\/category\/previa-partido\/"},"img":{"alt_text":"","src":"https:\/\/i0.wp.com\/www.bloguecornella.es\/wordpress\/wp-content\/uploads\/2025\/09\/J3-Cerdanyola-del-Valles-FC-UE-Cornella-1.png?fit=940%2C520&resize=350%2C200","width":350,"height":200,"srcset":"https:\/\/i0.wp.com\/www.bloguecornella.es\/wordpress\/wp-content\/uploads\/2025\/09\/J3-Cerdanyola-del-Valles-FC-UE-Cornella-1.png?fit=940%2C520&resize=350%2C200 1x, https:\/\/i0.wp.com\/www.bloguecornella.es\/wordpress\/wp-content\/uploads\/2025\/09\/J3-Cerdanyola-del-Valles-FC-UE-Cornella-1.png?fit=940%2C520&resize=525%2C300 1.5x, https:\/\/i0.wp.com\/www.bloguecornella.es\/wordpress\/wp-content\/uploads\/2025\/09\/J3-Cerdanyola-del-Valles-FC-UE-Cornella-1.png?fit=940%2C520&resize=700%2C400 2x"},"classes":[]}],"_links":{"self":[{"href":"http:\/\/www.bloguecornella.es\/wordpress\/wp-json\/wp\/v2\/posts\/2495","targetHints":{"allow":["GET"]}}],"collection":[{"href":"http:\/\/www.bloguecornella.es\/wordpress\/wp-json\/wp\/v2\/posts"}],"about":[{"href":"http:\/\/www.bloguecornella.es\/wordpress\/wp-json\/wp\/v2\/types\/post"}],"author":[{"embeddable":true,"href":"http:\/\/www.bloguecornella.es\/wordpress\/wp-json\/wp\/v2\/users\/1"}],"replies":[{"embeddable":true,"href":"http:\/\/www.bloguecornella.es\/wordpress\/wp-json\/wp\/v2\/comments?post=2495"}],"version-history":[{"count":6,"href":"http:\/\/www.bloguecornella.es\/wordpress\/wp-json\/wp\/v2\/posts\/2495\/revisions"}],"predecessor-version":[{"id":2521,"href":"http:\/\/www.bloguecornella.es\/wordpress\/wp-json\/wp\/v2\/posts\/2495\/revisions\/2521"}],"wp:featuredmedia":[{"embeddable":true,"href":"http:\/\/www.bloguecornella.es\/wordpress\/wp-json\/wp\/v2\/media\/2520"}],"wp:attachment":[{"href":"http:\/\/www.bloguecornella.es\/wordpress\/wp-json\/wp\/v2\/media?parent=2495"}],"wp:term":[{"taxonomy":"category","embeddable":true,"href":"http:\/\/www.bloguecornella.es\/wordpress\/wp-json\/wp\/v2\/categories?post=2495"},{"taxonomy":"post_tag","embeddable":true,"href":"http:\/\/www.bloguecornella.es\/wordpress\/wp-json\/wp\/v2\/tags?post=2495"}],"curies":[{"name":"wp","href":"https:\/\/api.w.org\/{rel}","templated":true}]}}