{"id":2494,"date":"2025-09-18T11:30:00","date_gmt":"2025-09-18T09:30:00","guid":{"rendered":"http:\/\/www.bloguecornella.es\/wordpress\/?p=2494"},"modified":"2025-09-17T23:12:58","modified_gmt":"2025-09-17T21:12:58","slug":"futbol-cornella-capitulo-1-20-21-septiembre-2025-previa","status":"publish","type":"post","link":"http:\/\/www.bloguecornella.es\/wordpress\/2025\/09\/18\/futbol-cornella-capitulo-1-20-21-septiembre-2025-previa\/","title":{"rendered":"F\u00fatbol Cornell\u00e0 &#8211; Cap\u00edtulo 1 &#8211; 20-21 Septiembre 2025 &#8211; Previa"},"content":{"rendered":"\n<p>Volvemos otra vez. Empieza una nueva temporada de nuestro \u00abF\u00fatbol Cornell\u00e0\u00bb con lo que ser\u00e1 la primera jornada para nuestros equipos de la ciudad de Cornell\u00e0.<\/p>\n\n\n\n<p>Con el objetivo de olvidar la temporada anterior, donde descendieron UE Sant Ildefons y CD Almeda a 2a y 3a Catalana respectivamente, buscar\u00e1n todos los equipos de la ciudad un ascenso, al que el CD Fontsanta-Fatjo lo tuvo cerca de conseguir.<\/p>\n\n\n\n<p>As\u00ed que, sin m\u00e1s dilaci\u00f3n, vamos a por las previas.<\/p>\n\n\n\n<p><strong>Segunda Catalana &#8211; Grupo 3 &#8211; Domingo 21 de Septiembre &#8211; 12:15h &#8211; Camp Municipal Sant Ildefons &#8211; UE Sant Ildefons &#8211; EE Guineueta<\/strong><\/p>\n\n\n\n<p>La UE Sant Ildefons se estrena, en su casa, en la Segunda Catalana contra la EE Guineueta que, la temporada anterior tambi\u00e9n compiti\u00f3 en el grupo 2 de la Primera Catalana. Por lo que el duelo se espera como apasionado.<\/p>\n\n\n\n<p>El equipo del ahora t\u00e9cnico Joan Garcia buscara el ascenso en esta nueva temporada, tras los malos resultados de la anterior temporada que le condenaron al descenso. En este <a href=\"http:\/\/www.bloguecornella.es\/wordpress\/2025\/08\/25\/ue-sant-ildefons-25-26-volver-a-primera-catalana\/\" data-type=\"post\" data-id=\"1705\">art\u00edculo<\/a>, hablamos tendido de lo que deber\u00eda de suponer el ascenso de categor\u00eda para el conjunto del barrio de Sant Ildefons.<\/p>\n\n\n\n<p>Se podr\u00eda catalogar de duelo directo el que se va a producir este fin de semana en el Municipal de Sant Ildefons y donde deseamos que se consiga la victoria para comenzar, con buen pie, su andadura en el grupo 3 de la Segunda Catalana.<\/p>\n\n\n\n<p><strong>Tercera Catalana<\/strong> <strong>&#8211; Grupo 9 &#8211; Domingo 21 de Septiembre &#8211; 12:00h<\/strong> <strong>&#8211; Camp Municipal Almeda &#8211; CD Almeda &#8211; CD Trinitat.<\/strong><\/p>\n\n\n\n<p>Por su parte, el CD Almeda vuelve a una Tercera Catalana de la que querr\u00e1 salir lo m\u00e1s pronto posible y volver a una Segunda Catalana, que debe de ser su espaci\u00f3 natural.<\/p>\n\n\n\n<p>El t\u00e9cnico Jose Antonio Camacho volver\u00e1 a ser el piloto de esta nueva aventura en la que tienen como foco poder luchar por el ascenso. Para este partido, se enfrentan al CD Trinitat, equipo reci\u00e9n ascendido de la 4a catalana y que no deber\u00eda de suponer un problema para poder doblegar.<\/p>\n\n\n\n<p>En este <a href=\"http:\/\/www.bloguecornella.es\/wordpress\/2025\/08\/28\/cd-almeda-25-26-volver-es-una-obligacion\/\" data-type=\"post\" data-id=\"1767\">art\u00edculo<\/a>, hablamos sobre los objetivos del CD Almeda para la presente temporada y le deseamos un buen comienzo en el grupo Barcelon\u00e9s de 3a catalana.<\/p>\n\n\n\n<p><strong>Tercera Catalana &#8211; Grupo 11 &#8211; S\u00e1bado 20 de Septiembre &#8211; 16:00h &#8211; Camp Municipal Llu\u00eds Gonz\u00e1lez Baena &#8211; Albirrojita de Catalunya ACS &#8211; CD Fontsanta-Fatjo<\/strong><\/p>\n\n\n\n<p>Por \u00faltimo, la Fontsanta-Fatjo inicia su andadura, en la 3a catalana, pero esta vez en el grupo 11 de la competici\u00f3n. En este grupo, tenemos a clubes de comarcas del Baix Llobregat y del Barcelon\u00e9s.<\/p>\n\n\n\n<p>El equipo de Daniel Carceler buscara, de nuevo, el ascenso de categor\u00eda, sabiendo que en la temporada 2024-25 se quedo cerca de esa 3a plaza en la que se podr\u00eda haber metido en el play-off de ascenso.<\/p>\n\n\n\n<p>El rival es el Albirrojita de Catalunya ACS, equipo reci\u00e9n ascendido de la 4a catalana y que tendr\u00e1n que buscar la forma de ganar, fuera de su estadio. El resto de equipos los ten\u00e9is en el siguiente <a href=\"http:\/\/www.bloguecornella.es\/wordpress\/clasificacion-cd-fontsanta-fatjo-25-26\/\" data-type=\"page\" data-id=\"2307\">enlace<\/a>, donde pod\u00e9is consultar todos los equipos a los que se enfrentara la Fontsanta-Fatjo.<\/p>\n\n\n\n<p>Estrenamos la Segunda temporada, y deseamos la mejor de las suertes a los equipos de la ciudad de Cornell\u00e0.<\/p>\n","protected":false},"excerpt":{"rendered":"<p>Volvemos otra vez. Empieza una nueva temporada de nuestro \u00abF\u00fatbol Cornell\u00e0\u00bb con lo que ser\u00e1 la primera jornada para nuestros equipos de la ciudad de Cornell\u00e0. Con el objetivo de olvidar la temporada anterior, donde descendieron UE Sant Ildefons y CD Almeda a 2a y 3a Catalana respectivamente, buscar\u00e1n todos los equipos de la ciudad [&hellip;]<\/p>\n","protected":false},"author":1,"featured_media":2562,"comment_status":"open","ping_status":"open","sticky":false,"template":"","format":"standard","meta":{"_eb_attr":"","advanced_seo_description":"","jetpack_seo_html_title":"","jetpack_seo_noindex":false,"jetpack_post_was_ever_published":false,"_jetpack_newsletter_access":"","_jetpack_dont_email_post_to_subs":false,"_jetpack_newsletter_tier_id":0,"_jetpack_memberships_contains_paywalled_content":false,"_jetpack_memberships_contains_paid_content":false,"footnotes":"","jetpack_publicize_message":"","jetpack_publicize_feature_enabled":true,"jetpack_social_post_already_shared":true,"jetpack_social_options":{"image_generator_settings":{"template":"highway","default_image_id":0,"font":"","enabled":false},"version":2}},"categories":[3,171,157,6,7,14,71,17],"tags":[20,170,156,22,23,29,65,35],"class_list":["post-2494","post","type-post","status-publish","format-standard","has-post-thumbnail","hentry","category-2cat3","category-3cat-11","category-3cat9","category-cd-almeda","category-cd-fontsanta-fatjo","category-previa-partido","category-temporada-2025-26","category-ue-sant-ildefons","tag-2cat3","tag-3cat-11","tag-3cat9","tag-cd-almeda","tag-cd-fontsanta-fatjo","tag-futbol-cornella","tag-temporada-2025-26","tag-ue-sant-ildefons"],"jetpack_publicize_connections":[],"jetpack_featured_media_url":"https:\/\/i0.wp.com\/www.bloguecornella.es\/wordpress\/wp-content\/uploads\/2025\/09\/El-derbi-de-Cornella.png?fit=1600%2C900","jetpack_sharing_enabled":true,"jetpack-related-posts":[{"id":2872,"url":"http:\/\/www.bloguecornella.es\/wordpress\/2025\/10\/30\/previa-capitulo-7-futbol-cornella-fin-de-semana-1-2-de-noviembre-2025\/","url_meta":{"origin":2494,"position":0},"title":"Previa Cap\u00edtulo 7 F\u00fatbol Cornell\u00e0 &#8211; Fin de semana 1-2 de Noviembre 2025","author":"bloguecornella","date":"30 de octubre de 2025","format":false,"excerpt":"Nueva jornada para nuestros equipos de la ciudad de Cornell\u00e0, en la que la UE Sant Ildefons defender\u00e1 el liderato contra otro candidato como es el Racing Vallbona, el CD Almeda, idem contra el San Lorenzo Catalunya y el CD Fontsanta-Fatjo seguir creciendo en la clasificaci\u00f3n. As\u00ed que, vamos con\u2026","rel":"","context":"En \u00ab2cat3\u00bb","block_context":{"text":"2cat3","link":"http:\/\/www.bloguecornella.es\/wordpress\/category\/2cat3\/"},"img":{"alt_text":"","src":"https:\/\/i0.wp.com\/www.bloguecornella.es\/wordpress\/wp-content\/uploads\/2025\/10\/Futbol-Cornella-Capitulo-7.png?fit=1200%2C675&resize=350%2C200","width":350,"height":200,"srcset":"https:\/\/i0.wp.com\/www.bloguecornella.es\/wordpress\/wp-content\/uploads\/2025\/10\/Futbol-Cornella-Capitulo-7.png?fit=1200%2C675&resize=350%2C200 1x, https:\/\/i0.wp.com\/www.bloguecornella.es\/wordpress\/wp-content\/uploads\/2025\/10\/Futbol-Cornella-Capitulo-7.png?fit=1200%2C675&resize=525%2C300 1.5x, https:\/\/i0.wp.com\/www.bloguecornella.es\/wordpress\/wp-content\/uploads\/2025\/10\/Futbol-Cornella-Capitulo-7.png?fit=1200%2C675&resize=700%2C400 2x, https:\/\/i0.wp.com\/www.bloguecornella.es\/wordpress\/wp-content\/uploads\/2025\/10\/Futbol-Cornella-Capitulo-7.png?fit=1200%2C675&resize=1050%2C600 3x"},"classes":[]},{"id":2940,"url":"http:\/\/www.bloguecornella.es\/wordpress\/2025\/11\/06\/previa-capitulo-8-futbol-cornella-8-9-de-noviembre-2025\/","url_meta":{"origin":2494,"position":1},"title":"Previa Cap\u00edtulo 8 F\u00fatbol Cornell\u00e0 &#8211; 8-9 de Noviembre 2025","author":"bloguecornella","date":"6 de noviembre de 2025","format":false,"excerpt":"La entrega n\u00famero 8 del F\u00fatbol de Cornell\u00e0 viene con el pretexto de mantener el liderato, una jornada mas, para la UE Sant Ildefons, tambi\u00e9n de seguir escalando posiciones para la Fontsanta-Fatjo, y un CD Almeda, que se enfrenta al l\u00edder, el filial de la UE Sants. Con todo esto,\u2026","rel":"","context":"En \u00ab2cat3\u00bb","block_context":{"text":"2cat3","link":"http:\/\/www.bloguecornella.es\/wordpress\/category\/2cat3\/"},"img":{"alt_text":"","src":"https:\/\/i0.wp.com\/www.bloguecornella.es\/wordpress\/wp-content\/uploads\/2025\/11\/Futbol-Cornella-Capitulo-8.png?fit=1200%2C675&resize=350%2C200","width":350,"height":200,"srcset":"https:\/\/i0.wp.com\/www.bloguecornella.es\/wordpress\/wp-content\/uploads\/2025\/11\/Futbol-Cornella-Capitulo-8.png?fit=1200%2C675&resize=350%2C200 1x, https:\/\/i0.wp.com\/www.bloguecornella.es\/wordpress\/wp-content\/uploads\/2025\/11\/Futbol-Cornella-Capitulo-8.png?fit=1200%2C675&resize=525%2C300 1.5x, https:\/\/i0.wp.com\/www.bloguecornella.es\/wordpress\/wp-content\/uploads\/2025\/11\/Futbol-Cornella-Capitulo-8.png?fit=1200%2C675&resize=700%2C400 2x, https:\/\/i0.wp.com\/www.bloguecornella.es\/wordpress\/wp-content\/uploads\/2025\/11\/Futbol-Cornella-Capitulo-8.png?fit=1200%2C675&resize=1050%2C600 3x"},"classes":[]},{"id":3382,"url":"http:\/\/www.bloguecornella.es\/wordpress\/2025\/12\/18\/previa-capitulo-13-futbol-cornella-20-21-diciembre-2025\/","url_meta":{"origin":2494,"position":2},"title":"Previa cap\u00edtulo 13 F\u00fatbol Cornell\u00e0: 20-21 Diciembre 2025","author":"bloguecornella","date":"18 de diciembre de 2025","format":false,"excerpt":"\u00daltima jornada del 2025. Tres para acabar la primera vuelta. Equipos en situaci\u00f3n cr\u00edtica como es la UE Sant Ildefons, que necesitan imperiosamente ganar, y CD Almeda y CD Fontsanta-Fatjo, seguir en din\u00e1mica positiva y conseguir la victoria para estar arriba. As\u00ed que... vamos con la previa. Segunda Catalana -\u2026","rel":"","context":"En \u00ab2cat3\u00bb","block_context":{"text":"2cat3","link":"http:\/\/www.bloguecornella.es\/wordpress\/category\/2cat3\/"},"img":{"alt_text":"","src":"https:\/\/i0.wp.com\/www.bloguecornella.es\/wordpress\/wp-content\/uploads\/2025\/12\/Futbol-Cornella-Capitulo-13.png?fit=1200%2C675&resize=350%2C200","width":350,"height":200,"srcset":"https:\/\/i0.wp.com\/www.bloguecornella.es\/wordpress\/wp-content\/uploads\/2025\/12\/Futbol-Cornella-Capitulo-13.png?fit=1200%2C675&resize=350%2C200 1x, https:\/\/i0.wp.com\/www.bloguecornella.es\/wordpress\/wp-content\/uploads\/2025\/12\/Futbol-Cornella-Capitulo-13.png?fit=1200%2C675&resize=525%2C300 1.5x, https:\/\/i0.wp.com\/www.bloguecornella.es\/wordpress\/wp-content\/uploads\/2025\/12\/Futbol-Cornella-Capitulo-13.png?fit=1200%2C675&resize=700%2C400 2x, https:\/\/i0.wp.com\/www.bloguecornella.es\/wordpress\/wp-content\/uploads\/2025\/12\/Futbol-Cornella-Capitulo-13.png?fit=1200%2C675&resize=1050%2C600 3x"},"classes":[]},{"id":2740,"url":"http:\/\/www.bloguecornella.es\/wordpress\/2025\/10\/09\/previa-capitulo-4-futbol-cornella-11-12-octubre-2025\/","url_meta":{"origin":2494,"position":3},"title":"Previa Cap\u00edtulo 4 &#8211; F\u00fatbol Cornell\u00e0 &#8211; 11-12 Octubre 2025","author":"bloguecornella","date":"9 de octubre de 2025","format":false,"excerpt":"Nueva semana de competici\u00f3n, en pleno festivo por la Hispanidad, arrancamos el cap\u00edtulo 4 de nuestra secci\u00f3n F\u00fatbol Cornell\u00e0 con la UE Sant Ildefons, l\u00edder de su liga y con un partido trascendental, contra otro de los aspirantes al ascenso de categor\u00eda. El CD Almeda buscar\u00e1 la victoria para seguir,\u2026","rel":"","context":"En \u00ab2cat3\u00bb","block_context":{"text":"2cat3","link":"http:\/\/www.bloguecornella.es\/wordpress\/category\/2cat3\/"},"img":{"alt_text":"","src":"https:\/\/i0.wp.com\/www.bloguecornella.es\/wordpress\/wp-content\/uploads\/2025\/10\/Futbol-Cornella-Capitulo-4-1.png?fit=1200%2C675&resize=350%2C200","width":350,"height":200,"srcset":"https:\/\/i0.wp.com\/www.bloguecornella.es\/wordpress\/wp-content\/uploads\/2025\/10\/Futbol-Cornella-Capitulo-4-1.png?fit=1200%2C675&resize=350%2C200 1x, https:\/\/i0.wp.com\/www.bloguecornella.es\/wordpress\/wp-content\/uploads\/2025\/10\/Futbol-Cornella-Capitulo-4-1.png?fit=1200%2C675&resize=525%2C300 1.5x, https:\/\/i0.wp.com\/www.bloguecornella.es\/wordpress\/wp-content\/uploads\/2025\/10\/Futbol-Cornella-Capitulo-4-1.png?fit=1200%2C675&resize=700%2C400 2x, https:\/\/i0.wp.com\/www.bloguecornella.es\/wordpress\/wp-content\/uploads\/2025\/10\/Futbol-Cornella-Capitulo-4-1.png?fit=1200%2C675&resize=1050%2C600 3x"},"classes":[]},{"id":3215,"url":"http:\/\/www.bloguecornella.es\/wordpress\/2025\/12\/11\/previa-capitulo-12-futbol-cornella-13-14-diciembre-2025\/","url_meta":{"origin":2494,"position":4},"title":"Previa cap\u00edtulo 12 F\u00fatbol Cornell\u00e0 13-14 diciembre 2025","author":"bloguecornella","date":"11 de diciembre de 2025","format":false,"excerpt":"Despu\u00e9s del par\u00f3n por el puente de la constituci\u00f3n, vuelve la competici\u00f3n a las territoriales catalanas, donde tenemos a nuestros tres equipos que afrontan los 4 \u00faltimos encuentros con objetivos completamente diferentes. La UE Sant Ildefons quiere romper la racha negativa de derrotas que le hace estar fuera del play-off,\u2026","rel":"","context":"En \u00ab2cat3\u00bb","block_context":{"text":"2cat3","link":"http:\/\/www.bloguecornella.es\/wordpress\/category\/2cat3\/"},"img":{"alt_text":"","src":"https:\/\/i0.wp.com\/www.bloguecornella.es\/wordpress\/wp-content\/uploads\/2025\/12\/Futbol-Cornella-Capitulo-12.png?fit=1200%2C675&resize=350%2C200","width":350,"height":200,"srcset":"https:\/\/i0.wp.com\/www.bloguecornella.es\/wordpress\/wp-content\/uploads\/2025\/12\/Futbol-Cornella-Capitulo-12.png?fit=1200%2C675&resize=350%2C200 1x, https:\/\/i0.wp.com\/www.bloguecornella.es\/wordpress\/wp-content\/uploads\/2025\/12\/Futbol-Cornella-Capitulo-12.png?fit=1200%2C675&resize=525%2C300 1.5x, https:\/\/i0.wp.com\/www.bloguecornella.es\/wordpress\/wp-content\/uploads\/2025\/12\/Futbol-Cornella-Capitulo-12.png?fit=1200%2C675&resize=700%2C400 2x, https:\/\/i0.wp.com\/www.bloguecornella.es\/wordpress\/wp-content\/uploads\/2025\/12\/Futbol-Cornella-Capitulo-12.png?fit=1200%2C675&resize=1050%2C600 3x"},"classes":[]},{"id":3009,"url":"http:\/\/www.bloguecornella.es\/wordpress\/2025\/11\/13\/previa-capitulo-9-futbol-cornella-15-16-noviembre-2025\/","url_meta":{"origin":2494,"position":5},"title":"Previa Cap\u00edtulo 9 F\u00fatbol Cornell\u00e0 &#8211; 15-16 Noviembre 2025","author":"bloguecornella","date":"13 de noviembre de 2025","format":false,"excerpt":"Vuelve el f\u00fatbol, una semana m\u00e1s, y a punto de cumplir un tercio del campeonato. La UE Sant Ildefons querr\u00e1 mantenerse por 3a semana consecutiva, en lo m\u00e1s alto de la clasificaci\u00f3n, la Fontsanta-Fatjo querr\u00e1 ser l\u00edder, por fin, de la competici\u00f3n y el CD Almeda buscar una 2a victoria\u2026","rel":"","context":"En \u00ab2cat3\u00bb","block_context":{"text":"2cat3","link":"http:\/\/www.bloguecornella.es\/wordpress\/category\/2cat3\/"},"img":{"alt_text":"","src":"https:\/\/i0.wp.com\/www.bloguecornella.es\/wordpress\/wp-content\/uploads\/2025\/11\/Futbol-Cornella-Capitulo-9.png?fit=1200%2C675&resize=350%2C200","width":350,"height":200,"srcset":"https:\/\/i0.wp.com\/www.bloguecornella.es\/wordpress\/wp-content\/uploads\/2025\/11\/Futbol-Cornella-Capitulo-9.png?fit=1200%2C675&resize=350%2C200 1x, https:\/\/i0.wp.com\/www.bloguecornella.es\/wordpress\/wp-content\/uploads\/2025\/11\/Futbol-Cornella-Capitulo-9.png?fit=1200%2C675&resize=525%2C300 1.5x, https:\/\/i0.wp.com\/www.bloguecornella.es\/wordpress\/wp-content\/uploads\/2025\/11\/Futbol-Cornella-Capitulo-9.png?fit=1200%2C675&resize=700%2C400 2x, https:\/\/i0.wp.com\/www.bloguecornella.es\/wordpress\/wp-content\/uploads\/2025\/11\/Futbol-Cornella-Capitulo-9.png?fit=1200%2C675&resize=1050%2C600 3x"},"classes":[]}],"_links":{"self":[{"href":"http:\/\/www.bloguecornella.es\/wordpress\/wp-json\/wp\/v2\/posts\/2494","targetHints":{"allow":["GET"]}}],"collection":[{"href":"http:\/\/www.bloguecornella.es\/wordpress\/wp-json\/wp\/v2\/posts"}],"about":[{"href":"http:\/\/www.bloguecornella.es\/wordpress\/wp-json\/wp\/v2\/types\/post"}],"author":[{"embeddable":true,"href":"http:\/\/www.bloguecornella.es\/wordpress\/wp-json\/wp\/v2\/users\/1"}],"replies":[{"embeddable":true,"href":"http:\/\/www.bloguecornella.es\/wordpress\/wp-json\/wp\/v2\/comments?post=2494"}],"version-history":[{"count":4,"href":"http:\/\/www.bloguecornella.es\/wordpress\/wp-json\/wp\/v2\/posts\/2494\/revisions"}],"predecessor-version":[{"id":2561,"href":"http:\/\/www.bloguecornella.es\/wordpress\/wp-json\/wp\/v2\/posts\/2494\/revisions\/2561"}],"wp:featuredmedia":[{"embeddable":true,"href":"http:\/\/www.bloguecornella.es\/wordpress\/wp-json\/wp\/v2\/media\/2562"}],"wp:attachment":[{"href":"http:\/\/www.bloguecornella.es\/wordpress\/wp-json\/wp\/v2\/media?parent=2494"}],"wp:term":[{"taxonomy":"category","embeddable":true,"href":"http:\/\/www.bloguecornella.es\/wordpress\/wp-json\/wp\/v2\/categories?post=2494"},{"taxonomy":"post_tag","embeddable":true,"href":"http:\/\/www.bloguecornella.es\/wordpress\/wp-json\/wp\/v2\/tags?post=2494"}],"curies":[{"name":"wp","href":"https:\/\/api.w.org\/{rel}","templated":true}]}}