{"id":2492,"date":"2025-09-19T16:00:00","date_gmt":"2025-09-19T14:00:00","guid":{"rendered":"http:\/\/www.bloguecornella.es\/wordpress\/?p=2492"},"modified":"2025-09-15T23:24:33","modified_gmt":"2025-09-15T21:24:33","slug":"capitulo-1-fundacio-ue-cornella-ce-europa-b-previa-ilusion-por-volver-a-segunda-federacion","status":"publish","type":"post","link":"http:\/\/www.bloguecornella.es\/wordpress\/2025\/09\/19\/capitulo-1-fundacio-ue-cornella-ce-europa-b-previa-ilusion-por-volver-a-segunda-federacion\/","title":{"rendered":"Cap\u00edtulo 1 : Fundaci\u00f3 UE Cornell\u00e0 &#8211; CE Europa \u201cB\u201d &#8211; Previa \u201cIlusi\u00f3n por volver a Segunda Federaci\u00f3n\u201d"},"content":{"rendered":"\n<p>Vuelve la competici\u00f3n para el femenino de la UE Cornell\u00e0. Vuelve a rodar el bal\u00f3n, de forma oficial, en el Nou Municipal, para la Fundaci\u00f3 UE Cornell\u00e0. Este domingo, a las 18h, se enfrenta a un reci\u00e9n ascendido como es el filial del CE Europa \u00abB\u00bb<\/p>\n\n\n\n<p><strong>El rival: CE Europa \u00abB\u00bb<\/strong><\/p>\n\n\n\n<p>Si tenemos que hablar de lo que es el filial del CE Europa, lo definir\u00eda con la palabra \u00abascenso\u00bb. El filial, desde su creaci\u00f3n hace cuatro a\u00f1os, no ha parado de ascender, desde la Segunda Catalana, hasta lo que es ahora la Tercera Federaci\u00f3n.<\/p>\n\n\n\n<p>El objetivo de este filial es poder asegurar la categor\u00eda y seguir con el f\u00fatbol formativo de categor\u00eda <strong>nacional<\/strong>. Una plantilla joven con hambre de poder hacer cosas grandes en su estreno en la categor\u00eda.<\/p>\n\n\n\n<p><strong>Fundaci\u00f3 UE Cornell\u00e0 : La ilusi\u00f3n por volver<\/strong><\/p>\n\n\n\n<p>El retorno a la Tercera Federaci\u00f3n, despu\u00e9s de haber degustado la Segunda Federaci\u00f3n, pasa por lograr volver a la categor\u00eda. Ese es el objetivo que se ha marcado el entrenador del conjunto verde, Jos\u00e9 Gonz\u00e1lez, al termino del partido, hist\u00f3rico, de la Copa de la Reina frente al CE Europa.<\/p>\n\n\n\n<p>La pretemporada ejecutada por el equipo verde es buena. Teniendo en cuenta que, los partidos que ha perdido son contra equipos de categor\u00eda superior (CE Europa, SE AEM y RCD Espanyol \u00abB\u00bb), ha vencido a rivales directos como son el Reus Femen\u00ed y el Sant Cugat FC. El \u00faltimo partido de pretemporada invita a un equipo que est\u00e1 preparado para poder afrontar una vuelta a la Tercera Federaci\u00f3n con ilusi\u00f3n y energia.<\/p>\n\n\n\n<p>Entre las jugadoras que destaco se trata de Nuria Domenech. La canterana, que ha subido este a\u00f1o al primer equipo, demostr\u00f3 un recital de juego y calidad que ser\u00e1 una de las referentes en el equipo. Sepha, Angie, Paula y Marta aportar\u00e1n la experiencia de llevar m\u00e1s tiempo en el vestuario para poder adaptar a las nuevas compa\u00f1eras y ser un bloque compacto en el que luchar por todo.<\/p>\n\n\n\n<p><strong>El XI de Jos\u00e9 Gonz\u00e1lez.<\/strong><\/p>\n\n\n\n<p>Teniendo en cuenta lo que he visto del equipo, este es el equipo que creo que sacar\u00e1 Jos\u00e9 Gonz\u00e1lez en el partido contra el filial del CE Europa.<\/p>\n\n\n\n<p>POR &#8211; 13 &#8211; Andrea Crespo.<\/p>\n\n\n\n<p>LAI &#8211; 21 &#8211; Clara Cos.<\/p>\n\n\n\n<p>DFC &#8211; 40 &#8211; Meritxell<\/p>\n\n\n\n<p>DFC &#8211; 22 &#8211; Garni<\/p>\n\n\n\n<p>LAD &#8211; 3 &#8211; Alba Ramos.<\/p>\n\n\n\n<p>MD &#8211; 16 &#8211; Nuria Domenech.<\/p>\n\n\n\n<p>MC &#8211; 10 &#8211; Marta Alegre.<\/p>\n\n\n\n<p>MC &#8211; 6 &#8211; Paula Lopez<\/p>\n\n\n\n<p>MI &#8211; 9 &#8211; Angela Farres<\/p>\n\n\n\n<p>DC &#8211; 8 &#8211; Josepha Lea<\/p>\n\n\n\n<p>DC &#8211; 14 &#8211; Martina Pubill<\/p>\n\n\n\n<p><strong>La opini\u00f3n del Blog<\/strong><\/p>\n\n\n\n<p>Ser\u00e1 una temporada en la que se aprender\u00e1 de lo vivido en la Segunda Federaci\u00f3n, y con una madurez lo suficientemente fuerte para poder luchar por el t\u00edtulo. Hay rivales muy duros como lo son el CF Fontsanta-Fatjo, el FC Barcelona \u00abC\u00bb y el Reus Femen\u00ed, pero creo que hay equipo para poder luchar por la victoria final y poder optar al ascenso.<\/p>\n\n\n\n<p>Es ilusionante para un seguidor del f\u00fatbol de la UE Cornell\u00e0 como yo poder vivir esto tan de cerca.<\/p>\n\n\n\n<p>Mucha suerte en este inicio y a por el objetivo.<\/p>\n","protected":false},"excerpt":{"rendered":"<p>Vuelve la competici\u00f3n para el femenino de la UE Cornell\u00e0. Vuelve a rodar el bal\u00f3n, de forma oficial, en el Nou Municipal, para la Fundaci\u00f3 UE Cornell\u00e0. Este domingo, a las 18h, se enfrenta a un reci\u00e9n ascendido como es el filial del CE Europa \u00abB\u00bb El rival: CE Europa \u00abB\u00bb Si tenemos que hablar [&hellip;]<\/p>\n","protected":false},"author":1,"featured_media":2529,"comment_status":"open","ping_status":"open","sticky":false,"template":"","format":"standard","meta":{"_eb_attr":"","advanced_seo_description":"","jetpack_seo_html_title":"","jetpack_seo_noindex":false,"jetpack_post_was_ever_published":false,"_jetpack_newsletter_access":"","_jetpack_dont_email_post_to_subs":false,"_jetpack_newsletter_tier_id":0,"_jetpack_memberships_contains_paywalled_content":false,"_jetpack_memberships_contains_paid_content":false,"footnotes":"","jetpack_publicize_message":"","jetpack_publicize_feature_enabled":true,"jetpack_social_post_already_shared":true,"jetpack_social_options":{"image_generator_settings":{"template":"highway","default_image_id":0,"font":"","enabled":false},"version":2}},"categories":[12,14,71,99],"tags":[86,31,65,96],"class_list":["post-2492","post","type-post","status-publish","format-standard","has-post-thumbnail","hentry","category-fuecornella","category-previa-partido","category-temporada-2025-26","category-tercera-federacion-femenina","tag-fundacio-ue-cornella","tag-previa","tag-temporada-2025-26","tag-tercera-federacion-femenina"],"jetpack_publicize_connections":[],"jetpack_featured_media_url":"https:\/\/i0.wp.com\/www.bloguecornella.es\/wordpress\/wp-content\/uploads\/2025\/09\/Previa-Jornada-1.png?fit=940%2C529","jetpack_sharing_enabled":true,"jetpack-related-posts":[{"id":1301,"url":"http:\/\/www.bloguecornella.es\/wordpress\/2025\/04\/18\/previa-jornada-28-real-sociedad-fem-b-fundacio-ue-cornella\/","url_meta":{"origin":2492,"position":0},"title":"Previa Jornada 28: Real Sociedad Fem \u00abB\u00bb &#8211; Fundaci\u00f3 UE Cornell\u00e0","author":"bloguecornella","date":"18 de abril de 2025","format":false,"excerpt":"Jornada 28 y ante-pen\u00faltima para finalizar esta hist\u00f3rica temporada en la Segunda Federaci\u00f3n Femenina, en la que todav\u00eda se quiere aferrar el equipo de Jose Gonzalez y viajan hasta Donosti para enfrentarse al filial Txuri-urdin. El rival: Real Sociedad Fem \"B\" (4\u00ba - 48 puntos) El filial de la Real\u2026","rel":"","context":"En \u00abFundaci\u00f3 UE Cornell\u00e0\u00bb","block_context":{"text":"Fundaci\u00f3 UE Cornell\u00e0","link":"http:\/\/www.bloguecornella.es\/wordpress\/category\/fuecornella\/"},"img":{"alt_text":"","src":"https:\/\/i0.wp.com\/www.bloguecornella.es\/wordpress\/wp-content\/uploads\/2025\/04\/J28_2RFEF_Fem_RSO_FUEC.png?fit=1200%2C675&resize=350%2C200","width":350,"height":200,"srcset":"https:\/\/i0.wp.com\/www.bloguecornella.es\/wordpress\/wp-content\/uploads\/2025\/04\/J28_2RFEF_Fem_RSO_FUEC.png?fit=1200%2C675&resize=350%2C200 1x, https:\/\/i0.wp.com\/www.bloguecornella.es\/wordpress\/wp-content\/uploads\/2025\/04\/J28_2RFEF_Fem_RSO_FUEC.png?fit=1200%2C675&resize=525%2C300 1.5x, https:\/\/i0.wp.com\/www.bloguecornella.es\/wordpress\/wp-content\/uploads\/2025\/04\/J28_2RFEF_Fem_RSO_FUEC.png?fit=1200%2C675&resize=700%2C400 2x, https:\/\/i0.wp.com\/www.bloguecornella.es\/wordpress\/wp-content\/uploads\/2025\/04\/J28_2RFEF_Fem_RSO_FUEC.png?fit=1200%2C675&resize=1050%2C600 3x"},"classes":[]},{"id":3368,"url":"http:\/\/www.bloguecornella.es\/wordpress\/2025\/12\/19\/previa-capitulo-12-fem-ce-europa-b-fundacio-ue-cornella\/","url_meta":{"origin":2492,"position":1},"title":"Previa cap\u00edtulo 12 Fem: CE Europa \u00abB\u00bb &#8211; Fundaci\u00f3 UE Cornell\u00e0 \u00abLlegar al derbi con victoria\u00bb","author":"bloguecornella","date":"19 de diciembre de 2025","format":false,"excerpt":"Comienza la segunda vuelta y acaba el 2025. Un 2025 en el que se acabo el sue\u00f1o de la Segunda Federaci\u00f3n, jugamos la Copa de la Reina, por primera vez en la historia y se jugo los cuartos de final de la Copa Catalunya. Las circustancias de esta Tercera Federaci\u00f3n\u2026","rel":"","context":"En \u00abFundaci\u00f3 UE Cornell\u00e0\u00bb","block_context":{"text":"Fundaci\u00f3 UE Cornell\u00e0","link":"http:\/\/www.bloguecornella.es\/wordpress\/category\/fuecornella\/"},"img":{"alt_text":"","src":"https:\/\/i0.wp.com\/www.bloguecornella.es\/wordpress\/wp-content\/uploads\/2025\/12\/Previa-Jornada-12.png?fit=940%2C529&resize=350%2C200","width":350,"height":200,"srcset":"https:\/\/i0.wp.com\/www.bloguecornella.es\/wordpress\/wp-content\/uploads\/2025\/12\/Previa-Jornada-12.png?fit=940%2C529&resize=350%2C200 1x, https:\/\/i0.wp.com\/www.bloguecornella.es\/wordpress\/wp-content\/uploads\/2025\/12\/Previa-Jornada-12.png?fit=940%2C529&resize=525%2C300 1.5x, https:\/\/i0.wp.com\/www.bloguecornella.es\/wordpress\/wp-content\/uploads\/2025\/12\/Previa-Jornada-12.png?fit=940%2C529&resize=700%2C400 2x"},"classes":[]},{"id":3707,"url":"http:\/\/www.bloguecornella.es\/wordpress\/2026\/01\/24\/previa-aplazado-capitulo-12-fem-ce-europa-b-fundacio-ue-cornella-el-momento-de-dar-el-salto\/","url_meta":{"origin":2492,"position":2},"title":"Previa aplazado cap\u00edtulo 12 Fem &#8211; CE Europa \u00abB\u00bb &#8211; Fundaci\u00f3 UE Cornell\u00e0 \u00abEl momento de dar el salto\u00bb","author":"bloguecornella","date":"24 de enero de 2026","format":false,"excerpt":"Llego el encuentro. Llego el momento en el que puede colocarse por primera vez como l\u00edderes de la Tercera Federaci\u00f3n Femenina. La semana dram\u00e1tica de las dos derrotas es el \u00faltimo lapso de debilidad del conjunto verde y ha pasado m\u00e1s de dos meses desde aquello. Este domingo, visitaremos el\u2026","rel":"","context":"En \u00abFundaci\u00f3 UE Cornell\u00e0\u00bb","block_context":{"text":"Fundaci\u00f3 UE Cornell\u00e0","link":"http:\/\/www.bloguecornella.es\/wordpress\/category\/fuecornella\/"},"img":{"alt_text":"","src":"https:\/\/i0.wp.com\/www.bloguecornella.es\/wordpress\/wp-content\/uploads\/2026\/01\/Previa-Aplazado-Jornada-12.png?fit=940%2C529&resize=350%2C200","width":350,"height":200,"srcset":"https:\/\/i0.wp.com\/www.bloguecornella.es\/wordpress\/wp-content\/uploads\/2026\/01\/Previa-Aplazado-Jornada-12.png?fit=940%2C529&resize=350%2C200 1x, https:\/\/i0.wp.com\/www.bloguecornella.es\/wordpress\/wp-content\/uploads\/2026\/01\/Previa-Aplazado-Jornada-12.png?fit=940%2C529&resize=525%2C300 1.5x, https:\/\/i0.wp.com\/www.bloguecornella.es\/wordpress\/wp-content\/uploads\/2026\/01\/Previa-Aplazado-Jornada-12.png?fit=940%2C529&resize=700%2C400 2x"},"classes":[]},{"id":2901,"url":"http:\/\/www.bloguecornella.es\/wordpress\/2025\/10\/31\/previa-capitulo-6-fem-ce-seagull-bdn-fundacio-ue-cornella-victoria-para-seguir-arriba\/","url_meta":{"origin":2492,"position":3},"title":"Previa Cap\u00edtulo 6 Fem &#8211; CE Seagull BDN &#8211; Fundaci\u00f3 UE Cornell\u00e0 \u00abVictoria para seguir arriba\u00bb","author":"bloguecornella","date":"31 de octubre de 2025","format":false,"excerpt":"Una vez ya solventado el encuentro aplazado en el que, muy a nuestro pesar, saldo con derrota verde, vuelve la liga, despu\u00e9s del par\u00f3n, con un partidazo para nuestras chicas. En este caso, su rival es el CE Seagull BDN. El rival: CE Seagull BDN (3\u00ba - 10 puntos) Seagull\u2026","rel":"","context":"En \u00abFundaci\u00f3 UE Cornell\u00e0\u00bb","block_context":{"text":"Fundaci\u00f3 UE Cornell\u00e0","link":"http:\/\/www.bloguecornella.es\/wordpress\/category\/fuecornella\/"},"img":{"alt_text":"","src":"https:\/\/i0.wp.com\/www.bloguecornella.es\/wordpress\/wp-content\/uploads\/2025\/10\/Previa-Jornada-6.png?fit=940%2C529&resize=350%2C200","width":350,"height":200,"srcset":"https:\/\/i0.wp.com\/www.bloguecornella.es\/wordpress\/wp-content\/uploads\/2025\/10\/Previa-Jornada-6.png?fit=940%2C529&resize=350%2C200 1x, https:\/\/i0.wp.com\/www.bloguecornella.es\/wordpress\/wp-content\/uploads\/2025\/10\/Previa-Jornada-6.png?fit=940%2C529&resize=525%2C300 1.5x, https:\/\/i0.wp.com\/www.bloguecornella.es\/wordpress\/wp-content\/uploads\/2025\/10\/Previa-Jornada-6.png?fit=940%2C529&resize=700%2C400 2x"},"classes":[]},{"id":2271,"url":"http:\/\/www.bloguecornella.es\/wordpress\/2025\/08\/21\/1-pretemporada-25-26-fundacio-ue-cornella-rcd-espanyol-b-previa\/","url_meta":{"origin":2492,"position":4},"title":"#1 Pretemporada 25\/26 &#8211; Fundaci\u00f3 UE Cornell\u00e0 &#8211; RCD Espanyol \u00abB\u00bb &#8211; Previa","author":"bloguecornella","date":"21 de agosto de 2025","format":false,"excerpt":"Llego la primera toma de contacto de la Fundaci\u00f3 UE Cornell\u00e0 femenina en la temporada 2025\/26. Despu\u00e9s de la temporada hist\u00f3rica en la Segunda Federaci\u00f3n y de haber llegado a disputar partidos contra equipos m\u00edticos como el Rayo Vallecano, que fue campe\u00f3n de la actual Liga F, volvemos al h\u00e1bitat\u2026","rel":"","context":"En \u00abFundaci\u00f3 UE Cornell\u00e0\u00bb","block_context":{"text":"Fundaci\u00f3 UE Cornell\u00e0","link":"http:\/\/www.bloguecornella.es\/wordpress\/category\/fuecornella\/"},"img":{"alt_text":"","src":"https:\/\/i0.wp.com\/www.bloguecornella.es\/wordpress\/wp-content\/uploads\/2025\/08\/Previas-Fundacio-UE-Cornella.png?fit=940%2C529&resize=350%2C200","width":350,"height":200,"srcset":"https:\/\/i0.wp.com\/www.bloguecornella.es\/wordpress\/wp-content\/uploads\/2025\/08\/Previas-Fundacio-UE-Cornella.png?fit=940%2C529&resize=350%2C200 1x, https:\/\/i0.wp.com\/www.bloguecornella.es\/wordpress\/wp-content\/uploads\/2025\/08\/Previas-Fundacio-UE-Cornella.png?fit=940%2C529&resize=525%2C300 1.5x, https:\/\/i0.wp.com\/www.bloguecornella.es\/wordpress\/wp-content\/uploads\/2025\/08\/Previas-Fundacio-UE-Cornella.png?fit=940%2C529&resize=700%2C400 2x"},"classes":[]},{"id":2976,"url":"http:\/\/www.bloguecornella.es\/wordpress\/2025\/11\/07\/previa-capitulo-7-fem-fundacio-ue-cornella-escola-futbol-ce-mataro-recien-ascendido-con-garra\/","url_meta":{"origin":2492,"position":5},"title":"Previa Cap\u00edtulo 7 Fem : Fundaci\u00f3 UE Cornell\u00e0 &#8211; Escola F\u00fatbol CE Mataro \u00abReci\u00e9n ascendido con garra\u00bb","author":"bloguecornella","date":"7 de noviembre de 2025","format":false,"excerpt":"Despu\u00e9s de la derrota contra el CE Seagull y el CE Europa, la Fundaci\u00f3 UE Cornell\u00e0 buscar\u00e1 redimirse de los malos resultados para buscar la victoria contra un rival, que est\u00e1 empezando a arrancar como es la Escola F\u00fatbol CE Mataro. El rival: Escola F\u00fatbol CE Mataro (7\u00ba - 8\u2026","rel":"","context":"En \u00abFundaci\u00f3 UE Cornell\u00e0\u00bb","block_context":{"text":"Fundaci\u00f3 UE Cornell\u00e0","link":"http:\/\/www.bloguecornella.es\/wordpress\/category\/fuecornella\/"},"img":{"alt_text":"","src":"https:\/\/i0.wp.com\/www.bloguecornella.es\/wordpress\/wp-content\/uploads\/2025\/11\/Previa-Jornada-7.png?fit=940%2C529&resize=350%2C200","width":350,"height":200,"srcset":"https:\/\/i0.wp.com\/www.bloguecornella.es\/wordpress\/wp-content\/uploads\/2025\/11\/Previa-Jornada-7.png?fit=940%2C529&resize=350%2C200 1x, https:\/\/i0.wp.com\/www.bloguecornella.es\/wordpress\/wp-content\/uploads\/2025\/11\/Previa-Jornada-7.png?fit=940%2C529&resize=525%2C300 1.5x, https:\/\/i0.wp.com\/www.bloguecornella.es\/wordpress\/wp-content\/uploads\/2025\/11\/Previa-Jornada-7.png?fit=940%2C529&resize=700%2C400 2x"},"classes":[]}],"_links":{"self":[{"href":"http:\/\/www.bloguecornella.es\/wordpress\/wp-json\/wp\/v2\/posts\/2492","targetHints":{"allow":["GET"]}}],"collection":[{"href":"http:\/\/www.bloguecornella.es\/wordpress\/wp-json\/wp\/v2\/posts"}],"about":[{"href":"http:\/\/www.bloguecornella.es\/wordpress\/wp-json\/wp\/v2\/types\/post"}],"author":[{"embeddable":true,"href":"http:\/\/www.bloguecornella.es\/wordpress\/wp-json\/wp\/v2\/users\/1"}],"replies":[{"embeddable":true,"href":"http:\/\/www.bloguecornella.es\/wordpress\/wp-json\/wp\/v2\/comments?post=2492"}],"version-history":[{"count":4,"href":"http:\/\/www.bloguecornella.es\/wordpress\/wp-json\/wp\/v2\/posts\/2492\/revisions"}],"predecessor-version":[{"id":2533,"href":"http:\/\/www.bloguecornella.es\/wordpress\/wp-json\/wp\/v2\/posts\/2492\/revisions\/2533"}],"wp:featuredmedia":[{"embeddable":true,"href":"http:\/\/www.bloguecornella.es\/wordpress\/wp-json\/wp\/v2\/media\/2529"}],"wp:attachment":[{"href":"http:\/\/www.bloguecornella.es\/wordpress\/wp-json\/wp\/v2\/media?parent=2492"}],"wp:term":[{"taxonomy":"category","embeddable":true,"href":"http:\/\/www.bloguecornella.es\/wordpress\/wp-json\/wp\/v2\/categories?post=2492"},{"taxonomy":"post_tag","embeddable":true,"href":"http:\/\/www.bloguecornella.es\/wordpress\/wp-json\/wp\/v2\/tags?post=2492"}],"curies":[{"name":"wp","href":"https:\/\/api.w.org\/{rel}","templated":true}]}}