{"id":2491,"date":"2025-09-20T11:00:00","date_gmt":"2025-09-20T09:00:00","guid":{"rendered":"http:\/\/www.bloguecornella.es\/wordpress\/?p=2491"},"modified":"2025-09-16T13:59:48","modified_gmt":"2025-09-16T11:59:48","slug":"capitulo-3-cerdanyola-fc-ue-cornella-previa-sumar-para-no-perder-la-estela-del-peloton","status":"publish","type":"post","link":"http:\/\/www.bloguecornella.es\/wordpress\/2025\/09\/20\/capitulo-3-cerdanyola-fc-ue-cornella-previa-sumar-para-no-perder-la-estela-del-peloton\/","title":{"rendered":"Cap\u00edtulo 3 : Cerdanyola FC &#8211; UE Cornell\u00e0 &#8211; Previa : \u201cSumar para no perder la estela del pelot\u00f3n\u201d"},"content":{"rendered":"\n<p>La UE Cornell\u00e0 visita, por segunda vez en su historia, en partido oficial de liga, la ZEM Les Fontetes para enfrentarse al Cerdanyola del Valles FC. La \u00faltima visita fue, en Copa Catalunya, en la temporada anterior, donde un equipo plagado de juveniles planto cara al Cerdanyola, consiguiendo un empate de merito, aunque luego se perdi\u00f3 en los penaltis.<\/p>\n\n\n\n<p>El \u00fanico partido se disputo hace 12 temporadas y fue victoria verde por 1-2.<\/p>\n\n\n\n<p><strong>El rival: Cerdanyola del Valles FC (16\u00ba &#8211; 0 puntos)<\/strong><\/p>\n\n\n\n<p>No ha sido un comienzo bueno para el Cerdanyola FC. Dos derrotas en dos partidos lo ubican en las posiciones de descenso de la competici\u00f3n. Bien es cierto que este \u00faltimo partido fue contra el CF Badalona, rival directo en las plazas de ascenso de categor\u00eda, pero no est\u00e1 consiguiendo que el once de Santi Alvarez de garant\u00edas.<\/p>\n\n\n\n<p>Todav\u00eda no ha marcado ning\u00fan gol en 180 minutos de encuentro y se encuentra, en \u00e9l, un ex-jugador de la UE Cornell\u00e0 como es Adam Cherradi.<\/p>\n\n\n\n<p>Habr\u00e1 que tener especial cuidado con el jugador Javier L\u00f3pez. El delantero del Cerdanyola sumo la temporada pasada 9 goles en su vuelta al club del Vall\u00e9s y, aunque todav\u00eda no ha anotado esta temporada, seguro que puede ser un peligro para la porter\u00eda de Rub\u00e9n Mi\u00f1o.<\/p>\n\n\n\n<p><strong>UE Cornell\u00e0: Tener el control del partido.<\/strong><\/p>\n\n\n\n<p>En estos dos partidos, se esta viendo que las jugadas que generan los rivales son ocasiones claras de peligro. Contra la UE Vic, tuvimos la suerte de que no \u00abenchufaron\u00bb dos goles clar\u00edsimos y contra el CF Peralada&#8230; directamente entraron. Por ello, el equipo de Ignasi tiene que tener el control del partido y dominar todas las \u00e1reas de juego.<\/p>\n\n\n\n<p>El estreno goleador de Leo dos Reis es una buena noticia de cara a la confianza para poder conseguir m\u00e1s goles durante la temporada. Como indique en el art\u00edculo sobre <a href=\"http:\/\/www.bloguecornella.es\/wordpress\/2025\/09\/17\/articulo-de-opinion-es-hora-de-dar-paso-a-los-jovenes\/\" data-type=\"link\" data-id=\"http:\/\/www.bloguecornella.es\/wordpress\/2025\/09\/17\/articulo-de-opinion-es-hora-de-dar-paso-a-los-jovenes\/\">dar oportunidad a los j\u00f3venes<\/a>, creo que es un partido propicio para poder demostrar el salto de calidad, ante un Cerdanyola que no est\u00e1 teniendo el inicio deseado y que su objetivo no es otro que el de luchar por mantener la categor\u00eda.<\/p>\n\n\n\n<p>Tal y como si se vio en el partido inaugural, la porter\u00eda a 0 es clave. Despu\u00e9s de la \u00faltima jornada, se buscara, de nuevo, esa porter\u00eda 0 para lograr la victoria, que ser\u00eda la segunda consecutiva fuera del Municipal.<\/p>\n\n\n\n<p><strong>XI Titular<\/strong><\/p>\n\n\n\n<p>El once titular, con el que creo que deber\u00eda de salir Ignasi Senabre, ser\u00eda el siguiente:<\/p>\n\n\n\n<p>POR &#8211; 1 &#8211; Rub\u00e9n Mi\u00f1o<\/p>\n\n\n\n<p>DFC &#8211; 2 &#8211; Diego Garz\u00f3n<\/p>\n\n\n\n<p>DFC &#8211; 14 &#8211; Gonzalo Pereira.<\/p>\n\n\n\n<p>DFC &#8211; 17 &#8211; D\u00eddac Rodr\u00edguez.<\/p>\n\n\n\n<p>MCD &#8211; 16 &#8211; Moha Ajani.<\/p>\n\n\n\n<p>MI &#8211; 10 &#8211; V\u00edctor Aliaga.<\/p>\n\n\n\n<p>MC &#8211; 6 &#8211; Ot Serrano.<\/p>\n\n\n\n<p>MD &#8211; 19 &#8211; Joan Benet.<\/p>\n\n\n\n<p>EI &#8211; 7 &#8211; Ibai Reches<\/p>\n\n\n\n<p>ED &#8211; 11 &#8211; Marc Fernandez.<\/p>\n\n\n\n<p>DC &#8211; 9 &#8211; H\u00e9ctor Tejada.<\/p>\n\n\n\n<p><span style=\"text-decoration: underline;\">Suplentes<\/span>: POR &#8211; 13 &#8211; Isaac Vila,  DEF &#8211; 4 &#8211; Iv\u00e1n de la Pe\u00f1a,  DEF\/MED &#8211; 22 &#8211; Manel Lozano, DEF\/MED &#8211; 3 &#8211; Gerard Gonz\u00e1lez, MED &#8211; 18 &#8211; Ian Arques, MED &#8211; 12 &#8211; Santi Guzm\u00e1n, DEL &#8211; 23 &#8211; Leo dos Reis.<\/p>\n\n\n\n<p><strong>La opini\u00f3n del Blog<\/strong><\/p>\n\n\n\n<p>No a\u00f1ado a Tom\u00e1s, porque sali\u00f3 tocado el s\u00e1bado del partido y es posible que sea baja. En este partido, se deber\u00eda de dar oportunidad a los m\u00e1s j\u00f3venes para poder dar ese salto que necesitan y demostrar que podemos optar a puestos altos.<\/p>\n\n\n\n<p>Una derrota ser\u00eda un palo muy importante para el equipo y creo que es de obligado ganar este partido para seguir en la estela de los puestos altos. El s\u00e1bado pasado, entro dentro de los planes la posible derrota ante un rival en el que est\u00e1 haciendo muy buenas temporadas y teniamos la dificultad de que nunca hab\u00edamos ganado ah\u00ed. Pero ante el Cerdanyola, se debe de ganar para seguir en la estela con un comienzo de 6 puntos de 9 posibles.<\/p>\n\n\n\n<p>Estaremos el domingo, a las 12h, narr\u00e1ndolo en nuestra cuenta de <a href=\"https:\/\/x.com\/bloguecornella\" data-type=\"link\" data-id=\"https:\/\/x.com\/bloguecornella\">X<\/a>, como habitualmente lo hacemos.<\/p>\n","protected":false},"excerpt":{"rendered":"<p>La UE Cornell\u00e0 visita, por segunda vez en su historia, en partido oficial de liga, la ZEM Les Fontetes para enfrentarse al Cerdanyola del Valles FC. La \u00faltima visita fue, en Copa Catalunya, en la temporada anterior, donde un equipo plagado de juveniles planto cara al Cerdanyola, consiguiendo un empate de merito, aunque luego se [&hellip;]<\/p>\n","protected":false},"author":1,"featured_media":2547,"comment_status":"open","ping_status":"open","sticky":false,"template":"","format":"standard","meta":{"_eb_attr":"","advanced_seo_description":"","jetpack_seo_html_title":"","jetpack_seo_noindex":false,"jetpack_post_was_ever_published":false,"_jetpack_newsletter_access":"","_jetpack_dont_email_post_to_subs":false,"_jetpack_newsletter_tier_id":0,"_jetpack_memberships_contains_paywalled_content":false,"_jetpack_memberships_contains_paid_content":false,"footnotes":"","jetpack_publicize_message":"","jetpack_publicize_feature_enabled":true,"jetpack_social_post_already_shared":true,"jetpack_social_options":{"image_generator_settings":{"template":"highway","default_image_id":0,"font":"","enabled":false},"version":2}},"categories":[14,71,69,51],"tags":[31,65,66,54],"class_list":["post-2491","post","type-post","status-publish","format-standard","has-post-thumbnail","hentry","category-previa-partido","category-temporada-2025-26","category-tercera-federacion-grupo-v","category-ue-cornella","tag-previa","tag-temporada-2025-26","tag-tercera-federacion-grupo-v","tag-ue-cornella"],"jetpack_publicize_connections":[],"jetpack_featured_media_url":"https:\/\/i0.wp.com\/www.bloguecornella.es\/wordpress\/wp-content\/uploads\/2025\/09\/J3-Cerdanyola-del-Valles-FC-UE-Cornella.png?fit=940%2C520","jetpack_sharing_enabled":true,"jetpack-related-posts":[{"id":2564,"url":"http:\/\/www.bloguecornella.es\/wordpress\/2025\/09\/21\/cronica-capitulo-3-cerdanyola-del-valles-fc-1-2-ue-cornella-ot-salva-los-3-puntos-y-seguimos-en-el-peloton\/","url_meta":{"origin":2491,"position":0},"title":"Cr\u00f3nica Cap\u00edtulo 3: Cerdanyola del Valles FC 1 &#8211; 2 UE Cornell\u00e0 \u00abOt salva los 3 puntos y seguimos en el pelot\u00f3n\u00bb","author":"bloguecornella","date":"21 de septiembre de 2025","format":false,"excerpt":"La UE Cornell\u00e0 logra una victoria, que se ha puesto cuesta arriba en la segunda parte y que Ot, con otro golazo, salva a falta de 5 minutos para finalizar el partido Resumen del partido En el once de Ignasi Senabre, se introducen varios cambios respecto a la semana anterior.\u2026","rel":"","context":"En \u00abOt Serrano\u00bb","block_context":{"text":"Ot Serrano","link":"http:\/\/www.bloguecornella.es\/wordpress\/category\/ot-serrano\/"},"img":{"alt_text":"","src":"https:\/\/i0.wp.com\/www.bloguecornella.es\/wordpress\/wp-content\/uploads\/2025\/09\/img_3465.jpg?fit=1200%2C900&resize=350%2C200","width":350,"height":200,"srcset":"https:\/\/i0.wp.com\/www.bloguecornella.es\/wordpress\/wp-content\/uploads\/2025\/09\/img_3465.jpg?fit=1200%2C900&resize=350%2C200 1x, https:\/\/i0.wp.com\/www.bloguecornella.es\/wordpress\/wp-content\/uploads\/2025\/09\/img_3465.jpg?fit=1200%2C900&resize=525%2C300 1.5x, https:\/\/i0.wp.com\/www.bloguecornella.es\/wordpress\/wp-content\/uploads\/2025\/09\/img_3465.jpg?fit=1200%2C900&resize=700%2C400 2x, https:\/\/i0.wp.com\/www.bloguecornella.es\/wordpress\/wp-content\/uploads\/2025\/09\/img_3465.jpg?fit=1200%2C900&resize=1050%2C600 3x"},"classes":[]},{"id":3762,"url":"http:\/\/www.bloguecornella.es\/wordpress\/2026\/01\/30\/previa-capitulo-20-ue-cornella-cerdanyola-del-valles-fc-sobreponerse-contra-un-rival-necesitado\/","url_meta":{"origin":2491,"position":1},"title":"Previa cap\u00edtulo 20 &#8211; UE Cornell\u00e0 &#8211; Cerdanyola del Valles FC \u00abSobreponerse contra un rival necesitado\u00bb","author":"bloguecornella","date":"30 de enero de 2026","format":false,"excerpt":"Tras cortar la racha de trece encuentros sin perder, la UE Cornell\u00e0 recibe en el Municipal de Cornell\u00e0 al Cerdanyola del Valles FC. Un equipo que ya puso las cosas complicadas en el partido de ida y que viene con la necesidad de salir de la zona de descenso. El\u2026","rel":"","context":"En \u00abPrevia partido\u00bb","block_context":{"text":"Previa partido","link":"http:\/\/www.bloguecornella.es\/wordpress\/category\/previa-partido\/"},"img":{"alt_text":"","src":"https:\/\/i0.wp.com\/www.bloguecornella.es\/wordpress\/wp-content\/uploads\/2026\/01\/J20-UE-Cornella-Cerdanyola-FC-1.png?fit=940%2C520&resize=350%2C200","width":350,"height":200,"srcset":"https:\/\/i0.wp.com\/www.bloguecornella.es\/wordpress\/wp-content\/uploads\/2026\/01\/J20-UE-Cornella-Cerdanyola-FC-1.png?fit=940%2C520&resize=350%2C200 1x, https:\/\/i0.wp.com\/www.bloguecornella.es\/wordpress\/wp-content\/uploads\/2026\/01\/J20-UE-Cornella-Cerdanyola-FC-1.png?fit=940%2C520&resize=525%2C300 1.5x, https:\/\/i0.wp.com\/www.bloguecornella.es\/wordpress\/wp-content\/uploads\/2026\/01\/J20-UE-Cornella-Cerdanyola-FC-1.png?fit=940%2C520&resize=700%2C400 2x"},"classes":[]},{"id":666,"url":"http:\/\/www.bloguecornella.es\/wordpress\/2024\/12\/17\/previa-1-16-final-copa-catalunya-cerdanyola-fc-ue-cornella\/","url_meta":{"origin":2491,"position":2},"title":"Previa 1\/16 Final Copa Catalunya: Cerdanyola FC &#8211; UE Cornell\u00e0","author":"bloguecornella","date":"17 de diciembre de 2024","format":false,"excerpt":"Llego el d\u00eda. Por fin, la UE Cornell\u00e0 entra en escena de esta renovada Copa Catalunya en sus fases ya finales (16 savos final), en la que se jugar\u00e1n cuatro encuentros a partido \u00fanico: 17\/12\/2024 - 20:00h - Terrassa FC (2RFEF) - CE Europa (2RFEF) 18\/12\/2024 - 18:30h - Tona\u2026","rel":"","context":"En \u00abCopa Catalunya\u00bb","block_context":{"text":"Copa Catalunya","link":"http:\/\/www.bloguecornella.es\/wordpress\/category\/copa-catalunya\/"},"img":{"alt_text":"","src":"","width":0,"height":0},"classes":[]},{"id":2982,"url":"http:\/\/www.bloguecornella.es\/wordpress\/2025\/11\/11\/resumen-cedidos-ue-cornella-fin-de-semana-8-9-de-noviembre-2025\/","url_meta":{"origin":2491,"position":3},"title":"Resumen cedidos UE Cornell\u00e0 fin de semana 8-9 de Noviembre 2025","author":"bloguecornella","date":"11 de noviembre de 2025","format":false,"excerpt":"Novena entrega del repaso a nuestros cedidos y el balance que han hecho est\u00e1 semana. Izan Gonz\u00e1lez - CE Europa (Primera Federaci\u00f3n - Grupo II) Jornada 11 - S\u00e1bado 8 de Noviembre 2025 - 16:15h - H\u00e9rcules CF - CE Europa. Izan volvi\u00f3 a jugar el partido completo y acabo\u2026","rel":"","context":"En \u00abCedidos UE Cornell\u00e0\u00bb","block_context":{"text":"Cedidos UE Cornell\u00e0","link":"http:\/\/www.bloguecornella.es\/wordpress\/category\/cedidos-ue-cornella\/"},"img":{"alt_text":"","src":"https:\/\/i0.wp.com\/www.bloguecornella.es\/wordpress\/wp-content\/uploads\/2025\/11\/Resumen-8-9-nov.png?fit=1200%2C675&resize=350%2C200","width":350,"height":200,"srcset":"https:\/\/i0.wp.com\/www.bloguecornella.es\/wordpress\/wp-content\/uploads\/2025\/11\/Resumen-8-9-nov.png?fit=1200%2C675&resize=350%2C200 1x, https:\/\/i0.wp.com\/www.bloguecornella.es\/wordpress\/wp-content\/uploads\/2025\/11\/Resumen-8-9-nov.png?fit=1200%2C675&resize=525%2C300 1.5x, https:\/\/i0.wp.com\/www.bloguecornella.es\/wordpress\/wp-content\/uploads\/2025\/11\/Resumen-8-9-nov.png?fit=1200%2C675&resize=700%2C400 2x, https:\/\/i0.wp.com\/www.bloguecornella.es\/wordpress\/wp-content\/uploads\/2025\/11\/Resumen-8-9-nov.png?fit=1200%2C675&resize=1050%2C600 3x"},"classes":[]},{"id":1780,"url":"http:\/\/www.bloguecornella.es\/wordpress\/2025\/06\/23\/1-victor-aliaga-de-la-mano-de-ignasi-senabre\/","url_meta":{"origin":2491,"position":4},"title":"#1 V\u00edctor Aliaga &#8211; De la mano de Ignasi Senabre","author":"bloguecornella","date":"23 de junio de 2025","format":false,"excerpt":"Se ha retrasado la primera entrega del cap\u00edtulo de fichajes veraniegos y, por fin, ha llegado el primer refuerzo de la era Ignasi Senabre. Viene para sustituir a Javi Serra, como extremo derecho, V\u00edctor Aliaga. El extremo de 27 a\u00f1os, nacido en Cerdanyola del Valles, viene de la mano de\u2026","rel":"","context":"En \u00abFichaje\u00bb","block_context":{"text":"Fichaje","link":"http:\/\/www.bloguecornella.es\/wordpress\/category\/fichaje\/"},"img":{"alt_text":"","src":"https:\/\/i0.wp.com\/www.bloguecornella.es\/wordpress\/wp-content\/uploads\/2025\/06\/Victor-Aliaga.png?fit=940%2C529&resize=350%2C200","width":350,"height":200,"srcset":"https:\/\/i0.wp.com\/www.bloguecornella.es\/wordpress\/wp-content\/uploads\/2025\/06\/Victor-Aliaga.png?fit=940%2C529&resize=350%2C200 1x, https:\/\/i0.wp.com\/www.bloguecornella.es\/wordpress\/wp-content\/uploads\/2025\/06\/Victor-Aliaga.png?fit=940%2C529&resize=525%2C300 1.5x, https:\/\/i0.wp.com\/www.bloguecornella.es\/wordpress\/wp-content\/uploads\/2025\/06\/Victor-Aliaga.png?fit=940%2C529&resize=700%2C400 2x"},"classes":[]},{"id":1948,"url":"http:\/\/www.bloguecornella.es\/wordpress\/2025\/07\/12\/8-moha-ajani-jugador-revulsivo-con-gol\/","url_meta":{"origin":2491,"position":5},"title":"#8 Moha Ajani: jugador revulsivo con gol","author":"bloguecornella","date":"12 de julio de 2025","format":false,"excerpt":"El 8\u00ba fichaje de la UE Cornell\u00e0, y no por ello menos importante, tenemos a Moha Ajani, jugador procedente del Cerdanyola FC. El jugador marroqu\u00ed se formo en las categor\u00edas inferiores del CE Sabadell, hasta dar el salto al filial en la temporada 2020\/21. Su paso por el filial arlequinado\u2026","rel":"","context":"En \u00abFichaje\u00bb","block_context":{"text":"Fichaje","link":"http:\/\/www.bloguecornella.es\/wordpress\/category\/fichaje\/"},"img":{"alt_text":"","src":"https:\/\/i0.wp.com\/www.bloguecornella.es\/wordpress\/wp-content\/uploads\/2025\/07\/Moha-Ajani.png?fit=940%2C529&resize=350%2C200","width":350,"height":200,"srcset":"https:\/\/i0.wp.com\/www.bloguecornella.es\/wordpress\/wp-content\/uploads\/2025\/07\/Moha-Ajani.png?fit=940%2C529&resize=350%2C200 1x, https:\/\/i0.wp.com\/www.bloguecornella.es\/wordpress\/wp-content\/uploads\/2025\/07\/Moha-Ajani.png?fit=940%2C529&resize=525%2C300 1.5x, https:\/\/i0.wp.com\/www.bloguecornella.es\/wordpress\/wp-content\/uploads\/2025\/07\/Moha-Ajani.png?fit=940%2C529&resize=700%2C400 2x"},"classes":[]}],"_links":{"self":[{"href":"http:\/\/www.bloguecornella.es\/wordpress\/wp-json\/wp\/v2\/posts\/2491","targetHints":{"allow":["GET"]}}],"collection":[{"href":"http:\/\/www.bloguecornella.es\/wordpress\/wp-json\/wp\/v2\/posts"}],"about":[{"href":"http:\/\/www.bloguecornella.es\/wordpress\/wp-json\/wp\/v2\/types\/post"}],"author":[{"embeddable":true,"href":"http:\/\/www.bloguecornella.es\/wordpress\/wp-json\/wp\/v2\/users\/1"}],"replies":[{"embeddable":true,"href":"http:\/\/www.bloguecornella.es\/wordpress\/wp-json\/wp\/v2\/comments?post=2491"}],"version-history":[{"count":5,"href":"http:\/\/www.bloguecornella.es\/wordpress\/wp-json\/wp\/v2\/posts\/2491\/revisions"}],"predecessor-version":[{"id":2550,"href":"http:\/\/www.bloguecornella.es\/wordpress\/wp-json\/wp\/v2\/posts\/2491\/revisions\/2550"}],"wp:featuredmedia":[{"embeddable":true,"href":"http:\/\/www.bloguecornella.es\/wordpress\/wp-json\/wp\/v2\/media\/2547"}],"wp:attachment":[{"href":"http:\/\/www.bloguecornella.es\/wordpress\/wp-json\/wp\/v2\/media?parent=2491"}],"wp:term":[{"taxonomy":"category","embeddable":true,"href":"http:\/\/www.bloguecornella.es\/wordpress\/wp-json\/wp\/v2\/categories?post=2491"},{"taxonomy":"post_tag","embeddable":true,"href":"http:\/\/www.bloguecornella.es\/wordpress\/wp-json\/wp\/v2\/tags?post=2491"}],"curies":[{"name":"wp","href":"https:\/\/api.w.org\/{rel}","templated":true}]}}