{"id":2426,"date":"2025-09-12T12:00:00","date_gmt":"2025-09-12T10:00:00","guid":{"rendered":"http:\/\/www.bloguecornella.es\/wordpress\/?p=2426"},"modified":"2025-09-12T23:57:13","modified_gmt":"2025-09-12T21:57:13","slug":"capitulo-2-25-26-ue-cornella-cf-peralada-estreno-en-casa-para-buscar-el-pleno","status":"publish","type":"post","link":"http:\/\/www.bloguecornella.es\/wordpress\/2025\/09\/12\/capitulo-2-25-26-ue-cornella-cf-peralada-estreno-en-casa-para-buscar-el-pleno\/","title":{"rendered":"Cap\u00edtulo 2 &#8211; 25\/26 &#8211; UE Cornell\u00e0 &#8211; CF Peralada \u00abEstreno en casa para buscar el pleno\u00bb &#8211; Previa"},"content":{"rendered":"\n<p>La UE Cornell\u00e0 vuelve al Municipal de Cornell\u00e0 el pr\u00f3ximo s\u00e1bado 13 de Septiembre para enfrentarse a un rival correoso como es el CF Peralada. El conjunto de la comarca de \u00abL&#8217;Alt Empord\u00e0\u00bb empez\u00f3 la temporada perdiendo contra el CF Badalona, equipo de la comarca del \u00abBarcelon\u00e8s\u00bb, que es candidato a conseguir el ascenso directo y t\u00edtulo esta temporada.<\/p>\n\n\n\n<p><strong>El rival: CF Peralada (13\u00ba &#8211; 0 puntos)<\/strong><\/p>\n\n\n\n<p>El equipo de \u00c0lex Marsal no ha empezado la temporada como deseaban, pero es normal teniendo a un equipo tan potente como lo es el CF Badalona, que solo pudo superarlo con un gol de Josu, de penalti.<\/p>\n\n\n\n<p>El CF Peralada es un rival que nunca es sencillo de doblegar. Las estad\u00edsticas son claras si hablamos de enfrentamientos directos entre el conjunto verde y el del Peralada. Entre los campos municipales de la V\u00eda F\u00e9rrea y el Nou Municipal, <strong>nunca ha conseguido la victoria<\/strong>. Un empate, en el \u00faltimo enfrentamiento la temporada 2018\/19, en la antigua 2\u00aa Divisi\u00f3n B, y cuatro derrotas.<\/p>\n\n\n\n<p>Entre sus filas, cuenta con el ex-jugador verde, Master Omar, quien abandono la disciplina verde, antes de que finalizara el mercado invernal, para recalar en el FC Vilafranca de Liga \u00c9lite, y ahora jugar en las filas del CF Peralada.<\/p>\n\n\n\n<p>El pasado fin de semana, jugo con un 5-4-1. Habr\u00e1 que tener en cuenta a jugadores veteranos como Daniel o Lloren\u00e7 y, en la zaga defensiva, a Bar\u00f3 y Romero.<\/p>\n\n\n\n<p><strong>UE Cornell\u00e0: A buscar el estreno con victoria en el Municipal<\/strong><\/p>\n\n\n\n<p>Tras una victoria muy trabajada por los hombres de Ignasi Senabre, ahora toca volver al Municipal. A ver, de nuevo, al equipo en su casa y buscar esa victoria para obtener el pleno de victorias en esta temporada 2025\/26.<\/p>\n\n\n\n<p>El crecimiento de jugadores como Gerard Gonz\u00e1lez, que est\u00e1 ganando mucho protagonismo que no tuvo la temporada pasada, y Moha Ajani, que se va asentando en el once inicial, sirven como pretexto de lo que podemos ver en el verde est\u00e1 temporada. La pareja Marc Fern\u00e1ndez con V\u00edctor Aliaga y Diego con Gerard hacen que las bandas sean el punto fuerte por el que sacar jugo a las jugadas. La jugada del gol vino de un buen c\u00f3rner sacado por V\u00edctor y rematado perfectamente por Ot Serrano.<\/p>\n\n\n\n<p>Para este partido, el m\u00edster cuenta con todos los efectivos, exceptuando el caso de Alejandro Pereira que, salvo cambio en la convocatoria, sigue recuper\u00e1ndose de su lesi\u00f3n. <\/p>\n\n\n\n<p><strong>XI Titular contra el CF Peralada<\/strong><\/p>\n\n\n\n<p>El once con el que creo que saldr\u00e1 el m\u00edster a jugar el s\u00e1bado ser\u00e1 el siguiente:<\/p>\n\n\n\n<p>POR &#8211; 1 &#8211; Rub\u00e9n Mi\u00f1o (C).<\/p>\n\n\n\n<p>DFC &#8211;  2 &#8211; Diego Garz\u00f3n.<\/p>\n\n\n\n<p>DFC &#8211; 14 &#8211; Gonzalo Pereira.<\/p>\n\n\n\n<p>DFC &#8211; 5 &#8211; Tomas Pe\u00f1alba.<\/p>\n\n\n\n<p>MCD &#8211; 16 &#8211; Moha Ajani.<\/p>\n\n\n\n<p>MI &#8211; 10 &#8211; V\u00edctor Aliaga.<\/p>\n\n\n\n<p>MC &#8211; 6 &#8211; Ot Serrano.<\/p>\n\n\n\n<p>MD &#8211; 3 &#8211; Gerard Gonz\u00e1lez.<\/p>\n\n\n\n<p>EI &#8211; 19 &#8211; Joan Benet<\/p>\n\n\n\n<p>ED &#8211; 12 &#8211; Santi Guzman.<\/p>\n\n\n\n<p>DC &#8211; 9 &#8211; H\u00e9ctor Tejada.<\/p>\n\n\n\n<p><em>Suplentes<\/em>: POR &#8211; 13 &#8211; Isaac Vila, DFC &#8211; 4 &#8211; Iv\u00e1n de la Pe\u00f1a, LAD &#8211; 22 &#8211; Manel Lozano, LAD &#8211; 17 &#8211; D\u00eddac Rodr\u00edguez, MC &#8211; 18 &#8211; Ian Arques, MP &#8211; 7 &#8211; Ibai Reches, DC &#8211; 23 &#8211; Leo dos Reis.<\/p>\n\n\n\n<p><strong>La opini\u00f3n del blog<\/strong><\/p>\n\n\n\n<p>El comienzo con victoria ha sido un b\u00e1lsamo para la afici\u00f3n verde, despu\u00e9s de las dos \u00faltimas temporadas. Ahora viene un rival dif\u00edcil, que es uno de los candidatos a meterse en el play-off de ascenso.<\/p>\n\n\n\n<p>Ahora vendr\u00e1 la primera prueba de fuego de como responde el Municipal para recuperar ese plus que aportaban a\u00f1os atr\u00e1s y llevaban en volandas al equipo del Llobregat.<\/p>\n\n\n\n<p>Este s\u00e1bado, a las 19:30h, os lo contaremos en nuestra cuenta de X, como haciamos la temporada anterior, para buscar la victoria de la UE Cornella.<\/p>\n","protected":false},"excerpt":{"rendered":"<p>La UE Cornell\u00e0 vuelve al Municipal de Cornell\u00e0 el pr\u00f3ximo s\u00e1bado 13 de Septiembre para enfrentarse a un rival correoso como es el CF Peralada. El conjunto de la comarca de \u00abL&#8217;Alt Empord\u00e0\u00bb empez\u00f3 la temporada perdiendo contra el CF Badalona, equipo de la comarca del \u00abBarcelon\u00e8s\u00bb, que es candidato a conseguir el ascenso directo [&hellip;]<\/p>\n","protected":false},"author":1,"featured_media":2440,"comment_status":"open","ping_status":"open","sticky":false,"template":"","format":"standard","meta":{"_eb_attr":"","advanced_seo_description":"","jetpack_seo_html_title":"","jetpack_seo_noindex":false,"jetpack_post_was_ever_published":false,"_jetpack_newsletter_access":"","_jetpack_dont_email_post_to_subs":false,"_jetpack_newsletter_tier_id":0,"_jetpack_memberships_contains_paywalled_content":false,"_jetpack_memberships_contains_paid_content":false,"footnotes":"","jetpack_publicize_message":"","jetpack_publicize_feature_enabled":true,"jetpack_social_post_already_shared":true,"jetpack_social_options":{"image_generator_settings":{"template":"highway","default_image_id":0,"font":"","enabled":false},"version":2}},"categories":[14,71,69,51],"tags":[31,65,66,54],"class_list":["post-2426","post","type-post","status-publish","format-standard","has-post-thumbnail","hentry","category-previa-partido","category-temporada-2025-26","category-tercera-federacion-grupo-v","category-ue-cornella","tag-previa","tag-temporada-2025-26","tag-tercera-federacion-grupo-v","tag-ue-cornella"],"jetpack_publicize_connections":[],"jetpack_featured_media_url":"https:\/\/i0.wp.com\/www.bloguecornella.es\/wordpress\/wp-content\/uploads\/2025\/09\/previa-partido-j2-ue-cornella-cf-peralada.png?fit=940%2C520","jetpack_sharing_enabled":true,"jetpack-related-posts":[{"id":3670,"url":"http:\/\/www.bloguecornella.es\/wordpress\/2026\/01\/23\/previa-capitulo-19-cf-peralada-ue-cornella-viaje-dificil-del-cornella-para-seguir-lider\/","url_meta":{"origin":2426,"position":0},"title":"Previa cap\u00edtulo 19 &#8211; CF Peralada &#8211; UE Cornell\u00e0 \u00abViaje dif\u00edcil del Cornell\u00e0 para seguir l\u00edder\u00bb","author":"bloguecornella","date":"23 de enero de 2026","format":false,"excerpt":"La UE Cornell\u00e0 viaja este domingo a l'Alt Emporda con el objetivo de mantener el liderato que tantas jornadas le ha costado conseguir, contra un rival que, pese a no estar en su mejor momento, es un claro candidato a la zona noble de la tabla. Hablamos del CF Peralada.\u2026","rel":"","context":"En \u00abPrevia partido\u00bb","block_context":{"text":"Previa partido","link":"http:\/\/www.bloguecornella.es\/wordpress\/category\/previa-partido\/"},"img":{"alt_text":"","src":"https:\/\/i0.wp.com\/www.bloguecornella.es\/wordpress\/wp-content\/uploads\/2026\/01\/J19-CF-Peralada-UE-Cornella.png?fit=940%2C520&resize=350%2C200","width":350,"height":200,"srcset":"https:\/\/i0.wp.com\/www.bloguecornella.es\/wordpress\/wp-content\/uploads\/2026\/01\/J19-CF-Peralada-UE-Cornella.png?fit=940%2C520&resize=350%2C200 1x, https:\/\/i0.wp.com\/www.bloguecornella.es\/wordpress\/wp-content\/uploads\/2026\/01\/J19-CF-Peralada-UE-Cornella.png?fit=940%2C520&resize=525%2C300 1.5x, https:\/\/i0.wp.com\/www.bloguecornella.es\/wordpress\/wp-content\/uploads\/2026\/01\/J19-CF-Peralada-UE-Cornella.png?fit=940%2C520&resize=700%2C400 2x"},"classes":[]},{"id":2720,"url":"http:\/\/www.bloguecornella.es\/wordpress\/2025\/10\/10\/previa-capitulo-6-3-rfef-ue-cornella-can-vidalet-cf-la-victoria-como-obligacion\/","url_meta":{"origin":2426,"position":1},"title":"Previa &#8211; Cap\u00edtulo 6 &#8211; 3 RFEF &#8211; UE Cornell\u00e0 &#8211; Can Vidalet CF &#8211; \u00abLa victoria como obligaci\u00f3n\u00bb","author":"bloguecornella","date":"10 de octubre de 2025","format":false,"excerpt":"Tras la debacle del partido contra el CF Badalona, la UE Cornell\u00e0 vuelve al Municipal para enfrentarse a un reci\u00e9n ascendido como es el Can Vidalet CF. Y, con esto, hablamos del \u00fanico derbi nacional en la comarca del Baix Llobregat. El rival: Can Vidalet CF (13\u00ba - 5 puntos)\u2026","rel":"","context":"En \u00abPrevia partido\u00bb","block_context":{"text":"Previa partido","link":"http:\/\/www.bloguecornella.es\/wordpress\/category\/previa-partido\/"},"img":{"alt_text":"","src":"https:\/\/i0.wp.com\/www.bloguecornella.es\/wordpress\/wp-content\/uploads\/2025\/10\/J6-UE-Cornella-CF-Can-Vidalet-1.png?fit=940%2C520&resize=350%2C200","width":350,"height":200,"srcset":"https:\/\/i0.wp.com\/www.bloguecornella.es\/wordpress\/wp-content\/uploads\/2025\/10\/J6-UE-Cornella-CF-Can-Vidalet-1.png?fit=940%2C520&resize=350%2C200 1x, https:\/\/i0.wp.com\/www.bloguecornella.es\/wordpress\/wp-content\/uploads\/2025\/10\/J6-UE-Cornella-CF-Can-Vidalet-1.png?fit=940%2C520&resize=525%2C300 1.5x, https:\/\/i0.wp.com\/www.bloguecornella.es\/wordpress\/wp-content\/uploads\/2025\/10\/J6-UE-Cornella-CF-Can-Vidalet-1.png?fit=940%2C520&resize=700%2C400 2x"},"classes":[]},{"id":2867,"url":"http:\/\/www.bloguecornella.es\/wordpress\/2025\/10\/29\/copa-catalunya-2026-la-ue-cornella-espera-rival-para-la-6a-eliminatoria\/","url_meta":{"origin":2426,"position":2},"title":"Copa Catalunya 2026 : La UE Cornell\u00e0, espera rival para la 6\u00aa eliminatoria.","author":"bloguecornella","date":"29 de octubre de 2025","format":false,"excerpt":"Como hablamos la semana pasada de la Copa Catalunya Femenina en el siguiente enlace, toca hablar de la Copa Catalunya masculina, que est\u00e9 mi\u00e9rcoles 29 de Octubre, comienza la 5\u00aa eliminatoria de la Copa Catalunya 2026 masculina y de la que la UE Cornell\u00e0 esperara rival para enfrentarse, en campo\u2026","rel":"","context":"En \u00abCopa Catalunya\u00bb","block_context":{"text":"Copa Catalunya","link":"http:\/\/www.bloguecornella.es\/wordpress\/category\/copa-catalunya\/"},"img":{"alt_text":"","src":"https:\/\/i0.wp.com\/www.bloguecornella.es\/wordpress\/wp-content\/uploads\/2025\/10\/Rivales-UE-Cornella-en-6a-Eliminatoria.png?fit=940%2C529&resize=350%2C200","width":350,"height":200,"srcset":"https:\/\/i0.wp.com\/www.bloguecornella.es\/wordpress\/wp-content\/uploads\/2025\/10\/Rivales-UE-Cornella-en-6a-Eliminatoria.png?fit=940%2C529&resize=350%2C200 1x, https:\/\/i0.wp.com\/www.bloguecornella.es\/wordpress\/wp-content\/uploads\/2025\/10\/Rivales-UE-Cornella-en-6a-Eliminatoria.png?fit=940%2C529&resize=525%2C300 1.5x, https:\/\/i0.wp.com\/www.bloguecornella.es\/wordpress\/wp-content\/uploads\/2025\/10\/Rivales-UE-Cornella-en-6a-Eliminatoria.png?fit=940%2C529&resize=700%2C400 2x"},"classes":[]},{"id":3729,"url":"http:\/\/www.bloguecornella.es\/wordpress\/2026\/01\/26\/cronica-capitulo-19-cf-peralada-3-0-ue-cornella-dominio-del-perlada-sobre-un-cornella-inexistente\/","url_meta":{"origin":2426,"position":3},"title":"Cr\u00f3nica cap\u00edtulo 19 &#8211; CF Peralada 3-0 UE Cornell\u00e0 \u00abDominio del Perlada sobre un Cornell\u00e0 inexistente\u00bb","author":"bloguecornella","date":"26 de enero de 2026","format":false,"excerpt":"Tuvo que llegar, y de la forma m\u00e1s cruel. Un Cornell\u00e0, borrado en la segunda parte, pierde por un contundente 3-0 en el Municipal de Peralada y, pese a este resultado, sigue l\u00edder en la Tercera Federaci\u00f3n. Resumen partido Ignasi puso en el once inicial a Tom\u00e1s y Alejandro Pereira\u2026","rel":"","context":"En \u00abTemporada 2025\/26\u00bb","block_context":{"text":"Temporada 2025\/26","link":"http:\/\/www.bloguecornella.es\/wordpress\/category\/temporada-2025-26\/"},"img":{"alt_text":"","src":"https:\/\/i0.wp.com\/www.bloguecornella.es\/wordpress\/wp-content\/uploads\/2026\/01\/img_5931.jpg?fit=1200%2C676&resize=350%2C200","width":350,"height":200,"srcset":"https:\/\/i0.wp.com\/www.bloguecornella.es\/wordpress\/wp-content\/uploads\/2026\/01\/img_5931.jpg?fit=1200%2C676&resize=350%2C200 1x, https:\/\/i0.wp.com\/www.bloguecornella.es\/wordpress\/wp-content\/uploads\/2026\/01\/img_5931.jpg?fit=1200%2C676&resize=525%2C300 1.5x, https:\/\/i0.wp.com\/www.bloguecornella.es\/wordpress\/wp-content\/uploads\/2026\/01\/img_5931.jpg?fit=1200%2C676&resize=700%2C400 2x, https:\/\/i0.wp.com\/www.bloguecornella.es\/wordpress\/wp-content\/uploads\/2026\/01\/img_5931.jpg?fit=1200%2C676&resize=1050%2C600 3x"},"classes":[]},{"id":3793,"url":"http:\/\/www.bloguecornella.es\/wordpress\/2026\/02\/06\/previa-capitulo-21-montanesa-cf-ue-cornella-derribar-el-muro-de-nou-barris-para-llegar-lider-contra-el-badalona\/","url_meta":{"origin":2426,"position":4},"title":"Previa cap\u00edtulo 21 &#8211; Monta\u00f1esa CF &#8211; UE Cornell\u00e0 \u00abDerribar el muro de Nou Barris para llegar l\u00edder contra el Badalona\u00bb","author":"bloguecornella","date":"6 de febrero de 2026","format":false,"excerpt":"Llega una nueva jornada de liga y una nueva oportunidad de poder seguir en el liderato de esta apasionante Tercera Federaci\u00f3n. Esta vez, la UE Cornell\u00e0 viaja a Nou Barris para enfrentarse a un club siempre complicado, como es la Monta\u00f1esa. El rival: Monta\u00f1esa CF (12\u00ba posici\u00f3n - 22 puntos)\u2026","rel":"","context":"En \u00abPrevia partido\u00bb","block_context":{"text":"Previa partido","link":"http:\/\/www.bloguecornella.es\/wordpress\/category\/previa-partido\/"},"img":{"alt_text":"","src":"https:\/\/i0.wp.com\/www.bloguecornella.es\/wordpress\/wp-content\/uploads\/2026\/02\/J21-Montanesa-UE-Cornella.png?fit=940%2C520&resize=350%2C200","width":350,"height":200,"srcset":"https:\/\/i0.wp.com\/www.bloguecornella.es\/wordpress\/wp-content\/uploads\/2026\/02\/J21-Montanesa-UE-Cornella.png?fit=940%2C520&resize=350%2C200 1x, https:\/\/i0.wp.com\/www.bloguecornella.es\/wordpress\/wp-content\/uploads\/2026\/02\/J21-Montanesa-UE-Cornella.png?fit=940%2C520&resize=525%2C300 1.5x, https:\/\/i0.wp.com\/www.bloguecornella.es\/wordpress\/wp-content\/uploads\/2026\/02\/J21-Montanesa-UE-Cornella.png?fit=940%2C520&resize=700%2C400 2x"},"classes":[]},{"id":2591,"url":"http:\/\/www.bloguecornella.es\/wordpress\/2025\/09\/26\/capitulo-4-ue-cornella-montanesa-cf-previa-buscar-la-primera-en-casa\/","url_meta":{"origin":2426,"position":5},"title":"Cap\u00edtulo 4 &#8211; UE Cornell\u00e0 &#8211; Monta\u00f1esa CF &#8211; Previa \u00abBuscar la primera en casa\u00bb","author":"bloguecornella","date":"26 de septiembre de 2025","format":false,"excerpt":"La UE Cornell\u00e0 vuelve a jugar partido en casa y, esta vez, su rival ser\u00e1 la Monta\u00f1esa de Axel Vizuete, en lo que ser\u00e1 el cap\u00edtulo n\u00famero 4 de est\u00e1 Tercera Federaci\u00f3n masculina, en su grupo 5. El rival: CF Monta\u00f1esa (7\u00ba - 5 puntos) La Monta\u00f1esa siempre es un\u2026","rel":"","context":"En \u00abPrevia partido\u00bb","block_context":{"text":"Previa partido","link":"http:\/\/www.bloguecornella.es\/wordpress\/category\/previa-partido\/"},"img":{"alt_text":"","src":"https:\/\/i0.wp.com\/www.bloguecornella.es\/wordpress\/wp-content\/uploads\/2025\/09\/J3-Cerdanyola-del-Valles-FC-UE-Cornella-1.png?fit=940%2C520&resize=350%2C200","width":350,"height":200,"srcset":"https:\/\/i0.wp.com\/www.bloguecornella.es\/wordpress\/wp-content\/uploads\/2025\/09\/J3-Cerdanyola-del-Valles-FC-UE-Cornella-1.png?fit=940%2C520&resize=350%2C200 1x, https:\/\/i0.wp.com\/www.bloguecornella.es\/wordpress\/wp-content\/uploads\/2025\/09\/J3-Cerdanyola-del-Valles-FC-UE-Cornella-1.png?fit=940%2C520&resize=525%2C300 1.5x, https:\/\/i0.wp.com\/www.bloguecornella.es\/wordpress\/wp-content\/uploads\/2025\/09\/J3-Cerdanyola-del-Valles-FC-UE-Cornella-1.png?fit=940%2C520&resize=700%2C400 2x"},"classes":[]}],"_links":{"self":[{"href":"http:\/\/www.bloguecornella.es\/wordpress\/wp-json\/wp\/v2\/posts\/2426","targetHints":{"allow":["GET"]}}],"collection":[{"href":"http:\/\/www.bloguecornella.es\/wordpress\/wp-json\/wp\/v2\/posts"}],"about":[{"href":"http:\/\/www.bloguecornella.es\/wordpress\/wp-json\/wp\/v2\/types\/post"}],"author":[{"embeddable":true,"href":"http:\/\/www.bloguecornella.es\/wordpress\/wp-json\/wp\/v2\/users\/1"}],"replies":[{"embeddable":true,"href":"http:\/\/www.bloguecornella.es\/wordpress\/wp-json\/wp\/v2\/comments?post=2426"}],"version-history":[{"count":3,"href":"http:\/\/www.bloguecornella.es\/wordpress\/wp-json\/wp\/v2\/posts\/2426\/revisions"}],"predecessor-version":[{"id":2443,"href":"http:\/\/www.bloguecornella.es\/wordpress\/wp-json\/wp\/v2\/posts\/2426\/revisions\/2443"}],"wp:featuredmedia":[{"embeddable":true,"href":"http:\/\/www.bloguecornella.es\/wordpress\/wp-json\/wp\/v2\/media\/2440"}],"wp:attachment":[{"href":"http:\/\/www.bloguecornella.es\/wordpress\/wp-json\/wp\/v2\/media?parent=2426"}],"wp:term":[{"taxonomy":"category","embeddable":true,"href":"http:\/\/www.bloguecornella.es\/wordpress\/wp-json\/wp\/v2\/categories?post=2426"},{"taxonomy":"post_tag","embeddable":true,"href":"http:\/\/www.bloguecornella.es\/wordpress\/wp-json\/wp\/v2\/tags?post=2426"}],"curies":[{"name":"wp","href":"https:\/\/api.w.org\/{rel}","templated":true}]}}