{"id":2405,"date":"2025-09-07T10:00:00","date_gmt":"2025-09-07T08:00:00","guid":{"rendered":"http:\/\/www.bloguecornella.es\/wordpress\/?p=2405"},"modified":"2025-09-07T02:17:10","modified_gmt":"2025-09-07T00:17:10","slug":"cronica-capitulo-1-uec-vic-0-1-ue-cornella-solidez-y-victoria-para-la-ue-cornella","status":"publish","type":"post","link":"http:\/\/www.bloguecornella.es\/wordpress\/2025\/09\/07\/cronica-capitulo-1-uec-vic-0-1-ue-cornella-solidez-y-victoria-para-la-ue-cornella\/","title":{"rendered":"Cr\u00f3nica cap\u00edtulo 1: UEC Vic 0-1 UE Cornell\u00e0 \u00abSolidez y victoria para la UE Cornell\u00e0\u00bb"},"content":{"rendered":"\n<p>La UE Cornell\u00e0 consigue la primera victoria del curso con gol de Ot Serrano en el minuto 71 de partido, tras un c\u00f3rner r\u00e1pido de V\u00edctor Aliaga que ha dejado solo en la frontal al delantero cornellanense para batir al portero de la UE Vic.<\/p>\n\n\n\n<p>El primer once inicial de la era de Ignasi Senabre mantiene el 3-4-3 a los que nos tiene acostumbrado, con la \u00fanica diferencia, respecto al \u00faltimo partido de pretemporada, en el que Leo y Gerard, entraron por Tomas y H\u00e9ctor Tejada.<\/p>\n\n\n\n<p>El comienzo ha sido dominio absoluto de la UE Vic, con una primera jugada en el primer minuto en el que un error defensivo provoco que tuviera que entrar Rub\u00e9n para parar el remate de Ignasi. Los primeros 5 minutos de partido tenia el control de la UE Vic y se empez\u00f3 a acercar la UE Cornell\u00e0 con una buena jugada de Leo con Santi y chute desde la frontal de V\u00edctor Aliaga.<\/p>\n\n\n\n<figure class=\"wp-block-image aligncenter size-large is-resized\"><img data-recalc-dims=\"1\" loading=\"lazy\" decoding=\"async\" width=\"1024\" height=\"576\" src=\"https:\/\/i0.wp.com\/www.bloguecornella.es\/wordpress\/wp-content\/uploads\/2025\/09\/DJI_20250906_173843_706.jpg?resize=1024%2C576\" alt=\"\" class=\"wp-image-2407\" style=\"width:455px;height:auto\" srcset=\"https:\/\/i0.wp.com\/www.bloguecornella.es\/wordpress\/wp-content\/uploads\/2025\/09\/DJI_20250906_173843_706-scaled.jpg?resize=1024%2C576 1024w, https:\/\/i0.wp.com\/www.bloguecornella.es\/wordpress\/wp-content\/uploads\/2025\/09\/DJI_20250906_173843_706-scaled.jpg?resize=300%2C169 300w, https:\/\/i0.wp.com\/www.bloguecornella.es\/wordpress\/wp-content\/uploads\/2025\/09\/DJI_20250906_173843_706-scaled.jpg?resize=768%2C432 768w, https:\/\/i0.wp.com\/www.bloguecornella.es\/wordpress\/wp-content\/uploads\/2025\/09\/DJI_20250906_173843_706-scaled.jpg?resize=1536%2C864 1536w, https:\/\/i0.wp.com\/www.bloguecornella.es\/wordpress\/wp-content\/uploads\/2025\/09\/DJI_20250906_173843_706-scaled.jpg?resize=2048%2C1152 2048w, https:\/\/i0.wp.com\/www.bloguecornella.es\/wordpress\/wp-content\/uploads\/2025\/09\/DJI_20250906_173843_706-scaled.jpg?resize=128%2C72 128w, https:\/\/i0.wp.com\/www.bloguecornella.es\/wordpress\/wp-content\/uploads\/2025\/09\/DJI_20250906_173843_706-scaled.jpg?resize=32%2C18 32w\" sizes=\"auto, (max-width: 1000px) 100vw, 1000px\" \/><\/figure>\n\n\n\n<p>A partir de ah\u00ed, y con un arrollador desfile de tarjetas del \u00e1rbitro del encuentro (10 tarjetas amarillas repartidas a partes iguales), la UE Cornell\u00e0 se empez\u00f3 a encontrar m\u00e1s c\u00f3modo y controlar el partido. Un chute de Marc desde la frontal y un intento de Gonzalo desde el medio de campo, las primera aproximaciones y con un posible penalti, a favor de la UE Vic, en el minuto 18 de partido.<\/p>\n\n\n\n<p>En la primera parte, destacamos las combinaciones entre V\u00edctor y Santi y Diego con Gerard, que hace que las jugadas salgan por la banda y puedan sumar m\u00e1s opciones de gol.<\/p>\n\n\n\n<figure class=\"wp-block-image aligncenter size-large is-resized\"><img data-recalc-dims=\"1\" loading=\"lazy\" decoding=\"async\" width=\"1024\" height=\"768\" src=\"https:\/\/i0.wp.com\/www.bloguecornella.es\/wordpress\/wp-content\/uploads\/2025\/09\/IMG_3081.jpeg?resize=1024%2C768\" alt=\"\" class=\"wp-image-2408\" style=\"width:472px;height:auto\" srcset=\"https:\/\/i0.wp.com\/www.bloguecornella.es\/wordpress\/wp-content\/uploads\/2025\/09\/IMG_3081.jpeg?resize=1024%2C768 1024w, https:\/\/i0.wp.com\/www.bloguecornella.es\/wordpress\/wp-content\/uploads\/2025\/09\/IMG_3081.jpeg?resize=300%2C225 300w, https:\/\/i0.wp.com\/www.bloguecornella.es\/wordpress\/wp-content\/uploads\/2025\/09\/IMG_3081.jpeg?resize=768%2C576 768w, https:\/\/i0.wp.com\/www.bloguecornella.es\/wordpress\/wp-content\/uploads\/2025\/09\/IMG_3081.jpeg?resize=1536%2C1152 1536w, https:\/\/i0.wp.com\/www.bloguecornella.es\/wordpress\/wp-content\/uploads\/2025\/09\/IMG_3081.jpeg?resize=128%2C96 128w, https:\/\/i0.wp.com\/www.bloguecornella.es\/wordpress\/wp-content\/uploads\/2025\/09\/IMG_3081.jpeg?resize=32%2C24 32w, https:\/\/i0.wp.com\/www.bloguecornella.es\/wordpress\/wp-content\/uploads\/2025\/09\/IMG_3081.jpeg?w=2048 2048w\" sizes=\"auto, (max-width: 1000px) 100vw, 1000px\" \/><\/figure>\n\n\n\n<p>En la segunda parte, el dominio volvi\u00f3 a ser de la UE Vic con unos muy buenos minutos en los que han tenido algunas ocasiones. La segunda parte, transcurri\u00f3 sin transcendencia hasta que en el minuto 63 empez\u00f3 a jugar la UE Cornell\u00e0 con una jugada de Leo, Santi y Marc en el que casi llega para poder marcar el primero del partido.<\/p>\n\n\n\n<p>La entrada de H\u00e9ctor e Ibai aporto ese toque de frescura y disfruto de unos buenos minutos la UE Cornell\u00e0 y en el que llego la jugada del partido. De un c\u00f3rner, saca r\u00e1pido V\u00edctor Aliaga para Ot Serrano, que se prepara, dispara y lanza el gol que dar\u00eda, a posterior, la victoria de la UE Cornell\u00e0.<\/p>\n\n\n\n<p><a href=\"https:\/\/youtu.be\/b-DnfbFyJ2o\" data-type=\"link\" data-id=\"https:\/\/youtu.be\/b-DnfbFyJ2o\" target=\"_blank\" rel=\"noreferrer noopener\">Escucha la retransmisi\u00f3n del gol: Minuto 71 &#8211; Gol UE Cornell\u00e0 &#8211; 0-1 &#8211; Ot Serrano<\/a>.<\/p>\n\n\n\n<p>El gol da un bal\u00f3n de oxigeno ante una UE Vic que ha sabido defender bien y que ahora era el turno del conjunto local de luchar por la victoria y en el minuto 80 ha tenido la ocasi\u00f3n de gol m\u00e1s clara en la que Chema chuta fuera, en un mano a mano con Rub\u00e9n Mi\u00f1o, en el que podr\u00eda haber empatado el partido.<\/p>\n\n\n\n<p>La UE Cornell\u00e0 se lleva la 1\u00aa victoria de la temporada, y el pr\u00f3ximo partido ser\u00e1 el s\u00e1bado 13 de Septiembre, a las 19:30, en el Municipal de Cornell\u00e0.<\/p>\n\n\n\n<p>Por \u00faltimo, destacar el buen ambiente vivido en el Estadi Municipal Hipolit Planas de Vic y agradecimiento al equipo de comunicaci\u00f3n de la UE Vic. Nos vemos en el Municipal.<\/p>\n","protected":false},"excerpt":{"rendered":"<p>La UE Cornell\u00e0 consigue la primera victoria del curso con gol de Ot Serrano en el minuto 71 de partido, tras un c\u00f3rner r\u00e1pido de V\u00edctor Aliaga que ha dejado solo en la frontal al delantero cornellanense para batir al portero de la UE Vic. El primer once inicial de la era de Ignasi Senabre [&hellip;]<\/p>\n","protected":false},"author":1,"featured_media":2410,"comment_status":"open","ping_status":"open","sticky":false,"template":"","format":"standard","meta":{"_eb_attr":"","advanced_seo_description":"","jetpack_seo_html_title":"","jetpack_seo_noindex":false,"jetpack_post_was_ever_published":false,"_jetpack_newsletter_access":"","_jetpack_dont_email_post_to_subs":false,"_jetpack_newsletter_tier_id":0,"_jetpack_memberships_contains_paywalled_content":false,"_jetpack_memberships_contains_paid_content":false,"footnotes":"","jetpack_publicize_message":"","jetpack_publicize_feature_enabled":true,"jetpack_social_post_already_shared":true,"jetpack_social_options":{"image_generator_settings":{"template":"highway","default_image_id":0,"font":"","enabled":false},"version":2}},"categories":[93,161,71,69,51],"tags":[146,131,65,66,54],"class_list":["post-2405","post","type-post","status-publish","format-standard","has-post-thumbnail","hentry","category-ignasi-senabria","category-ot-serrano","category-temporada-2025-26","category-tercera-federacion-grupo-v","category-ue-cornella","tag-ignasi-senabre","tag-ot-serrano","tag-temporada-2025-26","tag-tercera-federacion-grupo-v","tag-ue-cornella"],"jetpack_publicize_connections":[],"jetpack_featured_media_url":"https:\/\/i0.wp.com\/www.bloguecornella.es\/wordpress\/wp-content\/uploads\/2025\/09\/IMG_3072.jpeg?fit=2048%2C1536","jetpack_sharing_enabled":true,"jetpack-related-posts":[{"id":2043,"url":"http:\/\/www.bloguecornella.es\/wordpress\/2025\/07\/31\/11-ot-serrano-vuelve-a-cornella-con-hambre-de-victoria\/","url_meta":{"origin":2405,"position":0},"title":"#11 OT Serrano: Vuelve a Cornell\u00e0, con hambre de victoria","author":"bloguecornella","date":"31 de julio de 2025","format":false,"excerpt":"El \u00faltimo fichaje de la armada verde tiene sabor a casa. El jugador, residente en Cornell\u00e0 y con pasado en las categor\u00edas inferiores, OT Serrano, vuelve para ser parte del once inicial del club verde. Viene del CF Badalona, y tiene una amplia experiencia en clubes de Tercera Federaci\u00f3n y\u2026","rel":"","context":"En \u00abFichaje\u00bb","block_context":{"text":"Fichaje","link":"http:\/\/www.bloguecornella.es\/wordpress\/category\/fichaje\/"},"img":{"alt_text":"","src":"https:\/\/i0.wp.com\/www.bloguecornella.es\/wordpress\/wp-content\/uploads\/2025\/07\/11-OT-Serrano.png?fit=940%2C529&resize=350%2C200","width":350,"height":200,"srcset":"https:\/\/i0.wp.com\/www.bloguecornella.es\/wordpress\/wp-content\/uploads\/2025\/07\/11-OT-Serrano.png?fit=940%2C529&resize=350%2C200 1x, https:\/\/i0.wp.com\/www.bloguecornella.es\/wordpress\/wp-content\/uploads\/2025\/07\/11-OT-Serrano.png?fit=940%2C529&resize=525%2C300 1.5x, https:\/\/i0.wp.com\/www.bloguecornella.es\/wordpress\/wp-content\/uploads\/2025\/07\/11-OT-Serrano.png?fit=940%2C529&resize=700%2C400 2x"},"classes":[]},{"id":2564,"url":"http:\/\/www.bloguecornella.es\/wordpress\/2025\/09\/21\/cronica-capitulo-3-cerdanyola-del-valles-fc-1-2-ue-cornella-ot-salva-los-3-puntos-y-seguimos-en-el-peloton\/","url_meta":{"origin":2405,"position":1},"title":"Cr\u00f3nica Cap\u00edtulo 3: Cerdanyola del Valles FC 1 &#8211; 2 UE Cornell\u00e0 \u00abOt salva los 3 puntos y seguimos en el pelot\u00f3n\u00bb","author":"bloguecornella","date":"21 de septiembre de 2025","format":false,"excerpt":"La UE Cornell\u00e0 logra una victoria, que se ha puesto cuesta arriba en la segunda parte y que Ot, con otro golazo, salva a falta de 5 minutos para finalizar el partido Resumen del partido En el once de Ignasi Senabre, se introducen varios cambios respecto a la semana anterior.\u2026","rel":"","context":"En \u00abOt Serrano\u00bb","block_context":{"text":"Ot Serrano","link":"http:\/\/www.bloguecornella.es\/wordpress\/category\/ot-serrano\/"},"img":{"alt_text":"","src":"https:\/\/i0.wp.com\/www.bloguecornella.es\/wordpress\/wp-content\/uploads\/2025\/09\/img_3465.jpg?fit=1200%2C900&resize=350%2C200","width":350,"height":200,"srcset":"https:\/\/i0.wp.com\/www.bloguecornella.es\/wordpress\/wp-content\/uploads\/2025\/09\/img_3465.jpg?fit=1200%2C900&resize=350%2C200 1x, https:\/\/i0.wp.com\/www.bloguecornella.es\/wordpress\/wp-content\/uploads\/2025\/09\/img_3465.jpg?fit=1200%2C900&resize=525%2C300 1.5x, https:\/\/i0.wp.com\/www.bloguecornella.es\/wordpress\/wp-content\/uploads\/2025\/09\/img_3465.jpg?fit=1200%2C900&resize=700%2C400 2x, https:\/\/i0.wp.com\/www.bloguecornella.es\/wordpress\/wp-content\/uploads\/2025\/09\/img_3465.jpg?fit=1200%2C900&resize=1050%2C600 3x"},"classes":[]},{"id":2355,"url":"http:\/\/www.bloguecornella.es\/wordpress\/2025\/08\/29\/5-pretemporada-25-26-uec-ue-cornella-ue-sant-andreu-previa\/","url_meta":{"origin":2405,"position":2},"title":"#5 Pretemporada 25\/26 UEC &#8211; UE Cornell\u00e0 &#8211; UE Sant Andreu &#8211; Previa","author":"bloguecornella","date":"29 de agosto de 2025","format":false,"excerpt":"La UE Cornell\u00e0 afronta el \u00faltimo partido de pretemporada, antes del comienzo liguero el pr\u00f3ximo s\u00e1bado 06\/09\/2025 en Vic, contra la UE Sant Andreu, equipo de Segunda Federaci\u00f3n y el rival, a priori, mas complicado en lo que llevamos de pretemporada. El conjunto de Ignasi Senabre afronta el partido con\u2026","rel":"","context":"En \u00abPretemporada - 2025\/26\u00bb","block_context":{"text":"Pretemporada - 2025\/26","link":"http:\/\/www.bloguecornella.es\/wordpress\/category\/pretemporada-2025-26\/"},"img":{"alt_text":"","src":"https:\/\/i0.wp.com\/www.bloguecornella.es\/wordpress\/wp-content\/uploads\/2025\/08\/Previa-5-UE-Cornella-UE-Sant-Andreu.png?fit=940%2C520&resize=350%2C200","width":350,"height":200,"srcset":"https:\/\/i0.wp.com\/www.bloguecornella.es\/wordpress\/wp-content\/uploads\/2025\/08\/Previa-5-UE-Cornella-UE-Sant-Andreu.png?fit=940%2C520&resize=350%2C200 1x, https:\/\/i0.wp.com\/www.bloguecornella.es\/wordpress\/wp-content\/uploads\/2025\/08\/Previa-5-UE-Cornella-UE-Sant-Andreu.png?fit=940%2C520&resize=525%2C300 1.5x, https:\/\/i0.wp.com\/www.bloguecornella.es\/wordpress\/wp-content\/uploads\/2025\/08\/Previa-5-UE-Cornella-UE-Sant-Andreu.png?fit=940%2C520&resize=700%2C400 2x"},"classes":[]},{"id":2383,"url":"http:\/\/www.bloguecornella.es\/wordpress\/2025\/09\/05\/capitulo-1-25-26-ue-vic-ue-cornella-con-todo-y-a-por-todo\/","url_meta":{"origin":2405,"position":3},"title":"Cap\u00edtulo 1 &#8211; 25\/26 &#8211; UE Vic &#8211; UE Cornell\u00e0 &#8211; \u00abCon todo y a por todo\u00bb","author":"bloguecornella","date":"5 de septiembre de 2025","format":false,"excerpt":"132 d\u00edas despu\u00e9s de consumar el segundo descenso consecutivo, vuelve la previa de un partido oficial de Liga de la UE Cornell\u00e0. Arranca la temporada 2025\/26 en la Tercera Federaci\u00f3n (5\u00ba escal\u00f3n del f\u00fatbol nacional) donde la UE Cornell\u00e0 quiere volver a sus or\u00edgenes y volver a ser ese equipo\u2026","rel":"","context":"En \u00abHector Tejada\u00bb","block_context":{"text":"Hector Tejada","link":"http:\/\/www.bloguecornella.es\/wordpress\/category\/hector-tejada\/"},"img":{"alt_text":"","src":"https:\/\/i0.wp.com\/www.bloguecornella.es\/wordpress\/wp-content\/uploads\/2025\/09\/J1-UE-Vic-UE-Cornella.png?fit=940%2C520&resize=350%2C200","width":350,"height":200,"srcset":"https:\/\/i0.wp.com\/www.bloguecornella.es\/wordpress\/wp-content\/uploads\/2025\/09\/J1-UE-Vic-UE-Cornella.png?fit=940%2C520&resize=350%2C200 1x, https:\/\/i0.wp.com\/www.bloguecornella.es\/wordpress\/wp-content\/uploads\/2025\/09\/J1-UE-Vic-UE-Cornella.png?fit=940%2C520&resize=525%2C300 1.5x, https:\/\/i0.wp.com\/www.bloguecornella.es\/wordpress\/wp-content\/uploads\/2025\/09\/J1-UE-Vic-UE-Cornella.png?fit=940%2C520&resize=700%2C400 2x"},"classes":[]},{"id":2346,"url":"http:\/\/www.bloguecornella.es\/wordpress\/2025\/09\/04\/entrevista-entrenador-ue-cornella-ignasi-senabre-recuperar-la-esencia-de-que-sufran-cuando-juegan-contra-el-cornella\/","url_meta":{"origin":2405,"position":4},"title":"Entrevista entrenador UE Cornell\u00e0 &#8211; Ignasi Senabre: \u00abRecuperar esa esencia de que sufran cuando jueguen contra la UE Cornell\u00e0\u00bb","author":"bloguecornella","date":"4 de septiembre de 2025","format":false,"excerpt":"Hemos tenido el placer de poder hablar con el entrenador y director deportivo de la UE Cornell\u00e0, Ignasi Senabre, antes del inicio de temporada que est\u00e1 previsto para el pr\u00f3ximo d\u00eda 6 de Septiembre, a las 18:00h, en el Estadi Hipolit Planas contra la UE Vic. Agradecer, antes de la\u2026","rel":"","context":"En \u00abEntrevista\u00bb","block_context":{"text":"Entrevista","link":"http:\/\/www.bloguecornella.es\/wordpress\/category\/entrevista\/"},"img":{"alt_text":"","src":"https:\/\/i0.wp.com\/www.bloguecornella.es\/wordpress\/wp-content\/uploads\/2025\/09\/IMG_2949.jpeg?fit=1200%2C900&resize=350%2C200","width":350,"height":200,"srcset":"https:\/\/i0.wp.com\/www.bloguecornella.es\/wordpress\/wp-content\/uploads\/2025\/09\/IMG_2949.jpeg?fit=1200%2C900&resize=350%2C200 1x, https:\/\/i0.wp.com\/www.bloguecornella.es\/wordpress\/wp-content\/uploads\/2025\/09\/IMG_2949.jpeg?fit=1200%2C900&resize=525%2C300 1.5x, https:\/\/i0.wp.com\/www.bloguecornella.es\/wordpress\/wp-content\/uploads\/2025\/09\/IMG_2949.jpeg?fit=1200%2C900&resize=700%2C400 2x, https:\/\/i0.wp.com\/www.bloguecornella.es\/wordpress\/wp-content\/uploads\/2025\/09\/IMG_2949.jpeg?fit=1200%2C900&resize=1050%2C600 3x"},"classes":[]},{"id":3586,"url":"http:\/\/www.bloguecornella.es\/wordpress\/2026\/01\/16\/previa-capitulo-18-ue-cornella-uec-vic\/","url_meta":{"origin":2405,"position":5},"title":"Previa cap\u00edtulo 18 &#8211; UE Cornell\u00e0 &#8211; UE Vic \u00abArrancar la 2a vuelta con victoria\u00bb","author":"bloguecornella","date":"16 de enero de 2026","format":false,"excerpt":"Esta semana, dar\u00e1 comienzo la segunda vuelta del campeonato de Tercera Federaci\u00f3n masculina, con un partidazo en el Municipal de Cornell\u00e0 el pr\u00f3ximo s\u00e1bado 17 de enero a las 18h. Su rival, la UE Vic. El rival: UE Vic (15\u00ba - 15 puntos) La temporada se le est\u00e1 haciendo larga\u2026","rel":"","context":"En \u00abPrevia partido\u00bb","block_context":{"text":"Previa partido","link":"http:\/\/www.bloguecornella.es\/wordpress\/category\/previa-partido\/"},"img":{"alt_text":"","src":"https:\/\/i0.wp.com\/www.bloguecornella.es\/wordpress\/wp-content\/uploads\/2026\/01\/J18-UE-Cornella-CUE-Vic.png?fit=940%2C520&resize=350%2C200","width":350,"height":200,"srcset":"https:\/\/i0.wp.com\/www.bloguecornella.es\/wordpress\/wp-content\/uploads\/2026\/01\/J18-UE-Cornella-CUE-Vic.png?fit=940%2C520&resize=350%2C200 1x, https:\/\/i0.wp.com\/www.bloguecornella.es\/wordpress\/wp-content\/uploads\/2026\/01\/J18-UE-Cornella-CUE-Vic.png?fit=940%2C520&resize=525%2C300 1.5x, https:\/\/i0.wp.com\/www.bloguecornella.es\/wordpress\/wp-content\/uploads\/2026\/01\/J18-UE-Cornella-CUE-Vic.png?fit=940%2C520&resize=700%2C400 2x"},"classes":[]}],"_links":{"self":[{"href":"http:\/\/www.bloguecornella.es\/wordpress\/wp-json\/wp\/v2\/posts\/2405","targetHints":{"allow":["GET"]}}],"collection":[{"href":"http:\/\/www.bloguecornella.es\/wordpress\/wp-json\/wp\/v2\/posts"}],"about":[{"href":"http:\/\/www.bloguecornella.es\/wordpress\/wp-json\/wp\/v2\/types\/post"}],"author":[{"embeddable":true,"href":"http:\/\/www.bloguecornella.es\/wordpress\/wp-json\/wp\/v2\/users\/1"}],"replies":[{"embeddable":true,"href":"http:\/\/www.bloguecornella.es\/wordpress\/wp-json\/wp\/v2\/comments?post=2405"}],"version-history":[{"count":3,"href":"http:\/\/www.bloguecornella.es\/wordpress\/wp-json\/wp\/v2\/posts\/2405\/revisions"}],"predecessor-version":[{"id":2411,"href":"http:\/\/www.bloguecornella.es\/wordpress\/wp-json\/wp\/v2\/posts\/2405\/revisions\/2411"}],"wp:featuredmedia":[{"embeddable":true,"href":"http:\/\/www.bloguecornella.es\/wordpress\/wp-json\/wp\/v2\/media\/2410"}],"wp:attachment":[{"href":"http:\/\/www.bloguecornella.es\/wordpress\/wp-json\/wp\/v2\/media?parent=2405"}],"wp:term":[{"taxonomy":"category","embeddable":true,"href":"http:\/\/www.bloguecornella.es\/wordpress\/wp-json\/wp\/v2\/categories?post=2405"},{"taxonomy":"post_tag","embeddable":true,"href":"http:\/\/www.bloguecornella.es\/wordpress\/wp-json\/wp\/v2\/tags?post=2405"}],"curies":[{"name":"wp","href":"https:\/\/api.w.org\/{rel}","templated":true}]}}