{"id":2346,"date":"2025-09-04T12:00:00","date_gmt":"2025-09-04T10:00:00","guid":{"rendered":"http:\/\/www.bloguecornella.es\/wordpress\/?p=2346"},"modified":"2025-09-04T12:28:37","modified_gmt":"2025-09-04T10:28:37","slug":"entrevista-entrenador-ue-cornella-ignasi-senabre-recuperar-la-esencia-de-que-sufran-cuando-juegan-contra-el-cornella","status":"publish","type":"post","link":"http:\/\/www.bloguecornella.es\/wordpress\/2025\/09\/04\/entrevista-entrenador-ue-cornella-ignasi-senabre-recuperar-la-esencia-de-que-sufran-cuando-juegan-contra-el-cornella\/","title":{"rendered":"Entrevista entrenador UE Cornell\u00e0 &#8211; Ignasi Senabre: \u00abRecuperar esa esencia de que sufran cuando jueguen contra la UE Cornell\u00e0\u00bb"},"content":{"rendered":"\n<p>Hemos tenido el placer de poder hablar con el entrenador y director deportivo de la UE Cornell\u00e0, Ignasi Senabre, antes del inicio de temporada que est\u00e1 previsto para el pr\u00f3ximo d\u00eda 6 de Septiembre, a las 18:00h, en el Estadi Hipolit Planas contra la UE Vic.<\/p>\n\n\n\n<p>Agradecer, antes de la entrevista, al departamento de comunicaci\u00f3n del club por las facilidades para poder realizar la entrevista.<\/p>\n\n\n\n<p><strong>1 &#8211; \u00bfC\u00f3mo valoras la pretemporada realizada por el equipo?<\/strong><\/p>\n\n\n\n<p>Bueno, pretemporada normal, somos 17 jugadores nuevos. Con tanta gente nueva, tienes d\u00edas que son mejores, otros peores, pero es un proceso normal y lo que hay que ser es estables. No subir en la monta\u00f1a rusa que un aficionado puede estar, pero que un profesional debe de saber mantener y la valoro de forma positiva.<\/p>\n\n\n\n<p><strong>2 &#8211; \u00bfQu\u00e9 tal la faceta de Director Deportivo y Entrenador del primer equipo masculino?<\/strong><\/p>\n\n\n\n<p>No es algo que en esta categor\u00eda sea diferente. En Primera Federaci\u00f3n es algo que es m\u00e1s habitual, donde estaba el Cornell\u00e0, ya que el mercado es mucho m\u00e1s amplio y en estas categor\u00edas es algo que es m\u00e1s habitual y muchos clubes funcionan de la misma forma.<\/p>\n\n\n\n<p><strong>3 &#8211; \u00bfQu\u00e9 tiene, de esencia esta UE Cornell\u00e0, que se pueda plasmar de aquellos dos a\u00f1os en el CE Europa, donde se gano la 3\u00aa Federaci\u00f3n y casi la 2\u00aa Federaci\u00f3n? Tenemos ex-jugadores como Manel Lozano e Ian Arques que estuvieron en el conjunto escapulado.<\/strong><\/p>\n\n\n\n<p>Yo coincid\u00ed con Manel y con Aliaga, pero con Ian no coincid\u00ed. Pero, comparaci\u00f3n&#8230; ahora poco. Es cierto que se me tiene a comparar con aquel equipo donde el Europa era un rodillo en Segunda Federaci\u00f3n. Avasallaba. <\/p>\n\n\n\n<p>Pero la gente se olvida del inicio en Tercera Federaci\u00f3n. Los inicios fueron duros. Recuerdo de ganar 1-0 en Vilassar, 1-0 tambi\u00e9n en la Rapitenca, que costo y es un proceso que se va trabajando y que la gente se olvida y se queda con los mejores partidos.  Es un proceso que estamos inicializando, en el Cornell\u00e0, para acabar siendo eso. <\/p>\n\n\n\n<p>Si la comparaci\u00f3n es con aquel Europa, todav\u00eda estamos lejos evidentemente.<\/p>\n\n\n\n<figure class=\"wp-block-image aligncenter size-large is-resized has-custom-border is-style-default\"><img data-recalc-dims=\"1\" loading=\"lazy\" decoding=\"async\" width=\"1024\" height=\"768\" src=\"https:\/\/i0.wp.com\/www.bloguecornella.es\/wordpress\/wp-content\/uploads\/2025\/09\/IMG_2951.jpeg?resize=1024%2C768\" alt=\"Ignasi Senabre - Entrenador de la UE Cornell\u00e0\" class=\"has-border-color has-primary-border-color wp-image-2400\" style=\"border-width:18px;width:584px;height:auto\" srcset=\"https:\/\/i0.wp.com\/www.bloguecornella.es\/wordpress\/wp-content\/uploads\/2025\/09\/IMG_2951.jpeg?resize=1024%2C768 1024w, https:\/\/i0.wp.com\/www.bloguecornella.es\/wordpress\/wp-content\/uploads\/2025\/09\/IMG_2951.jpeg?resize=300%2C225 300w, https:\/\/i0.wp.com\/www.bloguecornella.es\/wordpress\/wp-content\/uploads\/2025\/09\/IMG_2951.jpeg?resize=768%2C576 768w, https:\/\/i0.wp.com\/www.bloguecornella.es\/wordpress\/wp-content\/uploads\/2025\/09\/IMG_2951.jpeg?resize=1536%2C1152 1536w, https:\/\/i0.wp.com\/www.bloguecornella.es\/wordpress\/wp-content\/uploads\/2025\/09\/IMG_2951.jpeg?resize=128%2C96 128w, https:\/\/i0.wp.com\/www.bloguecornella.es\/wordpress\/wp-content\/uploads\/2025\/09\/IMG_2951.jpeg?resize=32%2C24 32w, https:\/\/i0.wp.com\/www.bloguecornella.es\/wordpress\/wp-content\/uploads\/2025\/09\/IMG_2951.jpeg?w=2048 2048w\" sizes=\"auto, (max-width: 1000px) 100vw, 1000px\" \/><\/figure>\n\n\n\n<p><strong>4 &#8211; \u00bfC\u00f3mo ves la Tercera Federaci\u00f3n 2025\/26?<\/strong><\/p>\n\n\n\n<p>Yo creo que es pronto para valorar. Pero si que es cierto que Badalona y Hospi han hecho un equipo potente con un presupuesto muy grande. Pero siempre ahora valorar es muy complicado. Aunque tengas presupuesto, la diferencia entre los equipos no la marca el presupuesto, al final todo es muy igualado.<\/p>\n\n\n\n<p>Es lo que te comentaba antes, los inicios son ilusionantes, la gente lo vive con mucha intensidad, los campos est\u00e1n llenos, los equipos que suben tienen esa ilusi\u00f3n. Cuando avancen las jornadas, se van estabilizando las emociones y se van asentando las situaciones. Lo que te comentaba, ser estables, no entrar en esa monta\u00f1a rusa porque es una categor\u00eda muy igualada, puede marcar la diferencia.<\/p>\n\n\n\n<p><strong>5 &#8211; \u00bfC\u00f3mo valoras el rival de est\u00e1 semana, la UE Vic?<\/strong><\/p>\n\n\n\n<p>Es un equipo que esta muy bien trabajado. Ahora vienen con la inercia del ascenso y siguen con la misma inercia y al principio de partido, nos plantean cosas en el partido muy complicadas. Tienen jugadores arriba muy diferenciales como Ignasi, Pius. Son jugadores determinantes y tendremos que estar muy atentos si queremos llevarnos los tres puntos, sabiendo que los partidos fuera de casa son muy complicados en Tercera Federaci\u00f3n.<\/p>\n\n\n\n<p><strong>6 &#8211; \u00bfCu\u00e1l es el objetivo, de Ignasi Senabre, para esta 2025\/26, con la UE Cornell\u00e0?<\/strong><\/p>\n\n\n\n<p>Generar esa idea de ser reconocibles. De que sepan que, cuando venga el Cornell\u00e0, que es lo que van a ver. Que se van a jugar a ritmos muy altos y que van a pasar muchas cosas durante el partido. Es cierto que el f\u00fatbol no se entiende sin resultados y nuestro objetivo es de ganar cada partido. El Cornell\u00e0 esta obligado a ganar mas que a perder.<\/p>\n\n\n\n<p>Cuando falten menos jornadas, podemos hablar m\u00e1s de objetivos. El objetivo es luchar por cada partido para ir a ganar.<\/p>\n\n\n\n<p><strong>7 &#8211; Mensaje para la afici\u00f3n de la UE Cornell\u00e0<\/strong>.<\/p>\n\n\n\n<p>Entiendo que han sido a\u00f1os duros. No solo por la perdida de categor\u00eda, si no por la exigencia que tiene la Primera Federaci\u00f3n. Salir de casa a jugar, no poder estar en su estadio, y esa esencia que tenia el Cornell\u00e0 en Segunda B, el primer a\u00f1o de Primera Federaci\u00f3n. Se identificaba mucho por el que sabes que vas a sufrir cuando vas a jugar contra el Cornell\u00e0 y que se ha ido perdiendo por las normas y recuperar esa esencia.<\/p>\n\n\n\n<p>A mi me gustar\u00eda poder ver el Municipal lleno, que nos ayude en los momentos complicados, que nos ayude en los partidos que se encalle y ah\u00ed tenemos que ayudar con juego, con resultados y sobre todo con actitud. Que nadie pueda decir que podr\u00eda estar corriendo m\u00e1s, luchando m\u00e1s. Y queremos eso que se sienta identificado con eso y con esa forma de sentir.<\/p>\n\n\n\n<p><\/p>\n\n\n\n<p>La entrevista completa, la pod\u00e9is escuchar en <a href=\"https:\/\/go.ivoox.com\/sq\/2745023\" data-type=\"link\" data-id=\"https:\/\/go.ivoox.com\/sq\/2745023\">IVOOX<\/a>.<\/p>\n","protected":false},"excerpt":{"rendered":"<p>Hemos tenido el placer de poder hablar con el entrenador y director deportivo de la UE Cornell\u00e0, Ignasi Senabre, antes del inicio de temporada que est\u00e1 previsto para el pr\u00f3ximo d\u00eda 6 de Septiembre, a las 18:00h, en el Estadi Hipolit Planas contra la UE Vic. Agradecer, antes de la entrevista, al departamento de comunicaci\u00f3n [&hellip;]<\/p>\n","protected":false},"author":1,"featured_media":2399,"comment_status":"open","ping_status":"open","sticky":false,"template":"","format":"standard","meta":{"_eb_attr":"","advanced_seo_description":"","jetpack_seo_html_title":"","jetpack_seo_noindex":false,"jetpack_post_was_ever_published":false,"_jetpack_newsletter_access":"","_jetpack_dont_email_post_to_subs":false,"_jetpack_newsletter_tier_id":0,"_jetpack_memberships_contains_paywalled_content":false,"_jetpack_memberships_contains_paid_content":false,"footnotes":"","jetpack_publicize_message":"","jetpack_publicize_feature_enabled":true,"jetpack_social_post_already_shared":true,"jetpack_social_options":{"image_generator_settings":{"template":"highway","default_image_id":0,"font":"","enabled":false},"version":2}},"categories":[64,93,71,69,51],"tags":[62,146,65,66,54],"class_list":["post-2346","post","type-post","status-publish","format-standard","has-post-thumbnail","hentry","category-entrevista","category-ignasi-senabria","category-temporada-2025-26","category-tercera-federacion-grupo-v","category-ue-cornella","tag-entrevista","tag-ignasi-senabre","tag-temporada-2025-26","tag-tercera-federacion-grupo-v","tag-ue-cornella"],"jetpack_publicize_connections":[],"jetpack_featured_media_url":"https:\/\/i0.wp.com\/www.bloguecornella.es\/wordpress\/wp-content\/uploads\/2025\/09\/IMG_2949.jpeg?fit=2048%2C1536","jetpack_sharing_enabled":true,"jetpack-related-posts":[{"id":2355,"url":"http:\/\/www.bloguecornella.es\/wordpress\/2025\/08\/29\/5-pretemporada-25-26-uec-ue-cornella-ue-sant-andreu-previa\/","url_meta":{"origin":2346,"position":0},"title":"#5 Pretemporada 25\/26 UEC &#8211; UE Cornell\u00e0 &#8211; UE Sant Andreu &#8211; Previa","author":"bloguecornella","date":"29 de agosto de 2025","format":false,"excerpt":"La UE Cornell\u00e0 afronta el \u00faltimo partido de pretemporada, antes del comienzo liguero el pr\u00f3ximo s\u00e1bado 06\/09\/2025 en Vic, contra la UE Sant Andreu, equipo de Segunda Federaci\u00f3n y el rival, a priori, mas complicado en lo que llevamos de pretemporada. El conjunto de Ignasi Senabre afronta el partido con\u2026","rel":"","context":"En \u00abPretemporada - 2025\/26\u00bb","block_context":{"text":"Pretemporada - 2025\/26","link":"http:\/\/www.bloguecornella.es\/wordpress\/category\/pretemporada-2025-26\/"},"img":{"alt_text":"","src":"https:\/\/i0.wp.com\/www.bloguecornella.es\/wordpress\/wp-content\/uploads\/2025\/08\/Previa-5-UE-Cornella-UE-Sant-Andreu.png?fit=940%2C520&resize=350%2C200","width":350,"height":200,"srcset":"https:\/\/i0.wp.com\/www.bloguecornella.es\/wordpress\/wp-content\/uploads\/2025\/08\/Previa-5-UE-Cornella-UE-Sant-Andreu.png?fit=940%2C520&resize=350%2C200 1x, https:\/\/i0.wp.com\/www.bloguecornella.es\/wordpress\/wp-content\/uploads\/2025\/08\/Previa-5-UE-Cornella-UE-Sant-Andreu.png?fit=940%2C520&resize=525%2C300 1.5x, https:\/\/i0.wp.com\/www.bloguecornella.es\/wordpress\/wp-content\/uploads\/2025\/08\/Previa-5-UE-Cornella-UE-Sant-Andreu.png?fit=940%2C520&resize=700%2C400 2x"},"classes":[]},{"id":2060,"url":"http:\/\/www.bloguecornella.es\/wordpress\/2025\/08\/08\/pretemporada-25-26-1-fundacio-grama-ue-cornella-previa\/","url_meta":{"origin":2346,"position":1},"title":"Pretemporada 25\/26 &#8211; #1 Fundaci\u00f3 Grama &#8211; UE Cornell\u00e0 &#8211; Previa","author":"bloguecornella","date":"8 de agosto de 2025","format":false,"excerpt":"Viene el primer gran test de la temporada 2025-26, con mucho equipos que han llegado ya ha jugar varios partidos, de la UE Cornell\u00e0 de Ignasi Senabre. El \"mandam\u00e1s\" de la parcela deportiva (Dentro de las funciones de entrenador, tambi\u00e9n est\u00e1n las de Director Deportivo), vera como va engrasando su\u2026","rel":"","context":"En \u00abIgnasi Senabria\u00bb","block_context":{"text":"Ignasi Senabria","link":"http:\/\/www.bloguecornella.es\/wordpress\/category\/ignasi-senabria\/"},"img":{"alt_text":"","src":"https:\/\/i0.wp.com\/www.bloguecornella.es\/wordpress\/wp-content\/uploads\/2025\/08\/Previa-partido-1.png?fit=940%2C520&resize=350%2C200","width":350,"height":200,"srcset":"https:\/\/i0.wp.com\/www.bloguecornella.es\/wordpress\/wp-content\/uploads\/2025\/08\/Previa-partido-1.png?fit=940%2C520&resize=350%2C200 1x, https:\/\/i0.wp.com\/www.bloguecornella.es\/wordpress\/wp-content\/uploads\/2025\/08\/Previa-partido-1.png?fit=940%2C520&resize=525%2C300 1.5x, https:\/\/i0.wp.com\/www.bloguecornella.es\/wordpress\/wp-content\/uploads\/2025\/08\/Previa-partido-1.png?fit=940%2C520&resize=700%2C400 2x"},"classes":[]},{"id":2405,"url":"http:\/\/www.bloguecornella.es\/wordpress\/2025\/09\/07\/cronica-capitulo-1-uec-vic-0-1-ue-cornella-solidez-y-victoria-para-la-ue-cornella\/","url_meta":{"origin":2346,"position":2},"title":"Cr\u00f3nica cap\u00edtulo 1: UEC Vic 0-1 UE Cornell\u00e0 \u00abSolidez y victoria para la UE Cornell\u00e0\u00bb","author":"bloguecornella","date":"7 de septiembre de 2025","format":false,"excerpt":"La UE Cornell\u00e0 consigue la primera victoria del curso con gol de Ot Serrano en el minuto 71 de partido, tras un c\u00f3rner r\u00e1pido de V\u00edctor Aliaga que ha dejado solo en la frontal al delantero cornellanense para batir al portero de la UE Vic. El primer once inicial de\u2026","rel":"","context":"En \u00abIgnasi Senabria\u00bb","block_context":{"text":"Ignasi Senabria","link":"http:\/\/www.bloguecornella.es\/wordpress\/category\/ignasi-senabria\/"},"img":{"alt_text":"","src":"https:\/\/i0.wp.com\/www.bloguecornella.es\/wordpress\/wp-content\/uploads\/2025\/09\/IMG_3072.jpeg?fit=1200%2C900&resize=350%2C200","width":350,"height":200,"srcset":"https:\/\/i0.wp.com\/www.bloguecornella.es\/wordpress\/wp-content\/uploads\/2025\/09\/IMG_3072.jpeg?fit=1200%2C900&resize=350%2C200 1x, https:\/\/i0.wp.com\/www.bloguecornella.es\/wordpress\/wp-content\/uploads\/2025\/09\/IMG_3072.jpeg?fit=1200%2C900&resize=525%2C300 1.5x, https:\/\/i0.wp.com\/www.bloguecornella.es\/wordpress\/wp-content\/uploads\/2025\/09\/IMG_3072.jpeg?fit=1200%2C900&resize=700%2C400 2x, https:\/\/i0.wp.com\/www.bloguecornella.es\/wordpress\/wp-content\/uploads\/2025\/09\/IMG_3072.jpeg?fit=1200%2C900&resize=1050%2C600 3x"},"classes":[]},{"id":2221,"url":"http:\/\/www.bloguecornella.es\/wordpress\/2025\/08\/17\/cronica-2-pretemporada-25-26-cf-montanesa-1-1-ue-cornella\/","url_meta":{"origin":2346,"position":3},"title":"Cr\u00f3nica #2 Pretemporada 25\/26 &#8211; CF Monta\u00f1esa 1-1 UE Cornell\u00e0: \u00abJoan salva la derrota con un Cornell\u00e0 de dos caras\u00bb","author":"bloguecornella","date":"17 de agosto de 2025","format":false,"excerpt":"La UE Cornell\u00e0 empata, en su segundo partido de pretemporada, contra la Monta\u00f1esa CF a 1 en el Estadi de Nou Barris. Ignasi Senabre sigue apostando por la defensa de 3 y, teniendo en cuenta que este fin de semana tiene sesi\u00f3n doble de trabajo, la alineaci\u00f3n por la que\u2026","rel":"","context":"En \u00abIgnasi Senabria\u00bb","block_context":{"text":"Ignasi Senabria","link":"http:\/\/www.bloguecornella.es\/wordpress\/category\/ignasi-senabria\/"},"img":{"alt_text":"","src":"https:\/\/i0.wp.com\/www.bloguecornella.es\/wordpress\/wp-content\/uploads\/2025\/08\/IMG_2556.jpeg?fit=1200%2C900&resize=350%2C200","width":350,"height":200,"srcset":"https:\/\/i0.wp.com\/www.bloguecornella.es\/wordpress\/wp-content\/uploads\/2025\/08\/IMG_2556.jpeg?fit=1200%2C900&resize=350%2C200 1x, https:\/\/i0.wp.com\/www.bloguecornella.es\/wordpress\/wp-content\/uploads\/2025\/08\/IMG_2556.jpeg?fit=1200%2C900&resize=525%2C300 1.5x, https:\/\/i0.wp.com\/www.bloguecornella.es\/wordpress\/wp-content\/uploads\/2025\/08\/IMG_2556.jpeg?fit=1200%2C900&resize=700%2C400 2x, https:\/\/i0.wp.com\/www.bloguecornella.es\/wordpress\/wp-content\/uploads\/2025\/08\/IMG_2556.jpeg?fit=1200%2C900&resize=1050%2C600 3x"},"classes":[]},{"id":1780,"url":"http:\/\/www.bloguecornella.es\/wordpress\/2025\/06\/23\/1-victor-aliaga-de-la-mano-de-ignasi-senabre\/","url_meta":{"origin":2346,"position":4},"title":"#1 V\u00edctor Aliaga &#8211; De la mano de Ignasi Senabre","author":"bloguecornella","date":"23 de junio de 2025","format":false,"excerpt":"Se ha retrasado la primera entrega del cap\u00edtulo de fichajes veraniegos y, por fin, ha llegado el primer refuerzo de la era Ignasi Senabre. Viene para sustituir a Javi Serra, como extremo derecho, V\u00edctor Aliaga. El extremo de 27 a\u00f1os, nacido en Cerdanyola del Valles, viene de la mano de\u2026","rel":"","context":"En \u00abFichaje\u00bb","block_context":{"text":"Fichaje","link":"http:\/\/www.bloguecornella.es\/wordpress\/category\/fichaje\/"},"img":{"alt_text":"","src":"https:\/\/i0.wp.com\/www.bloguecornella.es\/wordpress\/wp-content\/uploads\/2025\/06\/Victor-Aliaga.png?fit=940%2C529&resize=350%2C200","width":350,"height":200,"srcset":"https:\/\/i0.wp.com\/www.bloguecornella.es\/wordpress\/wp-content\/uploads\/2025\/06\/Victor-Aliaga.png?fit=940%2C529&resize=350%2C200 1x, https:\/\/i0.wp.com\/www.bloguecornella.es\/wordpress\/wp-content\/uploads\/2025\/06\/Victor-Aliaga.png?fit=940%2C529&resize=525%2C300 1.5x, https:\/\/i0.wp.com\/www.bloguecornella.es\/wordpress\/wp-content\/uploads\/2025\/06\/Victor-Aliaga.png?fit=940%2C529&resize=700%2C400 2x"},"classes":[]},{"id":2375,"url":"http:\/\/www.bloguecornella.es\/wordpress\/2025\/08\/31\/cronica-5-pretemporada-25-26-uec-ue-cornella-0-2-ue-sant-andreu-derrota-para-finalizar-la-pretemporada\/","url_meta":{"origin":2346,"position":5},"title":"Cr\u00f3nica #5 Pretemporada 25\/26 UEC &#8211; UE Cornell\u00e0 0 &#8211; 2 UE Sant Andreu: \u00abDerrota para finalizar la pretemporada\u00bb","author":"bloguecornella","date":"31 de agosto de 2025","format":false,"excerpt":"La UE Cornell\u00e0 pierde en su \u00faltimo duelo de pretemporada contra la UE Sant Andreu, de Segunda Federaci\u00f3n, por 0-2, con goles de Pablo en el minuto 22 y Lucas Vi\u00f1a en el 73. La UE Cornell\u00e0 de Ignasi Senabre sali\u00f3 con su habitual 3-4-3 con una defensa completa de\u2026","rel":"","context":"En \u00abPretemporada - 2025\/26\u00bb","block_context":{"text":"Pretemporada - 2025\/26","link":"http:\/\/www.bloguecornella.es\/wordpress\/category\/pretemporada-2025-26\/"},"img":{"alt_text":"","src":"https:\/\/i0.wp.com\/www.bloguecornella.es\/wordpress\/wp-content\/uploads\/2025\/08\/IMG_2887.jpeg?fit=1200%2C900&resize=350%2C200","width":350,"height":200,"srcset":"https:\/\/i0.wp.com\/www.bloguecornella.es\/wordpress\/wp-content\/uploads\/2025\/08\/IMG_2887.jpeg?fit=1200%2C900&resize=350%2C200 1x, https:\/\/i0.wp.com\/www.bloguecornella.es\/wordpress\/wp-content\/uploads\/2025\/08\/IMG_2887.jpeg?fit=1200%2C900&resize=525%2C300 1.5x, https:\/\/i0.wp.com\/www.bloguecornella.es\/wordpress\/wp-content\/uploads\/2025\/08\/IMG_2887.jpeg?fit=1200%2C900&resize=700%2C400 2x, https:\/\/i0.wp.com\/www.bloguecornella.es\/wordpress\/wp-content\/uploads\/2025\/08\/IMG_2887.jpeg?fit=1200%2C900&resize=1050%2C600 3x"},"classes":[]}],"_links":{"self":[{"href":"http:\/\/www.bloguecornella.es\/wordpress\/wp-json\/wp\/v2\/posts\/2346","targetHints":{"allow":["GET"]}}],"collection":[{"href":"http:\/\/www.bloguecornella.es\/wordpress\/wp-json\/wp\/v2\/posts"}],"about":[{"href":"http:\/\/www.bloguecornella.es\/wordpress\/wp-json\/wp\/v2\/types\/post"}],"author":[{"embeddable":true,"href":"http:\/\/www.bloguecornella.es\/wordpress\/wp-json\/wp\/v2\/users\/1"}],"replies":[{"embeddable":true,"href":"http:\/\/www.bloguecornella.es\/wordpress\/wp-json\/wp\/v2\/comments?post=2346"}],"version-history":[{"count":8,"href":"http:\/\/www.bloguecornella.es\/wordpress\/wp-json\/wp\/v2\/posts\/2346\/revisions"}],"predecessor-version":[{"id":2404,"href":"http:\/\/www.bloguecornella.es\/wordpress\/wp-json\/wp\/v2\/posts\/2346\/revisions\/2404"}],"wp:featuredmedia":[{"embeddable":true,"href":"http:\/\/www.bloguecornella.es\/wordpress\/wp-json\/wp\/v2\/media\/2399"}],"wp:attachment":[{"href":"http:\/\/www.bloguecornella.es\/wordpress\/wp-json\/wp\/v2\/media?parent=2346"}],"wp:term":[{"taxonomy":"category","embeddable":true,"href":"http:\/\/www.bloguecornella.es\/wordpress\/wp-json\/wp\/v2\/categories?post=2346"},{"taxonomy":"post_tag","embeddable":true,"href":"http:\/\/www.bloguecornella.es\/wordpress\/wp-json\/wp\/v2\/tags?post=2346"}],"curies":[{"name":"wp","href":"https:\/\/api.w.org\/{rel}","templated":true}]}}