{"id":1993,"date":"2025-07-21T12:00:00","date_gmt":"2025-07-21T10:00:00","guid":{"rendered":"http:\/\/www.bloguecornella.es\/wordpress\/?p=1993"},"modified":"2025-07-21T00:28:39","modified_gmt":"2025-07-20T22:28:39","slug":"10-ian-arques-nuevo-mediocentro-con-pasado-europeista","status":"publish","type":"post","link":"http:\/\/www.bloguecornella.es\/wordpress\/2025\/07\/21\/10-ian-arques-nuevo-mediocentro-con-pasado-europeista\/","title":{"rendered":"#10 Ian Arques: Nuevo mediocentro con pasado Europeista"},"content":{"rendered":"\n<p>Se vuelve a juntar el pasado europ\u00e9ista en los planes de Igansi para la temporada 25\/26 y, en este caso, presentamos a Ian Arques como nuevo fichaje verde.<\/p>\n\n\n\n<p>El mediocentro de 23 a\u00f1os, con pasado, sobretodo, en El Catllar de Primera Catalana, viene a reforzar la medular, a expensas de lo que pueda ocurrir con Izan Gonzalez y con Pedro Soma en este mercado estival. La cartera de mediocentros ha crecido, teniendo a los dos mencionados, m\u00e1s Jorge y Moha. Por lo que ser\u00edan  5 mediocentros para el inicio del campeonato.<\/p>\n\n\n\n<p>En la \u00faltima temporada, la 24\/25, se uni\u00f3 a las filas del filial del CE Europa y consigui\u00f3 ser uno de los referentes en el equipo de Jonathan Ruiz, disputando 28 partidos y 23 como titular.<\/p>\n\n\n\n<p>Destacamos su aspecto goleador, en el que tiene una media de 3 goles por temporada.<\/p>\n\n\n\n<p><em>Trayectoria de Ian Arques:<\/em><\/p>\n\n\n\n<ul class=\"wp-block-list\">\n<li><strong>2020-2023 &#8211; El Catllar<\/strong>\n<ul class=\"wp-block-list\">\n<li>2020-2021 &#8211; 1\u00aa Catalana &#8211; 14 partidos<\/li>\n\n\n\n<li>2021-2022 &#8211; 1\u00aa Catalana &#8211; 28 partidos &#8211; 3 Goles.<\/li>\n\n\n\n<li>2022-2023 &#8211; 1\u00aa Catalana &#8211; 30 partidos &#8211; 5 Goles.<\/li>\n<\/ul>\n<\/li>\n\n\n\n<li><strong>2023-24 &#8211; UE Rapitenca<\/strong>\n<ul class=\"wp-block-list\">\n<li>2023-2024 &#8211; 3\u00aa Federaci\u00f3n &#8211; 25 partidos &#8211; 2 Goles.<\/li>\n<\/ul>\n<\/li>\n\n\n\n<li><strong>2024-25 &#8211; CE Europa B<\/strong>\n<ul class=\"wp-block-list\">\n<li>2024-2025 &#8211; 3\u00aa Federaci\u00f3n &#8211; 28 partidos &#8211; 2 Goles.<\/li>\n<\/ul>\n<\/li>\n<\/ul>\n\n\n\n<p>Refuerzo joven, con futuro y que dotara de mecanismos en la medular actual.<\/p>\n\n\n\n<p>Bienvenido al club Ian y seguro, que juntos conseguiremos muchos \u00e9xitos.<\/p>\n","protected":false},"excerpt":{"rendered":"<p>Se vuelve a juntar el pasado europ\u00e9ista en los planes de Igansi para la temporada 25\/26 y, en este caso, presentamos a Ian Arques como nuevo fichaje verde. El mediocentro de 23 a\u00f1os, con pasado, sobretodo, en El Catllar de Primera Catalana, viene a reforzar la medular, a expensas de lo que pueda ocurrir con [&hellip;]<\/p>\n","protected":false},"author":1,"featured_media":1998,"comment_status":"open","ping_status":"open","sticky":false,"template":"","format":"standard","meta":{"_eb_attr":"","advanced_seo_description":"","jetpack_seo_html_title":"","jetpack_seo_noindex":false,"jetpack_post_was_ever_published":false,"_jetpack_newsletter_access":"","_jetpack_dont_email_post_to_subs":false,"_jetpack_newsletter_tier_id":0,"_jetpack_memberships_contains_paywalled_content":false,"_jetpack_memberships_contains_paid_content":false,"footnotes":"","jetpack_publicize_message":"","jetpack_publicize_feature_enabled":true,"jetpack_social_post_already_shared":true,"jetpack_social_options":{"image_generator_settings":{"template":"highway","default_image_id":0,"font":"","enabled":false},"version":2}},"categories":[52,70,71,69,51],"tags":[123,68,65,54],"class_list":["post-1993","post","type-post","status-publish","format-standard","has-post-thumbnail","hentry","category-fichaje","category-pretemporada-2025-26","category-temporada-2025-26","category-tercera-federacion-grupo-v","category-ue-cornella","tag-ian-arques","tag-pretemporada-2025-26","tag-temporada-2025-26","tag-ue-cornella"],"jetpack_publicize_connections":[],"jetpack_featured_media_url":"https:\/\/i0.wp.com\/www.bloguecornella.es\/wordpress\/wp-content\/uploads\/2025\/07\/11-Ian-Arques.png?fit=940%2C529","jetpack_sharing_enabled":true,"jetpack-related-posts":[{"id":1461,"url":"http:\/\/www.bloguecornella.es\/wordpress\/2025\/05\/21\/plantilla-primer-equipo-ue-cornella-estado-contractual\/","url_meta":{"origin":1993,"position":0},"title":"Plantilla Primer equipo UE Cornell\u00e0 &#8211; Estado contractual","author":"bloguecornella","date":"21 de mayo de 2025","format":false,"excerpt":"Una vez finalizada la temporada, repasemos la informaci\u00f3n de los jugadores de la UE Cornell\u00e0 y cuando finalizan los contratos. Se ira actualizando a medida que los jugadores no renueven o renueven con la entidad y los nuevos fichajes. N\u00baPosici\u00f3nJugadorEdadTemporadasFinalizaci\u00f3n contrato1PORRub\u00e9n Mi\u00f1o36330\/06\/202613PORIsaac Vila21230\/06\/202621LAIGerard Gonz\u00e1lez21230\/06\/20264DFCTomas Pe\u00f1alba22230\/06\/2026-DFCGonzalo Pereira28130\/06\/2026-DFCIv\u00e1n de la Pe\u00f1a24130\/06\/2026-DFCAlejandro Pereira23130\/06\/2026-LADManel\u2026","rel":"","context":"En \u00abPretemporada - 2025\/26\u00bb","block_context":{"text":"Pretemporada - 2025\/26","link":"http:\/\/www.bloguecornella.es\/wordpress\/category\/pretemporada-2025-26\/"},"img":{"alt_text":"","src":"https:\/\/i0.wp.com\/www.bloguecornella.es\/wordpress\/wp-content\/uploads\/2025\/05\/temporada-202526-1.png?fit=940%2C529&resize=350%2C200","width":350,"height":200,"srcset":"https:\/\/i0.wp.com\/www.bloguecornella.es\/wordpress\/wp-content\/uploads\/2025\/05\/temporada-202526-1.png?fit=940%2C529&resize=350%2C200 1x, https:\/\/i0.wp.com\/www.bloguecornella.es\/wordpress\/wp-content\/uploads\/2025\/05\/temporada-202526-1.png?fit=940%2C529&resize=525%2C300 1.5x, https:\/\/i0.wp.com\/www.bloguecornella.es\/wordpress\/wp-content\/uploads\/2025\/05\/temporada-202526-1.png?fit=940%2C529&resize=700%2C400 2x"},"classes":[]},{"id":2050,"url":"http:\/\/www.bloguecornella.es\/wordpress\/2025\/08\/01\/los-5-canteranos-de-la-pretemporada-2-fichajes-y-2-subidas-del-juvenil-b-y-jordi-saucedo\/","url_meta":{"origin":1993,"position":1},"title":"Los 5 canteranos de la pretemporada &#8211; 2 fichajes y 2 subidas del Juvenil B y Jordi Saucedo","author":"bloguecornella","date":"1 de agosto de 2025","format":false,"excerpt":"En el inicio de la pretemporada, la UE Cornell\u00e0 ha anunciado la subida de cinco chavales del Juvenil A, de la presente temporada, que va a estar a las ordenes de Ignasi Senabre en la pretemporada del club verde. De estos cinco chavales, dos son fichajes de la temporada 25-26\u2026","rel":"","context":"En \u00abJuvenil A - Masculino\u00bb","block_context":{"text":"Juvenil A - Masculino","link":"http:\/\/www.bloguecornella.es\/wordpress\/category\/juvenil-a-masculino\/"},"img":{"alt_text":"","src":"https:\/\/i0.wp.com\/www.bloguecornella.es\/wordpress\/wp-content\/uploads\/2025\/08\/5-juveniles-pretemporada.jpeg?fit=1200%2C1200&resize=350%2C200","width":350,"height":200,"srcset":"https:\/\/i0.wp.com\/www.bloguecornella.es\/wordpress\/wp-content\/uploads\/2025\/08\/5-juveniles-pretemporada.jpeg?fit=1200%2C1200&resize=350%2C200 1x, https:\/\/i0.wp.com\/www.bloguecornella.es\/wordpress\/wp-content\/uploads\/2025\/08\/5-juveniles-pretemporada.jpeg?fit=1200%2C1200&resize=525%2C300 1.5x, https:\/\/i0.wp.com\/www.bloguecornella.es\/wordpress\/wp-content\/uploads\/2025\/08\/5-juveniles-pretemporada.jpeg?fit=1200%2C1200&resize=700%2C400 2x, https:\/\/i0.wp.com\/www.bloguecornella.es\/wordpress\/wp-content\/uploads\/2025\/08\/5-juveniles-pretemporada.jpeg?fit=1200%2C1200&resize=1050%2C600 3x"},"classes":[]},{"id":2043,"url":"http:\/\/www.bloguecornella.es\/wordpress\/2025\/07\/31\/11-ot-serrano-vuelve-a-cornella-con-hambre-de-victoria\/","url_meta":{"origin":1993,"position":2},"title":"#11 OT Serrano: Vuelve a Cornell\u00e0, con hambre de victoria","author":"bloguecornella","date":"31 de julio de 2025","format":false,"excerpt":"El \u00faltimo fichaje de la armada verde tiene sabor a casa. El jugador, residente en Cornell\u00e0 y con pasado en las categor\u00edas inferiores, OT Serrano, vuelve para ser parte del once inicial del club verde. Viene del CF Badalona, y tiene una amplia experiencia en clubes de Tercera Federaci\u00f3n y\u2026","rel":"","context":"En \u00abFichaje\u00bb","block_context":{"text":"Fichaje","link":"http:\/\/www.bloguecornella.es\/wordpress\/category\/fichaje\/"},"img":{"alt_text":"","src":"https:\/\/i0.wp.com\/www.bloguecornella.es\/wordpress\/wp-content\/uploads\/2025\/07\/11-OT-Serrano.png?fit=940%2C529&resize=350%2C200","width":350,"height":200,"srcset":"https:\/\/i0.wp.com\/www.bloguecornella.es\/wordpress\/wp-content\/uploads\/2025\/07\/11-OT-Serrano.png?fit=940%2C529&resize=350%2C200 1x, https:\/\/i0.wp.com\/www.bloguecornella.es\/wordpress\/wp-content\/uploads\/2025\/07\/11-OT-Serrano.png?fit=940%2C529&resize=525%2C300 1.5x, https:\/\/i0.wp.com\/www.bloguecornella.es\/wordpress\/wp-content\/uploads\/2025\/07\/11-OT-Serrano.png?fit=940%2C529&resize=700%2C400 2x"},"classes":[]},{"id":2153,"url":"http:\/\/www.bloguecornella.es\/wordpress\/2025\/08\/15\/2-pretemporada-25-26-montanesa-cf-ue-cornella-previa\/","url_meta":{"origin":1993,"position":3},"title":"#2 Pretemporada 25-26 &#8211; Monta\u00f1esa CF &#8211; UE Cornell\u00e0 &#8211; Previa","author":"bloguecornella","date":"15 de agosto de 2025","format":false,"excerpt":"Ya tenemos nuevo fin de semana de pretemporada y, esta vez, por partida doble. Tenemos un Monta\u00f1esa CF - UE Cornell\u00e0 el s\u00e1bado y el domingo una UE Cornell\u00e0 - Can Vidalet CF, derbi del Baix Llobregat. En este post, hablaremos un poco del partido que corresponde al s\u00e1bado 16\u2026","rel":"","context":"En \u00abPretemporada - 2025\/26\u00bb","block_context":{"text":"Pretemporada - 2025\/26","link":"http:\/\/www.bloguecornella.es\/wordpress\/category\/pretemporada-2025-26\/"},"img":{"alt_text":"","src":"https:\/\/i0.wp.com\/www.bloguecornella.es\/wordpress\/wp-content\/uploads\/2025\/08\/2-Pretemporada-25-26-MON-UEC.png?fit=940%2C520&resize=350%2C200","width":350,"height":200,"srcset":"https:\/\/i0.wp.com\/www.bloguecornella.es\/wordpress\/wp-content\/uploads\/2025\/08\/2-Pretemporada-25-26-MON-UEC.png?fit=940%2C520&resize=350%2C200 1x, https:\/\/i0.wp.com\/www.bloguecornella.es\/wordpress\/wp-content\/uploads\/2025\/08\/2-Pretemporada-25-26-MON-UEC.png?fit=940%2C520&resize=525%2C300 1.5x, https:\/\/i0.wp.com\/www.bloguecornella.es\/wordpress\/wp-content\/uploads\/2025\/08\/2-Pretemporada-25-26-MON-UEC.png?fit=940%2C520&resize=700%2C400 2x"},"classes":[]},{"id":2148,"url":"http:\/\/www.bloguecornella.es\/wordpress\/2025\/08\/10\/cronica-1-pretemporada-25-26-fundacio-grama-1-3-ue-cornella-un-acertado-ibai-resuelve-un-buen-cornella\/","url_meta":{"origin":1993,"position":4},"title":"Cr\u00f3nica #1 Pretemporada 25\/26 &#8211; Fundaci\u00f3 Grama 1-3 UE Cornell\u00e0: \u00abUn acertado Ibai resuelve un buen Cornell\u00e0\u00bb","author":"bloguecornella","date":"10 de agosto de 2025","format":false,"excerpt":"El estreno de Ignasi Senabre con la UE Cornell\u00e0 no podr\u00eda haber tenido un mejor comienzo con la victoria por 1-3 contra la Fundaci\u00f3 Grama en el Municipal de Santa Coloma de Gramanet. Los goles, caen a cuenta de Marc Fernandez e Ibai Reches x2. El comienzo ha sido de\u2026","rel":"","context":"En \u00abFichaje\u00bb","block_context":{"text":"Fichaje","link":"http:\/\/www.bloguecornella.es\/wordpress\/category\/fichaje\/"},"img":{"alt_text":"","src":"https:\/\/i0.wp.com\/www.bloguecornella.es\/wordpress\/wp-content\/uploads\/2025\/08\/IMG_2285.jpeg?fit=1200%2C900&resize=350%2C200","width":350,"height":200,"srcset":"https:\/\/i0.wp.com\/www.bloguecornella.es\/wordpress\/wp-content\/uploads\/2025\/08\/IMG_2285.jpeg?fit=1200%2C900&resize=350%2C200 1x, https:\/\/i0.wp.com\/www.bloguecornella.es\/wordpress\/wp-content\/uploads\/2025\/08\/IMG_2285.jpeg?fit=1200%2C900&resize=525%2C300 1.5x, https:\/\/i0.wp.com\/www.bloguecornella.es\/wordpress\/wp-content\/uploads\/2025\/08\/IMG_2285.jpeg?fit=1200%2C900&resize=700%2C400 2x, https:\/\/i0.wp.com\/www.bloguecornella.es\/wordpress\/wp-content\/uploads\/2025\/08\/IMG_2285.jpeg?fit=1200%2C900&resize=1050%2C600 3x"},"classes":[]},{"id":2060,"url":"http:\/\/www.bloguecornella.es\/wordpress\/2025\/08\/08\/pretemporada-25-26-1-fundacio-grama-ue-cornella-previa\/","url_meta":{"origin":1993,"position":5},"title":"Pretemporada 25\/26 &#8211; #1 Fundaci\u00f3 Grama &#8211; UE Cornell\u00e0 &#8211; Previa","author":"bloguecornella","date":"8 de agosto de 2025","format":false,"excerpt":"Viene el primer gran test de la temporada 2025-26, con mucho equipos que han llegado ya ha jugar varios partidos, de la UE Cornell\u00e0 de Ignasi Senabre. El \"mandam\u00e1s\" de la parcela deportiva (Dentro de las funciones de entrenador, tambi\u00e9n est\u00e1n las de Director Deportivo), vera como va engrasando su\u2026","rel":"","context":"En \u00abIgnasi Senabria\u00bb","block_context":{"text":"Ignasi Senabria","link":"http:\/\/www.bloguecornella.es\/wordpress\/category\/ignasi-senabria\/"},"img":{"alt_text":"","src":"https:\/\/i0.wp.com\/www.bloguecornella.es\/wordpress\/wp-content\/uploads\/2025\/08\/Previa-partido-1.png?fit=940%2C520&resize=350%2C200","width":350,"height":200,"srcset":"https:\/\/i0.wp.com\/www.bloguecornella.es\/wordpress\/wp-content\/uploads\/2025\/08\/Previa-partido-1.png?fit=940%2C520&resize=350%2C200 1x, https:\/\/i0.wp.com\/www.bloguecornella.es\/wordpress\/wp-content\/uploads\/2025\/08\/Previa-partido-1.png?fit=940%2C520&resize=525%2C300 1.5x, https:\/\/i0.wp.com\/www.bloguecornella.es\/wordpress\/wp-content\/uploads\/2025\/08\/Previa-partido-1.png?fit=940%2C520&resize=700%2C400 2x"},"classes":[]}],"_links":{"self":[{"href":"http:\/\/www.bloguecornella.es\/wordpress\/wp-json\/wp\/v2\/posts\/1993","targetHints":{"allow":["GET"]}}],"collection":[{"href":"http:\/\/www.bloguecornella.es\/wordpress\/wp-json\/wp\/v2\/posts"}],"about":[{"href":"http:\/\/www.bloguecornella.es\/wordpress\/wp-json\/wp\/v2\/types\/post"}],"author":[{"embeddable":true,"href":"http:\/\/www.bloguecornella.es\/wordpress\/wp-json\/wp\/v2\/users\/1"}],"replies":[{"embeddable":true,"href":"http:\/\/www.bloguecornella.es\/wordpress\/wp-json\/wp\/v2\/comments?post=1993"}],"version-history":[{"count":3,"href":"http:\/\/www.bloguecornella.es\/wordpress\/wp-json\/wp\/v2\/posts\/1993\/revisions"}],"predecessor-version":[{"id":1999,"href":"http:\/\/www.bloguecornella.es\/wordpress\/wp-json\/wp\/v2\/posts\/1993\/revisions\/1999"}],"wp:featuredmedia":[{"embeddable":true,"href":"http:\/\/www.bloguecornella.es\/wordpress\/wp-json\/wp\/v2\/media\/1998"}],"wp:attachment":[{"href":"http:\/\/www.bloguecornella.es\/wordpress\/wp-json\/wp\/v2\/media?parent=1993"}],"wp:term":[{"taxonomy":"category","embeddable":true,"href":"http:\/\/www.bloguecornella.es\/wordpress\/wp-json\/wp\/v2\/categories?post=1993"},{"taxonomy":"post_tag","embeddable":true,"href":"http:\/\/www.bloguecornella.es\/wordpress\/wp-json\/wp\/v2\/tags?post=1993"}],"curies":[{"name":"wp","href":"https:\/\/api.w.org\/{rel}","templated":true}]}}