{"id":1968,"date":"2025-07-15T13:00:00","date_gmt":"2025-07-15T11:00:00","guid":{"rendered":"http:\/\/www.bloguecornella.es\/wordpress\/?p=1968"},"modified":"2025-07-14T23:53:35","modified_gmt":"2025-07-14T21:53:35","slug":"1-alba-ramos-juventud-con-experiencia-en-la-elite","status":"publish","type":"post","link":"http:\/\/www.bloguecornella.es\/wordpress\/2025\/07\/15\/1-alba-ramos-juventud-con-experiencia-en-la-elite\/","title":{"rendered":"#1 Alba Ramos: Juventud con experiencia en la elite"},"content":{"rendered":"\n<p>Alba Ramos, se convierte en el primer fichaje de la 5\u00aa temporada de Jose Gonz\u00e1lez en la Fundaci\u00f3 UE Cornell\u00e0.<\/p>\n\n\n\n<p>La central, de 22 a\u00f1os, tiene amplia experiencia en clubes de f\u00fatbol base como son el CF Damm y un referente en el f\u00fatbol femenino de barrio como es el CE Europa.<\/p>\n\n\n\n<p>Ah\u00ed, es donde ha tenido sus a\u00f1os de gloria. Llegando a disputar la Primera Federaci\u00f3n con tan solo 20 a\u00f1os y siendo titular en la mayor\u00eda de partidos. En esas dos campa\u00f1as, ha llegado a disputar hasta 3 partidos de Copa de la Reina.<\/p>\n\n\n\n<p>En la temporada 2024\/25, no tenemos datos sobre su situaci\u00f3n y marcamos como que no tiene partidos disputados y ha estado en el CE Europa en Segunda Federaci\u00f3n.<\/p>\n\n\n\n<p><em>Trayectoria Alba Ramos:<\/em><\/p>\n\n\n\n<ul class=\"wp-block-list\">\n<li><strong>2021\/2022 &#8211; CF Damm<\/strong><\/li>\n\n\n\n<li><strong>2022\/2025 &#8211; CE Europa<\/strong>\n<ul class=\"wp-block-list\">\n<li>2022\/23 &#8211; Segunda Federaci\u00f3n -> 25 partidos (+2 partidos Copa de la Reina)<\/li>\n\n\n\n<li>2023\/24 &#8211; Primera Federaci\u00f3n -> 17 partidos (+1 partido Copa de la Reina)<\/li>\n\n\n\n<li>2024\/25 &#8211; Segunda Federaci\u00f3n -> 0 partidos.<\/li>\n<\/ul>\n<\/li>\n<\/ul>\n\n\n\n<p>Alba se une junto con Judit, Saray y Joana por un puesto en la medular en esta temporada 2025\/26 en la que disputar\u00e1 tambi\u00e9n la Copa de la Reina.<\/p>\n\n\n\n<p>\u00a1Bienvenida a tu nueva casa y seguro que juntas conseguiremos muchos \u00e9xitos!<\/p>\n","protected":false},"excerpt":{"rendered":"<p>Alba Ramos, se convierte en el primer fichaje de la 5\u00aa temporada de Jose Gonz\u00e1lez en la Fundaci\u00f3 UE Cornell\u00e0. La central, de 22 a\u00f1os, tiene amplia experiencia en clubes de f\u00fatbol base como son el CF Damm y un referente en el f\u00fatbol femenino de barrio como es el CE Europa. Ah\u00ed, es donde [&hellip;]<\/p>\n","protected":false},"author":1,"featured_media":1971,"comment_status":"open","ping_status":"open","sticky":false,"template":"","format":"standard","meta":{"_eb_attr":"","advanced_seo_description":"","jetpack_seo_html_title":"","jetpack_seo_noindex":false,"jetpack_post_was_ever_published":false,"_jetpack_newsletter_access":"","_jetpack_dont_email_post_to_subs":false,"_jetpack_newsletter_tier_id":0,"_jetpack_memberships_contains_paywalled_content":false,"_jetpack_memberships_contains_paid_content":false,"footnotes":"","jetpack_publicize_message":"","jetpack_publicize_feature_enabled":true,"jetpack_social_post_already_shared":true,"jetpack_social_options":{"image_generator_settings":{"template":"highway","default_image_id":0,"font":"","enabled":false},"version":2}},"categories":[52,12,70,71,99],"tags":[119,86,68,65],"class_list":["post-1968","post","type-post","status-publish","format-standard","has-post-thumbnail","hentry","category-fichaje","category-fuecornella","category-pretemporada-2025-26","category-temporada-2025-26","category-tercera-federacion-femenina","tag-alba-ramos","tag-fundacio-ue-cornella","tag-pretemporada-2025-26","tag-temporada-2025-26"],"jetpack_publicize_connections":[],"jetpack_featured_media_url":"https:\/\/i0.wp.com\/www.bloguecornella.es\/wordpress\/wp-content\/uploads\/2025\/07\/Alba-Ramos.png?fit=941%2C529","jetpack_sharing_enabled":true,"jetpack-related-posts":[{"id":2271,"url":"http:\/\/www.bloguecornella.es\/wordpress\/2025\/08\/21\/1-pretemporada-25-26-fundacio-ue-cornella-rcd-espanyol-b-previa\/","url_meta":{"origin":1968,"position":0},"title":"#1 Pretemporada 25\/26 &#8211; Fundaci\u00f3 UE Cornell\u00e0 &#8211; RCD Espanyol \u00abB\u00bb &#8211; Previa","author":"bloguecornella","date":"21 de agosto de 2025","format":false,"excerpt":"Llego la primera toma de contacto de la Fundaci\u00f3 UE Cornell\u00e0 femenina en la temporada 2025\/26. Despu\u00e9s de la temporada hist\u00f3rica en la Segunda Federaci\u00f3n y de haber llegado a disputar partidos contra equipos m\u00edticos como el Rayo Vallecano, que fue campe\u00f3n de la actual Liga F, volvemos al h\u00e1bitat\u2026","rel":"","context":"En \u00abFundaci\u00f3 UE Cornell\u00e0\u00bb","block_context":{"text":"Fundaci\u00f3 UE Cornell\u00e0","link":"http:\/\/www.bloguecornella.es\/wordpress\/category\/fuecornella\/"},"img":{"alt_text":"","src":"https:\/\/i0.wp.com\/www.bloguecornella.es\/wordpress\/wp-content\/uploads\/2025\/08\/Previas-Fundacio-UE-Cornella.png?fit=940%2C529&resize=350%2C200","width":350,"height":200,"srcset":"https:\/\/i0.wp.com\/www.bloguecornella.es\/wordpress\/wp-content\/uploads\/2025\/08\/Previas-Fundacio-UE-Cornella.png?fit=940%2C529&resize=350%2C200 1x, https:\/\/i0.wp.com\/www.bloguecornella.es\/wordpress\/wp-content\/uploads\/2025\/08\/Previas-Fundacio-UE-Cornella.png?fit=940%2C529&resize=525%2C300 1.5x, https:\/\/i0.wp.com\/www.bloguecornella.es\/wordpress\/wp-content\/uploads\/2025\/08\/Previas-Fundacio-UE-Cornella.png?fit=940%2C529&resize=700%2C400 2x"},"classes":[]},{"id":2418,"url":"http:\/\/www.bloguecornella.es\/wordpress\/2025\/09\/09\/1a-eliminatoria-copa-de-la-reina-fundacio-ue-cornella-ce-europa-previa\/","url_meta":{"origin":1968,"position":1},"title":"1\u00aa Eliminatoria Copa de la Reina &#8211; Fundaci\u00f3 UE Cornell\u00e0 &#8211; CE Europa &#8211; Previa \u00abVamos a disfrutar\u00bb","author":"bloguecornella","date":"9 de septiembre de 2025","format":false,"excerpt":"Llego el momento. Un momento hist\u00f3rico para la secci\u00f3n femenina de la Fundaci\u00f3 UE Cornell\u00e0. Jugar por primera vez en su historia la Copa de la Reina. Despu\u00e9s de haber hecho historia la temporada 2024\/25 jugando en la Segunda Federaci\u00f3n femenina (3r escal\u00f3n del f\u00fatbol femenino nacional), consigui\u00f3 la temporada\u2026","rel":"","context":"En \u00abCopa de la Reina\u00bb","block_context":{"text":"Copa de la Reina","link":"http:\/\/www.bloguecornella.es\/wordpress\/category\/copa-de-la-reina\/"},"img":{"alt_text":"","src":"https:\/\/i0.wp.com\/www.bloguecornella.es\/wordpress\/wp-content\/uploads\/2025\/09\/Previa-1a-Eliminatoria-Copa-de-la-Reina.png?fit=940%2C529&resize=350%2C200","width":350,"height":200,"srcset":"https:\/\/i0.wp.com\/www.bloguecornella.es\/wordpress\/wp-content\/uploads\/2025\/09\/Previa-1a-Eliminatoria-Copa-de-la-Reina.png?fit=940%2C529&resize=350%2C200 1x, https:\/\/i0.wp.com\/www.bloguecornella.es\/wordpress\/wp-content\/uploads\/2025\/09\/Previa-1a-Eliminatoria-Copa-de-la-Reina.png?fit=940%2C529&resize=525%2C300 1.5x, https:\/\/i0.wp.com\/www.bloguecornella.es\/wordpress\/wp-content\/uploads\/2025\/09\/Previa-1a-Eliminatoria-Copa-de-la-Reina.png?fit=940%2C529&resize=700%2C400 2x"},"classes":[]},{"id":2352,"url":"http:\/\/www.bloguecornella.es\/wordpress\/2025\/08\/26\/2-pretemporada-25-26-fuec-fundacio-ue-cornella-vs-sant-cugat-fc-previa\/","url_meta":{"origin":1968,"position":2},"title":"#2 Pretemporada 25\/26 FUEC &#8211; Fundaci\u00f3 UE Cornell\u00e0 vs Sant Cugat FC &#8211; Previa","author":"bloguecornella","date":"26 de agosto de 2025","format":false,"excerpt":"Esta semana, arranca con dos encuentros m\u00e1s de preparaci\u00f3n para la Fundaci\u00f3 UE Cornell\u00e0 femenina. El primero de ellos, ser\u00e1 este mi\u00e9rcoles 27 de Agosto, a las 20:45, en el Municipal de Cornell\u00e0 contra el Sant Cugat FC, rival directo en esta temporada en Tercera Federaci\u00f3n, y el pr\u00f3ximo rival\u2026","rel":"","context":"En \u00abFundaci\u00f3 UE Cornell\u00e0\u00bb","block_context":{"text":"Fundaci\u00f3 UE Cornell\u00e0","link":"http:\/\/www.bloguecornella.es\/wordpress\/category\/fuecornella\/"},"img":{"alt_text":"","src":"https:\/\/i0.wp.com\/www.bloguecornella.es\/wordpress\/wp-content\/uploads\/2025\/08\/Previas-Fundacio-UE-Cornella-1.png?fit=940%2C529&resize=350%2C200","width":350,"height":200,"srcset":"https:\/\/i0.wp.com\/www.bloguecornella.es\/wordpress\/wp-content\/uploads\/2025\/08\/Previas-Fundacio-UE-Cornella-1.png?fit=940%2C529&resize=350%2C200 1x, https:\/\/i0.wp.com\/www.bloguecornella.es\/wordpress\/wp-content\/uploads\/2025\/08\/Previas-Fundacio-UE-Cornella-1.png?fit=940%2C529&resize=525%2C300 1.5x, https:\/\/i0.wp.com\/www.bloguecornella.es\/wordpress\/wp-content\/uploads\/2025\/08\/Previas-Fundacio-UE-Cornella-1.png?fit=940%2C529&resize=700%2C400 2x"},"classes":[]},{"id":2492,"url":"http:\/\/www.bloguecornella.es\/wordpress\/2025\/09\/19\/capitulo-1-fundacio-ue-cornella-ce-europa-b-previa-ilusion-por-volver-a-segunda-federacion\/","url_meta":{"origin":1968,"position":3},"title":"Cap\u00edtulo 1 : Fundaci\u00f3 UE Cornell\u00e0 &#8211; CE Europa \u201cB\u201d &#8211; Previa \u201cIlusi\u00f3n por volver a Segunda Federaci\u00f3n\u201d","author":"bloguecornella","date":"19 de septiembre de 2025","format":false,"excerpt":"Vuelve la competici\u00f3n para el femenino de la UE Cornell\u00e0. Vuelve a rodar el bal\u00f3n, de forma oficial, en el Nou Municipal, para la Fundaci\u00f3 UE Cornell\u00e0. Este domingo, a las 18h, se enfrenta a un reci\u00e9n ascendido como es el filial del CE Europa \"B\" El rival: CE Europa\u2026","rel":"","context":"En \u00abFundaci\u00f3 UE Cornell\u00e0\u00bb","block_context":{"text":"Fundaci\u00f3 UE Cornell\u00e0","link":"http:\/\/www.bloguecornella.es\/wordpress\/category\/fuecornella\/"},"img":{"alt_text":"","src":"https:\/\/i0.wp.com\/www.bloguecornella.es\/wordpress\/wp-content\/uploads\/2025\/09\/Previa-Jornada-1.png?fit=940%2C529&resize=350%2C200","width":350,"height":200,"srcset":"https:\/\/i0.wp.com\/www.bloguecornella.es\/wordpress\/wp-content\/uploads\/2025\/09\/Previa-Jornada-1.png?fit=940%2C529&resize=350%2C200 1x, https:\/\/i0.wp.com\/www.bloguecornella.es\/wordpress\/wp-content\/uploads\/2025\/09\/Previa-Jornada-1.png?fit=940%2C529&resize=525%2C300 1.5x, https:\/\/i0.wp.com\/www.bloguecornella.es\/wordpress\/wp-content\/uploads\/2025\/09\/Previa-Jornada-1.png?fit=940%2C529&resize=700%2C400 2x"},"classes":[]},{"id":2901,"url":"http:\/\/www.bloguecornella.es\/wordpress\/2025\/10\/31\/previa-capitulo-6-fem-ce-seagull-bdn-fundacio-ue-cornella-victoria-para-seguir-arriba\/","url_meta":{"origin":1968,"position":4},"title":"Previa Cap\u00edtulo 6 Fem &#8211; CE Seagull BDN &#8211; Fundaci\u00f3 UE Cornell\u00e0 \u00abVictoria para seguir arriba\u00bb","author":"bloguecornella","date":"31 de octubre de 2025","format":false,"excerpt":"Una vez ya solventado el encuentro aplazado en el que, muy a nuestro pesar, saldo con derrota verde, vuelve la liga, despu\u00e9s del par\u00f3n, con un partidazo para nuestras chicas. En este caso, su rival es el CE Seagull BDN. El rival: CE Seagull BDN (3\u00ba - 10 puntos) Seagull\u2026","rel":"","context":"En \u00abFundaci\u00f3 UE Cornell\u00e0\u00bb","block_context":{"text":"Fundaci\u00f3 UE Cornell\u00e0","link":"http:\/\/www.bloguecornella.es\/wordpress\/category\/fuecornella\/"},"img":{"alt_text":"","src":"https:\/\/i0.wp.com\/www.bloguecornella.es\/wordpress\/wp-content\/uploads\/2025\/10\/Previa-Jornada-6.png?fit=940%2C529&resize=350%2C200","width":350,"height":200,"srcset":"https:\/\/i0.wp.com\/www.bloguecornella.es\/wordpress\/wp-content\/uploads\/2025\/10\/Previa-Jornada-6.png?fit=940%2C529&resize=350%2C200 1x, https:\/\/i0.wp.com\/www.bloguecornella.es\/wordpress\/wp-content\/uploads\/2025\/10\/Previa-Jornada-6.png?fit=940%2C529&resize=525%2C300 1.5x, https:\/\/i0.wp.com\/www.bloguecornella.es\/wordpress\/wp-content\/uploads\/2025\/10\/Previa-Jornada-6.png?fit=940%2C529&resize=700%2C400 2x"},"classes":[]},{"id":2019,"url":"http:\/\/www.bloguecornella.es\/wordpress\/2025\/07\/26\/2-maria-cortina-zurda-con-experiencia-internacional\/","url_meta":{"origin":1968,"position":5},"title":"#2 Mar\u00eda Cortina: zurda con experiencia internacional","author":"bloguecornella","date":"26 de julio de 2025","format":false,"excerpt":"Hace tiempo que no hacemos un peque\u00f1o par\u00f3n y mostramos el nivel de las jugadores que entran en nuestro club. Este es el caso de Mar\u00eda Cortina. Jugadora de 22 a\u00f1os que viene del CF Motril, reci\u00e9n ascendido a la Tercera Federaci\u00f3n Femenina. La jugadora ha tenido experiencia en competiciones\u2026","rel":"","context":"En \u00abFichaje\u00bb","block_context":{"text":"Fichaje","link":"http:\/\/www.bloguecornella.es\/wordpress\/category\/fichaje\/"},"img":{"alt_text":"","src":"https:\/\/i0.wp.com\/www.bloguecornella.es\/wordpress\/wp-content\/uploads\/2025\/07\/2-Maria-Cortina.png?fit=941%2C529&resize=350%2C200","width":350,"height":200,"srcset":"https:\/\/i0.wp.com\/www.bloguecornella.es\/wordpress\/wp-content\/uploads\/2025\/07\/2-Maria-Cortina.png?fit=941%2C529&resize=350%2C200 1x, https:\/\/i0.wp.com\/www.bloguecornella.es\/wordpress\/wp-content\/uploads\/2025\/07\/2-Maria-Cortina.png?fit=941%2C529&resize=525%2C300 1.5x, https:\/\/i0.wp.com\/www.bloguecornella.es\/wordpress\/wp-content\/uploads\/2025\/07\/2-Maria-Cortina.png?fit=941%2C529&resize=700%2C400 2x"},"classes":[]}],"_links":{"self":[{"href":"http:\/\/www.bloguecornella.es\/wordpress\/wp-json\/wp\/v2\/posts\/1968","targetHints":{"allow":["GET"]}}],"collection":[{"href":"http:\/\/www.bloguecornella.es\/wordpress\/wp-json\/wp\/v2\/posts"}],"about":[{"href":"http:\/\/www.bloguecornella.es\/wordpress\/wp-json\/wp\/v2\/types\/post"}],"author":[{"embeddable":true,"href":"http:\/\/www.bloguecornella.es\/wordpress\/wp-json\/wp\/v2\/users\/1"}],"replies":[{"embeddable":true,"href":"http:\/\/www.bloguecornella.es\/wordpress\/wp-json\/wp\/v2\/comments?post=1968"}],"version-history":[{"count":1,"href":"http:\/\/www.bloguecornella.es\/wordpress\/wp-json\/wp\/v2\/posts\/1968\/revisions"}],"predecessor-version":[{"id":1972,"href":"http:\/\/www.bloguecornella.es\/wordpress\/wp-json\/wp\/v2\/posts\/1968\/revisions\/1972"}],"wp:featuredmedia":[{"embeddable":true,"href":"http:\/\/www.bloguecornella.es\/wordpress\/wp-json\/wp\/v2\/media\/1971"}],"wp:attachment":[{"href":"http:\/\/www.bloguecornella.es\/wordpress\/wp-json\/wp\/v2\/media?parent=1968"}],"wp:term":[{"taxonomy":"category","embeddable":true,"href":"http:\/\/www.bloguecornella.es\/wordpress\/wp-json\/wp\/v2\/categories?post=1968"},{"taxonomy":"post_tag","embeddable":true,"href":"http:\/\/www.bloguecornella.es\/wordpress\/wp-json\/wp\/v2\/tags?post=1968"}],"curies":[{"name":"wp","href":"https:\/\/api.w.org\/{rel}","templated":true}]}}