{"id":1964,"date":"2025-07-14T12:00:00","date_gmt":"2025-07-14T10:00:00","guid":{"rendered":"http:\/\/www.bloguecornella.es\/wordpress\/?p=1964"},"modified":"2025-07-13T23:46:00","modified_gmt":"2025-07-13T21:46:00","slug":"9-ivan-de-la-pena-jr-complemento-con-gancho-en-el-muro-defensivo","status":"publish","type":"post","link":"http:\/\/www.bloguecornella.es\/wordpress\/2025\/07\/14\/9-ivan-de-la-pena-jr-complemento-con-gancho-en-el-muro-defensivo\/","title":{"rendered":"#9 Ivan de la Pe\u00f1a Jr: Complemento con gancho en el muro defensivo"},"content":{"rendered":"\n<p>Iv\u00e1n de la Pe\u00f1a ficha por la UE Cornell\u00e0, despu\u00e9s de su paso por el CE Manresa, de donde no gozo de mucho protagonismo al jugar 14 partidos en la 2024\/25.<\/p>\n\n\n\n<p>El jugador barcelon\u00e9s de 24 a\u00f1os se ha formado en las categor\u00edas inferiores del N\u00e0stic de Tarragona donde da el salto al equipo filial el N\u00e0stic de Tarragona durante dos temporadas y en la tercera llegar a disputar un partido con el primer equipo.<\/p>\n\n\n\n<p>En la 23\/24, no tiene reto dentro del club y sale al CE Manresa, donde completa la segunda parte de la temporada y consigue renovar por una temporada m\u00e1s.<\/p>\n\n\n\n<p>El central tiene experiencia en categor\u00eda como Segunda Federaci\u00f3n, Tercera Federaci\u00f3n y haber disputado un partido en Primera Federaci\u00f3n y ser\u00e1 un duro competidor para Gonzalo Pereira y Tomas Pe\u00f1alba, que apuntan como posible pareja de centrales.<\/p>\n\n\n\n<p><em>Trayector\u00eda Ivan de la Pe\u00f1a Jr<\/em><\/p>\n\n\n\n<ul class=\"wp-block-list\">\n<li><strong>2020-2023 &#8211; CF Pobla Mafumet<\/strong>\n<ul class=\"wp-block-list\">\n<li>2020\/21 &#8211; Tercera Divisi\u00f3n &#8211; 25 partidos &#8211; 1 Gol.<\/li>\n\n\n\n<li>2021\/22 &#8211; Tercera Federaci\u00f3n &#8211; 19 partidos.<\/li>\n\n\n\n<li>2022\/23 &#8211; Tercera Federaci\u00f3n &#8211; 4 partidos.<\/li>\n<\/ul>\n<\/li>\n\n\n\n<li><strong>2022-2024 &#8211; Gimn\u00e0stic Tarragona<\/strong>\n<ul class=\"wp-block-list\">\n<li>2022\/23 &#8211; Primera Federaci\u00f3n &#8211; 1 partido (1 Copa del Rey).<\/li>\n\n\n\n<li>2023\/24 &#8211; Primera Federaci\u00f3n &#8211; 0 partidos.<\/li>\n<\/ul>\n<\/li>\n\n\n\n<li><strong>2023-2025 &#8211; CE Manresa<\/strong>\n<ul class=\"wp-block-list\">\n<li>2023\/24 &#8211; Segunda Federaci\u00f3n &#8211; 12 partidos.<\/li>\n\n\n\n<li>2024\/25 &#8211; Tercera Federaci\u00f3n &#8211; 14 partidos.<\/li>\n<\/ul>\n<\/li>\n<\/ul>\n\n\n\n<p>Bienvenido al club Iv\u00e1n, seguro que aportaras todo tu talento a contribuir en la mejora conjunta del club.<\/p>\n","protected":false},"excerpt":{"rendered":"<p>Iv\u00e1n de la Pe\u00f1a ficha por la UE Cornell\u00e0, despu\u00e9s de su paso por el CE Manresa, de donde no gozo de mucho protagonismo al jugar 14 partidos en la 2024\/25. El jugador barcelon\u00e9s de 24 a\u00f1os se ha formado en las categor\u00edas inferiores del N\u00e0stic de Tarragona donde da el salto al equipo filial [&hellip;]<\/p>\n","protected":false},"author":1,"featured_media":1967,"comment_status":"open","ping_status":"open","sticky":false,"template":"","format":"standard","meta":{"_eb_attr":"","advanced_seo_description":"","jetpack_seo_html_title":"","jetpack_seo_noindex":false,"jetpack_post_was_ever_published":false,"_jetpack_newsletter_access":"","_jetpack_dont_email_post_to_subs":false,"_jetpack_newsletter_tier_id":0,"_jetpack_memberships_contains_paywalled_content":false,"_jetpack_memberships_contains_paid_content":false,"footnotes":"","jetpack_publicize_message":"","jetpack_publicize_feature_enabled":true,"jetpack_social_post_already_shared":true,"jetpack_social_options":{"image_generator_settings":{"template":"highway","default_image_id":0,"font":"","enabled":false},"version":2}},"categories":[52,70,71,51],"tags":[118,68,65,54],"class_list":["post-1964","post","type-post","status-publish","format-standard","has-post-thumbnail","hentry","category-fichaje","category-pretemporada-2025-26","category-temporada-2025-26","category-ue-cornella","tag-ivan-de-la-pena-jr","tag-pretemporada-2025-26","tag-temporada-2025-26","tag-ue-cornella"],"jetpack_publicize_connections":[],"jetpack_featured_media_url":"https:\/\/i0.wp.com\/www.bloguecornella.es\/wordpress\/wp-content\/uploads\/2025\/07\/10-Ivan-de-la-Pena-Jr.png?fit=940%2C529","jetpack_sharing_enabled":true,"jetpack-related-posts":[{"id":1474,"url":"http:\/\/www.bloguecornella.es\/wordpress\/2025\/05\/27\/hector-tejada-una-vuelta-con-aroma-a-gol\/","url_meta":{"origin":1964,"position":0},"title":"Hector Tejada: Una vuelta con aroma a gol","author":"bloguecornella","date":"27 de mayo de 2025","format":false,"excerpt":"La cesi\u00f3n del canterano de la UE Cornell\u00e0 al filial del CE Europa ha servido para re encontrarse con el gol. A sus 20 a\u00f1os, ha pasado de disputar 215 minutos en 11 partidos con el primer equipo de la UE Cornell\u00e0, en Segunda Federaci\u00f3n, y siendo titular en 2\u2026","rel":"","context":"En \u00abHector Tejada\u00bb","block_context":{"text":"Hector Tejada","link":"http:\/\/www.bloguecornella.es\/wordpress\/category\/hector-tejada\/"},"img":{"alt_text":"","src":"https:\/\/i0.wp.com\/www.bloguecornella.es\/wordpress\/wp-content\/uploads\/2025\/05\/Alberto-Lopo-%C2%BFEl-entrenador-de-3a-Federacion-1.png?fit=940%2C529&resize=350%2C200","width":350,"height":200,"srcset":"https:\/\/i0.wp.com\/www.bloguecornella.es\/wordpress\/wp-content\/uploads\/2025\/05\/Alberto-Lopo-%C2%BFEl-entrenador-de-3a-Federacion-1.png?fit=940%2C529&resize=350%2C200 1x, https:\/\/i0.wp.com\/www.bloguecornella.es\/wordpress\/wp-content\/uploads\/2025\/05\/Alberto-Lopo-%C2%BFEl-entrenador-de-3a-Federacion-1.png?fit=940%2C529&resize=525%2C300 1.5x, https:\/\/i0.wp.com\/www.bloguecornella.es\/wordpress\/wp-content\/uploads\/2025\/05\/Alberto-Lopo-%C2%BFEl-entrenador-de-3a-Federacion-1.png?fit=940%2C529&resize=700%2C400 2x"},"classes":[]},{"id":1968,"url":"http:\/\/www.bloguecornella.es\/wordpress\/2025\/07\/15\/1-alba-ramos-juventud-con-experiencia-en-la-elite\/","url_meta":{"origin":1964,"position":1},"title":"#1 Alba Ramos: Juventud con experiencia en la elite","author":"bloguecornella","date":"15 de julio de 2025","format":false,"excerpt":"Alba Ramos, se convierte en el primer fichaje de la 5\u00aa temporada de Jose Gonz\u00e1lez en la Fundaci\u00f3 UE Cornell\u00e0. La central, de 22 a\u00f1os, tiene amplia experiencia en clubes de f\u00fatbol base como son el CF Damm y un referente en el f\u00fatbol femenino de barrio como es el\u2026","rel":"","context":"En \u00abFichaje\u00bb","block_context":{"text":"Fichaje","link":"http:\/\/www.bloguecornella.es\/wordpress\/category\/fichaje\/"},"img":{"alt_text":"","src":"https:\/\/i0.wp.com\/www.bloguecornella.es\/wordpress\/wp-content\/uploads\/2025\/07\/Alba-Ramos.png?fit=941%2C529&resize=350%2C200","width":350,"height":200,"srcset":"https:\/\/i0.wp.com\/www.bloguecornella.es\/wordpress\/wp-content\/uploads\/2025\/07\/Alba-Ramos.png?fit=941%2C529&resize=350%2C200 1x, https:\/\/i0.wp.com\/www.bloguecornella.es\/wordpress\/wp-content\/uploads\/2025\/07\/Alba-Ramos.png?fit=941%2C529&resize=525%2C300 1.5x, https:\/\/i0.wp.com\/www.bloguecornella.es\/wordpress\/wp-content\/uploads\/2025\/07\/Alba-Ramos.png?fit=941%2C529&resize=700%2C400 2x"},"classes":[]},{"id":2383,"url":"http:\/\/www.bloguecornella.es\/wordpress\/2025\/09\/05\/capitulo-1-25-26-ue-vic-ue-cornella-con-todo-y-a-por-todo\/","url_meta":{"origin":1964,"position":2},"title":"Cap\u00edtulo 1 &#8211; 25\/26 &#8211; UE Vic &#8211; UE Cornell\u00e0 &#8211; \u00abCon todo y a por todo\u00bb","author":"bloguecornella","date":"5 de septiembre de 2025","format":false,"excerpt":"132 d\u00edas despu\u00e9s de consumar el segundo descenso consecutivo, vuelve la previa de un partido oficial de Liga de la UE Cornell\u00e0. Arranca la temporada 2025\/26 en la Tercera Federaci\u00f3n (5\u00ba escal\u00f3n del f\u00fatbol nacional) donde la UE Cornell\u00e0 quiere volver a sus or\u00edgenes y volver a ser ese equipo\u2026","rel":"","context":"En \u00abHector Tejada\u00bb","block_context":{"text":"Hector Tejada","link":"http:\/\/www.bloguecornella.es\/wordpress\/category\/hector-tejada\/"},"img":{"alt_text":"","src":"https:\/\/i0.wp.com\/www.bloguecornella.es\/wordpress\/wp-content\/uploads\/2025\/09\/J1-UE-Vic-UE-Cornella.png?fit=940%2C520&resize=350%2C200","width":350,"height":200,"srcset":"https:\/\/i0.wp.com\/www.bloguecornella.es\/wordpress\/wp-content\/uploads\/2025\/09\/J1-UE-Vic-UE-Cornella.png?fit=940%2C520&resize=350%2C200 1x, https:\/\/i0.wp.com\/www.bloguecornella.es\/wordpress\/wp-content\/uploads\/2025\/09\/J1-UE-Vic-UE-Cornella.png?fit=940%2C520&resize=525%2C300 1.5x, https:\/\/i0.wp.com\/www.bloguecornella.es\/wordpress\/wp-content\/uploads\/2025\/09\/J1-UE-Vic-UE-Cornella.png?fit=940%2C520&resize=700%2C400 2x"},"classes":[]},{"id":2355,"url":"http:\/\/www.bloguecornella.es\/wordpress\/2025\/08\/29\/5-pretemporada-25-26-uec-ue-cornella-ue-sant-andreu-previa\/","url_meta":{"origin":1964,"position":3},"title":"#5 Pretemporada 25\/26 UEC &#8211; UE Cornell\u00e0 &#8211; UE Sant Andreu &#8211; Previa","author":"bloguecornella","date":"29 de agosto de 2025","format":false,"excerpt":"La UE Cornell\u00e0 afronta el \u00faltimo partido de pretemporada, antes del comienzo liguero el pr\u00f3ximo s\u00e1bado 06\/09\/2025 en Vic, contra la UE Sant Andreu, equipo de Segunda Federaci\u00f3n y el rival, a priori, mas complicado en lo que llevamos de pretemporada. El conjunto de Ignasi Senabre afronta el partido con\u2026","rel":"","context":"En \u00abPretemporada - 2025\/26\u00bb","block_context":{"text":"Pretemporada - 2025\/26","link":"http:\/\/www.bloguecornella.es\/wordpress\/category\/pretemporada-2025-26\/"},"img":{"alt_text":"","src":"https:\/\/i0.wp.com\/www.bloguecornella.es\/wordpress\/wp-content\/uploads\/2025\/08\/Previa-5-UE-Cornella-UE-Sant-Andreu.png?fit=940%2C520&resize=350%2C200","width":350,"height":200,"srcset":"https:\/\/i0.wp.com\/www.bloguecornella.es\/wordpress\/wp-content\/uploads\/2025\/08\/Previa-5-UE-Cornella-UE-Sant-Andreu.png?fit=940%2C520&resize=350%2C200 1x, https:\/\/i0.wp.com\/www.bloguecornella.es\/wordpress\/wp-content\/uploads\/2025\/08\/Previa-5-UE-Cornella-UE-Sant-Andreu.png?fit=940%2C520&resize=525%2C300 1.5x, https:\/\/i0.wp.com\/www.bloguecornella.es\/wordpress\/wp-content\/uploads\/2025\/08\/Previa-5-UE-Cornella-UE-Sant-Andreu.png?fit=940%2C520&resize=700%2C400 2x"},"classes":[]},{"id":88,"url":"http:\/\/www.bloguecornella.es\/wordpress\/2024\/08\/17\/previa-ce-manresa-vs-ue-cornella-semifinales-fa-copa-federacion\/","url_meta":{"origin":1964,"position":4},"title":"Previa: CE Manresa vs UE Cornella &#8211; Semifinales FA Copa Federaci\u00f3n","author":"bloguecornella","date":"17 de agosto de 2024","format":false,"excerpt":"S\u00e1bado 17 de Agosto de 2024 ser\u00e1 el d\u00eda de las semifinales de la Fase Auton\u00f3mica de la Copa Federaci\u00f3n. Los encuentros son CF Badalona vs CE Sabadell y CE Manresa vs UE Cornella. El CE Manresa ser\u00e1 su segundo partido de Pretemporada despu\u00e9s del disputado la semana pasada en\u2026","rel":"","context":"En \u00abCopa Federacion - Fase autonomica\u00bb","block_context":{"text":"Copa Federacion - Fase autonomica","link":"http:\/\/www.bloguecornella.es\/wordpress\/category\/copa-federacion-fase-autonomica\/"},"img":{"alt_text":"","src":"","width":0,"height":0},"classes":[]},{"id":2024,"url":"http:\/\/www.bloguecornella.es\/wordpress\/2025\/07\/28\/pretemporada-juvenil-a-nivel-alto-para-estar-preparados\/","url_meta":{"origin":1964,"position":5},"title":"Pretemporada Juvenil A: \u00abNivel alto para estar preparados\u00bb","author":"bloguecornella","date":"28 de julio de 2025","format":false,"excerpt":"Sorprendi\u00f3 a muchos que comenzar este mi\u00e9rcoles la primera sesi\u00f3n de entrenamiento del Juvenil A del conjunto verde, al comenzar antes que el primer equipo y, sobre todo, que inician la competici\u00f3n una semana m\u00e1s tarde. Rub\u00e9n Pellitero lo tiene claro y demuestra las ambiciones con las que ha venido\u2026","rel":"","context":"En \u00abJuvenil A - Masculino\u00bb","block_context":{"text":"Juvenil A - Masculino","link":"http:\/\/www.bloguecornella.es\/wordpress\/category\/juvenil-a-masculino\/"},"img":{"alt_text":"","src":"https:\/\/i0.wp.com\/www.bloguecornella.es\/wordpress\/wp-content\/uploads\/2025\/07\/Pretemporada-202526-Juvenil-A-UE-Cornella.png?fit=920%2C529&resize=350%2C200","width":350,"height":200,"srcset":"https:\/\/i0.wp.com\/www.bloguecornella.es\/wordpress\/wp-content\/uploads\/2025\/07\/Pretemporada-202526-Juvenil-A-UE-Cornella.png?fit=920%2C529&resize=350%2C200 1x, https:\/\/i0.wp.com\/www.bloguecornella.es\/wordpress\/wp-content\/uploads\/2025\/07\/Pretemporada-202526-Juvenil-A-UE-Cornella.png?fit=920%2C529&resize=525%2C300 1.5x, https:\/\/i0.wp.com\/www.bloguecornella.es\/wordpress\/wp-content\/uploads\/2025\/07\/Pretemporada-202526-Juvenil-A-UE-Cornella.png?fit=920%2C529&resize=700%2C400 2x"},"classes":[]}],"_links":{"self":[{"href":"http:\/\/www.bloguecornella.es\/wordpress\/wp-json\/wp\/v2\/posts\/1964","targetHints":{"allow":["GET"]}}],"collection":[{"href":"http:\/\/www.bloguecornella.es\/wordpress\/wp-json\/wp\/v2\/posts"}],"about":[{"href":"http:\/\/www.bloguecornella.es\/wordpress\/wp-json\/wp\/v2\/types\/post"}],"author":[{"embeddable":true,"href":"http:\/\/www.bloguecornella.es\/wordpress\/wp-json\/wp\/v2\/users\/1"}],"replies":[{"embeddable":true,"href":"http:\/\/www.bloguecornella.es\/wordpress\/wp-json\/wp\/v2\/comments?post=1964"}],"version-history":[{"count":1,"href":"http:\/\/www.bloguecornella.es\/wordpress\/wp-json\/wp\/v2\/posts\/1964\/revisions"}],"predecessor-version":[{"id":1966,"href":"http:\/\/www.bloguecornella.es\/wordpress\/wp-json\/wp\/v2\/posts\/1964\/revisions\/1966"}],"wp:featuredmedia":[{"embeddable":true,"href":"http:\/\/www.bloguecornella.es\/wordpress\/wp-json\/wp\/v2\/media\/1967"}],"wp:attachment":[{"href":"http:\/\/www.bloguecornella.es\/wordpress\/wp-json\/wp\/v2\/media?parent=1964"}],"wp:term":[{"taxonomy":"category","embeddable":true,"href":"http:\/\/www.bloguecornella.es\/wordpress\/wp-json\/wp\/v2\/categories?post=1964"},{"taxonomy":"post_tag","embeddable":true,"href":"http:\/\/www.bloguecornella.es\/wordpress\/wp-json\/wp\/v2\/tags?post=1964"}],"curies":[{"name":"wp","href":"https:\/\/api.w.org\/{rel}","templated":true}]}}