{"id":1880,"date":"2025-06-30T14:00:00","date_gmt":"2025-06-30T12:00:00","guid":{"rendered":"http:\/\/www.bloguecornella.es\/wordpress\/?p=1880"},"modified":"2025-06-30T00:38:29","modified_gmt":"2025-06-29T22:38:29","slug":"5-gonzalo-pereira-muro-para-conseguir-la-porteria-0","status":"publish","type":"post","link":"http:\/\/www.bloguecornella.es\/wordpress\/2025\/06\/30\/5-gonzalo-pereira-muro-para-conseguir-la-porteria-0\/","title":{"rendered":"#5 Gonzalo Pereira: Muro para conseguir la porter\u00eda 0"},"content":{"rendered":"\n<p>La llegada de Gonzalo a la UE Cornell\u00e0 aportara solidez defensiva, como se ha demostrado la titularidad que ha tenido en los \u00faltimos 3 a\u00f1os en los clubes que ha militado.<\/p>\n\n\n\n<p>A falta de m\u00e1s fichajes para la posici\u00f3n de defensa central, actualmente compartir\u00e1 cerco con Tomas Pe\u00f1alba, que ya ha disputado la temporada 2024\/25 con el conjunto de la orilla del Baix Llobregat. A sus 28 a\u00f1os, se puede decir que ha tenido una dilatada experiencia en el \u00e1mbito catal\u00e1n y, sobre todo, con un debut en <strong>Primera Divisi\u00f3n<\/strong> con el Levante UD en la temporada 2019\/2020. En aquel a\u00f1o, estuvo jugando en el filial, que militaba en Segunda Divisi\u00f3n B.<\/p>\n\n\n\n<p>Eso no queda ah\u00ed, en la 2018\/2019, estando en el filial del extinto Reus Deportiu, ha jugado 10 partidos oficiales de la Segunda Divisi\u00f3n nacional. No le falta alicientes al chico, nacido en Barcelona.<\/p>\n\n\n\n<p>Toda su carrera la ha centrado entre el 3r y 4o escal\u00f3n del f\u00fatbol nacional (Antes de la pandemia), ya que con la refundaci\u00f3n de las categor\u00edas, la Segunda Federaci\u00f3n se ha convertido en la 4\u00aa y se podr\u00eda decir, que siempre ha estado en el 3r escal\u00f3n nacional. Salvo la \u00faltima temporada en el CF Badalona, que ha sido en 5a categor\u00eda, pero indicando esto, siendo titular indiscutible.<\/p>\n\n\n\n<p>En un sitio, donde le han tenido especial cari\u00f1o, es en la Penya Deportiva. El jugador estuvo 3 temporadas en los que ha sumado casi 70 partidos entre Copa del Rey, Segunda Federaci\u00f3n y Play-off de ascenso a Primera Federaci\u00f3n.<\/p>\n\n\n\n<p><strong>La trayectoria de Gonzalo<\/strong>:<\/p>\n\n\n\n<ul class=\"wp-block-list\">\n<li>2016\/2017 &#8211; CE Sabadell B\n<ul class=\"wp-block-list\">\n<li>3\u00aa Divisi\u00f3n &#8211; 31 partidos &#8211; 1 Gol.<\/li>\n<\/ul>\n<\/li>\n\n\n\n<li>2017\/2018 &#8211; Reus Deportiu B\n<ul class=\"wp-block-list\">\n<li>3\u00aa Divisi\u00f3n &#8211; 20 partidos &#8211; 2 Goles.<\/li>\n<\/ul>\n<\/li>\n\n\n\n<li>2018\/2019 &#8211; Reus Deportiu\n<ul class=\"wp-block-list\">\n<li>Filial &#8211; 3\u00aa Divisi\u00f3n &#8211; 6 partidos.<\/li>\n\n\n\n<li>Primer Equipo &#8211; 2\u00aa Divisi\u00f3n &#8211; 11 partidos (1 Copa del Rey)<\/li>\n<\/ul>\n<\/li>\n\n\n\n<li>2018\/2019 &#8211; CD Calahorra\n<ul class=\"wp-block-list\">\n<li>2\u00aa Divisi\u00f3n B &#8211; 10 partidos.<\/li>\n<\/ul>\n<\/li>\n\n\n\n<li>2019\/2020 &#8211; Levante UD\n<ul class=\"wp-block-list\">\n<li>Filial &#8211; 2\u00aa Divisi\u00f3n B &#8211; 21 partidos &#8211; 1 Gol<\/li>\n\n\n\n<li>Primer Equipo &#8211; 1\u00aa Divisi\u00f3n &#8211; 2 partidos (1 Copa del Rey)<\/li>\n<\/ul>\n<\/li>\n\n\n\n<li>2020\/2021 &#8211; Penya Deportiva\n<ul class=\"wp-block-list\">\n<li>2\u00aa Divisi\u00f3n B &#8211; 19 Partidos (2 Copa del Rey) &#8211; 1 Gol<\/li>\n<\/ul>\n<\/li>\n\n\n\n<li>2021\/2022 &#8211; Aguilas FC\n<ul class=\"wp-block-list\">\n<li>2\u00aa Federaci\u00f3n &#8211; 5 Partidos (1 Copa del Rey)<\/li>\n<\/ul>\n<\/li>\n\n\n\n<li>2021\/2022 &#8211; Penya Deportiva\n<ul class=\"wp-block-list\">\n<li>2\u00aa Federaci\u00f3n &#8211; 18 Partidos<\/li>\n<\/ul>\n<\/li>\n\n\n\n<li>2022\/2023 &#8211; UE Olot\n<ul class=\"wp-block-list\">\n<li>2\u00aa Federaci\u00f3n &#8211; 30 Partidos (1 Copa del Rey)<\/li>\n<\/ul>\n<\/li>\n\n\n\n<li>2023\/2024 &#8211; Penya Deportiva\n<ul class=\"wp-block-list\">\n<li>2\u00aa Federaci\u00f3n &#8211; 30 Partidos (1 Copa del Rey) &#8211; 1 Gol.<\/li>\n<\/ul>\n<\/li>\n\n\n\n<li>2024\/2025 &#8211; CF Badalona\n<ul class=\"wp-block-list\">\n<li>3\u00aa Federaci\u00f3n &#8211; 36 Partidos &#8211; 1 Gol.<\/li>\n<\/ul>\n<\/li>\n<\/ul>\n\n\n\n<p>Felices de tenerte aqu\u00ed Gonzalo y seguro que aqu\u00ed, conseguir\u00e1s  todo lo que te propongas.<\/p>\n","protected":false},"excerpt":{"rendered":"<p>La llegada de Gonzalo a la UE Cornell\u00e0 aportara solidez defensiva, como se ha demostrado la titularidad que ha tenido en los \u00faltimos 3 a\u00f1os en los clubes que ha militado. A falta de m\u00e1s fichajes para la posici\u00f3n de defensa central, actualmente compartir\u00e1 cerco con Tomas Pe\u00f1alba, que ya ha disputado la temporada 2024\/25 [&hellip;]<\/p>\n","protected":false},"author":1,"featured_media":1882,"comment_status":"open","ping_status":"open","sticky":false,"template":"","format":"standard","meta":{"_eb_attr":"","advanced_seo_description":"","jetpack_seo_html_title":"","jetpack_seo_noindex":false,"jetpack_post_was_ever_published":false,"_jetpack_newsletter_access":"","_jetpack_dont_email_post_to_subs":false,"_jetpack_newsletter_tier_id":0,"_jetpack_memberships_contains_paywalled_content":false,"_jetpack_memberships_contains_paid_content":false,"footnotes":"","jetpack_publicize_message":"","jetpack_publicize_feature_enabled":true,"jetpack_social_post_already_shared":true,"jetpack_social_options":{"image_generator_settings":{"template":"highway","default_image_id":0,"font":"","enabled":false},"version":2}},"categories":[52,71,69,51],"tags":[108,68,65,54],"class_list":["post-1880","post","type-post","status-publish","format-standard","has-post-thumbnail","hentry","category-fichaje","category-temporada-2025-26","category-tercera-federacion-grupo-v","category-ue-cornella","tag-gonzalo-pereira","tag-pretemporada-2025-26","tag-temporada-2025-26","tag-ue-cornella"],"jetpack_publicize_connections":[],"jetpack_featured_media_url":"https:\/\/i0.wp.com\/www.bloguecornella.es\/wordpress\/wp-content\/uploads\/2025\/06\/5-Gonzalo-Pereira.png?fit=940%2C529","jetpack_sharing_enabled":true,"jetpack-related-posts":[{"id":1964,"url":"http:\/\/www.bloguecornella.es\/wordpress\/2025\/07\/14\/9-ivan-de-la-pena-jr-complemento-con-gancho-en-el-muro-defensivo\/","url_meta":{"origin":1880,"position":0},"title":"#9 Ivan de la Pe\u00f1a Jr: Complemento con gancho en el muro defensivo","author":"bloguecornella","date":"14 de julio de 2025","format":false,"excerpt":"Iv\u00e1n de la Pe\u00f1a ficha por la UE Cornell\u00e0, despu\u00e9s de su paso por el CE Manresa, de donde no gozo de mucho protagonismo al jugar 14 partidos en la 2024\/25. El jugador barcelon\u00e9s de 24 a\u00f1os se ha formado en las categor\u00edas inferiores del N\u00e0stic de Tarragona donde da\u2026","rel":"","context":"En \u00abFichaje\u00bb","block_context":{"text":"Fichaje","link":"http:\/\/www.bloguecornella.es\/wordpress\/category\/fichaje\/"},"img":{"alt_text":"","src":"https:\/\/i0.wp.com\/www.bloguecornella.es\/wordpress\/wp-content\/uploads\/2025\/07\/10-Ivan-de-la-Pena-Jr.png?fit=940%2C529&resize=350%2C200","width":350,"height":200,"srcset":"https:\/\/i0.wp.com\/www.bloguecornella.es\/wordpress\/wp-content\/uploads\/2025\/07\/10-Ivan-de-la-Pena-Jr.png?fit=940%2C529&resize=350%2C200 1x, https:\/\/i0.wp.com\/www.bloguecornella.es\/wordpress\/wp-content\/uploads\/2025\/07\/10-Ivan-de-la-Pena-Jr.png?fit=940%2C529&resize=525%2C300 1.5x, https:\/\/i0.wp.com\/www.bloguecornella.es\/wordpress\/wp-content\/uploads\/2025\/07\/10-Ivan-de-la-Pena-Jr.png?fit=940%2C529&resize=700%2C400 2x"},"classes":[]},{"id":817,"url":"http:\/\/www.bloguecornella.es\/wordpress\/2025\/01\/30\/gerard-gonzalez-tercera-incorporacion-de-la-ue-cornella\/","url_meta":{"origin":1880,"position":1},"title":"Gerard Gonzalez, tercera incorporaci\u00f3n de la UE Cornell\u00e0","author":"bloguecornella","date":"30 de enero de 2025","format":false,"excerpt":"Analicemos un poco la trayectoria del jugador nacido en la Cella de Ter (Girona) que, a sus 20 a\u00f1os, puede decir que ha estado en dos de las canteras mas potentes del f\u00fatbol catal\u00e0n. Formado en la cantera del FC Barcelona, donde ha llegado hasta la etapa de Juvenil. En\u2026","rel":"","context":"En \u00abFichaje\u00bb","block_context":{"text":"Fichaje","link":"http:\/\/www.bloguecornella.es\/wordpress\/category\/fichaje\/"},"img":{"alt_text":"","src":"","width":0,"height":0},"classes":[]},{"id":1792,"url":"http:\/\/www.bloguecornella.es\/wordpress\/2025\/06\/25\/2-santi-guzman-gol-tarraconense\/","url_meta":{"origin":1880,"position":2},"title":"#2 Santi Guzman: Gol tarraconense","author":"bloguecornella","date":"25 de junio de 2025","format":false,"excerpt":"Analizamos a nuestro segundo fichaje de la temporada. Realiza su primer salto \"profesional\" hacia la v\u00eda verde del Llobregat, Santiago Guzman. El jugador espa\u00f1ol-colombiano viene del filial del Gimnastic de Tarragona, el CF Pobla Mafumet, y de haber hecho toda su carrera en las filas tarraconensas. La temporada 2024\/25 milito\u2026","rel":"","context":"En \u00abFichaje\u00bb","block_context":{"text":"Fichaje","link":"http:\/\/www.bloguecornella.es\/wordpress\/category\/fichaje\/"},"img":{"alt_text":"","src":"https:\/\/i0.wp.com\/www.bloguecornella.es\/wordpress\/wp-content\/uploads\/2025\/06\/Victor-Aliaga-1.png?fit=940%2C529&resize=350%2C200","width":350,"height":200,"srcset":"https:\/\/i0.wp.com\/www.bloguecornella.es\/wordpress\/wp-content\/uploads\/2025\/06\/Victor-Aliaga-1.png?fit=940%2C529&resize=350%2C200 1x, https:\/\/i0.wp.com\/www.bloguecornella.es\/wordpress\/wp-content\/uploads\/2025\/06\/Victor-Aliaga-1.png?fit=940%2C529&resize=525%2C300 1.5x, https:\/\/i0.wp.com\/www.bloguecornella.es\/wordpress\/wp-content\/uploads\/2025\/06\/Victor-Aliaga-1.png?fit=940%2C529&resize=700%2C400 2x"},"classes":[]},{"id":3465,"url":"http:\/\/www.bloguecornella.es\/wordpress\/2025\/12\/29\/el-mercado-de-la-ue-cornella\/","url_meta":{"origin":1880,"position":3},"title":"El Mercado de la UE Cornell\u00e0: \u201cUn punta referencia y dar salida a jugadores con menos minutos\u201d","author":"bloguecornella","date":"29 de diciembre de 2025","format":false,"excerpt":"La plantilla de la UE Cornell\u00e0 ha sido confeccionada para poder tener un nivel alto en la Tercera Federaci\u00f3n y se ha demostrado con el segundo puesto que actualmente ostenta el club del Baix Llobregat. Con las lesiones en la punta de ataque de H\u00e9ctor Tejada y de Ibai Reches,\u2026","rel":"","context":"En \u00abFichaje\u00bb","block_context":{"text":"Fichaje","link":"http:\/\/www.bloguecornella.es\/wordpress\/category\/fichaje\/"},"img":{"alt_text":"","src":"https:\/\/i0.wp.com\/www.bloguecornella.es\/wordpress\/wp-content\/uploads\/2025\/12\/Opinion-Mercado-de-la-UE-Cornella.png?fit=940%2C529&resize=350%2C200","width":350,"height":200,"srcset":"https:\/\/i0.wp.com\/www.bloguecornella.es\/wordpress\/wp-content\/uploads\/2025\/12\/Opinion-Mercado-de-la-UE-Cornella.png?fit=940%2C529&resize=350%2C200 1x, https:\/\/i0.wp.com\/www.bloguecornella.es\/wordpress\/wp-content\/uploads\/2025\/12\/Opinion-Mercado-de-la-UE-Cornella.png?fit=940%2C529&resize=525%2C300 1.5x, https:\/\/i0.wp.com\/www.bloguecornella.es\/wordpress\/wp-content\/uploads\/2025\/12\/Opinion-Mercado-de-la-UE-Cornella.png?fit=940%2C529&resize=700%2C400 2x"},"classes":[]},{"id":2770,"url":"http:\/\/www.bloguecornella.es\/wordpress\/2025\/10\/17\/previa-capitulo-7-ue-cornella-cp-san-cristobal\/","url_meta":{"origin":1880,"position":4},"title":"Previa Cap\u00edtulo 7 &#8211; UE Cornell\u00e0 &#8211; CP San Crist\u00f3bal \u00abA seguir creciendo contra el Sancri\u00bb","author":"bloguecornella","date":"17 de octubre de 2025","format":false,"excerpt":"La UE Cornell\u00e0 vuelve al Municipal para enfrentarse al CP San Crist\u00f3bal, rival que no pisa el Municipal desde hace 18 a\u00f1os en Primera Catalana, por lo que ser\u00e1 su primer enfrentamiento a nivel nacional. El rival: CP San Crist\u00f3bal (8\u00ba - 8 puntos) San Crist\u00f3bal es un club situado\u2026","rel":"","context":"En \u00abPrevia partido\u00bb","block_context":{"text":"Previa partido","link":"http:\/\/www.bloguecornella.es\/wordpress\/category\/previa-partido\/"},"img":{"alt_text":"","src":"https:\/\/i0.wp.com\/www.bloguecornella.es\/wordpress\/wp-content\/uploads\/2025\/10\/J7-UE-Cornella-CP-San-Cristobal-v2.png?fit=940%2C520&resize=350%2C200","width":350,"height":200,"srcset":"https:\/\/i0.wp.com\/www.bloguecornella.es\/wordpress\/wp-content\/uploads\/2025\/10\/J7-UE-Cornella-CP-San-Cristobal-v2.png?fit=940%2C520&resize=350%2C200 1x, https:\/\/i0.wp.com\/www.bloguecornella.es\/wordpress\/wp-content\/uploads\/2025\/10\/J7-UE-Cornella-CP-San-Cristobal-v2.png?fit=940%2C520&resize=525%2C300 1.5x, https:\/\/i0.wp.com\/www.bloguecornella.es\/wordpress\/wp-content\/uploads\/2025\/10\/J7-UE-Cornella-CP-San-Cristobal-v2.png?fit=940%2C520&resize=700%2C400 2x"},"classes":[]},{"id":1461,"url":"http:\/\/www.bloguecornella.es\/wordpress\/2025\/05\/21\/plantilla-primer-equipo-ue-cornella-estado-contractual\/","url_meta":{"origin":1880,"position":5},"title":"Plantilla Primer equipo UE Cornell\u00e0 &#8211; Estado contractual","author":"bloguecornella","date":"21 de mayo de 2025","format":false,"excerpt":"Una vez finalizada la temporada, repasemos la informaci\u00f3n de los jugadores de la UE Cornell\u00e0 y cuando finalizan los contratos. Se ira actualizando a medida que los jugadores no renueven o renueven con la entidad y los nuevos fichajes. N\u00baPosici\u00f3nJugadorEdadTemporadasFinalizaci\u00f3n contrato1PORRub\u00e9n Mi\u00f1o36330\/06\/202613PORIsaac Vila21230\/06\/202621LAIGerard Gonz\u00e1lez21230\/06\/20264DFCTomas Pe\u00f1alba22230\/06\/2026-DFCGonzalo Pereira28130\/06\/2026-DFCIv\u00e1n de la Pe\u00f1a24130\/06\/2026-DFCAlejandro Pereira23130\/06\/2026-LADManel\u2026","rel":"","context":"En \u00abPretemporada - 2025\/26\u00bb","block_context":{"text":"Pretemporada - 2025\/26","link":"http:\/\/www.bloguecornella.es\/wordpress\/category\/pretemporada-2025-26\/"},"img":{"alt_text":"","src":"https:\/\/i0.wp.com\/www.bloguecornella.es\/wordpress\/wp-content\/uploads\/2025\/05\/temporada-202526-1.png?fit=940%2C529&resize=350%2C200","width":350,"height":200,"srcset":"https:\/\/i0.wp.com\/www.bloguecornella.es\/wordpress\/wp-content\/uploads\/2025\/05\/temporada-202526-1.png?fit=940%2C529&resize=350%2C200 1x, https:\/\/i0.wp.com\/www.bloguecornella.es\/wordpress\/wp-content\/uploads\/2025\/05\/temporada-202526-1.png?fit=940%2C529&resize=525%2C300 1.5x, https:\/\/i0.wp.com\/www.bloguecornella.es\/wordpress\/wp-content\/uploads\/2025\/05\/temporada-202526-1.png?fit=940%2C529&resize=700%2C400 2x"},"classes":[]}],"_links":{"self":[{"href":"http:\/\/www.bloguecornella.es\/wordpress\/wp-json\/wp\/v2\/posts\/1880","targetHints":{"allow":["GET"]}}],"collection":[{"href":"http:\/\/www.bloguecornella.es\/wordpress\/wp-json\/wp\/v2\/posts"}],"about":[{"href":"http:\/\/www.bloguecornella.es\/wordpress\/wp-json\/wp\/v2\/types\/post"}],"author":[{"embeddable":true,"href":"http:\/\/www.bloguecornella.es\/wordpress\/wp-json\/wp\/v2\/users\/1"}],"replies":[{"embeddable":true,"href":"http:\/\/www.bloguecornella.es\/wordpress\/wp-json\/wp\/v2\/comments?post=1880"}],"version-history":[{"count":1,"href":"http:\/\/www.bloguecornella.es\/wordpress\/wp-json\/wp\/v2\/posts\/1880\/revisions"}],"predecessor-version":[{"id":1881,"href":"http:\/\/www.bloguecornella.es\/wordpress\/wp-json\/wp\/v2\/posts\/1880\/revisions\/1881"}],"wp:featuredmedia":[{"embeddable":true,"href":"http:\/\/www.bloguecornella.es\/wordpress\/wp-json\/wp\/v2\/media\/1882"}],"wp:attachment":[{"href":"http:\/\/www.bloguecornella.es\/wordpress\/wp-json\/wp\/v2\/media?parent=1880"}],"wp:term":[{"taxonomy":"category","embeddable":true,"href":"http:\/\/www.bloguecornella.es\/wordpress\/wp-json\/wp\/v2\/categories?post=1880"},{"taxonomy":"post_tag","embeddable":true,"href":"http:\/\/www.bloguecornella.es\/wordpress\/wp-json\/wp\/v2\/tags?post=1880"}],"curies":[{"name":"wp","href":"https:\/\/api.w.org\/{rel}","templated":true}]}}