{"id":183,"date":"2024-09-29T22:23:38","date_gmt":"2024-09-29T20:23:38","guid":{"rendered":"https:\/\/bloguecornella.wordpress.com\/?p=183"},"modified":"2024-09-29T22:23:38","modified_gmt":"2024-09-29T20:23:38","slug":"cronica-j5-ue-cornella-4-1-ue-sant-andreu","status":"publish","type":"post","link":"http:\/\/www.bloguecornella.es\/wordpress\/2024\/09\/29\/cronica-j5-ue-cornella-4-1-ue-sant-andreu\/","title":{"rendered":"Cr\u00f3nica J5: UE Cornella 4-1 UE Sant Andreu"},"content":{"rendered":"\n<p>Llego la primera victoria de la era Genis y que victoria. Nada mas y nada menos que un 4-1 contra todo un Sant Andreu que no ha entrado en ning\u00fan momento en el partido, salvo en la primera media hora, donde tuvo unas cuantas acciones de peligro seguidas.<\/p>\n\n\n\n<p>El partido comenz\u00f3 con un juego muy igualado entre los dos equipos. La primera media hora apenas generaron ocasiones pero si manten\u00edan de forma correcta las posiciones ambos equipos. El desborde que generaban Ibai y Luis Forcen en la banda generaban ocasiones de peligro para la UE Cornella y Luis Madrigal estando a todas en la defensa.<\/p>\n\n\n\n<p>Todo iba a cambiar en el minuto 33 cuando pitan un penalti en contra. Podr\u00eda significar el comienzo del camino a la victoria del Sant Andreu, pero se encontraron un Ruben Mi\u00f1o estelar, que par\u00f3 el penalti para delirio del estadio. A continuaci\u00f3n, tuvo otra parada espectacular Ruben para evitar el primero del equipo visitante y aqu\u00ed empez\u00f3 el vendaval verde. En la frontal del \u00e1rea Javi Serra se saca un zurdazo que la clava al lado contrario del portero marcando su primer gol con la UE.<\/p>\n\n\n\n<p>Antes de llegar al descanso, el portero visitante comete una falta en el \u00e1rea, provocando penalti a favor del Cornella. Lo que esta vez no ocurri\u00f3 era que fallara, si no que Mateo marcara su primer gol con la UE Cornella.<\/p>\n\n\n\n<p>Llegamos con 2-0 al descanso y con un subid\u00f3n impresionante. Se ha marcado 2 goles en 8 minutos y superamos el solamente haber marcado 1 en 4 partidos. Los problemas con el gol se fueron disipando y realizando un juego muy bonito y vistoso.<\/p>\n\n\n\n<p>Empezamos la segunda parte en la que comenzamos con dominio verde y con una volea de Izan que la paro el portero sin problemas. En la acci\u00f3n siguiente, Mateo vio al portero adelantado y lanzo, desde medio campo, para conseguir su segundo gol con la el\u00e1stica de la UE Cornella y siendo el pichichi actual del equipo.<\/p>\n\n\n\n<p>Corre el minuto 60 y a Izan no se le ocurre otra cosa que lanzar un zurdazo desde fuera del \u00e1rea y marcar su primer gol con la UE Cornella. 4-0, minuto 60, el estadio se cae ante el juego que est\u00e1 desplegando el equipo y viendo un Cornella con olfato goleador, con juego y desborde.<\/p>\n\n\n\n<p>Duro poco la alegr\u00eda, ya que en 2 minutos marco el \u00fanico gol del partido para el Sant Andreu y esto provoco una reacci\u00f3n en cadena del equipo visitante que, en caso de acierto, podr\u00eda haber puesto contra las cuerdas al equipo de Genis, sabiendo que es un equipo muy ofensivo y que podr\u00edan hacerte un roto enseguida.<\/p>\n\n\n\n<p>Aqu\u00ed, el equipo de Genis, ha conseguido mantener el equipo realizando 3 cambios. Entra Vilaplana, Javi Duran y Adam Cherradi que hace que el equipo coja oxigeno y mantenga el juego, pausando el ansia del rival por conseguir la pelota. Se forma un 4-4-1-1, cambiando el 4-2-3-1 inicial, con Adam de media punta y Luis Forcen en punta.<\/p>\n\n\n\n<p>Aqu\u00ed, destaco el gran juego desplegado por Javi Serra (Hombre del partido), Bouba, en el poco juego que ha tenido, ha sido un jugador polivalente, tanto en ataque como en defensa teniendo hasta en 2 ocasiones posibilidades de marcar el 5\u00ba gol del partido y un Ruben Mi\u00f1o haciendo gala de su experiencia y su seguridad en la porter\u00eda. Mejor relevo de Lucas Anaker no podemos tener.<\/p>\n\n\n\n<p>Hoy, lo que si quiero destacar es el ambiente en la grada. El estadio estaba a reventar, animando, desde el inicio hasta el final, al equipo y una grada de animaci\u00f3n, los Cornehools, que han estado a la altura del partido. He disfrutado como un ni\u00f1o peque\u00f1o y esto es hacia lo que se tiene que convertir el Cornella en el futuro. Nuestro estadio, es nuestra se\u00f1a de identidad, y de aqu\u00ed, no tenemos que movernos nunca.<\/p>\n\n\n\n<p>Cornella 4-1 Sant Andreu.<\/p>\n","protected":false},"excerpt":{"rendered":"<p>Llego la primera victoria de la era Genis y que victoria. Nada mas y nada menos que un 4-1 contra todo un Sant Andreu que no ha entrado en ning\u00fan momento en el partido, salvo en la primera media hora, donde tuvo unas cuantas acciones de peligro seguidas. El partido comenz\u00f3 con un juego muy [&hellip;]<\/p>\n","protected":false},"author":1,"featured_media":0,"comment_status":"open","ping_status":"open","sticky":false,"template":"","format":"standard","meta":{"_eb_attr":"","advanced_seo_description":"","jetpack_seo_html_title":"","jetpack_seo_noindex":false,"jetpack_post_was_ever_published":false,"_jetpack_newsletter_access":"","_jetpack_dont_email_post_to_subs":false,"_jetpack_newsletter_tier_id":0,"_jetpack_memberships_contains_paywalled_content":false,"_jetpack_memberships_contains_paid_content":false,"footnotes":"","jetpack_publicize_message":"","jetpack_publicize_feature_enabled":true,"jetpack_social_post_already_shared":false,"jetpack_social_options":{"image_generator_settings":{"template":"highway","default_image_id":0,"font":"","enabled":false},"version":2}},"categories":[15,16],"tags":[32,34],"class_list":["post-183","post","type-post","status-publish","format-standard","hentry","category-segunda-federacion-grupo-3","category-temporada-24-25","tag-segunda-federacion","tag-temporada-2024-25"],"jetpack_publicize_connections":[],"jetpack_featured_media_url":"","jetpack_sharing_enabled":true,"jetpack-related-posts":[{"id":298,"url":"http:\/\/www.bloguecornella.es\/wordpress\/2024\/10\/20\/cronica-j8-ud-alzira-1-0-ue-cornella-sant-andreu-fue-un-espejismo\/","url_meta":{"origin":183,"position":0},"title":"Cronica J8: UD Alzira 1-0 UE Cornella \u201cSant Andreu fue un espejismo\u201d","author":"bloguecornella","date":"20 de octubre de 2024","format":false,"excerpt":"Tres derrotas consecutivas hacen que la UE Cornella se situe en la posicion 16 de la Liga a cuatro puntos del Play-out y a 5 de la salvacion. La jornada comenzaba con equipos como la SD Ibizay el Lleida CF haciendo los deberes y equipos como la UE Olot, sufriendo\u2026","rel":"","context":"En \u00abSegunda Federaci\u00f3n Grupo 3\u00bb","block_context":{"text":"Segunda Federaci\u00f3n Grupo 3","link":"http:\/\/www.bloguecornella.es\/wordpress\/category\/segunda-federacion-grupo-3\/"},"img":{"alt_text":"","src":"","width":0,"height":0},"classes":[]},{"id":870,"url":"http:\/\/www.bloguecornella.es\/wordpress\/2025\/02\/09\/cronica-j22-ue-sant-andreu-4-0-ue-cornella-autodestruccion-desde-el-minuto-25\/","url_meta":{"origin":183,"position":1},"title":"Cr\u00f3nica J22: UE Sant Andreu 4-0 UE Cornell\u00e0 \u00abAutodestrucci\u00f3n desde el minuto 25\u00bb","author":"bloguecornella","date":"9 de febrero de 2025","format":false,"excerpt":"La UE Cornell\u00e0 encaja una dolorosa derrota en el partido correspondiente a la Jornada 22 de la Segunda Federaci\u00f3n Grupo 3 en el estadio Narc\u00eds Sala por 4-0 contra la UE Sant Andreu. Volv\u00eda al banquillo, de forma interina, Gonzalo Riutort, para dirigir su partido n\u00famero 87 en el conjunto\u2026","rel":"","context":"En \u00abSegunda Federaci\u00f3n Grupo 3\u00bb","block_context":{"text":"Segunda Federaci\u00f3n Grupo 3","link":"http:\/\/www.bloguecornella.es\/wordpress\/category\/segunda-federacion-grupo-3\/"},"img":{"alt_text":"","src":"https:\/\/i0.wp.com\/www.bloguecornella.es\/wordpress\/wp-content\/uploads\/2025\/02\/img_9169.jpg?fit=1200%2C900&resize=350%2C200","width":350,"height":200,"srcset":"https:\/\/i0.wp.com\/www.bloguecornella.es\/wordpress\/wp-content\/uploads\/2025\/02\/img_9169.jpg?fit=1200%2C900&resize=350%2C200 1x, https:\/\/i0.wp.com\/www.bloguecornella.es\/wordpress\/wp-content\/uploads\/2025\/02\/img_9169.jpg?fit=1200%2C900&resize=525%2C300 1.5x, https:\/\/i0.wp.com\/www.bloguecornella.es\/wordpress\/wp-content\/uploads\/2025\/02\/img_9169.jpg?fit=1200%2C900&resize=700%2C400 2x, https:\/\/i0.wp.com\/www.bloguecornella.es\/wordpress\/wp-content\/uploads\/2025\/02\/img_9169.jpg?fit=1200%2C900&resize=1050%2C600 3x"},"classes":[]},{"id":177,"url":"http:\/\/www.bloguecornella.es\/wordpress\/2024\/09\/28\/previa-j5-ue-cornella-ue-sant-andreu\/","url_meta":{"origin":183,"position":2},"title":"Previa J5: UE Cornella &#8211; UE Sant Andreu","author":"bloguecornella","date":"28 de septiembre de 2024","format":false,"excerpt":"Llegamos a la Jornada 5 en la que nos enfrentamos al l\u00edder y candidato a ser el campe\u00f3n de Liga y subir al equipo a Primera Federaci\u00f3n, el Sant Andreu. El equipo barcelon\u00e9s ha sumado 9 de 12 puntos y perdi\u00f3 el pasado fin de semana contra el Lleida CF,\u2026","rel":"","context":"En \u00abPrevia partido\u00bb","block_context":{"text":"Previa partido","link":"http:\/\/www.bloguecornella.es\/wordpress\/category\/previa-partido\/"},"img":{"alt_text":"","src":"","width":0,"height":0},"classes":[]},{"id":2355,"url":"http:\/\/www.bloguecornella.es\/wordpress\/2025\/08\/29\/5-pretemporada-25-26-uec-ue-cornella-ue-sant-andreu-previa\/","url_meta":{"origin":183,"position":3},"title":"#5 Pretemporada 25\/26 UEC &#8211; UE Cornell\u00e0 &#8211; UE Sant Andreu &#8211; Previa","author":"bloguecornella","date":"29 de agosto de 2025","format":false,"excerpt":"La UE Cornell\u00e0 afronta el \u00faltimo partido de pretemporada, antes del comienzo liguero el pr\u00f3ximo s\u00e1bado 06\/09\/2025 en Vic, contra la UE Sant Andreu, equipo de Segunda Federaci\u00f3n y el rival, a priori, mas complicado en lo que llevamos de pretemporada. El conjunto de Ignasi Senabre afronta el partido con\u2026","rel":"","context":"En \u00abPretemporada - 2025\/26\u00bb","block_context":{"text":"Pretemporada - 2025\/26","link":"http:\/\/www.bloguecornella.es\/wordpress\/category\/pretemporada-2025-26\/"},"img":{"alt_text":"","src":"https:\/\/i0.wp.com\/www.bloguecornella.es\/wordpress\/wp-content\/uploads\/2025\/08\/Previa-5-UE-Cornella-UE-Sant-Andreu.png?fit=940%2C520&resize=350%2C200","width":350,"height":200,"srcset":"https:\/\/i0.wp.com\/www.bloguecornella.es\/wordpress\/wp-content\/uploads\/2025\/08\/Previa-5-UE-Cornella-UE-Sant-Andreu.png?fit=940%2C520&resize=350%2C200 1x, https:\/\/i0.wp.com\/www.bloguecornella.es\/wordpress\/wp-content\/uploads\/2025\/08\/Previa-5-UE-Cornella-UE-Sant-Andreu.png?fit=940%2C520&resize=525%2C300 1.5x, https:\/\/i0.wp.com\/www.bloguecornella.es\/wordpress\/wp-content\/uploads\/2025\/08\/Previa-5-UE-Cornella-UE-Sant-Andreu.png?fit=940%2C520&resize=700%2C400 2x"},"classes":[]},{"id":2375,"url":"http:\/\/www.bloguecornella.es\/wordpress\/2025\/08\/31\/cronica-5-pretemporada-25-26-uec-ue-cornella-0-2-ue-sant-andreu-derrota-para-finalizar-la-pretemporada\/","url_meta":{"origin":183,"position":4},"title":"Cr\u00f3nica #5 Pretemporada 25\/26 UEC &#8211; UE Cornell\u00e0 0 &#8211; 2 UE Sant Andreu: \u00abDerrota para finalizar la pretemporada\u00bb","author":"bloguecornella","date":"31 de agosto de 2025","format":false,"excerpt":"La UE Cornell\u00e0 pierde en su \u00faltimo duelo de pretemporada contra la UE Sant Andreu, de Segunda Federaci\u00f3n, por 0-2, con goles de Pablo en el minuto 22 y Lucas Vi\u00f1a en el 73. La UE Cornell\u00e0 de Ignasi Senabre sali\u00f3 con su habitual 3-4-3 con una defensa completa de\u2026","rel":"","context":"En \u00abPretemporada - 2025\/26\u00bb","block_context":{"text":"Pretemporada - 2025\/26","link":"http:\/\/www.bloguecornella.es\/wordpress\/category\/pretemporada-2025-26\/"},"img":{"alt_text":"","src":"https:\/\/i0.wp.com\/www.bloguecornella.es\/wordpress\/wp-content\/uploads\/2025\/08\/IMG_2887.jpeg?fit=1200%2C900&resize=350%2C200","width":350,"height":200,"srcset":"https:\/\/i0.wp.com\/www.bloguecornella.es\/wordpress\/wp-content\/uploads\/2025\/08\/IMG_2887.jpeg?fit=1200%2C900&resize=350%2C200 1x, https:\/\/i0.wp.com\/www.bloguecornella.es\/wordpress\/wp-content\/uploads\/2025\/08\/IMG_2887.jpeg?fit=1200%2C900&resize=525%2C300 1.5x, https:\/\/i0.wp.com\/www.bloguecornella.es\/wordpress\/wp-content\/uploads\/2025\/08\/IMG_2887.jpeg?fit=1200%2C900&resize=700%2C400 2x, https:\/\/i0.wp.com\/www.bloguecornella.es\/wordpress\/wp-content\/uploads\/2025\/08\/IMG_2887.jpeg?fit=1200%2C900&resize=1050%2C600 3x"},"classes":[]},{"id":835,"url":"http:\/\/www.bloguecornella.es\/wordpress\/2025\/02\/07\/previa-jornada-22-ue-sant-andreu-ue-cornella\/","url_meta":{"origin":183,"position":5},"title":"Previa Jornada 22: UE Sant Andreu &#8211; UE Cornell\u00e0","author":"bloguecornella","date":"7 de febrero de 2025","format":false,"excerpt":"La planificaci\u00f3n de esta previa no puede quedar ajena a lo vivido esta semana con la salida del entrador Albert Garc\u00eda que, contra todo pronostico, el lunes anuncio su salida por una oferta del f\u00fatbol extranjero, previsiblemente China seg\u00fan indican desde Marcador Catalunya, que hace que nos encontremos sin entrenador\u2026","rel":"","context":"En \u00abPrevia partido\u00bb","block_context":{"text":"Previa partido","link":"http:\/\/www.bloguecornella.es\/wordpress\/category\/previa-partido\/"},"img":{"alt_text":"","src":"https:\/\/i0.wp.com\/www.bloguecornella.es\/wordpress\/wp-content\/uploads\/2025\/02\/J22_2RFEF3_UESA_COR.jpg?fit=1200%2C676&resize=350%2C200","width":350,"height":200,"srcset":"https:\/\/i0.wp.com\/www.bloguecornella.es\/wordpress\/wp-content\/uploads\/2025\/02\/J22_2RFEF3_UESA_COR.jpg?fit=1200%2C676&resize=350%2C200 1x, https:\/\/i0.wp.com\/www.bloguecornella.es\/wordpress\/wp-content\/uploads\/2025\/02\/J22_2RFEF3_UESA_COR.jpg?fit=1200%2C676&resize=525%2C300 1.5x, https:\/\/i0.wp.com\/www.bloguecornella.es\/wordpress\/wp-content\/uploads\/2025\/02\/J22_2RFEF3_UESA_COR.jpg?fit=1200%2C676&resize=700%2C400 2x, https:\/\/i0.wp.com\/www.bloguecornella.es\/wordpress\/wp-content\/uploads\/2025\/02\/J22_2RFEF3_UESA_COR.jpg?fit=1200%2C676&resize=1050%2C600 3x"},"classes":[]}],"_links":{"self":[{"href":"http:\/\/www.bloguecornella.es\/wordpress\/wp-json\/wp\/v2\/posts\/183","targetHints":{"allow":["GET"]}}],"collection":[{"href":"http:\/\/www.bloguecornella.es\/wordpress\/wp-json\/wp\/v2\/posts"}],"about":[{"href":"http:\/\/www.bloguecornella.es\/wordpress\/wp-json\/wp\/v2\/types\/post"}],"author":[{"embeddable":true,"href":"http:\/\/www.bloguecornella.es\/wordpress\/wp-json\/wp\/v2\/users\/1"}],"replies":[{"embeddable":true,"href":"http:\/\/www.bloguecornella.es\/wordpress\/wp-json\/wp\/v2\/comments?post=183"}],"version-history":[{"count":0,"href":"http:\/\/www.bloguecornella.es\/wordpress\/wp-json\/wp\/v2\/posts\/183\/revisions"}],"wp:attachment":[{"href":"http:\/\/www.bloguecornella.es\/wordpress\/wp-json\/wp\/v2\/media?parent=183"}],"wp:term":[{"taxonomy":"category","embeddable":true,"href":"http:\/\/www.bloguecornella.es\/wordpress\/wp-json\/wp\/v2\/categories?post=183"},{"taxonomy":"post_tag","embeddable":true,"href":"http:\/\/www.bloguecornella.es\/wordpress\/wp-json\/wp\/v2\/tags?post=183"}],"curies":[{"name":"wp","href":"https:\/\/api.w.org\/{rel}","templated":true}]}}