{"id":1823,"date":"2025-06-28T16:00:00","date_gmt":"2025-06-28T14:00:00","guid":{"rendered":"http:\/\/www.bloguecornella.es\/wordpress\/?p=1823"},"modified":"2025-06-28T00:08:49","modified_gmt":"2025-06-27T22:08:49","slug":"4-manel-lozano-con-conocimiento-de-ignasi","status":"publish","type":"post","link":"http:\/\/www.bloguecornella.es\/wordpress\/2025\/06\/28\/4-manel-lozano-con-conocimiento-de-ignasi\/","title":{"rendered":"#4 Manel Lozano: Con conocimiento de Ignasi"},"content":{"rendered":"\n<p>Lo de que Ignasi est\u00e1 haciendo un equipo a su imagen y semejanza, no es cuento chino. Es la realidad que est\u00e1 mostrando con cada uno de los fichajes que est\u00e1 ejecutando y con pleno control de poderes, anuncia el fichaje de Manel Lozano, Lateral derecho que ha estado \u00abtoda su vida\u00bb en el CE Europa, club del que ha formado parte Ignasi en una de las mejores \u00e9pocas del club.<\/p>\n\n\n\n<p>El canterano escauplado ha estado intercalando el primer equipo y el filial en la temporada 2022\/23 y 2024\/25. Pero donde ha gozado de plenos poderes en el lateral derecho ha sido en la \u00faltima temporada de Ignasi, en la 2023\/24, con el objetivo de casi subir al equipo a Primera Federaci\u00f3n.<\/p>\n\n\n\n<p>Manel, de 22 a\u00f1os, tendr\u00e1 en la banda derecha que luchar con Didac Rodr\u00edguez para ocupar un puesto en la titularidad y esperando a ver que ocurre con Bruno Lorente. Ahora mismo, ser\u00edan 3 los que ocupari\u00e1n este puesto.<\/p>\n\n\n\n<p><strong>Trayector\u00eda de Manel<\/strong><\/p>\n\n\n\n<ul class=\"wp-block-list\">\n<li>2020\/21 &#8211; CE Europa &#8211; Juvenil\n<ul class=\"wp-block-list\">\n<li>Divisi\u00f3n Honor &#8211; 22 Partidos<\/li>\n<\/ul>\n<\/li>\n\n\n\n<li>2022\/23 &#8211; CE Europa\n<ul class=\"wp-block-list\">\n<li>Primer Equipo &#8211; 7 Partidos<\/li>\n\n\n\n<li>Filial &#8211; 19 Partidos &#8211; 1 Gol<\/li>\n<\/ul>\n<\/li>\n\n\n\n<li>2023\/24 &#8211; CE Europa &#8211; 32 Partidos &#8211; 1 Gol<\/li>\n\n\n\n<li>2024\/25 &#8211; CE Europa \n<ul class=\"wp-block-list\">\n<li>Primer Equipo: 12 Partidos<\/li>\n\n\n\n<li>Filial &#8211; 15 Partidos &#8211; 1 Gol<\/li>\n<\/ul>\n<\/li>\n<\/ul>\n\n\n\n<p>\u00a1Bienvenido Manel! Seguro que conseguiremos grandes \u00e9xitos en esta nueva etapa.<\/p>\n","protected":false},"excerpt":{"rendered":"<p>Lo de que Ignasi est\u00e1 haciendo un equipo a su imagen y semejanza, no es cuento chino. Es la realidad que est\u00e1 mostrando con cada uno de los fichajes que est\u00e1 ejecutando y con pleno control de poderes, anuncia el fichaje de Manel Lozano, Lateral derecho que ha estado \u00abtoda su vida\u00bb en el CE [&hellip;]<\/p>\n","protected":false},"author":1,"featured_media":1825,"comment_status":"open","ping_status":"open","sticky":false,"template":"","format":"standard","meta":{"_eb_attr":"","advanced_seo_description":"","jetpack_seo_html_title":"","jetpack_seo_noindex":false,"jetpack_post_was_ever_published":false,"_jetpack_newsletter_access":"","_jetpack_dont_email_post_to_subs":false,"_jetpack_newsletter_tier_id":0,"_jetpack_memberships_contains_paywalled_content":false,"_jetpack_memberships_contains_paid_content":false,"footnotes":"","jetpack_publicize_message":"","jetpack_publicize_feature_enabled":true,"jetpack_social_post_already_shared":true,"jetpack_social_options":{"image_generator_settings":{"template":"highway","default_image_id":0,"font":"","enabled":false},"version":2}},"categories":[52,70,71,69,51],"tags":[100,68,65,54],"class_list":["post-1823","post","type-post","status-publish","format-standard","has-post-thumbnail","hentry","category-fichaje","category-pretemporada-2025-26","category-temporada-2025-26","category-tercera-federacion-grupo-v","category-ue-cornella","tag-manel-lozano","tag-pretemporada-2025-26","tag-temporada-2025-26","tag-ue-cornella"],"jetpack_publicize_connections":[],"jetpack_featured_media_url":"https:\/\/i0.wp.com\/www.bloguecornella.es\/wordpress\/wp-content\/uploads\/2025\/06\/4-Manel-Lozano.png?fit=940%2C529","jetpack_sharing_enabled":true,"jetpack-related-posts":[{"id":2060,"url":"http:\/\/www.bloguecornella.es\/wordpress\/2025\/08\/08\/pretemporada-25-26-1-fundacio-grama-ue-cornella-previa\/","url_meta":{"origin":1823,"position":0},"title":"Pretemporada 25\/26 &#8211; #1 Fundaci\u00f3 Grama &#8211; UE Cornell\u00e0 &#8211; Previa","author":"bloguecornella","date":"8 de agosto de 2025","format":false,"excerpt":"Viene el primer gran test de la temporada 2025-26, con mucho equipos que han llegado ya ha jugar varios partidos, de la UE Cornell\u00e0 de Ignasi Senabre. El \"mandam\u00e1s\" de la parcela deportiva (Dentro de las funciones de entrenador, tambi\u00e9n est\u00e1n las de Director Deportivo), vera como va engrasando su\u2026","rel":"","context":"En \u00abIgnasi Senabria\u00bb","block_context":{"text":"Ignasi Senabria","link":"http:\/\/www.bloguecornella.es\/wordpress\/category\/ignasi-senabria\/"},"img":{"alt_text":"","src":"https:\/\/i0.wp.com\/www.bloguecornella.es\/wordpress\/wp-content\/uploads\/2025\/08\/Previa-partido-1.png?fit=940%2C520&resize=350%2C200","width":350,"height":200,"srcset":"https:\/\/i0.wp.com\/www.bloguecornella.es\/wordpress\/wp-content\/uploads\/2025\/08\/Previa-partido-1.png?fit=940%2C520&resize=350%2C200 1x, https:\/\/i0.wp.com\/www.bloguecornella.es\/wordpress\/wp-content\/uploads\/2025\/08\/Previa-partido-1.png?fit=940%2C520&resize=525%2C300 1.5x, https:\/\/i0.wp.com\/www.bloguecornella.es\/wordpress\/wp-content\/uploads\/2025\/08\/Previa-partido-1.png?fit=940%2C520&resize=700%2C400 2x"},"classes":[]},{"id":2355,"url":"http:\/\/www.bloguecornella.es\/wordpress\/2025\/08\/29\/5-pretemporada-25-26-uec-ue-cornella-ue-sant-andreu-previa\/","url_meta":{"origin":1823,"position":1},"title":"#5 Pretemporada 25\/26 UEC &#8211; UE Cornell\u00e0 &#8211; UE Sant Andreu &#8211; Previa","author":"bloguecornella","date":"29 de agosto de 2025","format":false,"excerpt":"La UE Cornell\u00e0 afronta el \u00faltimo partido de pretemporada, antes del comienzo liguero el pr\u00f3ximo s\u00e1bado 06\/09\/2025 en Vic, contra la UE Sant Andreu, equipo de Segunda Federaci\u00f3n y el rival, a priori, mas complicado en lo que llevamos de pretemporada. El conjunto de Ignasi Senabre afronta el partido con\u2026","rel":"","context":"En \u00abPretemporada - 2025\/26\u00bb","block_context":{"text":"Pretemporada - 2025\/26","link":"http:\/\/www.bloguecornella.es\/wordpress\/category\/pretemporada-2025-26\/"},"img":{"alt_text":"","src":"https:\/\/i0.wp.com\/www.bloguecornella.es\/wordpress\/wp-content\/uploads\/2025\/08\/Previa-5-UE-Cornella-UE-Sant-Andreu.png?fit=940%2C520&resize=350%2C200","width":350,"height":200,"srcset":"https:\/\/i0.wp.com\/www.bloguecornella.es\/wordpress\/wp-content\/uploads\/2025\/08\/Previa-5-UE-Cornella-UE-Sant-Andreu.png?fit=940%2C520&resize=350%2C200 1x, https:\/\/i0.wp.com\/www.bloguecornella.es\/wordpress\/wp-content\/uploads\/2025\/08\/Previa-5-UE-Cornella-UE-Sant-Andreu.png?fit=940%2C520&resize=525%2C300 1.5x, https:\/\/i0.wp.com\/www.bloguecornella.es\/wordpress\/wp-content\/uploads\/2025\/08\/Previa-5-UE-Cornella-UE-Sant-Andreu.png?fit=940%2C520&resize=700%2C400 2x"},"classes":[]},{"id":2346,"url":"http:\/\/www.bloguecornella.es\/wordpress\/2025\/09\/04\/entrevista-entrenador-ue-cornella-ignasi-senabre-recuperar-la-esencia-de-que-sufran-cuando-juegan-contra-el-cornella\/","url_meta":{"origin":1823,"position":2},"title":"Entrevista entrenador UE Cornell\u00e0 &#8211; Ignasi Senabre: \u00abRecuperar esa esencia de que sufran cuando jueguen contra la UE Cornell\u00e0\u00bb","author":"bloguecornella","date":"4 de septiembre de 2025","format":false,"excerpt":"Hemos tenido el placer de poder hablar con el entrenador y director deportivo de la UE Cornell\u00e0, Ignasi Senabre, antes del inicio de temporada que est\u00e1 previsto para el pr\u00f3ximo d\u00eda 6 de Septiembre, a las 18:00h, en el Estadi Hipolit Planas contra la UE Vic. Agradecer, antes de la\u2026","rel":"","context":"En \u00abEntrevista\u00bb","block_context":{"text":"Entrevista","link":"http:\/\/www.bloguecornella.es\/wordpress\/category\/entrevista\/"},"img":{"alt_text":"","src":"https:\/\/i0.wp.com\/www.bloguecornella.es\/wordpress\/wp-content\/uploads\/2025\/09\/IMG_2949.jpeg?fit=1200%2C900&resize=350%2C200","width":350,"height":200,"srcset":"https:\/\/i0.wp.com\/www.bloguecornella.es\/wordpress\/wp-content\/uploads\/2025\/09\/IMG_2949.jpeg?fit=1200%2C900&resize=350%2C200 1x, https:\/\/i0.wp.com\/www.bloguecornella.es\/wordpress\/wp-content\/uploads\/2025\/09\/IMG_2949.jpeg?fit=1200%2C900&resize=525%2C300 1.5x, https:\/\/i0.wp.com\/www.bloguecornella.es\/wordpress\/wp-content\/uploads\/2025\/09\/IMG_2949.jpeg?fit=1200%2C900&resize=700%2C400 2x, https:\/\/i0.wp.com\/www.bloguecornella.es\/wordpress\/wp-content\/uploads\/2025\/09\/IMG_2949.jpeg?fit=1200%2C900&resize=1050%2C600 3x"},"classes":[]},{"id":2221,"url":"http:\/\/www.bloguecornella.es\/wordpress\/2025\/08\/17\/cronica-2-pretemporada-25-26-cf-montanesa-1-1-ue-cornella\/","url_meta":{"origin":1823,"position":3},"title":"Cr\u00f3nica #2 Pretemporada 25\/26 &#8211; CF Monta\u00f1esa 1-1 UE Cornell\u00e0: \u00abJoan salva la derrota con un Cornell\u00e0 de dos caras\u00bb","author":"bloguecornella","date":"17 de agosto de 2025","format":false,"excerpt":"La UE Cornell\u00e0 empata, en su segundo partido de pretemporada, contra la Monta\u00f1esa CF a 1 en el Estadi de Nou Barris. Ignasi Senabre sigue apostando por la defensa de 3 y, teniendo en cuenta que este fin de semana tiene sesi\u00f3n doble de trabajo, la alineaci\u00f3n por la que\u2026","rel":"","context":"En \u00abIgnasi Senabria\u00bb","block_context":{"text":"Ignasi Senabria","link":"http:\/\/www.bloguecornella.es\/wordpress\/category\/ignasi-senabria\/"},"img":{"alt_text":"","src":"https:\/\/i0.wp.com\/www.bloguecornella.es\/wordpress\/wp-content\/uploads\/2025\/08\/IMG_2556.jpeg?fit=1200%2C900&resize=350%2C200","width":350,"height":200,"srcset":"https:\/\/i0.wp.com\/www.bloguecornella.es\/wordpress\/wp-content\/uploads\/2025\/08\/IMG_2556.jpeg?fit=1200%2C900&resize=350%2C200 1x, https:\/\/i0.wp.com\/www.bloguecornella.es\/wordpress\/wp-content\/uploads\/2025\/08\/IMG_2556.jpeg?fit=1200%2C900&resize=525%2C300 1.5x, https:\/\/i0.wp.com\/www.bloguecornella.es\/wordpress\/wp-content\/uploads\/2025\/08\/IMG_2556.jpeg?fit=1200%2C900&resize=700%2C400 2x, https:\/\/i0.wp.com\/www.bloguecornella.es\/wordpress\/wp-content\/uploads\/2025\/08\/IMG_2556.jpeg?fit=1200%2C900&resize=1050%2C600 3x"},"classes":[]},{"id":2050,"url":"http:\/\/www.bloguecornella.es\/wordpress\/2025\/08\/01\/los-5-canteranos-de-la-pretemporada-2-fichajes-y-2-subidas-del-juvenil-b-y-jordi-saucedo\/","url_meta":{"origin":1823,"position":4},"title":"Los 5 canteranos de la pretemporada &#8211; 2 fichajes y 2 subidas del Juvenil B y Jordi Saucedo","author":"bloguecornella","date":"1 de agosto de 2025","format":false,"excerpt":"En el inicio de la pretemporada, la UE Cornell\u00e0 ha anunciado la subida de cinco chavales del Juvenil A, de la presente temporada, que va a estar a las ordenes de Ignasi Senabre en la pretemporada del club verde. De estos cinco chavales, dos son fichajes de la temporada 25-26\u2026","rel":"","context":"En \u00abJuvenil A - Masculino\u00bb","block_context":{"text":"Juvenil A - Masculino","link":"http:\/\/www.bloguecornella.es\/wordpress\/category\/juvenil-a-masculino\/"},"img":{"alt_text":"","src":"https:\/\/i0.wp.com\/www.bloguecornella.es\/wordpress\/wp-content\/uploads\/2025\/08\/5-juveniles-pretemporada.jpeg?fit=1200%2C1200&resize=350%2C200","width":350,"height":200,"srcset":"https:\/\/i0.wp.com\/www.bloguecornella.es\/wordpress\/wp-content\/uploads\/2025\/08\/5-juveniles-pretemporada.jpeg?fit=1200%2C1200&resize=350%2C200 1x, https:\/\/i0.wp.com\/www.bloguecornella.es\/wordpress\/wp-content\/uploads\/2025\/08\/5-juveniles-pretemporada.jpeg?fit=1200%2C1200&resize=525%2C300 1.5x, https:\/\/i0.wp.com\/www.bloguecornella.es\/wordpress\/wp-content\/uploads\/2025\/08\/5-juveniles-pretemporada.jpeg?fit=1200%2C1200&resize=700%2C400 2x, https:\/\/i0.wp.com\/www.bloguecornella.es\/wordpress\/wp-content\/uploads\/2025\/08\/5-juveniles-pretemporada.jpeg?fit=1200%2C1200&resize=1050%2C600 3x"},"classes":[]},{"id":2257,"url":"http:\/\/www.bloguecornella.es\/wordpress\/2025\/08\/22\/copa-federacion-fase-autonomica-final-ue-cornella-fundacio-ue-tona-previa\/","url_meta":{"origin":1823,"position":5},"title":"Copa Federaci\u00f3n (Fase auton\u00f3mica) &#8211; Final &#8211; UE Cornell\u00e0 &#8211; Fundaci\u00f3 UE Tona &#8211; Previa","author":"bloguecornella","date":"22 de agosto de 2025","format":false,"excerpt":"Llego la semana en la que muchos aficionados de la UE Cornell\u00e0 ten\u00edan puesto una chincheta en el calendario. Llego la fase auton\u00f3mica de la Copa Federaci\u00f3n y, este a\u00f1o, solamente son dos los clubes de Catalunya que se han presentado. La UE Cornell\u00e0 y la Fundaci\u00f3 UE Tona. Para\u2026","rel":"","context":"En \u00abCopa Federacion - Fase autonomica\u00bb","block_context":{"text":"Copa Federacion - Fase autonomica","link":"http:\/\/www.bloguecornella.es\/wordpress\/category\/copa-federacion-fase-autonomica\/"},"img":{"alt_text":"","src":"https:\/\/i0.wp.com\/www.bloguecornella.es\/wordpress\/wp-content\/uploads\/2025\/08\/Copa-Federacion-Fase-Autonomica-Final.png?fit=940%2C520&resize=350%2C200","width":350,"height":200,"srcset":"https:\/\/i0.wp.com\/www.bloguecornella.es\/wordpress\/wp-content\/uploads\/2025\/08\/Copa-Federacion-Fase-Autonomica-Final.png?fit=940%2C520&resize=350%2C200 1x, https:\/\/i0.wp.com\/www.bloguecornella.es\/wordpress\/wp-content\/uploads\/2025\/08\/Copa-Federacion-Fase-Autonomica-Final.png?fit=940%2C520&resize=525%2C300 1.5x, https:\/\/i0.wp.com\/www.bloguecornella.es\/wordpress\/wp-content\/uploads\/2025\/08\/Copa-Federacion-Fase-Autonomica-Final.png?fit=940%2C520&resize=700%2C400 2x"},"classes":[]}],"_links":{"self":[{"href":"http:\/\/www.bloguecornella.es\/wordpress\/wp-json\/wp\/v2\/posts\/1823","targetHints":{"allow":["GET"]}}],"collection":[{"href":"http:\/\/www.bloguecornella.es\/wordpress\/wp-json\/wp\/v2\/posts"}],"about":[{"href":"http:\/\/www.bloguecornella.es\/wordpress\/wp-json\/wp\/v2\/types\/post"}],"author":[{"embeddable":true,"href":"http:\/\/www.bloguecornella.es\/wordpress\/wp-json\/wp\/v2\/users\/1"}],"replies":[{"embeddable":true,"href":"http:\/\/www.bloguecornella.es\/wordpress\/wp-json\/wp\/v2\/comments?post=1823"}],"version-history":[{"count":1,"href":"http:\/\/www.bloguecornella.es\/wordpress\/wp-json\/wp\/v2\/posts\/1823\/revisions"}],"predecessor-version":[{"id":1824,"href":"http:\/\/www.bloguecornella.es\/wordpress\/wp-json\/wp\/v2\/posts\/1823\/revisions\/1824"}],"wp:featuredmedia":[{"embeddable":true,"href":"http:\/\/www.bloguecornella.es\/wordpress\/wp-json\/wp\/v2\/media\/1825"}],"wp:attachment":[{"href":"http:\/\/www.bloguecornella.es\/wordpress\/wp-json\/wp\/v2\/media?parent=1823"}],"wp:term":[{"taxonomy":"category","embeddable":true,"href":"http:\/\/www.bloguecornella.es\/wordpress\/wp-json\/wp\/v2\/categories?post=1823"},{"taxonomy":"post_tag","embeddable":true,"href":"http:\/\/www.bloguecornella.es\/wordpress\/wp-json\/wp\/v2\/tags?post=1823"}],"curies":[{"name":"wp","href":"https:\/\/api.w.org\/{rel}","templated":true}]}}