{"id":1792,"date":"2025-06-25T12:00:00","date_gmt":"2025-06-25T10:00:00","guid":{"rendered":"http:\/\/www.bloguecornella.es\/wordpress\/?p=1792"},"modified":"2025-06-24T23:11:19","modified_gmt":"2025-06-24T21:11:19","slug":"2-santi-guzman-gol-tarraconense","status":"publish","type":"post","link":"http:\/\/www.bloguecornella.es\/wordpress\/2025\/06\/25\/2-santi-guzman-gol-tarraconense\/","title":{"rendered":"#2 Santi Guzman: Gol tarraconense"},"content":{"rendered":"\n<p>Analizamos a nuestro segundo fichaje de la temporada. Realiza su primer salto \u00abprofesional\u00bb hacia la v\u00eda verde del Llobregat, Santiago Guzman.<\/p>\n\n\n\n<p>El jugador espa\u00f1ol-colombiano viene del filial del Gimnastic de Tarragona, el CF Pobla Mafumet, y de haber hecho toda su carrera en las filas tarraconensas.<\/p>\n\n\n\n<p>La temporada 2024\/25 milito con la Pobla en Liga Elite, despu\u00e9s de haber descendido en la temporada 2023\/24 de Tercera Federaci\u00f3n a Liga Elite.<\/p>\n\n\n\n<p>Santi, si algo se le caracteriza, es por su presencia goleadora. Con la Pobla de Mafumet, ha sumado 20 goles en 4 temporadas (5 goles por temporada) que asegura gol en cualquiera de los dos extremos de banda.<\/p>\n\n\n\n<p>Su trayectoria es la siguiente:<\/p>\n\n\n\n<ul class=\"wp-block-list\">\n<li>Gimnastic Tarragona (Juvenil A)\n<ul class=\"wp-block-list\">\n<li>2020\/21 &#8211; Divisi\u00f3n Honor &#8211; 16 partidos (12T) &#8211; 2 Goles<\/li>\n<\/ul>\n<\/li>\n\n\n\n<li>CF Pobla Mafumet\n<ul class=\"wp-block-list\">\n<li>2021\/22 &#8211; 3\u00aa Federaci\u00f3n &#8211; 25 partidos (12 T) &#8211; 6 Goles <\/li>\n\n\n\n<li>2022\/23 &#8211; 3\u00aa Federaci\u00f3n &#8211; 25 partidos (11 T) &#8211; 6 Goles<\/li>\n\n\n\n<li>2023\/24 &#8211; 3\u00aa Federaci\u00f3n &#8211; 29 partidos (24 T) &#8211; 5 goles<\/li>\n\n\n\n<li>2024\/25 &#8211; Liga Elite &#8211; 17 partidos (14 T) &#8211; 3 Goles<\/li>\n<\/ul>\n<\/li>\n<\/ul>\n\n\n\n<p>El jugador de 22 a\u00f1os sale del \u00abcascaron\u00bb para convertirse en el rey de la banda, junto con V\u00edctor Aliaga.<\/p>\n\n\n\n<p>\u00a1Bienvenido a la UE Cornell\u00e0! Y te deseamos la mejor de las suertes.<\/p>\n","protected":false},"excerpt":{"rendered":"<p>Analizamos a nuestro segundo fichaje de la temporada. Realiza su primer salto \u00abprofesional\u00bb hacia la v\u00eda verde del Llobregat, Santiago Guzman. El jugador espa\u00f1ol-colombiano viene del filial del Gimnastic de Tarragona, el CF Pobla Mafumet, y de haber hecho toda su carrera en las filas tarraconensas. La temporada 2024\/25 milito con la Pobla en Liga [&hellip;]<\/p>\n","protected":false},"author":1,"featured_media":1794,"comment_status":"open","ping_status":"open","sticky":false,"template":"","format":"standard","meta":{"_eb_attr":"","advanced_seo_description":"","jetpack_seo_html_title":"","jetpack_seo_noindex":false,"jetpack_post_was_ever_published":false,"_jetpack_newsletter_access":"","_jetpack_dont_email_post_to_subs":false,"_jetpack_newsletter_tier_id":0,"_jetpack_memberships_contains_paywalled_content":false,"_jetpack_memberships_contains_paid_content":false,"footnotes":"","jetpack_publicize_message":"","jetpack_publicize_feature_enabled":true,"jetpack_social_post_already_shared":true,"jetpack_social_options":{"image_generator_settings":{"template":"highway","default_image_id":0,"font":"","enabled":false},"version":2}},"categories":[52,70,71,51],"tags":[68,95,65,54],"class_list":["post-1792","post","type-post","status-publish","format-standard","has-post-thumbnail","hentry","category-fichaje","category-pretemporada-2025-26","category-temporada-2025-26","category-ue-cornella","tag-pretemporada-2025-26","tag-santi-guzman","tag-temporada-2025-26","tag-ue-cornella"],"jetpack_publicize_connections":[],"jetpack_featured_media_url":"https:\/\/i0.wp.com\/www.bloguecornella.es\/wordpress\/wp-content\/uploads\/2025\/06\/Victor-Aliaga-1.png?fit=940%2C529","jetpack_sharing_enabled":true,"jetpack-related-posts":[{"id":1964,"url":"http:\/\/www.bloguecornella.es\/wordpress\/2025\/07\/14\/9-ivan-de-la-pena-jr-complemento-con-gancho-en-el-muro-defensivo\/","url_meta":{"origin":1792,"position":0},"title":"#9 Ivan de la Pe\u00f1a Jr: Complemento con gancho en el muro defensivo","author":"bloguecornella","date":"14 de julio de 2025","format":false,"excerpt":"Iv\u00e1n de la Pe\u00f1a ficha por la UE Cornell\u00e0, despu\u00e9s de su paso por el CE Manresa, de donde no gozo de mucho protagonismo al jugar 14 partidos en la 2024\/25. El jugador barcelon\u00e9s de 24 a\u00f1os se ha formado en las categor\u00edas inferiores del N\u00e0stic de Tarragona donde da\u2026","rel":"","context":"En \u00abFichaje\u00bb","block_context":{"text":"Fichaje","link":"http:\/\/www.bloguecornella.es\/wordpress\/category\/fichaje\/"},"img":{"alt_text":"","src":"https:\/\/i0.wp.com\/www.bloguecornella.es\/wordpress\/wp-content\/uploads\/2025\/07\/10-Ivan-de-la-Pena-Jr.png?fit=940%2C529&resize=350%2C200","width":350,"height":200,"srcset":"https:\/\/i0.wp.com\/www.bloguecornella.es\/wordpress\/wp-content\/uploads\/2025\/07\/10-Ivan-de-la-Pena-Jr.png?fit=940%2C529&resize=350%2C200 1x, https:\/\/i0.wp.com\/www.bloguecornella.es\/wordpress\/wp-content\/uploads\/2025\/07\/10-Ivan-de-la-Pena-Jr.png?fit=940%2C529&resize=525%2C300 1.5x, https:\/\/i0.wp.com\/www.bloguecornella.es\/wordpress\/wp-content\/uploads\/2025\/07\/10-Ivan-de-la-Pena-Jr.png?fit=940%2C529&resize=700%2C400 2x"},"classes":[]},{"id":1810,"url":"http:\/\/www.bloguecornella.es\/wordpress\/2025\/06\/27\/3-jorge-carreon-experiencia-contrastada-en-la-categoria\/","url_meta":{"origin":1792,"position":1},"title":"#3 &#8211; Jorge Carre\u00f3n: Experiencia contrastada en la categor\u00eda","author":"bloguecornella","date":"27 de junio de 2025","format":false,"excerpt":"El tercer fichaje de la categor\u00eda viene a dar experiencia en el medio del campo, tras la salida de Alejandro P\u00e9rez al Atl\u00e8tic Balears. A sus 27 a\u00f1os, ha pasado por 9 equipos y, donde el 90% de sus partidos, ha sido, entre el 4\u00ba y 5\u00ba escal\u00f3n del f\u00fatbol\u2026","rel":"","context":"En \u00abFichaje\u00bb","block_context":{"text":"Fichaje","link":"http:\/\/www.bloguecornella.es\/wordpress\/category\/fichaje\/"},"img":{"alt_text":"","src":"https:\/\/i0.wp.com\/www.bloguecornella.es\/wordpress\/wp-content\/uploads\/2025\/06\/3-Jorge-Carreon.png?fit=940%2C529&resize=350%2C200","width":350,"height":200,"srcset":"https:\/\/i0.wp.com\/www.bloguecornella.es\/wordpress\/wp-content\/uploads\/2025\/06\/3-Jorge-Carreon.png?fit=940%2C529&resize=350%2C200 1x, https:\/\/i0.wp.com\/www.bloguecornella.es\/wordpress\/wp-content\/uploads\/2025\/06\/3-Jorge-Carreon.png?fit=940%2C529&resize=525%2C300 1.5x, https:\/\/i0.wp.com\/www.bloguecornella.es\/wordpress\/wp-content\/uploads\/2025\/06\/3-Jorge-Carreon.png?fit=940%2C529&resize=700%2C400 2x"},"classes":[]},{"id":2050,"url":"http:\/\/www.bloguecornella.es\/wordpress\/2025\/08\/01\/los-5-canteranos-de-la-pretemporada-2-fichajes-y-2-subidas-del-juvenil-b-y-jordi-saucedo\/","url_meta":{"origin":1792,"position":2},"title":"Los 5 canteranos de la pretemporada &#8211; 2 fichajes y 2 subidas del Juvenil B y Jordi Saucedo","author":"bloguecornella","date":"1 de agosto de 2025","format":false,"excerpt":"En el inicio de la pretemporada, la UE Cornell\u00e0 ha anunciado la subida de cinco chavales del Juvenil A, de la presente temporada, que va a estar a las ordenes de Ignasi Senabre en la pretemporada del club verde. De estos cinco chavales, dos son fichajes de la temporada 25-26\u2026","rel":"","context":"En \u00abJuvenil A - Masculino\u00bb","block_context":{"text":"Juvenil A - Masculino","link":"http:\/\/www.bloguecornella.es\/wordpress\/category\/juvenil-a-masculino\/"},"img":{"alt_text":"","src":"https:\/\/i0.wp.com\/www.bloguecornella.es\/wordpress\/wp-content\/uploads\/2025\/08\/5-juveniles-pretemporada.jpeg?fit=1200%2C1200&resize=350%2C200","width":350,"height":200,"srcset":"https:\/\/i0.wp.com\/www.bloguecornella.es\/wordpress\/wp-content\/uploads\/2025\/08\/5-juveniles-pretemporada.jpeg?fit=1200%2C1200&resize=350%2C200 1x, https:\/\/i0.wp.com\/www.bloguecornella.es\/wordpress\/wp-content\/uploads\/2025\/08\/5-juveniles-pretemporada.jpeg?fit=1200%2C1200&resize=525%2C300 1.5x, https:\/\/i0.wp.com\/www.bloguecornella.es\/wordpress\/wp-content\/uploads\/2025\/08\/5-juveniles-pretemporada.jpeg?fit=1200%2C1200&resize=700%2C400 2x, https:\/\/i0.wp.com\/www.bloguecornella.es\/wordpress\/wp-content\/uploads\/2025\/08\/5-juveniles-pretemporada.jpeg?fit=1200%2C1200&resize=1050%2C600 3x"},"classes":[]},{"id":1919,"url":"http:\/\/www.bloguecornella.es\/wordpress\/2025\/07\/04\/didac-y-joan-companeros-con-un-mismo-objetivo\/","url_meta":{"origin":1792,"position":3},"title":"D\u00eddac y Joan. Compa\u00f1eros con un mismo objetivo","author":"bloguecornella","date":"4 de julio de 2025","format":false,"excerpt":"No solamente tenemos fichajes, tambi\u00e9n tenemos jugadores que vuelven al club que les ha formado para estar, a disposici\u00f3n, del nuevo t\u00e9cnico Ignasi Senabre. Es el caso de D\u00eddac Rodr\u00edguez y de Joan Benet, que vuelven de sus cesiones a FC Vilafranca y del CF Montanyesa para buscar un hueco\u2026","rel":"","context":"En \u00abFichaje\u00bb","block_context":{"text":"Fichaje","link":"http:\/\/www.bloguecornella.es\/wordpress\/category\/fichaje\/"},"img":{"alt_text":"","src":"https:\/\/i0.wp.com\/www.bloguecornella.es\/wordpress\/wp-content\/uploads\/2025\/07\/6-Didac-y-Joan.png?fit=940%2C529&resize=350%2C200","width":350,"height":200,"srcset":"https:\/\/i0.wp.com\/www.bloguecornella.es\/wordpress\/wp-content\/uploads\/2025\/07\/6-Didac-y-Joan.png?fit=940%2C529&resize=350%2C200 1x, https:\/\/i0.wp.com\/www.bloguecornella.es\/wordpress\/wp-content\/uploads\/2025\/07\/6-Didac-y-Joan.png?fit=940%2C529&resize=525%2C300 1.5x, https:\/\/i0.wp.com\/www.bloguecornella.es\/wordpress\/wp-content\/uploads\/2025\/07\/6-Didac-y-Joan.png?fit=940%2C529&resize=700%2C400 2x"},"classes":[]},{"id":1461,"url":"http:\/\/www.bloguecornella.es\/wordpress\/2025\/05\/21\/plantilla-primer-equipo-ue-cornella-estado-contractual\/","url_meta":{"origin":1792,"position":4},"title":"Plantilla Primer equipo UE Cornell\u00e0 &#8211; Estado contractual","author":"bloguecornella","date":"21 de mayo de 2025","format":false,"excerpt":"Una vez finalizada la temporada, repasemos la informaci\u00f3n de los jugadores de la UE Cornell\u00e0 y cuando finalizan los contratos. Se ira actualizando a medida que los jugadores no renueven o renueven con la entidad y los nuevos fichajes. N\u00baPosici\u00f3nJugadorEdadTemporadasFinalizaci\u00f3n contrato1PORRub\u00e9n Mi\u00f1o36330\/06\/202613PORIsaac Vila21230\/06\/202621LAIGerard Gonz\u00e1lez21230\/06\/20264DFCTomas Pe\u00f1alba22230\/06\/2026-DFCGonzalo Pereira28130\/06\/2026-DFCIv\u00e1n de la Pe\u00f1a24130\/06\/2026-DFCAlejandro Pereira23130\/06\/2026-LADManel\u2026","rel":"","context":"En \u00abPretemporada - 2025\/26\u00bb","block_context":{"text":"Pretemporada - 2025\/26","link":"http:\/\/www.bloguecornella.es\/wordpress\/category\/pretemporada-2025-26\/"},"img":{"alt_text":"","src":"https:\/\/i0.wp.com\/www.bloguecornella.es\/wordpress\/wp-content\/uploads\/2025\/05\/temporada-202526-1.png?fit=940%2C529&resize=350%2C200","width":350,"height":200,"srcset":"https:\/\/i0.wp.com\/www.bloguecornella.es\/wordpress\/wp-content\/uploads\/2025\/05\/temporada-202526-1.png?fit=940%2C529&resize=350%2C200 1x, https:\/\/i0.wp.com\/www.bloguecornella.es\/wordpress\/wp-content\/uploads\/2025\/05\/temporada-202526-1.png?fit=940%2C529&resize=525%2C300 1.5x, https:\/\/i0.wp.com\/www.bloguecornella.es\/wordpress\/wp-content\/uploads\/2025\/05\/temporada-202526-1.png?fit=940%2C529&resize=700%2C400 2x"},"classes":[]},{"id":1948,"url":"http:\/\/www.bloguecornella.es\/wordpress\/2025\/07\/12\/8-moha-ajani-jugador-revulsivo-con-gol\/","url_meta":{"origin":1792,"position":5},"title":"#8 Moha Ajani: jugador revulsivo con gol","author":"bloguecornella","date":"12 de julio de 2025","format":false,"excerpt":"El 8\u00ba fichaje de la UE Cornell\u00e0, y no por ello menos importante, tenemos a Moha Ajani, jugador procedente del Cerdanyola FC. El jugador marroqu\u00ed se formo en las categor\u00edas inferiores del CE Sabadell, hasta dar el salto al filial en la temporada 2020\/21. Su paso por el filial arlequinado\u2026","rel":"","context":"En \u00abFichaje\u00bb","block_context":{"text":"Fichaje","link":"http:\/\/www.bloguecornella.es\/wordpress\/category\/fichaje\/"},"img":{"alt_text":"","src":"https:\/\/i0.wp.com\/www.bloguecornella.es\/wordpress\/wp-content\/uploads\/2025\/07\/Moha-Ajani.png?fit=940%2C529&resize=350%2C200","width":350,"height":200,"srcset":"https:\/\/i0.wp.com\/www.bloguecornella.es\/wordpress\/wp-content\/uploads\/2025\/07\/Moha-Ajani.png?fit=940%2C529&resize=350%2C200 1x, https:\/\/i0.wp.com\/www.bloguecornella.es\/wordpress\/wp-content\/uploads\/2025\/07\/Moha-Ajani.png?fit=940%2C529&resize=525%2C300 1.5x, https:\/\/i0.wp.com\/www.bloguecornella.es\/wordpress\/wp-content\/uploads\/2025\/07\/Moha-Ajani.png?fit=940%2C529&resize=700%2C400 2x"},"classes":[]}],"_links":{"self":[{"href":"http:\/\/www.bloguecornella.es\/wordpress\/wp-json\/wp\/v2\/posts\/1792","targetHints":{"allow":["GET"]}}],"collection":[{"href":"http:\/\/www.bloguecornella.es\/wordpress\/wp-json\/wp\/v2\/posts"}],"about":[{"href":"http:\/\/www.bloguecornella.es\/wordpress\/wp-json\/wp\/v2\/types\/post"}],"author":[{"embeddable":true,"href":"http:\/\/www.bloguecornella.es\/wordpress\/wp-json\/wp\/v2\/users\/1"}],"replies":[{"embeddable":true,"href":"http:\/\/www.bloguecornella.es\/wordpress\/wp-json\/wp\/v2\/comments?post=1792"}],"version-history":[{"count":1,"href":"http:\/\/www.bloguecornella.es\/wordpress\/wp-json\/wp\/v2\/posts\/1792\/revisions"}],"predecessor-version":[{"id":1793,"href":"http:\/\/www.bloguecornella.es\/wordpress\/wp-json\/wp\/v2\/posts\/1792\/revisions\/1793"}],"wp:featuredmedia":[{"embeddable":true,"href":"http:\/\/www.bloguecornella.es\/wordpress\/wp-json\/wp\/v2\/media\/1794"}],"wp:attachment":[{"href":"http:\/\/www.bloguecornella.es\/wordpress\/wp-json\/wp\/v2\/media?parent=1792"}],"wp:term":[{"taxonomy":"category","embeddable":true,"href":"http:\/\/www.bloguecornella.es\/wordpress\/wp-json\/wp\/v2\/categories?post=1792"},{"taxonomy":"post_tag","embeddable":true,"href":"http:\/\/www.bloguecornella.es\/wordpress\/wp-json\/wp\/v2\/tags?post=1792"}],"curies":[{"name":"wp","href":"https:\/\/api.w.org\/{rel}","templated":true}]}}