{"id":1780,"date":"2025-06-23T17:16:44","date_gmt":"2025-06-23T15:16:44","guid":{"rendered":"http:\/\/www.bloguecornella.es\/wordpress\/?p=1780"},"modified":"2025-06-23T17:16:44","modified_gmt":"2025-06-23T15:16:44","slug":"1-victor-aliaga-de-la-mano-de-ignasi-senabre","status":"publish","type":"post","link":"http:\/\/www.bloguecornella.es\/wordpress\/2025\/06\/23\/1-victor-aliaga-de-la-mano-de-ignasi-senabre\/","title":{"rendered":"#1 V\u00edctor Aliaga &#8211; De la mano de Ignasi Senabre"},"content":{"rendered":"\n<p>Se ha retrasado la primera entrega del cap\u00edtulo de fichajes veraniegos y, por fin, ha llegado el primer refuerzo de la era Ignasi Senabre.<\/p>\n\n\n\n<p>Viene para sustituir a Javi Serra, como extremo derecho, V\u00edctor Aliaga. El extremo de 27 a\u00f1os, nacido en Cerdanyola del Valles, viene de la mano de Ignasi Senabre, donde ya fue jugador en el CE Europa bajo su tutela, en dos temporadas de \u00e9xito en el club de la Vila de Gracia.<\/p>\n\n\n\n<p>V\u00edctor jugo la temporada 2022\/23 en Tercera Federaci\u00f3n con el CE Europa y fue campe\u00f3n de liga con 28 partidos (24 Titular) y 5 goles y tambi\u00e9n la 2023\/24 donde llegaron a la \u00faltima jornada de liga con opciones matem\u00e1ticas de ser campeones de Segunda Federaci\u00f3n y conseguir el ascenso a Primera Federaci\u00f3n. En la segunda temporada de escapulado, ha disputado 33 partidos (29 Titular), 2 partidos de Play-off de ascenso, disputando los 180 minutos, y Copa del Rey.<\/p>\n\n\n\n<p>La trayectoria de V\u00edctor se basa en su experiencia, principalmente, en dos clubes. El CE Europa y en su Cerdanyola del Valles natal. En el conjunto del Vall\u00e9s ha disputado 4 temporadas, de forma intercalada (17-18, 18-19, 20-21 y 21-22).<\/p>\n\n\n\n<p>Aportara experiencia en categor\u00edas como Segunda Federaci\u00f3n y Tercera Federaci\u00f3n.<\/p>\n\n\n\n<p><strong>Trayector\u00eda<\/strong><\/p>\n\n\n\n<ul class=\"wp-block-list\">\n<li>2016-17 -> CE Sabadell B (3\u00aa Divisi\u00f3n) &#8211; 29 partidos &#8211; 2 Goles<\/li>\n\n\n\n<li>2017-19 -> Cerdanyola FC (3\u00aa Divisi\u00f3n) &#8211; 64 partidos &#8211; 4 Goles.<\/li>\n\n\n\n<li>2019-20 -> Liga Eslovena\n<ul class=\"wp-block-list\">\n<li>Triglav Kranj -> 11 Partidos &#8211; 1 Gol.<\/li>\n\n\n\n<li>ND Gorica -> 2 Partidos &#8211; 0 Goles.<\/li>\n<\/ul>\n<\/li>\n\n\n\n<li>2020 -> Fundacio Esportiva Grama &#8211; 7 partidos &#8211; 0 Goles.<\/li>\n\n\n\n<li>2020-2022 -> Cerdanyola FC\n<ul class=\"wp-block-list\">\n<li>2020-21 -> 3\u00aa Divisi\u00f3n &#8211; 16 partidos &#8211; 1 Gol<\/li>\n\n\n\n<li>2021-22 -> 2\u00aa Federaci\u00f3n &#8211; 28 partidos &#8211; 1 Gol<\/li>\n<\/ul>\n<\/li>\n\n\n\n<li>2022-2024 -> CE Europa\n<ul class=\"wp-block-list\">\n<li>2022-23 -> 3\u00aa Federaci\u00f3n &#8211; 28 partidos &#8211; 5 Goles<\/li>\n\n\n\n<li>2023-24 -> 2\u00aa Federaci\u00f3n &#8211; 36 partidos &#8211; 2 Goles<\/li>\n<\/ul>\n<\/li>\n\n\n\n<li>2024-2025\n<ul class=\"wp-block-list\">\n<li>UD Logro\u00f1es -> 2\u00aa Federaci\u00f3n &#8211; 11 partidos &#8211; 1 Gol.<\/li>\n\n\n\n<li>UE Sant Andreu -> 2\u00aa Federaci\u00f3n &#8211; 16 partidos &#8211; 1 Gol.<\/li>\n<\/ul>\n<\/li>\n<\/ul>\n\n\n\n<p><\/p>\n\n\n\n<p>V\u00edctor, bienvenido a un club cercano y amigo y con el que conseguiremos grandes \u00e9xitos. Som UEC.<\/p>\n","protected":false},"excerpt":{"rendered":"<p>Se ha retrasado la primera entrega del cap\u00edtulo de fichajes veraniegos y, por fin, ha llegado el primer refuerzo de la era Ignasi Senabre. Viene para sustituir a Javi Serra, como extremo derecho, V\u00edctor Aliaga. El extremo de 27 a\u00f1os, nacido en Cerdanyola del Valles, viene de la mano de Ignasi Senabre, donde ya fue [&hellip;]<\/p>\n","protected":false},"author":1,"featured_media":1787,"comment_status":"open","ping_status":"open","sticky":false,"template":"","format":"standard","meta":{"_eb_attr":"","advanced_seo_description":"","jetpack_seo_html_title":"","jetpack_seo_noindex":false,"jetpack_post_was_ever_published":false,"_jetpack_newsletter_access":"","_jetpack_dont_email_post_to_subs":false,"_jetpack_newsletter_tier_id":0,"_jetpack_memberships_contains_paywalled_content":false,"_jetpack_memberships_contains_paid_content":false,"footnotes":"","jetpack_publicize_message":"","jetpack_publicize_feature_enabled":true,"jetpack_social_post_already_shared":true,"jetpack_social_options":{"image_generator_settings":{"template":"highway","default_image_id":0,"font":"","enabled":false},"version":2}},"categories":[52,70,71,69,51],"tags":[68,65,63,94],"class_list":["post-1780","post","type-post","status-publish","format-standard","has-post-thumbnail","hentry","category-fichaje","category-pretemporada-2025-26","category-temporada-2025-26","category-tercera-federacion-grupo-v","category-ue-cornella","tag-pretemporada-2025-26","tag-temporada-2025-26","tag-ue-cornella-2","tag-victor-aliaga"],"jetpack_publicize_connections":[],"jetpack_featured_media_url":"https:\/\/i0.wp.com\/www.bloguecornella.es\/wordpress\/wp-content\/uploads\/2025\/06\/Victor-Aliaga.png?fit=940%2C529","jetpack_sharing_enabled":true,"jetpack-related-posts":[{"id":2355,"url":"http:\/\/www.bloguecornella.es\/wordpress\/2025\/08\/29\/5-pretemporada-25-26-uec-ue-cornella-ue-sant-andreu-previa\/","url_meta":{"origin":1780,"position":0},"title":"#5 Pretemporada 25\/26 UEC &#8211; UE Cornell\u00e0 &#8211; UE Sant Andreu &#8211; Previa","author":"bloguecornella","date":"29 de agosto de 2025","format":false,"excerpt":"La UE Cornell\u00e0 afronta el \u00faltimo partido de pretemporada, antes del comienzo liguero el pr\u00f3ximo s\u00e1bado 06\/09\/2025 en Vic, contra la UE Sant Andreu, equipo de Segunda Federaci\u00f3n y el rival, a priori, mas complicado en lo que llevamos de pretemporada. El conjunto de Ignasi Senabre afronta el partido con\u2026","rel":"","context":"En \u00abPretemporada - 2025\/26\u00bb","block_context":{"text":"Pretemporada - 2025\/26","link":"http:\/\/www.bloguecornella.es\/wordpress\/category\/pretemporada-2025-26\/"},"img":{"alt_text":"","src":"https:\/\/i0.wp.com\/www.bloguecornella.es\/wordpress\/wp-content\/uploads\/2025\/08\/Previa-5-UE-Cornella-UE-Sant-Andreu.png?fit=940%2C520&resize=350%2C200","width":350,"height":200,"srcset":"https:\/\/i0.wp.com\/www.bloguecornella.es\/wordpress\/wp-content\/uploads\/2025\/08\/Previa-5-UE-Cornella-UE-Sant-Andreu.png?fit=940%2C520&resize=350%2C200 1x, https:\/\/i0.wp.com\/www.bloguecornella.es\/wordpress\/wp-content\/uploads\/2025\/08\/Previa-5-UE-Cornella-UE-Sant-Andreu.png?fit=940%2C520&resize=525%2C300 1.5x, https:\/\/i0.wp.com\/www.bloguecornella.es\/wordpress\/wp-content\/uploads\/2025\/08\/Previa-5-UE-Cornella-UE-Sant-Andreu.png?fit=940%2C520&resize=700%2C400 2x"},"classes":[]},{"id":2060,"url":"http:\/\/www.bloguecornella.es\/wordpress\/2025\/08\/08\/pretemporada-25-26-1-fundacio-grama-ue-cornella-previa\/","url_meta":{"origin":1780,"position":1},"title":"Pretemporada 25\/26 &#8211; #1 Fundaci\u00f3 Grama &#8211; UE Cornell\u00e0 &#8211; Previa","author":"bloguecornella","date":"8 de agosto de 2025","format":false,"excerpt":"Viene el primer gran test de la temporada 2025-26, con mucho equipos que han llegado ya ha jugar varios partidos, de la UE Cornell\u00e0 de Ignasi Senabre. El \"mandam\u00e1s\" de la parcela deportiva (Dentro de las funciones de entrenador, tambi\u00e9n est\u00e1n las de Director Deportivo), vera como va engrasando su\u2026","rel":"","context":"En \u00abIgnasi Senabria\u00bb","block_context":{"text":"Ignasi Senabria","link":"http:\/\/www.bloguecornella.es\/wordpress\/category\/ignasi-senabria\/"},"img":{"alt_text":"","src":"https:\/\/i0.wp.com\/www.bloguecornella.es\/wordpress\/wp-content\/uploads\/2025\/08\/Previa-partido-1.png?fit=940%2C520&resize=350%2C200","width":350,"height":200,"srcset":"https:\/\/i0.wp.com\/www.bloguecornella.es\/wordpress\/wp-content\/uploads\/2025\/08\/Previa-partido-1.png?fit=940%2C520&resize=350%2C200 1x, https:\/\/i0.wp.com\/www.bloguecornella.es\/wordpress\/wp-content\/uploads\/2025\/08\/Previa-partido-1.png?fit=940%2C520&resize=525%2C300 1.5x, https:\/\/i0.wp.com\/www.bloguecornella.es\/wordpress\/wp-content\/uploads\/2025\/08\/Previa-partido-1.png?fit=940%2C520&resize=700%2C400 2x"},"classes":[]},{"id":2221,"url":"http:\/\/www.bloguecornella.es\/wordpress\/2025\/08\/17\/cronica-2-pretemporada-25-26-cf-montanesa-1-1-ue-cornella\/","url_meta":{"origin":1780,"position":2},"title":"Cr\u00f3nica #2 Pretemporada 25\/26 &#8211; CF Monta\u00f1esa 1-1 UE Cornell\u00e0: \u00abJoan salva la derrota con un Cornell\u00e0 de dos caras\u00bb","author":"bloguecornella","date":"17 de agosto de 2025","format":false,"excerpt":"La UE Cornell\u00e0 empata, en su segundo partido de pretemporada, contra la Monta\u00f1esa CF a 1 en el Estadi de Nou Barris. Ignasi Senabre sigue apostando por la defensa de 3 y, teniendo en cuenta que este fin de semana tiene sesi\u00f3n doble de trabajo, la alineaci\u00f3n por la que\u2026","rel":"","context":"En \u00abIgnasi Senabria\u00bb","block_context":{"text":"Ignasi Senabria","link":"http:\/\/www.bloguecornella.es\/wordpress\/category\/ignasi-senabria\/"},"img":{"alt_text":"","src":"https:\/\/i0.wp.com\/www.bloguecornella.es\/wordpress\/wp-content\/uploads\/2025\/08\/IMG_2556.jpeg?fit=1200%2C900&resize=350%2C200","width":350,"height":200,"srcset":"https:\/\/i0.wp.com\/www.bloguecornella.es\/wordpress\/wp-content\/uploads\/2025\/08\/IMG_2556.jpeg?fit=1200%2C900&resize=350%2C200 1x, https:\/\/i0.wp.com\/www.bloguecornella.es\/wordpress\/wp-content\/uploads\/2025\/08\/IMG_2556.jpeg?fit=1200%2C900&resize=525%2C300 1.5x, https:\/\/i0.wp.com\/www.bloguecornella.es\/wordpress\/wp-content\/uploads\/2025\/08\/IMG_2556.jpeg?fit=1200%2C900&resize=700%2C400 2x, https:\/\/i0.wp.com\/www.bloguecornella.es\/wordpress\/wp-content\/uploads\/2025\/08\/IMG_2556.jpeg?fit=1200%2C900&resize=1050%2C600 3x"},"classes":[]},{"id":2375,"url":"http:\/\/www.bloguecornella.es\/wordpress\/2025\/08\/31\/cronica-5-pretemporada-25-26-uec-ue-cornella-0-2-ue-sant-andreu-derrota-para-finalizar-la-pretemporada\/","url_meta":{"origin":1780,"position":3},"title":"Cr\u00f3nica #5 Pretemporada 25\/26 UEC &#8211; UE Cornell\u00e0 0 &#8211; 2 UE Sant Andreu: \u00abDerrota para finalizar la pretemporada\u00bb","author":"bloguecornella","date":"31 de agosto de 2025","format":false,"excerpt":"La UE Cornell\u00e0 pierde en su \u00faltimo duelo de pretemporada contra la UE Sant Andreu, de Segunda Federaci\u00f3n, por 0-2, con goles de Pablo en el minuto 22 y Lucas Vi\u00f1a en el 73. La UE Cornell\u00e0 de Ignasi Senabre sali\u00f3 con su habitual 3-4-3 con una defensa completa de\u2026","rel":"","context":"En \u00abPretemporada - 2025\/26\u00bb","block_context":{"text":"Pretemporada - 2025\/26","link":"http:\/\/www.bloguecornella.es\/wordpress\/category\/pretemporada-2025-26\/"},"img":{"alt_text":"","src":"https:\/\/i0.wp.com\/www.bloguecornella.es\/wordpress\/wp-content\/uploads\/2025\/08\/IMG_2887.jpeg?fit=1200%2C900&resize=350%2C200","width":350,"height":200,"srcset":"https:\/\/i0.wp.com\/www.bloguecornella.es\/wordpress\/wp-content\/uploads\/2025\/08\/IMG_2887.jpeg?fit=1200%2C900&resize=350%2C200 1x, https:\/\/i0.wp.com\/www.bloguecornella.es\/wordpress\/wp-content\/uploads\/2025\/08\/IMG_2887.jpeg?fit=1200%2C900&resize=525%2C300 1.5x, https:\/\/i0.wp.com\/www.bloguecornella.es\/wordpress\/wp-content\/uploads\/2025\/08\/IMG_2887.jpeg?fit=1200%2C900&resize=700%2C400 2x, https:\/\/i0.wp.com\/www.bloguecornella.es\/wordpress\/wp-content\/uploads\/2025\/08\/IMG_2887.jpeg?fit=1200%2C900&resize=1050%2C600 3x"},"classes":[]},{"id":2405,"url":"http:\/\/www.bloguecornella.es\/wordpress\/2025\/09\/07\/cronica-capitulo-1-uec-vic-0-1-ue-cornella-solidez-y-victoria-para-la-ue-cornella\/","url_meta":{"origin":1780,"position":4},"title":"Cr\u00f3nica cap\u00edtulo 1: UEC Vic 0-1 UE Cornell\u00e0 \u00abSolidez y victoria para la UE Cornell\u00e0\u00bb","author":"bloguecornella","date":"7 de septiembre de 2025","format":false,"excerpt":"La UE Cornell\u00e0 consigue la primera victoria del curso con gol de Ot Serrano en el minuto 71 de partido, tras un c\u00f3rner r\u00e1pido de V\u00edctor Aliaga que ha dejado solo en la frontal al delantero cornellanense para batir al portero de la UE Vic. El primer once inicial de\u2026","rel":"","context":"En \u00abIgnasi Senabria\u00bb","block_context":{"text":"Ignasi Senabria","link":"http:\/\/www.bloguecornella.es\/wordpress\/category\/ignasi-senabria\/"},"img":{"alt_text":"","src":"https:\/\/i0.wp.com\/www.bloguecornella.es\/wordpress\/wp-content\/uploads\/2025\/09\/IMG_3072.jpeg?fit=1200%2C900&resize=350%2C200","width":350,"height":200,"srcset":"https:\/\/i0.wp.com\/www.bloguecornella.es\/wordpress\/wp-content\/uploads\/2025\/09\/IMG_3072.jpeg?fit=1200%2C900&resize=350%2C200 1x, https:\/\/i0.wp.com\/www.bloguecornella.es\/wordpress\/wp-content\/uploads\/2025\/09\/IMG_3072.jpeg?fit=1200%2C900&resize=525%2C300 1.5x, https:\/\/i0.wp.com\/www.bloguecornella.es\/wordpress\/wp-content\/uploads\/2025\/09\/IMG_3072.jpeg?fit=1200%2C900&resize=700%2C400 2x, https:\/\/i0.wp.com\/www.bloguecornella.es\/wordpress\/wp-content\/uploads\/2025\/09\/IMG_3072.jpeg?fit=1200%2C900&resize=1050%2C600 3x"},"classes":[]},{"id":2383,"url":"http:\/\/www.bloguecornella.es\/wordpress\/2025\/09\/05\/capitulo-1-25-26-ue-vic-ue-cornella-con-todo-y-a-por-todo\/","url_meta":{"origin":1780,"position":5},"title":"Cap\u00edtulo 1 &#8211; 25\/26 &#8211; UE Vic &#8211; UE Cornell\u00e0 &#8211; \u00abCon todo y a por todo\u00bb","author":"bloguecornella","date":"5 de septiembre de 2025","format":false,"excerpt":"132 d\u00edas despu\u00e9s de consumar el segundo descenso consecutivo, vuelve la previa de un partido oficial de Liga de la UE Cornell\u00e0. Arranca la temporada 2025\/26 en la Tercera Federaci\u00f3n (5\u00ba escal\u00f3n del f\u00fatbol nacional) donde la UE Cornell\u00e0 quiere volver a sus or\u00edgenes y volver a ser ese equipo\u2026","rel":"","context":"En \u00abHector Tejada\u00bb","block_context":{"text":"Hector Tejada","link":"http:\/\/www.bloguecornella.es\/wordpress\/category\/hector-tejada\/"},"img":{"alt_text":"","src":"https:\/\/i0.wp.com\/www.bloguecornella.es\/wordpress\/wp-content\/uploads\/2025\/09\/J1-UE-Vic-UE-Cornella.png?fit=940%2C520&resize=350%2C200","width":350,"height":200,"srcset":"https:\/\/i0.wp.com\/www.bloguecornella.es\/wordpress\/wp-content\/uploads\/2025\/09\/J1-UE-Vic-UE-Cornella.png?fit=940%2C520&resize=350%2C200 1x, https:\/\/i0.wp.com\/www.bloguecornella.es\/wordpress\/wp-content\/uploads\/2025\/09\/J1-UE-Vic-UE-Cornella.png?fit=940%2C520&resize=525%2C300 1.5x, https:\/\/i0.wp.com\/www.bloguecornella.es\/wordpress\/wp-content\/uploads\/2025\/09\/J1-UE-Vic-UE-Cornella.png?fit=940%2C520&resize=700%2C400 2x"},"classes":[]}],"_links":{"self":[{"href":"http:\/\/www.bloguecornella.es\/wordpress\/wp-json\/wp\/v2\/posts\/1780","targetHints":{"allow":["GET"]}}],"collection":[{"href":"http:\/\/www.bloguecornella.es\/wordpress\/wp-json\/wp\/v2\/posts"}],"about":[{"href":"http:\/\/www.bloguecornella.es\/wordpress\/wp-json\/wp\/v2\/types\/post"}],"author":[{"embeddable":true,"href":"http:\/\/www.bloguecornella.es\/wordpress\/wp-json\/wp\/v2\/users\/1"}],"replies":[{"embeddable":true,"href":"http:\/\/www.bloguecornella.es\/wordpress\/wp-json\/wp\/v2\/comments?post=1780"}],"version-history":[{"count":4,"href":"http:\/\/www.bloguecornella.es\/wordpress\/wp-json\/wp\/v2\/posts\/1780\/revisions"}],"predecessor-version":[{"id":1789,"href":"http:\/\/www.bloguecornella.es\/wordpress\/wp-json\/wp\/v2\/posts\/1780\/revisions\/1789"}],"wp:featuredmedia":[{"embeddable":true,"href":"http:\/\/www.bloguecornella.es\/wordpress\/wp-json\/wp\/v2\/media\/1787"}],"wp:attachment":[{"href":"http:\/\/www.bloguecornella.es\/wordpress\/wp-json\/wp\/v2\/media?parent=1780"}],"wp:term":[{"taxonomy":"category","embeddable":true,"href":"http:\/\/www.bloguecornella.es\/wordpress\/wp-json\/wp\/v2\/categories?post=1780"},{"taxonomy":"post_tag","embeddable":true,"href":"http:\/\/www.bloguecornella.es\/wordpress\/wp-json\/wp\/v2\/tags?post=1780"}],"curies":[{"name":"wp","href":"https:\/\/api.w.org\/{rel}","templated":true}]}}