{"id":177,"date":"2024-09-28T23:36:18","date_gmt":"2024-09-28T21:36:18","guid":{"rendered":"https:\/\/bloguecornella.wordpress.com\/?p=177"},"modified":"2024-09-28T23:36:18","modified_gmt":"2024-09-28T21:36:18","slug":"previa-j5-ue-cornella-ue-sant-andreu","status":"publish","type":"post","link":"http:\/\/www.bloguecornella.es\/wordpress\/2024\/09\/28\/previa-j5-ue-cornella-ue-sant-andreu\/","title":{"rendered":"Previa J5: UE Cornella &#8211; UE Sant Andreu"},"content":{"rendered":"\n<p>Llegamos a la Jornada 5 en la que nos enfrentamos al l\u00edder y candidato a ser el campe\u00f3n de Liga y subir al equipo a Primera Federaci\u00f3n, el Sant Andreu. El equipo barcelon\u00e9s ha sumado 9 de 12 puntos y perdi\u00f3 el pasado fin de semana contra el Lleida CF, en su estadio, por 0-2. Un resultado bastante enga\u00f1oso para lo que es el conjunto andreuenc.<\/p>\n\n\n\n<p>El Cornella, por su parte, busca conseguir la primera victoria de la temporada y seguir invicto en el Nou Municipal. Despu\u00e9s de dos empates, llega con la moral m\u00e1s alta despu\u00e9s de plantar cara contra el Atl\u00e9tico Baleares, plantando un buen futbol, aunque todav\u00eda con la falta de gol como problema del equipo. Solamente llevamos 1 gol en 4 partidos de liga, y precisamente de un lateral.<\/p>\n\n\n\n<p>El ambiente que habr\u00e1 en el estadio de Cornella ser\u00e1 digno de un partido de lo que la competici\u00f3n requiere, con m\u00ednimo 200 aficionados del Sant Andreu que se pasar\u00e1n por el Municipal, a las 18h de la tarde, y donde se espera que volvamos a sumar afici\u00f3n y poco a poco llenar nuestro Municipal.<\/p>\n\n\n\n<p>Creo que est\u00e1 ser\u00e1 la alineaci\u00f3n inicial. Ricard y Alejandro est\u00e1n ganando terreno en la titularidad y donde volver\u00e1 a destacar Ibai Reches, como ya hizo en el partido contra el Atl\u00e9tico Baleares.<\/p>\n\n\n\n<p>POR &#8211; 1 Ruben Mi\u00f1o<\/p>\n\n\n\n<p>LAI &#8211; 3 David Pons<\/p>\n\n\n\n<p>DFC &#8211; 6 Alagy Oliveira<\/p>\n\n\n\n<p>DFC &#8211; 5 Marc Vilaplana<\/p>\n\n\n\n<p>DFC &#8211; 15 Ricard Pujol<\/p>\n\n\n\n<p>LAD &#8211; 2 Bruno Lorente<\/p>\n\n\n\n<p>MC &#8211; 16 Izan Gonzalez<\/p>\n\n\n\n<p>MC &#8211; 24 Alejandro Perez<\/p>\n\n\n\n<p>DI &#8211; 17 Javi Serra<\/p>\n\n\n\n<p>DD &#8211; 11 Luis Forcen<\/p>\n\n\n\n<p>DC &#8211; 22 Ibai Reches<\/p>\n\n\n\n<p>Con ganas de ma\u00f1ana y de que \u00a1VIVA EL FUTBOL MODESTO!<\/p>\n","protected":false},"excerpt":{"rendered":"<p>Llegamos a la Jornada 5 en la que nos enfrentamos al l\u00edder y candidato a ser el campe\u00f3n de Liga y subir al equipo a Primera Federaci\u00f3n, el Sant Andreu. El equipo barcelon\u00e9s ha sumado 9 de 12 puntos y perdi\u00f3 el pasado fin de semana contra el Lleida CF, en su estadio, por 0-2. [&hellip;]<\/p>\n","protected":false},"author":1,"featured_media":0,"comment_status":"open","ping_status":"open","sticky":false,"template":"","format":"standard","meta":{"_eb_attr":"","advanced_seo_description":"","jetpack_seo_html_title":"","jetpack_seo_noindex":false,"jetpack_post_was_ever_published":false,"_jetpack_newsletter_access":"","_jetpack_dont_email_post_to_subs":false,"_jetpack_newsletter_tier_id":0,"_jetpack_memberships_contains_paywalled_content":false,"_jetpack_memberships_contains_paid_content":false,"footnotes":"","jetpack_publicize_message":"","jetpack_publicize_feature_enabled":true,"jetpack_social_post_already_shared":false,"jetpack_social_options":{"image_generator_settings":{"template":"highway","default_image_id":0,"font":"","enabled":false},"version":2}},"categories":[14,15,16],"tags":[31,32,34],"class_list":["post-177","post","type-post","status-publish","format-standard","hentry","category-previa-partido","category-segunda-federacion-grupo-3","category-temporada-24-25","tag-previa","tag-segunda-federacion","tag-temporada-2024-25"],"jetpack_publicize_connections":[],"jetpack_featured_media_url":"","jetpack_sharing_enabled":true,"jetpack-related-posts":[{"id":2355,"url":"http:\/\/www.bloguecornella.es\/wordpress\/2025\/08\/29\/5-pretemporada-25-26-uec-ue-cornella-ue-sant-andreu-previa\/","url_meta":{"origin":177,"position":0},"title":"#5 Pretemporada 25\/26 UEC &#8211; UE Cornell\u00e0 &#8211; UE Sant Andreu &#8211; Previa","author":"bloguecornella","date":"29 de agosto de 2025","format":false,"excerpt":"La UE Cornell\u00e0 afronta el \u00faltimo partido de pretemporada, antes del comienzo liguero el pr\u00f3ximo s\u00e1bado 06\/09\/2025 en Vic, contra la UE Sant Andreu, equipo de Segunda Federaci\u00f3n y el rival, a priori, mas complicado en lo que llevamos de pretemporada. El conjunto de Ignasi Senabre afronta el partido con\u2026","rel":"","context":"En \u00abPretemporada - 2025\/26\u00bb","block_context":{"text":"Pretemporada - 2025\/26","link":"http:\/\/www.bloguecornella.es\/wordpress\/category\/pretemporada-2025-26\/"},"img":{"alt_text":"","src":"https:\/\/i0.wp.com\/www.bloguecornella.es\/wordpress\/wp-content\/uploads\/2025\/08\/Previa-5-UE-Cornella-UE-Sant-Andreu.png?fit=940%2C520&resize=350%2C200","width":350,"height":200,"srcset":"https:\/\/i0.wp.com\/www.bloguecornella.es\/wordpress\/wp-content\/uploads\/2025\/08\/Previa-5-UE-Cornella-UE-Sant-Andreu.png?fit=940%2C520&resize=350%2C200 1x, https:\/\/i0.wp.com\/www.bloguecornella.es\/wordpress\/wp-content\/uploads\/2025\/08\/Previa-5-UE-Cornella-UE-Sant-Andreu.png?fit=940%2C520&resize=525%2C300 1.5x, https:\/\/i0.wp.com\/www.bloguecornella.es\/wordpress\/wp-content\/uploads\/2025\/08\/Previa-5-UE-Cornella-UE-Sant-Andreu.png?fit=940%2C520&resize=700%2C400 2x"},"classes":[]},{"id":870,"url":"http:\/\/www.bloguecornella.es\/wordpress\/2025\/02\/09\/cronica-j22-ue-sant-andreu-4-0-ue-cornella-autodestruccion-desde-el-minuto-25\/","url_meta":{"origin":177,"position":1},"title":"Cr\u00f3nica J22: UE Sant Andreu 4-0 UE Cornell\u00e0 \u00abAutodestrucci\u00f3n desde el minuto 25\u00bb","author":"bloguecornella","date":"9 de febrero de 2025","format":false,"excerpt":"La UE Cornell\u00e0 encaja una dolorosa derrota en el partido correspondiente a la Jornada 22 de la Segunda Federaci\u00f3n Grupo 3 en el estadio Narc\u00eds Sala por 4-0 contra la UE Sant Andreu. Volv\u00eda al banquillo, de forma interina, Gonzalo Riutort, para dirigir su partido n\u00famero 87 en el conjunto\u2026","rel":"","context":"En \u00abSegunda Federaci\u00f3n Grupo 3\u00bb","block_context":{"text":"Segunda Federaci\u00f3n Grupo 3","link":"http:\/\/www.bloguecornella.es\/wordpress\/category\/segunda-federacion-grupo-3\/"},"img":{"alt_text":"","src":"https:\/\/i0.wp.com\/www.bloguecornella.es\/wordpress\/wp-content\/uploads\/2025\/02\/img_9169.jpg?fit=1200%2C900&resize=350%2C200","width":350,"height":200,"srcset":"https:\/\/i0.wp.com\/www.bloguecornella.es\/wordpress\/wp-content\/uploads\/2025\/02\/img_9169.jpg?fit=1200%2C900&resize=350%2C200 1x, https:\/\/i0.wp.com\/www.bloguecornella.es\/wordpress\/wp-content\/uploads\/2025\/02\/img_9169.jpg?fit=1200%2C900&resize=525%2C300 1.5x, https:\/\/i0.wp.com\/www.bloguecornella.es\/wordpress\/wp-content\/uploads\/2025\/02\/img_9169.jpg?fit=1200%2C900&resize=700%2C400 2x, https:\/\/i0.wp.com\/www.bloguecornella.es\/wordpress\/wp-content\/uploads\/2025\/02\/img_9169.jpg?fit=1200%2C900&resize=1050%2C600 3x"},"classes":[]},{"id":298,"url":"http:\/\/www.bloguecornella.es\/wordpress\/2024\/10\/20\/cronica-j8-ud-alzira-1-0-ue-cornella-sant-andreu-fue-un-espejismo\/","url_meta":{"origin":177,"position":2},"title":"Cronica J8: UD Alzira 1-0 UE Cornella \u201cSant Andreu fue un espejismo\u201d","author":"bloguecornella","date":"20 de octubre de 2024","format":false,"excerpt":"Tres derrotas consecutivas hacen que la UE Cornella se situe en la posicion 16 de la Liga a cuatro puntos del Play-out y a 5 de la salvacion. La jornada comenzaba con equipos como la SD Ibizay el Lleida CF haciendo los deberes y equipos como la UE Olot, sufriendo\u2026","rel":"","context":"En \u00abSegunda Federaci\u00f3n Grupo 3\u00bb","block_context":{"text":"Segunda Federaci\u00f3n Grupo 3","link":"http:\/\/www.bloguecornella.es\/wordpress\/category\/segunda-federacion-grupo-3\/"},"img":{"alt_text":"","src":"","width":0,"height":0},"classes":[]},{"id":183,"url":"http:\/\/www.bloguecornella.es\/wordpress\/2024\/09\/29\/cronica-j5-ue-cornella-4-1-ue-sant-andreu\/","url_meta":{"origin":177,"position":3},"title":"Cr\u00f3nica J5: UE Cornella 4-1 UE Sant Andreu","author":"bloguecornella","date":"29 de septiembre de 2024","format":false,"excerpt":"Llego la primera victoria de la era Genis y que victoria. Nada mas y nada menos que un 4-1 contra todo un Sant Andreu que no ha entrado en ning\u00fan momento en el partido, salvo en la primera media hora, donde tuvo unas cuantas acciones de peligro seguidas. El partido\u2026","rel":"","context":"En \u00abSegunda Federaci\u00f3n Grupo 3\u00bb","block_context":{"text":"Segunda Federaci\u00f3n Grupo 3","link":"http:\/\/www.bloguecornella.es\/wordpress\/category\/segunda-federacion-grupo-3\/"},"img":{"alt_text":"","src":"","width":0,"height":0},"classes":[]},{"id":2375,"url":"http:\/\/www.bloguecornella.es\/wordpress\/2025\/08\/31\/cronica-5-pretemporada-25-26-uec-ue-cornella-0-2-ue-sant-andreu-derrota-para-finalizar-la-pretemporada\/","url_meta":{"origin":177,"position":4},"title":"Cr\u00f3nica #5 Pretemporada 25\/26 UEC &#8211; UE Cornell\u00e0 0 &#8211; 2 UE Sant Andreu: \u00abDerrota para finalizar la pretemporada\u00bb","author":"bloguecornella","date":"31 de agosto de 2025","format":false,"excerpt":"La UE Cornell\u00e0 pierde en su \u00faltimo duelo de pretemporada contra la UE Sant Andreu, de Segunda Federaci\u00f3n, por 0-2, con goles de Pablo en el minuto 22 y Lucas Vi\u00f1a en el 73. La UE Cornell\u00e0 de Ignasi Senabre sali\u00f3 con su habitual 3-4-3 con una defensa completa de\u2026","rel":"","context":"En \u00abPretemporada - 2025\/26\u00bb","block_context":{"text":"Pretemporada - 2025\/26","link":"http:\/\/www.bloguecornella.es\/wordpress\/category\/pretemporada-2025-26\/"},"img":{"alt_text":"","src":"https:\/\/i0.wp.com\/www.bloguecornella.es\/wordpress\/wp-content\/uploads\/2025\/08\/IMG_2887.jpeg?fit=1200%2C900&resize=350%2C200","width":350,"height":200,"srcset":"https:\/\/i0.wp.com\/www.bloguecornella.es\/wordpress\/wp-content\/uploads\/2025\/08\/IMG_2887.jpeg?fit=1200%2C900&resize=350%2C200 1x, https:\/\/i0.wp.com\/www.bloguecornella.es\/wordpress\/wp-content\/uploads\/2025\/08\/IMG_2887.jpeg?fit=1200%2C900&resize=525%2C300 1.5x, https:\/\/i0.wp.com\/www.bloguecornella.es\/wordpress\/wp-content\/uploads\/2025\/08\/IMG_2887.jpeg?fit=1200%2C900&resize=700%2C400 2x, https:\/\/i0.wp.com\/www.bloguecornella.es\/wordpress\/wp-content\/uploads\/2025\/08\/IMG_2887.jpeg?fit=1200%2C900&resize=1050%2C600 3x"},"classes":[]},{"id":2383,"url":"http:\/\/www.bloguecornella.es\/wordpress\/2025\/09\/05\/capitulo-1-25-26-ue-vic-ue-cornella-con-todo-y-a-por-todo\/","url_meta":{"origin":177,"position":5},"title":"Cap\u00edtulo 1 &#8211; 25\/26 &#8211; UE Vic &#8211; UE Cornell\u00e0 &#8211; \u00abCon todo y a por todo\u00bb","author":"bloguecornella","date":"5 de septiembre de 2025","format":false,"excerpt":"132 d\u00edas despu\u00e9s de consumar el segundo descenso consecutivo, vuelve la previa de un partido oficial de Liga de la UE Cornell\u00e0. Arranca la temporada 2025\/26 en la Tercera Federaci\u00f3n (5\u00ba escal\u00f3n del f\u00fatbol nacional) donde la UE Cornell\u00e0 quiere volver a sus or\u00edgenes y volver a ser ese equipo\u2026","rel":"","context":"En \u00abHector Tejada\u00bb","block_context":{"text":"Hector Tejada","link":"http:\/\/www.bloguecornella.es\/wordpress\/category\/hector-tejada\/"},"img":{"alt_text":"","src":"https:\/\/i0.wp.com\/www.bloguecornella.es\/wordpress\/wp-content\/uploads\/2025\/09\/J1-UE-Vic-UE-Cornella.png?fit=940%2C520&resize=350%2C200","width":350,"height":200,"srcset":"https:\/\/i0.wp.com\/www.bloguecornella.es\/wordpress\/wp-content\/uploads\/2025\/09\/J1-UE-Vic-UE-Cornella.png?fit=940%2C520&resize=350%2C200 1x, https:\/\/i0.wp.com\/www.bloguecornella.es\/wordpress\/wp-content\/uploads\/2025\/09\/J1-UE-Vic-UE-Cornella.png?fit=940%2C520&resize=525%2C300 1.5x, https:\/\/i0.wp.com\/www.bloguecornella.es\/wordpress\/wp-content\/uploads\/2025\/09\/J1-UE-Vic-UE-Cornella.png?fit=940%2C520&resize=700%2C400 2x"},"classes":[]}],"_links":{"self":[{"href":"http:\/\/www.bloguecornella.es\/wordpress\/wp-json\/wp\/v2\/posts\/177","targetHints":{"allow":["GET"]}}],"collection":[{"href":"http:\/\/www.bloguecornella.es\/wordpress\/wp-json\/wp\/v2\/posts"}],"about":[{"href":"http:\/\/www.bloguecornella.es\/wordpress\/wp-json\/wp\/v2\/types\/post"}],"author":[{"embeddable":true,"href":"http:\/\/www.bloguecornella.es\/wordpress\/wp-json\/wp\/v2\/users\/1"}],"replies":[{"embeddable":true,"href":"http:\/\/www.bloguecornella.es\/wordpress\/wp-json\/wp\/v2\/comments?post=177"}],"version-history":[{"count":0,"href":"http:\/\/www.bloguecornella.es\/wordpress\/wp-json\/wp\/v2\/posts\/177\/revisions"}],"wp:attachment":[{"href":"http:\/\/www.bloguecornella.es\/wordpress\/wp-json\/wp\/v2\/media?parent=177"}],"wp:term":[{"taxonomy":"category","embeddable":true,"href":"http:\/\/www.bloguecornella.es\/wordpress\/wp-json\/wp\/v2\/categories?post=177"},{"taxonomy":"post_tag","embeddable":true,"href":"http:\/\/www.bloguecornella.es\/wordpress\/wp-json\/wp\/v2\/tags?post=177"}],"curies":[{"name":"wp","href":"https:\/\/api.w.org\/{rel}","templated":true}]}}