{"id":1461,"date":"2025-05-21T14:21:01","date_gmt":"2025-05-21T12:21:01","guid":{"rendered":"http:\/\/www.bloguecornella.es\/wordpress\/?p=1461"},"modified":"2025-08-21T22:48:26","modified_gmt":"2025-08-21T20:48:26","slug":"plantilla-primer-equipo-ue-cornella-estado-contractual","status":"publish","type":"post","link":"http:\/\/www.bloguecornella.es\/wordpress\/2025\/05\/21\/plantilla-primer-equipo-ue-cornella-estado-contractual\/","title":{"rendered":"Plantilla Primer equipo UE Cornell\u00e0 &#8211; Estado contractual"},"content":{"rendered":"\n<p>Una vez finalizada la temporada, repasemos la informaci\u00f3n de los jugadores de la UE Cornell\u00e0 y cuando finalizan los contratos. Se ira actualizando a medida que los jugadores no renueven o renueven con la entidad y los nuevos fichajes.<\/p>\n\n\n\n<figure class=\"wp-block-table is-style-regular\"><table class=\"has-fixed-layout\"><thead><tr><th class=\"has-text-align-center\" data-align=\"center\">N\u00ba<\/th><th class=\"has-text-align-center\" data-align=\"center\">Posici\u00f3n<\/th><th class=\"has-text-align-center\" data-align=\"center\">Jugador<\/th><th class=\"has-text-align-center\" data-align=\"center\">Edad<\/th><th class=\"has-text-align-center\" data-align=\"center\">Temporadas<\/th><th class=\"has-text-align-center\" data-align=\"center\">Finalizaci\u00f3n contrato<\/th><\/tr><\/thead><tbody><tr><td class=\"has-text-align-center\" data-align=\"center\"><strong>1<\/strong><\/td><td class=\"has-text-align-center\" data-align=\"center\">POR<\/td><td class=\"has-text-align-center\" data-align=\"center\">Rub\u00e9n Mi\u00f1o<\/td><td class=\"has-text-align-center\" data-align=\"center\">36<\/td><td class=\"has-text-align-center\" data-align=\"center\">3<\/td><td class=\"has-text-align-center\" data-align=\"center\">30\/06\/2026<\/td><\/tr><tr><td class=\"has-text-align-center\" data-align=\"center\"><strong>13<\/strong><\/td><td class=\"has-text-align-center\" data-align=\"center\">POR<\/td><td class=\"has-text-align-center\" data-align=\"center\">Isaac Vila<\/td><td class=\"has-text-align-center\" data-align=\"center\">21<\/td><td class=\"has-text-align-center\" data-align=\"center\">2<\/td><td class=\"has-text-align-center\" data-align=\"center\">30\/06\/2026<\/td><\/tr><tr><td class=\"has-text-align-center\" data-align=\"center\"><strong>21<\/strong><\/td><td class=\"has-text-align-center\" data-align=\"center\">LAI<\/td><td class=\"has-text-align-center\" data-align=\"center\">Gerard Gonz\u00e1lez<\/td><td class=\"has-text-align-center\" data-align=\"center\">21<\/td><td class=\"has-text-align-center\" data-align=\"center\">2<\/td><td class=\"has-text-align-center\" data-align=\"center\">30\/06\/2026<\/td><\/tr><tr><td class=\"has-text-align-center\" data-align=\"center\"><strong>4<\/strong><\/td><td class=\"has-text-align-center\" data-align=\"center\">DFC<\/td><td class=\"has-text-align-center\" data-align=\"center\">Tomas Pe\u00f1alba<\/td><td class=\"has-text-align-center\" data-align=\"center\">22<\/td><td class=\"has-text-align-center\" data-align=\"center\">2<\/td><td class=\"has-text-align-center\" data-align=\"center\">30\/06\/2026<\/td><\/tr><tr><td class=\"has-text-align-center\" data-align=\"center\">&#8211;<\/td><td class=\"has-text-align-center\" data-align=\"center\">DFC<\/td><td class=\"has-text-align-center\" data-align=\"center\">Gonzalo Pereira<\/td><td class=\"has-text-align-center\" data-align=\"center\">28<\/td><td class=\"has-text-align-center\" data-align=\"center\">1<\/td><td class=\"has-text-align-center\" data-align=\"center\">30\/06\/2026<\/td><\/tr><tr><td class=\"has-text-align-center\" data-align=\"center\">&#8211;<\/td><td class=\"has-text-align-center\" data-align=\"center\">DFC<\/td><td class=\"has-text-align-center\" data-align=\"center\">Iv\u00e1n de la Pe\u00f1a<\/td><td class=\"has-text-align-center\" data-align=\"center\">24<\/td><td class=\"has-text-align-center\" data-align=\"center\">1<\/td><td class=\"has-text-align-center\" data-align=\"center\">30\/06\/2026<\/td><\/tr><tr><td class=\"has-text-align-center\" data-align=\"center\">&#8211;<\/td><td class=\"has-text-align-center\" data-align=\"center\">DFC<\/td><td class=\"has-text-align-center\" data-align=\"center\">Alejandro Pereira<\/td><td class=\"has-text-align-center\" data-align=\"center\">23<\/td><td class=\"has-text-align-center\" data-align=\"center\">1<\/td><td class=\"has-text-align-center\" data-align=\"center\">30\/06\/2026<\/td><\/tr><tr><td class=\"has-text-align-center\" data-align=\"center\">&#8211;<\/td><td class=\"has-text-align-center\" data-align=\"center\">LAD<\/td><td class=\"has-text-align-center\" data-align=\"center\">Manel Lozano<\/td><td class=\"has-text-align-center\" data-align=\"center\">22<\/td><td class=\"has-text-align-center\" data-align=\"center\">1<\/td><td class=\"has-text-align-center\" data-align=\"center\">30\/06\/2026<\/td><\/tr><tr><td class=\"has-text-align-center\" data-align=\"center\">&#8211;<\/td><td class=\"has-text-align-center\" data-align=\"center\">LAD<\/td><td class=\"has-text-align-center\" data-align=\"center\">D\u00eddac Rodr\u00edguez<\/td><td class=\"has-text-align-center\" data-align=\"center\">20<\/td><td class=\"has-text-align-center\" data-align=\"center\">1<\/td><td class=\"has-text-align-center\" data-align=\"center\">30\/06\/2026<\/td><\/tr><tr><td class=\"has-text-align-center\" data-align=\"center\">&#8211;<\/td><td class=\"has-text-align-center\" data-align=\"center\">LAD<\/td><td class=\"has-text-align-center\" data-align=\"center\">Diego Garz\u00f3n<\/td><td class=\"has-text-align-center\" data-align=\"center\">28<\/td><td class=\"has-text-align-center\" data-align=\"center\">1<\/td><td class=\"has-text-align-center\" data-align=\"center\">30\/06\/2026<\/td><\/tr><tr><td class=\"has-text-align-center\" data-align=\"center\">&#8211;<\/td><td class=\"has-text-align-center\" data-align=\"center\">MC<\/td><td class=\"has-text-align-center\" data-align=\"center\">Jorge Carri\u00f3n<\/td><td class=\"has-text-align-center\" data-align=\"center\">27<\/td><td class=\"has-text-align-center\" data-align=\"center\">1<\/td><td class=\"has-text-align-center\" data-align=\"center\">30\/06\/2026<\/td><\/tr><tr><td class=\"has-text-align-center\" data-align=\"center\">&#8211;<\/td><td class=\"has-text-align-center\" data-align=\"center\">MC<\/td><td class=\"has-text-align-center\" data-align=\"center\">Moha Ajani<\/td><td class=\"has-text-align-center\" data-align=\"center\">24<\/td><td class=\"has-text-align-center\" data-align=\"center\">1<\/td><td class=\"has-text-align-center\" data-align=\"center\">30\/06\/2026<\/td><\/tr><tr><td class=\"has-text-align-center\" data-align=\"center\">&#8211;<\/td><td class=\"has-text-align-center\" data-align=\"center\">MC<\/td><td class=\"has-text-align-center\" data-align=\"center\">Ian Arques<\/td><td class=\"has-text-align-center\" data-align=\"center\">23<\/td><td class=\"has-text-align-center\" data-align=\"center\">1<\/td><td class=\"has-text-align-center\" data-align=\"center\">30\/06\/2026<\/td><\/tr><tr><td class=\"has-text-align-center\" data-align=\"center\">&#8211;<\/td><td class=\"has-text-align-center\" data-align=\"center\">MC<\/td><td class=\"has-text-align-center\" data-align=\"center\">OT Serrano<\/td><td class=\"has-text-align-center\" data-align=\"center\">23<\/td><td class=\"has-text-align-center\" data-align=\"center\">1<\/td><td class=\"has-text-align-center\" data-align=\"center\">30\/06\/2026<\/td><\/tr><tr><td class=\"has-text-align-center\" data-align=\"center\">&#8211;<\/td><td class=\"has-text-align-center\" data-align=\"center\">MI<\/td><td class=\"has-text-align-center\" data-align=\"center\">Santi Guzm\u00e1n<\/td><td class=\"has-text-align-center\" data-align=\"center\">22<\/td><td class=\"has-text-align-center\" data-align=\"center\">1<\/td><td class=\"has-text-align-center\" data-align=\"center\">30\/06\/2026<\/td><\/tr><tr><td class=\"has-text-align-center\" data-align=\"center\">&#8211;<\/td><td class=\"has-text-align-center\" data-align=\"center\">MD<\/td><td class=\"has-text-align-center\" data-align=\"center\">V\u00edctor Aliaga<\/td><td class=\"has-text-align-center\" data-align=\"center\">27<\/td><td class=\"has-text-align-center\" data-align=\"center\">1<\/td><td class=\"has-text-align-center\" data-align=\"center\">30\/06\/2026<\/td><\/tr><tr><td class=\"has-text-align-center\" data-align=\"center\">&#8211;<\/td><td class=\"has-text-align-center\" data-align=\"center\">MD<\/td><td class=\"has-text-align-center\" data-align=\"center\">Joan Benet<\/td><td class=\"has-text-align-center\" data-align=\"center\">20<\/td><td class=\"has-text-align-center\" data-align=\"center\">1<\/td><td class=\"has-text-align-center\" data-align=\"center\">30\/06\/2026<\/td><\/tr><tr><td class=\"has-text-align-center\" data-align=\"center\"><strong>22<\/strong><\/td><td class=\"has-text-align-center\" data-align=\"center\">MP<\/td><td class=\"has-text-align-center\" data-align=\"center\">Ibai Reches<\/td><td class=\"has-text-align-center\" data-align=\"center\">20<\/td><td class=\"has-text-align-center\" data-align=\"center\">2<\/td><td class=\"has-text-align-center\" data-align=\"center\">30\/06\/2026<\/td><\/tr><tr><td class=\"has-text-align-center\" data-align=\"center\">&#8211;<\/td><td class=\"has-text-align-center\" data-align=\"center\">MP<\/td><td class=\"has-text-align-center\" data-align=\"center\">Alejandro Archs<\/td><td class=\"has-text-align-center\" data-align=\"center\">19<\/td><td class=\"has-text-align-center\" data-align=\"center\">1<\/td><td class=\"has-text-align-center\" data-align=\"center\">30\/07\/2027<\/td><\/tr><tr><td class=\"has-text-align-center\" data-align=\"center\"><strong>18<\/strong><\/td><td class=\"has-text-align-center\" data-align=\"center\">DC<\/td><td class=\"has-text-align-center\" data-align=\"center\">H\u00e9ctor Tejada<\/td><td class=\"has-text-align-center\" data-align=\"center\">20<\/td><td class=\"has-text-align-center\" data-align=\"center\">2<\/td><td class=\"has-text-align-center\" data-align=\"center\">30\/06\/2026<\/td><\/tr><tr><td class=\"has-text-align-center\" data-align=\"center\">&#8211;<\/td><td class=\"has-text-align-center\" data-align=\"center\">DC<\/td><td class=\"has-text-align-center\" data-align=\"center\">Leo Dos Reis<\/td><td class=\"has-text-align-center\" data-align=\"center\">22<\/td><td class=\"has-text-align-center\" data-align=\"center\">1<\/td><td class=\"has-text-align-center\" data-align=\"center\">30\/06\/2026<\/td><\/tr><tr><td class=\"has-text-align-center\" data-align=\"center\">&#8211;<\/td><td class=\"has-text-align-center\" data-align=\"center\">DC<\/td><td class=\"has-text-align-center\" data-align=\"center\">Marc Fern\u00e1ndez<\/td><td class=\"has-text-align-center\" data-align=\"center\">35<\/td><td class=\"has-text-align-center\" data-align=\"center\">1<\/td><td class=\"has-text-align-center\" data-align=\"center\">30\/06\/2026<\/td><\/tr><\/tbody><\/table><\/figure>\n\n\n\n<p><strong>Confirmados 2025\/26<\/strong><\/p>\n\n\n\n<ul class=\"wp-block-list\">\n<li>Defensa\n<ul class=\"wp-block-list\">\n<li><strong>LAI &#8211; Gerard Gonzalez &#8211; 2026.<\/strong><\/li>\n<\/ul>\n<\/li>\n\n\n\n<li>Mediocentro\n<ul class=\"wp-block-list\">\n<li><strong>MC &#8211; Pedro Soma &#8211; 2026.<\/strong><\/li>\n\n\n\n<li><strong>MP &#8211; Ibai Reches &#8211; 2026.<\/strong><\/li>\n<\/ul>\n<\/li>\n\n\n\n<li>Delantero\n<ul class=\"wp-block-list\">\n<li><strong>DC &#8211; Hector Tejada &#8211; 2026.<\/strong><\/li>\n<\/ul>\n<\/li>\n<\/ul>\n\n\n\n<p><strong>Renovaciones 2025\/26<\/strong><\/p>\n\n\n\n<ul class=\"wp-block-list\">\n<li>POR &#8211; Rub\u00e9n Mi\u00f1o.<\/li>\n\n\n\n<li>DFC &#8211; Tom\u00e1s Pe\u00f1alba.<\/li>\n\n\n\n<li>POR &#8211; Isaac Vila.<\/li>\n<\/ul>\n\n\n\n<p><strong>Bajas 2025\/26<\/strong><\/p>\n\n\n\n<ul class=\"wp-block-list\">\n<li>MC &#8211; Alejandro Perez (Atl\u00e9tico Balears).<\/li>\n\n\n\n<li>DC &#8211; Boris Kouassi (Torrent CF).<\/li>\n\n\n\n<li>MD &#8211; Bouba Barry.<\/li>\n\n\n\n<li>MI &#8211; Javi Serra (CE L&#8217;Hospitalet).<\/li>\n\n\n\n<li>DFC &#8211; Jaouad Erraji.<\/li>\n\n\n\n<li>MC &#8211; Abdoul Bandaogo.<\/li>\n\n\n\n<li>MD &#8211; Luis Forcen (Real \u00c1vila)<\/li>\n\n\n\n<li>DC &#8211; Jorge Martinez-Losa.<\/li>\n\n\n\n<li>DC &#8211; Mateo Enriquez (Aguilas FC).<\/li>\n\n\n\n<li>MP &#8211; Albert Lopez (UE Olot).<\/li>\n\n\n\n<li>LAD &#8211; Juan Duran (CA Antoniano)<\/li>\n\n\n\n<li>DFC &#8211; Marc Vilaplana (Getafe B)<\/li>\n\n\n\n<li>MC &#8211; Pedro Soma (San Diego FC)<\/li>\n\n\n\n<li>DC &#8211; Marc Tenas (Gimnastica Segoviana)<\/li>\n<\/ul>\n\n\n\n<p><strong>Fichajes<\/strong><\/p>\n\n\n\n<ul class=\"wp-block-list\">\n<li>MD\/ED &#8211; V\u00edctor Aliaga (UE Sant Andreu)<\/li>\n\n\n\n<li>MI-EI\/MD-ED &#8211; Santi Guzman (CF Pobla Mafumet)<\/li>\n\n\n\n<li>MC &#8211; Jorge Carri\u00f3n (CE L&#8217;Hospitalet)<\/li>\n\n\n\n<li>LAD &#8211; Manel Lozano (CE Europa B)<\/li>\n\n\n\n<li>DFC &#8211; Gonzalo Pereira (Badalona CF)<\/li>\n\n\n\n<li>DC &#8211; Leo Dos Reis (Cerdanyola FC)<\/li>\n\n\n\n<li>LAD &#8211; Diego Garz\u00f3n (Terrassa FC)<\/li>\n\n\n\n<li>LAD &#8211; D\u00eddac Rodr\u00edguez (FC Vilafranca) &#8211; Vuelve tras cesi\u00f3n<\/li>\n\n\n\n<li>MD\/ED &#8211; Joan Benet (CF Montanyesa) &#8211; Vuelve tras cesi\u00f3n <\/li>\n\n\n\n<li>MC &#8211; Moha Ajani (Cerdanyola FC)<\/li>\n\n\n\n<li>DFC &#8211; Ivan de la Pe\u00f1a (CE Manresa)<\/li>\n\n\n\n<li>MC &#8211; Ian Arques (CE Europa B)<\/li>\n\n\n\n<li>MC &#8211; OT Serrano (CF Badalona)<\/li>\n\n\n\n<li>DC &#8211; Marc Fern\u00e1ndez (Gimn\u00e1stic Tarragona)<\/li>\n\n\n\n<li>DFC &#8211; Alejandro Pereira (Deportivo Fabril)<\/li>\n<\/ul>\n\n\n\n<p><strong>Jugadores cedidos<\/strong><\/p>\n\n\n\n<ul class=\"wp-block-list\">\n<li>MC &#8211; Izan Gonz\u00e1lez (CE Europa #1RFEF)<\/li>\n\n\n\n<li>DFC &#8211; Iker Moreno (CE Mercadal #3RFEF)<\/li>\n\n\n\n<li>MI &#8211; Marc Barrantes (FC Vilafranca #LligaElit)<\/li>\n\n\n\n<li>DFC &#8211; Marcos Fern\u00e1ndez (CE Sabadell \u00abB\u00bb #LligaElit)<\/li>\n<\/ul>\n","protected":false},"excerpt":{"rendered":"<p>Una vez finalizada la temporada, repasemos la informaci\u00f3n de los jugadores de la UE Cornell\u00e0 y cuando finalizan los contratos. Se ira actualizando a medida que los jugadores no renueven o renueven con la entidad y los nuevos fichajes. N\u00ba Posici\u00f3n Jugador Edad Temporadas Finalizaci\u00f3n contrato 1 POR Rub\u00e9n Mi\u00f1o 36 3 30\/06\/2026 13 POR [&hellip;]<\/p>\n","protected":false},"author":1,"featured_media":1568,"comment_status":"open","ping_status":"open","sticky":false,"template":"","format":"standard","meta":{"_eb_attr":"","advanced_seo_description":"","jetpack_seo_html_title":"","jetpack_seo_noindex":false,"jetpack_post_was_ever_published":false,"_jetpack_newsletter_access":"","_jetpack_dont_email_post_to_subs":false,"_jetpack_newsletter_tier_id":0,"_jetpack_memberships_contains_paywalled_content":false,"_jetpack_memberships_contains_paid_content":false,"footnotes":"","jetpack_publicize_message":"","jetpack_publicize_feature_enabled":true,"jetpack_social_post_already_shared":true,"jetpack_social_options":{"image_generator_settings":{"template":"highway","default_image_id":0,"font":"","enabled":false},"version":2}},"categories":[70,71,51],"tags":[68,65,63],"class_list":["post-1461","post","type-post","status-publish","format-standard","has-post-thumbnail","hentry","category-pretemporada-2025-26","category-temporada-2025-26","category-ue-cornella","tag-pretemporada-2025-26","tag-temporada-2025-26","tag-ue-cornella-2"],"jetpack_publicize_connections":[],"jetpack_featured_media_url":"https:\/\/i0.wp.com\/www.bloguecornella.es\/wordpress\/wp-content\/uploads\/2025\/05\/temporada-202526-1.png?fit=940%2C529","jetpack_sharing_enabled":true,"jetpack-related-posts":[{"id":2375,"url":"http:\/\/www.bloguecornella.es\/wordpress\/2025\/08\/31\/cronica-5-pretemporada-25-26-uec-ue-cornella-0-2-ue-sant-andreu-derrota-para-finalizar-la-pretemporada\/","url_meta":{"origin":1461,"position":0},"title":"Cr\u00f3nica #5 Pretemporada 25\/26 UEC &#8211; UE Cornell\u00e0 0 &#8211; 2 UE Sant Andreu: \u00abDerrota para finalizar la pretemporada\u00bb","author":"bloguecornella","date":"31 de agosto de 2025","format":false,"excerpt":"La UE Cornell\u00e0 pierde en su \u00faltimo duelo de pretemporada contra la UE Sant Andreu, de Segunda Federaci\u00f3n, por 0-2, con goles de Pablo en el minuto 22 y Lucas Vi\u00f1a en el 73. La UE Cornell\u00e0 de Ignasi Senabre sali\u00f3 con su habitual 3-4-3 con una defensa completa de\u2026","rel":"","context":"En \u00abPretemporada - 2025\/26\u00bb","block_context":{"text":"Pretemporada - 2025\/26","link":"http:\/\/www.bloguecornella.es\/wordpress\/category\/pretemporada-2025-26\/"},"img":{"alt_text":"","src":"https:\/\/i0.wp.com\/www.bloguecornella.es\/wordpress\/wp-content\/uploads\/2025\/08\/IMG_2887.jpeg?fit=1200%2C900&resize=350%2C200","width":350,"height":200,"srcset":"https:\/\/i0.wp.com\/www.bloguecornella.es\/wordpress\/wp-content\/uploads\/2025\/08\/IMG_2887.jpeg?fit=1200%2C900&resize=350%2C200 1x, https:\/\/i0.wp.com\/www.bloguecornella.es\/wordpress\/wp-content\/uploads\/2025\/08\/IMG_2887.jpeg?fit=1200%2C900&resize=525%2C300 1.5x, https:\/\/i0.wp.com\/www.bloguecornella.es\/wordpress\/wp-content\/uploads\/2025\/08\/IMG_2887.jpeg?fit=1200%2C900&resize=700%2C400 2x, https:\/\/i0.wp.com\/www.bloguecornella.es\/wordpress\/wp-content\/uploads\/2025\/08\/IMG_2887.jpeg?fit=1200%2C900&resize=1050%2C600 3x"},"classes":[]},{"id":2271,"url":"http:\/\/www.bloguecornella.es\/wordpress\/2025\/08\/21\/1-pretemporada-25-26-fundacio-ue-cornella-rcd-espanyol-b-previa\/","url_meta":{"origin":1461,"position":1},"title":"#1 Pretemporada 25\/26 &#8211; Fundaci\u00f3 UE Cornell\u00e0 &#8211; RCD Espanyol \u00abB\u00bb &#8211; Previa","author":"bloguecornella","date":"21 de agosto de 2025","format":false,"excerpt":"Llego la primera toma de contacto de la Fundaci\u00f3 UE Cornell\u00e0 femenina en la temporada 2025\/26. Despu\u00e9s de la temporada hist\u00f3rica en la Segunda Federaci\u00f3n y de haber llegado a disputar partidos contra equipos m\u00edticos como el Rayo Vallecano, que fue campe\u00f3n de la actual Liga F, volvemos al h\u00e1bitat\u2026","rel":"","context":"En \u00abFundaci\u00f3 UE Cornell\u00e0\u00bb","block_context":{"text":"Fundaci\u00f3 UE Cornell\u00e0","link":"http:\/\/www.bloguecornella.es\/wordpress\/category\/fuecornella\/"},"img":{"alt_text":"","src":"https:\/\/i0.wp.com\/www.bloguecornella.es\/wordpress\/wp-content\/uploads\/2025\/08\/Previas-Fundacio-UE-Cornella.png?fit=940%2C529&resize=350%2C200","width":350,"height":200,"srcset":"https:\/\/i0.wp.com\/www.bloguecornella.es\/wordpress\/wp-content\/uploads\/2025\/08\/Previas-Fundacio-UE-Cornella.png?fit=940%2C529&resize=350%2C200 1x, https:\/\/i0.wp.com\/www.bloguecornella.es\/wordpress\/wp-content\/uploads\/2025\/08\/Previas-Fundacio-UE-Cornella.png?fit=940%2C529&resize=525%2C300 1.5x, https:\/\/i0.wp.com\/www.bloguecornella.es\/wordpress\/wp-content\/uploads\/2025\/08\/Previas-Fundacio-UE-Cornella.png?fit=940%2C529&resize=700%2C400 2x"},"classes":[]},{"id":2043,"url":"http:\/\/www.bloguecornella.es\/wordpress\/2025\/07\/31\/11-ot-serrano-vuelve-a-cornella-con-hambre-de-victoria\/","url_meta":{"origin":1461,"position":2},"title":"#11 OT Serrano: Vuelve a Cornell\u00e0, con hambre de victoria","author":"bloguecornella","date":"31 de julio de 2025","format":false,"excerpt":"El \u00faltimo fichaje de la armada verde tiene sabor a casa. El jugador, residente en Cornell\u00e0 y con pasado en las categor\u00edas inferiores, OT Serrano, vuelve para ser parte del once inicial del club verde. Viene del CF Badalona, y tiene una amplia experiencia en clubes de Tercera Federaci\u00f3n y\u2026","rel":"","context":"En \u00abFichaje\u00bb","block_context":{"text":"Fichaje","link":"http:\/\/www.bloguecornella.es\/wordpress\/category\/fichaje\/"},"img":{"alt_text":"","src":"https:\/\/i0.wp.com\/www.bloguecornella.es\/wordpress\/wp-content\/uploads\/2025\/07\/11-OT-Serrano.png?fit=940%2C529&resize=350%2C200","width":350,"height":200,"srcset":"https:\/\/i0.wp.com\/www.bloguecornella.es\/wordpress\/wp-content\/uploads\/2025\/07\/11-OT-Serrano.png?fit=940%2C529&resize=350%2C200 1x, https:\/\/i0.wp.com\/www.bloguecornella.es\/wordpress\/wp-content\/uploads\/2025\/07\/11-OT-Serrano.png?fit=940%2C529&resize=525%2C300 1.5x, https:\/\/i0.wp.com\/www.bloguecornella.es\/wordpress\/wp-content\/uploads\/2025\/07\/11-OT-Serrano.png?fit=940%2C529&resize=700%2C400 2x"},"classes":[]},{"id":2170,"url":"http:\/\/www.bloguecornella.es\/wordpress\/2025\/08\/16\/3-pretemporada-25-26-ue-cornella-can-vidalet-cf-previa\/","url_meta":{"origin":1461,"position":3},"title":"#3 Pretemporada 25\/26 &#8211; UE Cornell\u00e0 &#8211; Can Vidalet CF &#8211; Previa","author":"bloguecornella","date":"16 de agosto de 2025","format":false,"excerpt":"Hoy, s\u00e1bado 16 de octubre, lanzamos la previa relacionada con el partido entre la UE Cornell\u00e0 y el Can Vidalet CF. El duelo del Baix Llobregat se va a realizar en el Municipal de Cornell\u00e0 ma\u00f1ana, 17 de agosto de 2025. Pese a que hoy hay partido, que podr\u00e9is ver\u2026","rel":"","context":"En \u00abPretemporada - 2025\/26\u00bb","block_context":{"text":"Pretemporada - 2025\/26","link":"http:\/\/www.bloguecornella.es\/wordpress\/category\/pretemporada-2025-26\/"},"img":{"alt_text":"","src":"https:\/\/i0.wp.com\/www.bloguecornella.es\/wordpress\/wp-content\/uploads\/2025\/08\/3-Pretemporada.png?fit=940%2C520&resize=350%2C200","width":350,"height":200,"srcset":"https:\/\/i0.wp.com\/www.bloguecornella.es\/wordpress\/wp-content\/uploads\/2025\/08\/3-Pretemporada.png?fit=940%2C520&resize=350%2C200 1x, https:\/\/i0.wp.com\/www.bloguecornella.es\/wordpress\/wp-content\/uploads\/2025\/08\/3-Pretemporada.png?fit=940%2C520&resize=525%2C300 1.5x, https:\/\/i0.wp.com\/www.bloguecornella.es\/wordpress\/wp-content\/uploads\/2025\/08\/3-Pretemporada.png?fit=940%2C520&resize=700%2C400 2x"},"classes":[]},{"id":2153,"url":"http:\/\/www.bloguecornella.es\/wordpress\/2025\/08\/15\/2-pretemporada-25-26-montanesa-cf-ue-cornella-previa\/","url_meta":{"origin":1461,"position":4},"title":"#2 Pretemporada 25-26 &#8211; Monta\u00f1esa CF &#8211; UE Cornell\u00e0 &#8211; Previa","author":"bloguecornella","date":"15 de agosto de 2025","format":false,"excerpt":"Ya tenemos nuevo fin de semana de pretemporada y, esta vez, por partida doble. Tenemos un Monta\u00f1esa CF - UE Cornell\u00e0 el s\u00e1bado y el domingo una UE Cornell\u00e0 - Can Vidalet CF, derbi del Baix Llobregat. En este post, hablaremos un poco del partido que corresponde al s\u00e1bado 16\u2026","rel":"","context":"En \u00abPretemporada - 2025\/26\u00bb","block_context":{"text":"Pretemporada - 2025\/26","link":"http:\/\/www.bloguecornella.es\/wordpress\/category\/pretemporada-2025-26\/"},"img":{"alt_text":"","src":"https:\/\/i0.wp.com\/www.bloguecornella.es\/wordpress\/wp-content\/uploads\/2025\/08\/2-Pretemporada-25-26-MON-UEC.png?fit=940%2C520&resize=350%2C200","width":350,"height":200,"srcset":"https:\/\/i0.wp.com\/www.bloguecornella.es\/wordpress\/wp-content\/uploads\/2025\/08\/2-Pretemporada-25-26-MON-UEC.png?fit=940%2C520&resize=350%2C200 1x, https:\/\/i0.wp.com\/www.bloguecornella.es\/wordpress\/wp-content\/uploads\/2025\/08\/2-Pretemporada-25-26-MON-UEC.png?fit=940%2C520&resize=525%2C300 1.5x, https:\/\/i0.wp.com\/www.bloguecornella.es\/wordpress\/wp-content\/uploads\/2025\/08\/2-Pretemporada-25-26-MON-UEC.png?fit=940%2C520&resize=700%2C400 2x"},"classes":[]},{"id":1474,"url":"http:\/\/www.bloguecornella.es\/wordpress\/2025\/05\/27\/hector-tejada-una-vuelta-con-aroma-a-gol\/","url_meta":{"origin":1461,"position":5},"title":"Hector Tejada: Una vuelta con aroma a gol","author":"bloguecornella","date":"27 de mayo de 2025","format":false,"excerpt":"La cesi\u00f3n del canterano de la UE Cornell\u00e0 al filial del CE Europa ha servido para re encontrarse con el gol. A sus 20 a\u00f1os, ha pasado de disputar 215 minutos en 11 partidos con el primer equipo de la UE Cornell\u00e0, en Segunda Federaci\u00f3n, y siendo titular en 2\u2026","rel":"","context":"En \u00abHector Tejada\u00bb","block_context":{"text":"Hector Tejada","link":"http:\/\/www.bloguecornella.es\/wordpress\/category\/hector-tejada\/"},"img":{"alt_text":"","src":"https:\/\/i0.wp.com\/www.bloguecornella.es\/wordpress\/wp-content\/uploads\/2025\/05\/Alberto-Lopo-%C2%BFEl-entrenador-de-3a-Federacion-1.png?fit=940%2C529&resize=350%2C200","width":350,"height":200,"srcset":"https:\/\/i0.wp.com\/www.bloguecornella.es\/wordpress\/wp-content\/uploads\/2025\/05\/Alberto-Lopo-%C2%BFEl-entrenador-de-3a-Federacion-1.png?fit=940%2C529&resize=350%2C200 1x, https:\/\/i0.wp.com\/www.bloguecornella.es\/wordpress\/wp-content\/uploads\/2025\/05\/Alberto-Lopo-%C2%BFEl-entrenador-de-3a-Federacion-1.png?fit=940%2C529&resize=525%2C300 1.5x, https:\/\/i0.wp.com\/www.bloguecornella.es\/wordpress\/wp-content\/uploads\/2025\/05\/Alberto-Lopo-%C2%BFEl-entrenador-de-3a-Federacion-1.png?fit=940%2C529&resize=700%2C400 2x"},"classes":[]}],"_links":{"self":[{"href":"http:\/\/www.bloguecornella.es\/wordpress\/wp-json\/wp\/v2\/posts\/1461","targetHints":{"allow":["GET"]}}],"collection":[{"href":"http:\/\/www.bloguecornella.es\/wordpress\/wp-json\/wp\/v2\/posts"}],"about":[{"href":"http:\/\/www.bloguecornella.es\/wordpress\/wp-json\/wp\/v2\/types\/post"}],"author":[{"embeddable":true,"href":"http:\/\/www.bloguecornella.es\/wordpress\/wp-json\/wp\/v2\/users\/1"}],"replies":[{"embeddable":true,"href":"http:\/\/www.bloguecornella.es\/wordpress\/wp-json\/wp\/v2\/comments?post=1461"}],"version-history":[{"count":33,"href":"http:\/\/www.bloguecornella.es\/wordpress\/wp-json\/wp\/v2\/posts\/1461\/revisions"}],"predecessor-version":[{"id":2333,"href":"http:\/\/www.bloguecornella.es\/wordpress\/wp-json\/wp\/v2\/posts\/1461\/revisions\/2333"}],"wp:featuredmedia":[{"embeddable":true,"href":"http:\/\/www.bloguecornella.es\/wordpress\/wp-json\/wp\/v2\/media\/1568"}],"wp:attachment":[{"href":"http:\/\/www.bloguecornella.es\/wordpress\/wp-json\/wp\/v2\/media?parent=1461"}],"wp:term":[{"taxonomy":"category","embeddable":true,"href":"http:\/\/www.bloguecornella.es\/wordpress\/wp-json\/wp\/v2\/categories?post=1461"},{"taxonomy":"post_tag","embeddable":true,"href":"http:\/\/www.bloguecornella.es\/wordpress\/wp-json\/wp\/v2\/tags?post=1461"}],"curies":[{"name":"wp","href":"https:\/\/api.w.org\/{rel}","templated":true}]}}