{"id":141,"date":"2024-09-15T16:46:57","date_gmt":"2024-09-15T14:46:57","guid":{"rendered":"https:\/\/bloguecornella.wordpress.com\/?p=141"},"modified":"2024-09-15T16:46:57","modified_gmt":"2024-09-15T14:46:57","slug":"cronica-j3-lleida-cf-1-0-ue-cornella","status":"publish","type":"post","link":"http:\/\/www.bloguecornella.es\/wordpress\/2024\/09\/15\/cronica-j3-lleida-cf-1-0-ue-cornella\/","title":{"rendered":"Cr\u00f3nica J3: Lleida CF 1-0 UE Cornella"},"content":{"rendered":"\n<p><\/p>\n\n\n\n<p>La UE Cornella ha sufrido la primera derrota de la temporada a manos del Lleida CF, equipo que el a\u00f1o anterior, jugo play-off de ascenso a Primera Federaci\u00f3n.<\/p>\n\n\n\n<p>El partido ha sido bastante mon\u00f3tono. No ha destacado en ocasiones por ambos equipos y se decanta por un gol tempranero del Lleida CF en el minuto 8 de la primera parte.<\/p>\n\n\n\n<p>El once de Genis ha sorprendido dando la titularidad a nombres como Luis Madrigal, Alejandro Perez, Javi Serra y Ricard Pujol. Entiendo que para poder ver a estos jugadores y ver los recambios a nivel de equipo que nos pueden aportar un poco de energia.<\/p>\n\n\n\n<p>Sobre todo, la segunda parte, que es la que puede ver, vi a un Cornella que le falta profundidad, le falta energia y le falta garra. Hay que tener en cuenta el contexto de la UE Cornella este a\u00f1o y esto sin olvidarnos de las carencias que tienen. Este a\u00f1o es equipo completamente nuevo (solo repiten Ruben Mi\u00f1o y Marc Vilaplana) y en este grupo de Segunda Federaci\u00f3n hay muy buenos equipos que han hecho las cosas bien y se han posicionado, a\u00f1o tras a\u00f1o, en la zona noble de la tabla. Hablamos de Sant Andreu, CE Europa, Atl\u00e9tico Baleares, Lleida CF, entre otros.<\/p>\n\n\n\n<p>Este a\u00f1o, nos va a tocar sufrir, pero lo que se tiene que exigir es siempre sacrificio, entrega, oportunidades y goles. Puedes ganar o no partidos, pero eso es innegociable y en estas primeras jornadas, lo echo en falta bastante.<\/p>\n\n\n\n<p>Esto es el comienzo, pero estoy convencido de que el objetivo de la permanencia estar\u00e1 ah\u00ed y se conseguir\u00e1.<\/p>\n","protected":false},"excerpt":{"rendered":"<p>La UE Cornella ha sufrido la primera derrota de la temporada a manos del Lleida CF, equipo que el a\u00f1o anterior, jugo play-off de ascenso a Primera Federaci\u00f3n. El partido ha sido bastante mon\u00f3tono. No ha destacado en ocasiones por ambos equipos y se decanta por un gol tempranero del Lleida CF en el minuto [&hellip;]<\/p>\n","protected":false},"author":1,"featured_media":0,"comment_status":"open","ping_status":"open","sticky":false,"template":"","format":"standard","meta":{"_eb_attr":"","advanced_seo_description":"","jetpack_seo_html_title":"","jetpack_seo_noindex":false,"jetpack_post_was_ever_published":false,"_jetpack_newsletter_access":"","_jetpack_dont_email_post_to_subs":true,"_jetpack_newsletter_tier_id":0,"_jetpack_memberships_contains_paywalled_content":false,"_jetpack_memberships_contains_paid_content":false,"footnotes":"","jetpack_publicize_message":"","jetpack_publicize_feature_enabled":true,"jetpack_social_post_already_shared":false,"jetpack_social_options":{"image_generator_settings":{"template":"highway","enabled":false},"version":2}},"categories":[15,16],"tags":[32,34],"class_list":["post-141","post","type-post","status-publish","format-standard","hentry","category-segunda-federacion-grupo-3","category-temporada-24-25","tag-segunda-federacion","tag-temporada-2024-25"],"jetpack_publicize_connections":[],"jetpack_featured_media_url":"","jetpack_sharing_enabled":true,"jetpack-related-posts":[{"id":133,"url":"http:\/\/www.bloguecornella.es\/wordpress\/2024\/09\/13\/previa-j3-lleida-cf-ue-cornella\/","url_meta":{"origin":141,"position":0},"title":"Previa J3: Lleida CF &#8211; UE Cornell\u00e0","author":"bloguecornella","date":"13 de septiembre de 2024","format":false,"excerpt":"Encaramos ya la tercera jornada de la temporada 2024-25 en Segunda Federaci\u00f3n enfrentando la UE Cornell\u00e0 al Lleida CF en el Camp D'Esports. Debido a una sanci\u00f3n del pasado curso al Lleida CF, sus dos primeros partidos, como local, ser\u00e1n a puerta cerrada. El Lleida CF viene de remontar y\u2026","rel":"","context":"En \u00abPrevia partido\u00bb","block_context":{"text":"Previa partido","link":"http:\/\/www.bloguecornella.es\/wordpress\/category\/previa-partido\/"},"img":{"alt_text":"","src":"","width":0,"height":0},"classes":[]},{"id":790,"url":"http:\/\/www.bloguecornella.es\/wordpress\/2025\/01\/27\/cronica-j20-ue-cornella-1-1-lleida-cf-empata-la-uec-donde-merecia-algo-mas\/","url_meta":{"origin":141,"position":1},"title":"Cr\u00f3nica J20: UE Cornella 1-1 Lleida CF \u201cEmpata la UEC donde merec\u00eda algo m\u00e1s\u201d","author":"bloguecornella","date":"27 de enero de 2025","format":false,"excerpt":"La UE Cornella empata en el duelo de la vig\u00e9sima jornada contra un Lleida CF que le ha costado generar duelo en el verde y que se ha visto con el acierto de un error defensivo para poder adelantarse en el marcador. Antes de comenzar con el duelo, las buenas\u2026","rel":"","context":"En \u00abSegunda Federaci\u00f3n Grupo 3\u00bb","block_context":{"text":"Segunda Federaci\u00f3n Grupo 3","link":"http:\/\/www.bloguecornella.es\/wordpress\/category\/segunda-federacion-grupo-3\/"},"img":{"alt_text":"","src":"","width":0,"height":0},"classes":[]},{"id":298,"url":"http:\/\/www.bloguecornella.es\/wordpress\/2024\/10\/20\/cronica-j8-ud-alzira-1-0-ue-cornella-sant-andreu-fue-un-espejismo\/","url_meta":{"origin":141,"position":2},"title":"Cronica J8: UD Alzira 1-0 UE Cornella \u201cSant Andreu fue un espejismo\u201d","author":"bloguecornella","date":"20 de octubre de 2024","format":false,"excerpt":"Tres derrotas consecutivas hacen que la UE Cornella se situe en la posicion 16 de la Liga a cuatro puntos del Play-out y a 5 de la salvacion. La jornada comenzaba con equipos como la SD Ibizay el Lleida CF haciendo los deberes y equipos como la UE Olot, sufriendo\u2026","rel":"","context":"En \u00abSegunda Federaci\u00f3n Grupo 3\u00bb","block_context":{"text":"Segunda Federaci\u00f3n Grupo 3","link":"http:\/\/www.bloguecornella.es\/wordpress\/category\/segunda-federacion-grupo-3\/"},"img":{"alt_text":"","src":"","width":0,"height":0},"classes":[]},{"id":3064,"url":"http:\/\/www.bloguecornella.es\/wordpress\/2025\/11\/21\/previa-capitulo-12-lleida-cf-ue-cornella\/","url_meta":{"origin":141,"position":3},"title":"Previa cap\u00edtulo 12: Lleida CF &#8211; UE Cornell\u00e0 \u00abRival con historia, en horas bajas\u00bb","author":"bloguecornella","date":"21 de noviembre de 2025","format":false,"excerpt":"Para terminar el mes de noviembre, la UE Cornell\u00e0 viajara este domingo, a la \"Terra Ferme\", para enfrentarse a un rival hist\u00f3rico como es el Lleida CF. Equipo que, la temporada pasada, tambi\u00e9n disputo la Segunda Federaci\u00f3n como la UE Cornell\u00e0. El rival: Lleida CF (18\u00ba - 6 puntos) El\u2026","rel":"","context":"En \u00abPrevia partido\u00bb","block_context":{"text":"Previa partido","link":"http:\/\/www.bloguecornella.es\/wordpress\/category\/previa-partido\/"},"img":{"alt_text":"","src":"https:\/\/i0.wp.com\/www.bloguecornella.es\/wordpress\/wp-content\/uploads\/2025\/11\/J12-Lleida-CF-UE-Cornella.png?fit=940%2C520&resize=350%2C200","width":350,"height":200,"srcset":"https:\/\/i0.wp.com\/www.bloguecornella.es\/wordpress\/wp-content\/uploads\/2025\/11\/J12-Lleida-CF-UE-Cornella.png?fit=940%2C520&resize=350%2C200 1x, https:\/\/i0.wp.com\/www.bloguecornella.es\/wordpress\/wp-content\/uploads\/2025\/11\/J12-Lleida-CF-UE-Cornella.png?fit=940%2C520&resize=525%2C300 1.5x, https:\/\/i0.wp.com\/www.bloguecornella.es\/wordpress\/wp-content\/uploads\/2025\/11\/J12-Lleida-CF-UE-Cornella.png?fit=940%2C520&resize=700%2C400 2x"},"classes":[]},{"id":3104,"url":"http:\/\/www.bloguecornella.es\/wordpress\/2025\/11\/24\/cronica-capitulo-12-lleida-cf-x-x-ue-cornella\/","url_meta":{"origin":141,"position":4},"title":"Cr\u00f3nica cap\u00edtulo 12 : Lleida CF 1 &#8211; 1 UE Cornell\u00e0 \u00abBuen empate, con sabor agridulce\u00bb","author":"bloguecornella","date":"24 de noviembre de 2025","format":false,"excerpt":"La UE Cornell\u00e0 logra sacar un empate en su visita al Camp D'Esports de Lleida contra un Lleida CF que ha sido combativo, y que podr\u00eda haberse llevado el partido en la \u00faltima jugada de partido. V\u00edctor Aliaga ha hecho el gol verde con el sabor agridulce de la lesi\u00f3n\u2026","rel":"","context":"En \u00abTemporada 2025\/26\u00bb","block_context":{"text":"Temporada 2025\/26","link":"http:\/\/www.bloguecornella.es\/wordpress\/category\/temporada-2025-26\/"},"img":{"alt_text":"","src":"https:\/\/i0.wp.com\/www.bloguecornella.es\/wordpress\/wp-content\/uploads\/2025\/11\/img_4777.jpg?fit=1200%2C900&resize=350%2C200","width":350,"height":200,"srcset":"https:\/\/i0.wp.com\/www.bloguecornella.es\/wordpress\/wp-content\/uploads\/2025\/11\/img_4777.jpg?fit=1200%2C900&resize=350%2C200 1x, https:\/\/i0.wp.com\/www.bloguecornella.es\/wordpress\/wp-content\/uploads\/2025\/11\/img_4777.jpg?fit=1200%2C900&resize=525%2C300 1.5x, https:\/\/i0.wp.com\/www.bloguecornella.es\/wordpress\/wp-content\/uploads\/2025\/11\/img_4777.jpg?fit=1200%2C900&resize=700%2C400 2x, https:\/\/i0.wp.com\/www.bloguecornella.es\/wordpress\/wp-content\/uploads\/2025\/11\/img_4777.jpg?fit=1200%2C900&resize=1050%2C600 3x"},"classes":[]},{"id":79,"url":"http:\/\/www.bloguecornella.es\/wordpress\/2024\/08\/09\/previa-reus-fc-reddis-ue-cornella-10-08-2024-19h\/","url_meta":{"origin":141,"position":5},"title":"Previa: Reus FC Reddis &#8211; UE Cornella 10\/08\/2024 19h","author":"bloguecornella","date":"9 de agosto de 2024","format":false,"excerpt":"El pr\u00f3ximo sabado 10\/08\/2024, a las 19h, se va a enfrentar la UE Cornella contra el Reus FC Reddis en el estadi Municipal de Reus. Nuestro rival viene de jugar dos partidos de pretemporada frente al Atletic Lleida con victoria 1-0 y empate contra el AE Prat a 1. La\u2026","rel":"","context":"En \u00abCopa Federacion - Fase autonomica\u00bb","block_context":{"text":"Copa Federacion - Fase autonomica","link":"http:\/\/www.bloguecornella.es\/wordpress\/category\/copa-federacion-fase-autonomica\/"},"img":{"alt_text":"","src":"","width":0,"height":0},"classes":[]}],"_links":{"self":[{"href":"http:\/\/www.bloguecornella.es\/wordpress\/wp-json\/wp\/v2\/posts\/141","targetHints":{"allow":["GET"]}}],"collection":[{"href":"http:\/\/www.bloguecornella.es\/wordpress\/wp-json\/wp\/v2\/posts"}],"about":[{"href":"http:\/\/www.bloguecornella.es\/wordpress\/wp-json\/wp\/v2\/types\/post"}],"author":[{"embeddable":true,"href":"http:\/\/www.bloguecornella.es\/wordpress\/wp-json\/wp\/v2\/users\/1"}],"replies":[{"embeddable":true,"href":"http:\/\/www.bloguecornella.es\/wordpress\/wp-json\/wp\/v2\/comments?post=141"}],"version-history":[{"count":0,"href":"http:\/\/www.bloguecornella.es\/wordpress\/wp-json\/wp\/v2\/posts\/141\/revisions"}],"wp:attachment":[{"href":"http:\/\/www.bloguecornella.es\/wordpress\/wp-json\/wp\/v2\/media?parent=141"}],"wp:term":[{"taxonomy":"category","embeddable":true,"href":"http:\/\/www.bloguecornella.es\/wordpress\/wp-json\/wp\/v2\/categories?post=141"},{"taxonomy":"post_tag","embeddable":true,"href":"http:\/\/www.bloguecornella.es\/wordpress\/wp-json\/wp\/v2\/tags?post=141"}],"curies":[{"name":"wp","href":"https:\/\/api.w.org\/{rel}","templated":true}]}}