{"id":1343,"date":"2025-04-25T10:00:00","date_gmt":"2025-04-25T08:00:00","guid":{"rendered":"http:\/\/www.bloguecornella.es\/wordpress\/?p=1343"},"modified":"2025-04-24T23:24:29","modified_gmt":"2025-04-24T21:24:29","slug":"previa-j33-ue-cornella-torrent-cf","status":"publish","type":"post","link":"http:\/\/www.bloguecornella.es\/wordpress\/2025\/04\/25\/previa-j33-ue-cornella-torrent-cf\/","title":{"rendered":"Previa J33: UE Cornell\u00e0 &#8211; Torrent CF"},"content":{"rendered":"\n<p>Encaramos la pen\u00faltima jornada de liga, con una UE Cornell\u00e0, ya descendida, que recibe en el Municipal de Cornell\u00e0 al Torrent CF. Equipo valenciano que est\u00e1 haciendo una campa\u00f1a hist\u00f3rica, ocupando posici\u00f3n de play-off de ascenso a Primera Federaci\u00f3n<\/p>\n\n\n\n<p><strong>El rival: Torrent CF (4\u00ba &#8211; 52 puntos)<\/strong><\/p>\n\n\n\n<p>El Torrent CF tuvo un inicio de a\u00f1o complicado, le costaba ganar partidos y se situaba cerca de las posiciones de descenso. El punto de inflexi\u00f3n lo ha dado en el 2025, con un inicio brutal de 5 victorias consecutivas que le hac\u00edan so\u00f1ar con el play-off de ascenso a Primera Federaci\u00f3n.<\/p>\n\n\n\n<p>En ese nivel, se ha mantenido el conjunto valenciano, siendo el segundo mejor club de la segunda vuelta, solamente por detr\u00e1s del l\u00edder, el CE Europa.<\/p>\n\n\n\n<p>En el partido de ida, nos acordaremos del gol, in extremis, de Juan Duran que nos dio la victoria en el partido contra el Torrent. Sumando as\u00ed, la segunda victoria consecutiva, fuera del Municipal de Cornell\u00e0.<\/p>\n\n\n\n<p>Vendr\u00e1 con todo. Se juegan jugar un play-off hist\u00f3rico de ascenso de categor\u00eda y poder subir a Primera Federaci\u00f3n.<\/p>\n\n\n\n<p><strong>La situaci\u00f3n de la UE Cornell\u00e0:<\/strong><\/p>\n\n\n\n<p>El descenso consumado el pasado fin de semana deja a una UE Cornell\u00e0, que solamente le queda el orgullo de mantenerse en la posici\u00f3n 14\u00ba y no bajar m\u00e1s puestos. Podr\u00eda acabar quedando 16\u00ba si los condicionantes se dan.<\/p>\n\n\n\n<p>Es momento de acabar la temporada y que los jugadores\/t\u00e9cnicos se vayan de vacaciones y que la direcci\u00f3n deportiva tome riendas en el asunto para analizar que es lo que hay que cambiar y que hay que enfocar, en la pr\u00f3xima temporada. Donde va a ser una temporada completamente dif\u00edcil para un conjunto verde, que tendr\u00e1 que mantener base de este equipo para poder afrontar con garant\u00edas la lucha por volver a Segunda Federaci\u00f3n.<\/p>\n\n\n\n<p>Para este partido, las bajas notables ser\u00e1n las de Tomas Pe\u00f1alba y la de Luis Forcen, que fuer\u00f3n expulsados el pasado fin de semana en el partido contra el Valencia Mestalla.<\/p>\n\n\n\n<p><strong>Posible once inicial:<\/strong><\/p>\n\n\n\n<p>Es posible que este once est\u00e9 cargado de novedades. Debido a poder dar minutos a los jugadores menos habituales, pero manteniendo la esencia de optar a una victoria para poder dejar un buen sabor de boca en el Municipal.<\/p>\n\n\n\n<p>POR &#8211; 13 &#8211; Isaac Vila<\/p>\n\n\n\n<p>LAI &#8211; 21 &#8211; Gerard Gonzalez<\/p>\n\n\n\n<p>DFC &#8211; 5 &#8211; Marc Vilaplana<\/p>\n\n\n\n<p>DFC &#8211; 24 &#8211; Alejandro Perez<\/p>\n\n\n\n<p>LAD &#8211; 2 &#8211; Bruno Lorente<\/p>\n\n\n\n<p>MC &#8211; 16 &#8211; Izan Gonzalez<\/p>\n\n\n\n<p>MC &#8211; 12 &#8211; Abdoul Bandaogo<\/p>\n\n\n\n<p>MI &#8211; 20 &#8211; Bouba Barry.<\/p>\n\n\n\n<p>MD &#8211; 19 &#8211; Mateo Enriquez<\/p>\n\n\n\n<p>DC &#8211; 25 &#8211; Marc Tenas<\/p>\n\n\n\n<p>DC &#8211; 9 &#8211; Jorge Mart\u00ednez.<\/p>\n\n\n\n<p>Suplentes<\/p>\n\n\n\n<p>POR &#8211; 1 &#8211; Ruben Mi\u00f1o, DFC &#8211; 3 &#8211; Jaouad Erraji, MC &#8211; 8 &#8211; Adam Cherradi, MP &#8211; 10 &#8211; Albert Lopez, MD &#8211; 17 &#8211;  Javi Serra MP &#8211; 22 &#8211; Ibai Reches, DC &#8211; 23 &#8211; Boris Kouassi, <\/p>\n\n\n\n<p><strong>La opini\u00f3n del blog:<\/strong><\/p>\n\n\n\n<p>Solo nos queda dejar pasar estos dos partidos para dar carpetazo a la peor temporada hist\u00f3rica de la entidad de la UE Cornell\u00e0. Soy de las personas que piensa que todo es bajar para volver a subir. Asentarnos en la realidad que hay y en volver a creer y luchar por lo que uno siente. El Cornell\u00e0 debe de ser equipo de Segunda Federaci\u00f3n. Lo pensaba cuando est\u00e1bamos en Primera Federaci\u00f3n y lo pienso cuando estamos en Tercera Federaci\u00f3n.<\/p>\n\n\n\n<p>Eso no quita que puedas so\u00f1ar con volver a la Primera Federaci\u00f3n. Pero, para ello, hay que sentar bases donde no tenemos. Una grada de animaci\u00f3n que re\u00fana a m\u00e1s gente para llevar al equipo en volandas, una pe\u00f1a de aficionados para los desplazamientos, volver a llenar el Municipal. Alberto Casado, director de comunicaci\u00f3n del club, ya lo comento en Radio Marca el pasado mi\u00e9rcoles, hay que volver a los or\u00edgenes y recuperar a la masa social para llenar el municipal.<\/p>\n\n\n\n<p>Deseando acabar la temporada, para empezar el 05\/05 con el #Volveremos<\/p>\n","protected":false},"excerpt":{"rendered":"<p>Encaramos la pen\u00faltima jornada de liga, con una UE Cornell\u00e0, ya descendida, que recibe en el Municipal de Cornell\u00e0 al Torrent CF. Equipo valenciano que est\u00e1 haciendo una campa\u00f1a hist\u00f3rica, ocupando posici\u00f3n de play-off de ascenso a Primera Federaci\u00f3n El rival: Torrent CF (4\u00ba &#8211; 52 puntos) El Torrent CF tuvo un inicio de a\u00f1o [&hellip;]<\/p>\n","protected":false},"author":1,"featured_media":1346,"comment_status":"open","ping_status":"open","sticky":false,"template":"","format":"standard","meta":{"_eb_attr":"","advanced_seo_description":"","jetpack_seo_html_title":"","jetpack_seo_noindex":false,"jetpack_post_was_ever_published":false,"_jetpack_newsletter_access":"","_jetpack_dont_email_post_to_subs":false,"_jetpack_newsletter_tier_id":0,"_jetpack_memberships_contains_paywalled_content":false,"_jetpack_memberships_contains_paid_content":false,"footnotes":"","jetpack_publicize_message":"","jetpack_publicize_feature_enabled":true,"jetpack_social_post_already_shared":true,"jetpack_social_options":{"image_generator_settings":{"template":"highway","default_image_id":0,"font":"","enabled":false},"version":2}},"categories":[14,15,16,51],"tags":[31,32,34],"class_list":["post-1343","post","type-post","status-publish","format-standard","has-post-thumbnail","hentry","category-previa-partido","category-segunda-federacion-grupo-3","category-temporada-24-25","category-ue-cornella","tag-previa","tag-segunda-federacion","tag-temporada-2024-25"],"jetpack_publicize_connections":[],"jetpack_featured_media_url":"https:\/\/i0.wp.com\/www.bloguecornella.es\/wordpress\/wp-content\/uploads\/2025\/04\/J33_2RFEF3_UEC_TCF.png?fit=2048%2C1152","jetpack_sharing_enabled":true,"jetpack-related-posts":[{"id":104,"url":"http:\/\/www.bloguecornella.es\/wordpress\/2024\/08\/30\/mi-prevision-segunda-federacion-grupo-3-24-25\/","url_meta":{"origin":1343,"position":0},"title":"Mi previsi\u00f3n Segunda Federaci\u00f3n Grupo 3 24\/25","author":"bloguecornella","date":"30 de agosto de 2024","format":false,"excerpt":"Antes de comenzar la liga este s\u00e1bado 31\/08 con el CE Andratx - UE Cornella a las 18h, voy a indicar cual ser\u00e1 mi previsi\u00f3n de como va a finalizar esta temporada 24\/25 en el Grupo 3 de Segunda Federaci\u00f3n. Como sab\u00e9is, este grupo est\u00e1 formado por equipos de Catalunya,\u2026","rel":"","context":"En \u00abSegunda Federaci\u00f3n Grupo 3\u00bb","block_context":{"text":"Segunda Federaci\u00f3n Grupo 3","link":"http:\/\/www.bloguecornella.es\/wordpress\/category\/segunda-federacion-grupo-3\/"},"img":{"alt_text":"","src":"","width":0,"height":0},"classes":[]},{"id":1353,"url":"http:\/\/www.bloguecornella.es\/wordpress\/2025\/04\/27\/cronica-j33-ue-cornella-2-1-torrent-cf\/","url_meta":{"origin":1343,"position":1},"title":"Cr\u00f3nica J33: UE Cornella 2 &#8211; 1 Torrent CF \u201cVictoria descafeinada y con enfado hacia la directiva\u201d","author":"bloguecornella","date":"27 de abril de 2025","format":false,"excerpt":"La UE Cornella vence en el Municipal de Cornella y suma su 4a victoria consecutiva ante un Torrent CF que ha desaparecido en la segunda mitad y se adelant\u00f3 con un penalti cometido por Gerard El planteamiento de Alberto Lopo es de ir experimentando con el once. Tenemos un once\u2026","rel":"","context":"En \u00abSegunda Federaci\u00f3n Grupo 3\u00bb","block_context":{"text":"Segunda Federaci\u00f3n Grupo 3","link":"http:\/\/www.bloguecornella.es\/wordpress\/category\/segunda-federacion-grupo-3\/"},"img":{"alt_text":"","src":"https:\/\/i0.wp.com\/www.bloguecornella.es\/wordpress\/wp-content\/uploads\/2025\/04\/img_0776.jpg?fit=1200%2C900&resize=350%2C200","width":350,"height":200,"srcset":"https:\/\/i0.wp.com\/www.bloguecornella.es\/wordpress\/wp-content\/uploads\/2025\/04\/img_0776.jpg?fit=1200%2C900&resize=350%2C200 1x, https:\/\/i0.wp.com\/www.bloguecornella.es\/wordpress\/wp-content\/uploads\/2025\/04\/img_0776.jpg?fit=1200%2C900&resize=525%2C300 1.5x, https:\/\/i0.wp.com\/www.bloguecornella.es\/wordpress\/wp-content\/uploads\/2025\/04\/img_0776.jpg?fit=1200%2C900&resize=700%2C400 2x, https:\/\/i0.wp.com\/www.bloguecornella.es\/wordpress\/wp-content\/uploads\/2025\/04\/img_0776.jpg?fit=1200%2C900&resize=1050%2C600 3x"},"classes":[]},{"id":654,"url":"http:\/\/www.bloguecornella.es\/wordpress\/2024\/12\/15\/cronica-j16-torrent-cf-0-1-ue-cornella-por-fin-la-suerte-nos-sonrie\/","url_meta":{"origin":1343,"position":2},"title":"Cr\u00f3nica J16: Torrent CF 0-1 UE Cornell\u00e0 \u00abPor fin, la suerte nos sonr\u00ede\u00bb","author":"bloguecornella","date":"15 de diciembre de 2024","format":false,"excerpt":"La UE Cornell\u00e0 suma su tercera semana consecutiva sin perder y encadena su segunda victoria consecutiva fuera del Municipal de Cornell\u00e0. Los hombres de Albert Garcia logran la victoria gracias a un golazo de volea de Juan Duran que logra aquello que nos ha ido penalizando en tantas ocasiones esta\u2026","rel":"","context":"En \u00abSegunda Federaci\u00f3n Grupo 3\u00bb","block_context":{"text":"Segunda Federaci\u00f3n Grupo 3","link":"http:\/\/www.bloguecornella.es\/wordpress\/category\/segunda-federacion-grupo-3\/"},"img":{"alt_text":"","src":"","width":0,"height":0},"classes":[]},{"id":651,"url":"http:\/\/www.bloguecornella.es\/wordpress\/2024\/12\/14\/previa-j16-torrent-cf-ue-cornella\/","url_meta":{"origin":1343,"position":3},"title":"Previa J16: Torrent CF &#8211; UE Cornell\u00e0","author":"bloguecornella","date":"14 de diciembre de 2024","format":false,"excerpt":"Ya se va acercando las fiestas navide\u00f1as y en el seno de la UE Cornell\u00e0 no hay otra cosa que no sea ganar los dos partidos que quedan y conseguir un mes de diciembre invictos. En los dos primeros partidos, se han cosechado una victoria y un empate donde siempre\u2026","rel":"","context":"En \u00abPrevia partido\u00bb","block_context":{"text":"Previa partido","link":"http:\/\/www.bloguecornella.es\/wordpress\/category\/previa-partido\/"},"img":{"alt_text":"","src":"","width":0,"height":0},"classes":[]},{"id":1214,"url":"http:\/\/www.bloguecornella.es\/wordpress\/2025\/04\/04\/previa-j30-terrassa-fc-ue-cornella\/","url_meta":{"origin":1343,"position":4},"title":"Previa J30 &#8211; Terrassa FC &#8211; UE Cornell\u00e0","author":"bloguecornella","date":"4 de abril de 2025","format":false,"excerpt":"Entramos en el mes de Abril y la UE Cornell\u00e0 visita el Valles Occidental para enfrentarse al Terrassa FC. El conjunto de Alberto Lopo no visita el Estadi Olimpic desde la temporada 2013\/14, donde se gano por 1-2 y se subi\u00f3, por primera vez en la historia, a Segunda Divisi\u00f3n\u2026","rel":"","context":"En \u00abPrevia partido\u00bb","block_context":{"text":"Previa partido","link":"http:\/\/www.bloguecornella.es\/wordpress\/category\/previa-partido\/"},"img":{"alt_text":"","src":"https:\/\/i0.wp.com\/www.bloguecornella.es\/wordpress\/wp-content\/uploads\/2025\/04\/J30_2RFEF3_TER_COR.png?fit=1200%2C675&resize=350%2C200","width":350,"height":200,"srcset":"https:\/\/i0.wp.com\/www.bloguecornella.es\/wordpress\/wp-content\/uploads\/2025\/04\/J30_2RFEF3_TER_COR.png?fit=1200%2C675&resize=350%2C200 1x, https:\/\/i0.wp.com\/www.bloguecornella.es\/wordpress\/wp-content\/uploads\/2025\/04\/J30_2RFEF3_TER_COR.png?fit=1200%2C675&resize=525%2C300 1.5x, https:\/\/i0.wp.com\/www.bloguecornella.es\/wordpress\/wp-content\/uploads\/2025\/04\/J30_2RFEF3_TER_COR.png?fit=1200%2C675&resize=700%2C400 2x, https:\/\/i0.wp.com\/www.bloguecornella.es\/wordpress\/wp-content\/uploads\/2025\/04\/J30_2RFEF3_TER_COR.png?fit=1200%2C675&resize=1050%2C600 3x"},"classes":[]},{"id":1397,"url":"http:\/\/www.bloguecornella.es\/wordpress\/2025\/05\/02\/previa-j34-rcd-espanyol-b-ue-cornella\/","url_meta":{"origin":1343,"position":5},"title":"Previa J34: RCD Espanyol \u00abB\u00bb &#8211; UE Cornell\u00e0","author":"bloguecornella","date":"2 de mayo de 2025","format":false,"excerpt":"Finalizamos la temporada 24\/25 visitando la Ciudad Deportiva Dani Jarque del RCD Espanyol, para enfrentarnos al filial perico. Un estadio que nos vio como locales durante partidos de la 22\/23 y, sobre todo, de la 23\/24, debido a que teniamos que desplazarnos en Primera Federaci\u00f3n por no disponer de c\u00e9sped\u2026","rel":"","context":"En \u00abPrevia partido\u00bb","block_context":{"text":"Previa partido","link":"http:\/\/www.bloguecornella.es\/wordpress\/category\/previa-partido\/"},"img":{"alt_text":"","src":"https:\/\/i0.wp.com\/www.bloguecornella.es\/wordpress\/wp-content\/uploads\/2025\/05\/J34_2RFEF3_RCDEB_UEC.png?fit=1200%2C673&resize=350%2C200","width":350,"height":200,"srcset":"https:\/\/i0.wp.com\/www.bloguecornella.es\/wordpress\/wp-content\/uploads\/2025\/05\/J34_2RFEF3_RCDEB_UEC.png?fit=1200%2C673&resize=350%2C200 1x, https:\/\/i0.wp.com\/www.bloguecornella.es\/wordpress\/wp-content\/uploads\/2025\/05\/J34_2RFEF3_RCDEB_UEC.png?fit=1200%2C673&resize=525%2C300 1.5x, https:\/\/i0.wp.com\/www.bloguecornella.es\/wordpress\/wp-content\/uploads\/2025\/05\/J34_2RFEF3_RCDEB_UEC.png?fit=1200%2C673&resize=700%2C400 2x, https:\/\/i0.wp.com\/www.bloguecornella.es\/wordpress\/wp-content\/uploads\/2025\/05\/J34_2RFEF3_RCDEB_UEC.png?fit=1200%2C673&resize=1050%2C600 3x"},"classes":[]}],"_links":{"self":[{"href":"http:\/\/www.bloguecornella.es\/wordpress\/wp-json\/wp\/v2\/posts\/1343","targetHints":{"allow":["GET"]}}],"collection":[{"href":"http:\/\/www.bloguecornella.es\/wordpress\/wp-json\/wp\/v2\/posts"}],"about":[{"href":"http:\/\/www.bloguecornella.es\/wordpress\/wp-json\/wp\/v2\/types\/post"}],"author":[{"embeddable":true,"href":"http:\/\/www.bloguecornella.es\/wordpress\/wp-json\/wp\/v2\/users\/1"}],"replies":[{"embeddable":true,"href":"http:\/\/www.bloguecornella.es\/wordpress\/wp-json\/wp\/v2\/comments?post=1343"}],"version-history":[{"count":2,"href":"http:\/\/www.bloguecornella.es\/wordpress\/wp-json\/wp\/v2\/posts\/1343\/revisions"}],"predecessor-version":[{"id":1345,"href":"http:\/\/www.bloguecornella.es\/wordpress\/wp-json\/wp\/v2\/posts\/1343\/revisions\/1345"}],"wp:featuredmedia":[{"embeddable":true,"href":"http:\/\/www.bloguecornella.es\/wordpress\/wp-json\/wp\/v2\/media\/1346"}],"wp:attachment":[{"href":"http:\/\/www.bloguecornella.es\/wordpress\/wp-json\/wp\/v2\/media?parent=1343"}],"wp:term":[{"taxonomy":"category","embeddable":true,"href":"http:\/\/www.bloguecornella.es\/wordpress\/wp-json\/wp\/v2\/categories?post=1343"},{"taxonomy":"post_tag","embeddable":true,"href":"http:\/\/www.bloguecornella.es\/wordpress\/wp-json\/wp\/v2\/tags?post=1343"}],"curies":[{"name":"wp","href":"https:\/\/api.w.org\/{rel}","templated":true}]}}