{"id":1286,"date":"2025-04-18T17:00:00","date_gmt":"2025-04-18T15:00:00","guid":{"rendered":"http:\/\/www.bloguecornella.es\/wordpress\/?p=1286"},"modified":"2025-04-17T00:10:56","modified_gmt":"2025-04-16T22:10:56","slug":"previa-j32-valencia-mestalla-ue-cornella","status":"publish","type":"post","link":"http:\/\/www.bloguecornella.es\/wordpress\/2025\/04\/18\/previa-j32-valencia-mestalla-ue-cornella\/","title":{"rendered":"Previa J32: Valencia Mestalla &#8211; UE Cornell\u00e0"},"content":{"rendered":"\n<p>Jornada 32. Cap\u00edtulo 32. Tres partidos para acabar la temporada 2024\/25 y, segundo match-ball para la UE Cornell\u00e0 en sus opciones de salvar la categor\u00eda. El rival, el Valencia Mestalla.<\/p>\n\n\n\n<p><strong>El rival: Valencia Mestalla (7\u00ba &#8211; 47 puntos)<\/strong><\/p>\n\n\n\n<p>El conjunto ch\u00e9 se encuentra en plena lucha por conseguir una de las 4 plazas de play-off de ascenso a la Primera Federaci\u00f3n. Actualmente, se encuentra a dos puntos del play-off, que lo marca el Torrent con 49 puntos, y lleva una din\u00e1mica de tres partidos consecutivos sin ganar (1 de 9) donde hace tres semanas se met\u00edan en lucha por haber subido m\u00e1s puestos, dentro del play-off, y ahora depender de otros equipos.<\/p>\n\n\n\n<p>Uno de los delanteros estrella, tal y como han contado en el programa de Factor\u00eda Paterna, el delantero Dominguez est\u00e1 con ciertas molestias y ser\u00eda duda para poder forzar en las aspiraciones del Valencia Mestalla para poder entrar en el play-off de ascenso. Eso no quita que sea un conjunto en el que ya hemos empatado en la ida y que, en su estadio, se hace fuerte tambi\u00e9n.<\/p>\n\n\n\n<p><strong>Situaci\u00f3n UE Cornell\u00e0: Salir con opciones de salvarse<\/strong><\/p>\n\n\n\n<p>Ahora mismo, el sentido que tiene el partido contra el Valencia Mestalla es salir <strong>con opciones de salvarse<\/strong>. Tengamos en cuenta que sabremos lo que habr\u00e1 hecho UE Olot y CE Andratx y, en caso de que ganen los dos equipos, la UE Cornell\u00e0 saldr\u00e1 al terreno de juego, sabiendo, que son equipo de Tercera Federaci\u00f3n.<\/p>\n\n\n\n<p>Si no gana uno de los dos, saldr\u00e1 con opciones en el Antonio Puchades de poder seguir optando a mantener la categor\u00eda. Para ello, Albert Lopo, tendr\u00e1 disponibles a todos sus jugadores, tras recuperar a Tomas Pe\u00f1alba por la sanci\u00f3n de acumulaci\u00f3n de tarjetas. Seguimos con los mismos jugadores apercibidos de poder perderse una hipot\u00e9tica final en casa, contra el Torrent, en caso de que sigamos con opciones de salvar la categor\u00eda.<\/p>\n\n\n\n<p>Estos jugadores son Juan Duran, Izan Gonzalez, Luis Forcen y Boris Kouassi. <\/p>\n\n\n\n<p>La confianza del club de cara a la b\u00fasqueda de goles se trata en la pareja africana Boris-Bouba. La doble B suma 10 goles en total y 5 de ellos ha sido en los \u00faltimos cinco partidos. Se deben de fortalecer fuera, donde la UE Cornell\u00e0 no ha ganado en sus \u00faltimas 5 salidas fuera.<\/p>\n\n\n\n<p><strong>Posible alineaci\u00f3n:<\/strong><\/p>\n\n\n\n<p>La posible alineaci\u00f3n con la que saldr\u00e1 la UE Cornell\u00e0 ser\u00eda la siguiente:<\/p>\n\n\n\n<p><em>XI Titular<\/em><\/p>\n\n\n\n<p>POR &#8211; 1 &#8211; Ruben Mi\u00f1o.<\/p>\n\n\n\n<p>LAI &#8211; 15 &#8211; Ricard Pujol.<\/p>\n\n\n\n<p>DFC &#8211; 4 &#8211; Tomas Pe\u00f1alba.<\/p>\n\n\n\n<p>DFC &#8211; 3 &#8211; Marc Vilaplana.<\/p>\n\n\n\n<p>LAD &#8211; 2 &#8211; Bruno Lorente.<\/p>\n\n\n\n<p>MC &#8211; 16 &#8211; Izan Gonzalez<\/p>\n\n\n\n<p>MC &#8211; 24 &#8211; Alejandro Perez<\/p>\n\n\n\n<p>MI &#8211; 20 &#8211; Bouba Barry<\/p>\n\n\n\n<p>MD &#8211; 17 &#8211; Javi Serra<\/p>\n\n\n\n<p>DC &#8211; 9 &#8211; Jorge Mart\u00ednez<\/p>\n\n\n\n<p>DC &#8211; 23 &#8211; Boris Kouassi<\/p>\n\n\n\n<p><em>Suplentes<\/em><\/p>\n\n\n\n<p>POR &#8211; 13 &#8211; Isaac Vila, DFC &#8211; 3 &#8211; Jaouad Erraji, LAD &#8211; 7 &#8211; Juan Duran, MP &#8211; 10 &#8211; Albert Lopez, MC &#8211; 12 &#8211; Abdoul Bandaogo, DC &#8211; 19 &#8211; Mateo Enriquez,  DC &#8211; 25 &#8211; Marc Tenas<\/p>\n\n\n\n<p><strong>La opini\u00f3n del blog:<\/strong><\/p>\n\n\n\n<p>Somos virtualmente equipo de Tercera Federaci\u00f3n. Creo que cada semana, hasta que no lleguemos a una hipot\u00e9tica final en la Dani Jarque donde, tantas veces hemos jugado de local entre la temporada 22-23 y 23-24, no podre asomar la cabeza ante una posibilidad de poder salvar la categor\u00eda. Por lo que, salvando el primer match ball de la temporada, en el que hemos recortado de 9 a 6 puntos a la UE Olot, es un punto a seguir confiando. No era nuestro rival directo, pero es un rival a tener en cuenta.<\/p>\n\n\n\n<p>Conf\u00edo en el regreso de Marc Tenas para poder aportar ese poder\u00edo ofensivo. Junto con Bouba que est\u00e1 a un nivel estelar y que Alberto Lopo ha sabido aprovechar para poder sacar jugo y que sumara 4 goles desde su llegada.<\/p>\n\n\n\n<p>Solo pido, que si tenemos que bajar, que sea en el verde. Llegar al domingo a las 17h y ver a la UE Cornell\u00e0 con opciones de salvarse si ganan el partido. Y quemaremos el Segundo match ball de la temporada. Pero siendo realistas. Si ya era dif\u00edcil despu\u00e9s de la derrota en Terrassa, lo ser\u00e1 mas ahora que puedes empezar el partido siendo de Tercera.<\/p>\n\n\n\n<p>Suerte y a por la victoria<\/p>\n","protected":false},"excerpt":{"rendered":"<p>Jornada 32. Cap\u00edtulo 32. Tres partidos para acabar la temporada 2024\/25 y, segundo match-ball para la UE Cornell\u00e0 en sus opciones de salvar la categor\u00eda. El rival, el Valencia Mestalla. El rival: Valencia Mestalla (7\u00ba &#8211; 47 puntos) El conjunto ch\u00e9 se encuentra en plena lucha por conseguir una de las 4 plazas de play-off [&hellip;]<\/p>\n","protected":false},"author":1,"featured_media":1290,"comment_status":"open","ping_status":"open","sticky":false,"template":"","format":"standard","meta":{"_eb_attr":"","advanced_seo_description":"","jetpack_seo_html_title":"","jetpack_seo_noindex":false,"jetpack_post_was_ever_published":false,"_jetpack_newsletter_access":"","_jetpack_dont_email_post_to_subs":false,"_jetpack_newsletter_tier_id":0,"_jetpack_memberships_contains_paywalled_content":false,"_jetpack_memberships_contains_paid_content":false,"footnotes":"","jetpack_publicize_message":"","jetpack_publicize_feature_enabled":true,"jetpack_social_post_already_shared":true,"jetpack_social_options":{"image_generator_settings":{"template":"highway","default_image_id":0,"font":"","enabled":false},"version":2}},"categories":[15,16,51],"tags":[31,32,34],"class_list":["post-1286","post","type-post","status-publish","format-standard","has-post-thumbnail","hentry","category-segunda-federacion-grupo-3","category-temporada-24-25","category-ue-cornella","tag-previa","tag-segunda-federacion","tag-temporada-2024-25"],"jetpack_publicize_connections":[],"jetpack_featured_media_url":"https:\/\/i0.wp.com\/www.bloguecornella.es\/wordpress\/wp-content\/uploads\/2025\/04\/J32_2RFEF3_VCFB_UEC.png?fit=2048%2C1152","jetpack_sharing_enabled":true,"jetpack-related-posts":[{"id":614,"url":"http:\/\/www.bloguecornella.es\/wordpress\/2024\/12\/07\/previa-j15-ue-cornella-vs-valencia-mestalla\/","url_meta":{"origin":1286,"position":0},"title":"Previa J15: UE Cornella vs Valencia Mestalla","author":"bloguecornella","date":"7 de diciembre de 2024","format":false,"excerpt":"Encaramos la Jornada n\u00famero 15 del campeonato de Segunda Federaci\u00f3n Grupo 3 en el que la UE Cornella comienza en la posici\u00f3n 15 con 11 puntos. Esta jornada, el n\u00famero es el 15. Nos enfrentamos al filial del Valencia CF, que se sit\u00faa en 7\u00aa posici\u00f3n con 21 puntos. El\u2026","rel":"","context":"En \u00abPrevia partido\u00bb","block_context":{"text":"Previa partido","link":"http:\/\/www.bloguecornella.es\/wordpress\/category\/previa-partido\/"},"img":{"alt_text":"","src":"","width":0,"height":0},"classes":[]},{"id":1343,"url":"http:\/\/www.bloguecornella.es\/wordpress\/2025\/04\/25\/previa-j33-ue-cornella-torrent-cf\/","url_meta":{"origin":1286,"position":1},"title":"Previa J33: UE Cornell\u00e0 &#8211; Torrent CF","author":"bloguecornella","date":"25 de abril de 2025","format":false,"excerpt":"Encaramos la pen\u00faltima jornada de liga, con una UE Cornell\u00e0, ya descendida, que recibe en el Municipal de Cornell\u00e0 al Torrent CF. Equipo valenciano que est\u00e1 haciendo una campa\u00f1a hist\u00f3rica, ocupando posici\u00f3n de play-off de ascenso a Primera Federaci\u00f3n El rival: Torrent CF (4\u00ba - 52 puntos) El Torrent CF\u2026","rel":"","context":"En \u00abPrevia partido\u00bb","block_context":{"text":"Previa partido","link":"http:\/\/www.bloguecornella.es\/wordpress\/category\/previa-partido\/"},"img":{"alt_text":"","src":"https:\/\/i0.wp.com\/www.bloguecornella.es\/wordpress\/wp-content\/uploads\/2025\/04\/J33_2RFEF3_UEC_TCF.png?fit=1200%2C675&resize=350%2C200","width":350,"height":200,"srcset":"https:\/\/i0.wp.com\/www.bloguecornella.es\/wordpress\/wp-content\/uploads\/2025\/04\/J33_2RFEF3_UEC_TCF.png?fit=1200%2C675&resize=350%2C200 1x, https:\/\/i0.wp.com\/www.bloguecornella.es\/wordpress\/wp-content\/uploads\/2025\/04\/J33_2RFEF3_UEC_TCF.png?fit=1200%2C675&resize=525%2C300 1.5x, https:\/\/i0.wp.com\/www.bloguecornella.es\/wordpress\/wp-content\/uploads\/2025\/04\/J33_2RFEF3_UEC_TCF.png?fit=1200%2C675&resize=700%2C400 2x, https:\/\/i0.wp.com\/www.bloguecornella.es\/wordpress\/wp-content\/uploads\/2025\/04\/J33_2RFEF3_UEC_TCF.png?fit=1200%2C675&resize=1050%2C600 3x"},"classes":[]},{"id":620,"url":"http:\/\/www.bloguecornella.es\/wordpress\/2024\/12\/08\/cronica-j15-ue-cornella-1-1-valencia-cf-mestalla-se-hacen-largos-los-partidos-para-los-verdes\/","url_meta":{"origin":1286,"position":2},"title":"Cr\u00f3nica J15: UE Cornella 1-1 Valencia CF Mestalla \u00abSe hacen largos los partidos para los verdes\u00bb","author":"bloguecornella","date":"8 de diciembre de 2024","format":false,"excerpt":"El resumen es que se le hacen muy largos los partidos a la UE Cornella. Esta ma\u00f1ana, en el municipal de Cornell\u00e0, los verdes logran sacar un punto ante un buen filial como es el del Valencia. Los verdes se adelantaron al comienzo del partido mediante Luis Forcen y en\u2026","rel":"","context":"En \u00abSegunda Federaci\u00f3n Grupo 3\u00bb","block_context":{"text":"Segunda Federaci\u00f3n Grupo 3","link":"http:\/\/www.bloguecornella.es\/wordpress\/category\/segunda-federacion-grupo-3\/"},"img":{"alt_text":"","src":"https:\/\/i0.wp.com\/www.bloguecornella.es\/wordpress\/wp-content\/uploads\/2024\/12\/img_7831.jpg?fit=1200%2C899&resize=350%2C200","width":350,"height":200,"srcset":"https:\/\/i0.wp.com\/www.bloguecornella.es\/wordpress\/wp-content\/uploads\/2024\/12\/img_7831.jpg?fit=1200%2C899&resize=350%2C200 1x, https:\/\/i0.wp.com\/www.bloguecornella.es\/wordpress\/wp-content\/uploads\/2024\/12\/img_7831.jpg?fit=1200%2C899&resize=525%2C300 1.5x, https:\/\/i0.wp.com\/www.bloguecornella.es\/wordpress\/wp-content\/uploads\/2024\/12\/img_7831.jpg?fit=1200%2C899&resize=700%2C400 2x, https:\/\/i0.wp.com\/www.bloguecornella.es\/wordpress\/wp-content\/uploads\/2024\/12\/img_7831.jpg?fit=1200%2C899&resize=1050%2C600 3x"},"classes":[]},{"id":1397,"url":"http:\/\/www.bloguecornella.es\/wordpress\/2025\/05\/02\/previa-j34-rcd-espanyol-b-ue-cornella\/","url_meta":{"origin":1286,"position":3},"title":"Previa J34: RCD Espanyol \u00abB\u00bb &#8211; UE Cornell\u00e0","author":"bloguecornella","date":"2 de mayo de 2025","format":false,"excerpt":"Finalizamos la temporada 24\/25 visitando la Ciudad Deportiva Dani Jarque del RCD Espanyol, para enfrentarnos al filial perico. Un estadio que nos vio como locales durante partidos de la 22\/23 y, sobre todo, de la 23\/24, debido a que teniamos que desplazarnos en Primera Federaci\u00f3n por no disponer de c\u00e9sped\u2026","rel":"","context":"En \u00abPrevia partido\u00bb","block_context":{"text":"Previa partido","link":"http:\/\/www.bloguecornella.es\/wordpress\/category\/previa-partido\/"},"img":{"alt_text":"","src":"https:\/\/i0.wp.com\/www.bloguecornella.es\/wordpress\/wp-content\/uploads\/2025\/05\/J34_2RFEF3_RCDEB_UEC.png?fit=1200%2C673&resize=350%2C200","width":350,"height":200,"srcset":"https:\/\/i0.wp.com\/www.bloguecornella.es\/wordpress\/wp-content\/uploads\/2025\/05\/J34_2RFEF3_RCDEB_UEC.png?fit=1200%2C673&resize=350%2C200 1x, https:\/\/i0.wp.com\/www.bloguecornella.es\/wordpress\/wp-content\/uploads\/2025\/05\/J34_2RFEF3_RCDEB_UEC.png?fit=1200%2C673&resize=525%2C300 1.5x, https:\/\/i0.wp.com\/www.bloguecornella.es\/wordpress\/wp-content\/uploads\/2025\/05\/J34_2RFEF3_RCDEB_UEC.png?fit=1200%2C673&resize=700%2C400 2x, https:\/\/i0.wp.com\/www.bloguecornella.es\/wordpress\/wp-content\/uploads\/2025\/05\/J34_2RFEF3_RCDEB_UEC.png?fit=1200%2C673&resize=1050%2C600 3x"},"classes":[]},{"id":978,"url":"http:\/\/www.bloguecornella.es\/wordpress\/2025\/02\/28\/previa-j25-ue-cornella-ud-alzira\/","url_meta":{"origin":1286,"position":4},"title":"Previa J25: UE Cornella &#8211; UD Alzira","author":"bloguecornella","date":"28 de febrero de 2025","format":false,"excerpt":"Este domingo, comienza la cuenta atr\u00e1s de 10 partidos para dar por finalizada una temporada 2024\/25 que siempre ser\u00e1 recordada por lo turbulenta que ha sido. Descenso de 1\u00aa Federaci\u00f3n, nuevo entrador y plantilla, destituci\u00f3n en la J11, nuevo entrenador que 10 jornadas despu\u00e9s sale del proyecto por una oferta\u2026","rel":"","context":"En \u00abSegunda Federaci\u00f3n Grupo 3\u00bb","block_context":{"text":"Segunda Federaci\u00f3n Grupo 3","link":"http:\/\/www.bloguecornella.es\/wordpress\/category\/segunda-federacion-grupo-3\/"},"img":{"alt_text":"","src":"https:\/\/i0.wp.com\/www.bloguecornella.es\/wordpress\/wp-content\/uploads\/2025\/02\/J25_2RFEF3_COR_ALZ.png?fit=1200%2C675&resize=350%2C200","width":350,"height":200,"srcset":"https:\/\/i0.wp.com\/www.bloguecornella.es\/wordpress\/wp-content\/uploads\/2025\/02\/J25_2RFEF3_COR_ALZ.png?fit=1200%2C675&resize=350%2C200 1x, https:\/\/i0.wp.com\/www.bloguecornella.es\/wordpress\/wp-content\/uploads\/2025\/02\/J25_2RFEF3_COR_ALZ.png?fit=1200%2C675&resize=525%2C300 1.5x, https:\/\/i0.wp.com\/www.bloguecornella.es\/wordpress\/wp-content\/uploads\/2025\/02\/J25_2RFEF3_COR_ALZ.png?fit=1200%2C675&resize=700%2C400 2x, https:\/\/i0.wp.com\/www.bloguecornella.es\/wordpress\/wp-content\/uploads\/2025\/02\/J25_2RFEF3_COR_ALZ.png?fit=1200%2C675&resize=1050%2C600 3x"},"classes":[]},{"id":1007,"url":"http:\/\/www.bloguecornella.es\/wordpress\/2025\/03\/04\/pronostico-ult9j-ue-cornella\/","url_meta":{"origin":1286,"position":5},"title":"Pron\u00f3stico \u00faltimas 9 jornadas UE Cornell\u00e0: \u00abSeremos de 2\u00aa, pero sufriendo\u00bb","author":"bloguecornella","date":"4 de marzo de 2025","format":false,"excerpt":"Al igual que hemos realizado con la Fundaci\u00f3 UE Cornell\u00e0 Femenina, vamos a pronosticar, en este caso, las \u00faltimas 9 jornadas para finalizar una temporada 2024\/25 que no se olvidara f\u00e1cilmente en la ciudad de Cornell\u00e0. Con el equipo sin ganar desde las \u00faltimas 6 jornadas, el equipo que dirige\u2026","rel":"","context":"En \u00abPron\u00f3stico Ult 10J 24\/25\u00bb","block_context":{"text":"Pron\u00f3stico Ult 10J 24\/25","link":"http:\/\/www.bloguecornella.es\/wordpress\/category\/pronostico-ult-10j-24-25\/"},"img":{"alt_text":"","src":"https:\/\/i0.wp.com\/www.bloguecornella.es\/wordpress\/wp-content\/uploads\/2025\/03\/2RFEF_Ult9J_2425.png?fit=1200%2C676&resize=350%2C200","width":350,"height":200,"srcset":"https:\/\/i0.wp.com\/www.bloguecornella.es\/wordpress\/wp-content\/uploads\/2025\/03\/2RFEF_Ult9J_2425.png?fit=1200%2C676&resize=350%2C200 1x, https:\/\/i0.wp.com\/www.bloguecornella.es\/wordpress\/wp-content\/uploads\/2025\/03\/2RFEF_Ult9J_2425.png?fit=1200%2C676&resize=525%2C300 1.5x, https:\/\/i0.wp.com\/www.bloguecornella.es\/wordpress\/wp-content\/uploads\/2025\/03\/2RFEF_Ult9J_2425.png?fit=1200%2C676&resize=700%2C400 2x, https:\/\/i0.wp.com\/www.bloguecornella.es\/wordpress\/wp-content\/uploads\/2025\/03\/2RFEF_Ult9J_2425.png?fit=1200%2C676&resize=1050%2C600 3x"},"classes":[]}],"_links":{"self":[{"href":"http:\/\/www.bloguecornella.es\/wordpress\/wp-json\/wp\/v2\/posts\/1286","targetHints":{"allow":["GET"]}}],"collection":[{"href":"http:\/\/www.bloguecornella.es\/wordpress\/wp-json\/wp\/v2\/posts"}],"about":[{"href":"http:\/\/www.bloguecornella.es\/wordpress\/wp-json\/wp\/v2\/types\/post"}],"author":[{"embeddable":true,"href":"http:\/\/www.bloguecornella.es\/wordpress\/wp-json\/wp\/v2\/users\/1"}],"replies":[{"embeddable":true,"href":"http:\/\/www.bloguecornella.es\/wordpress\/wp-json\/wp\/v2\/comments?post=1286"}],"version-history":[{"count":5,"href":"http:\/\/www.bloguecornella.es\/wordpress\/wp-json\/wp\/v2\/posts\/1286\/revisions"}],"predecessor-version":[{"id":1300,"href":"http:\/\/www.bloguecornella.es\/wordpress\/wp-json\/wp\/v2\/posts\/1286\/revisions\/1300"}],"wp:featuredmedia":[{"embeddable":true,"href":"http:\/\/www.bloguecornella.es\/wordpress\/wp-json\/wp\/v2\/media\/1290"}],"wp:attachment":[{"href":"http:\/\/www.bloguecornella.es\/wordpress\/wp-json\/wp\/v2\/media?parent=1286"}],"wp:term":[{"taxonomy":"category","embeddable":true,"href":"http:\/\/www.bloguecornella.es\/wordpress\/wp-json\/wp\/v2\/categories?post=1286"},{"taxonomy":"post_tag","embeddable":true,"href":"http:\/\/www.bloguecornella.es\/wordpress\/wp-json\/wp\/v2\/tags?post=1286"}],"curies":[{"name":"wp","href":"https:\/\/api.w.org\/{rel}","templated":true}]}}