{"id":1159,"date":"2025-03-27T17:00:00","date_gmt":"2025-03-27T16:00:00","guid":{"rendered":"http:\/\/www.bloguecornella.es\/wordpress\/?p=1159"},"modified":"2025-03-26T18:32:20","modified_gmt":"2025-03-26T17:32:20","slug":"previa-jornada-26-cd-pradejon-fundacio-ue-cornella","status":"publish","type":"post","link":"http:\/\/www.bloguecornella.es\/wordpress\/2025\/03\/27\/previa-jornada-26-cd-pradejon-fundacio-ue-cornella\/","title":{"rendered":"Previa Jornada 26: CD Pradejon &#8211; Fundaci\u00f3 UE Cornell\u00e0"},"content":{"rendered":"\n<p>Ya tenemos a la vuelta de la esquina los 5 \u00faltimos partidos de la temporada 2024\/25 y, antes de coger un par\u00f3n de dos semanas hasta volver al verde, la Fundaci\u00f3 UE Cornell\u00e0 tendr\u00e1 el reto de ganar al CD Pradej\u00f3n para acercarse a la lucha de la salvaci\u00f3n y a situarse a 1 punto de participar la temporada 2025-26 en la Copa de la Reina.<\/p>\n\n\n\n<p><strong>El rival: CD Pradej\u00f3n (15\u00ba &#8211; 19 puntos)<\/strong><\/p>\n\n\n\n<p>El CD Pradej\u00f3n ha sufrido, en esta semana, un duro varapalo en sus aspiraciones a salvar la categor\u00eda este a\u00f1o. Ha pasado de estar empatado con la salvaci\u00f3n, a estar a 5 puntos de la salvaci\u00f3n. El Real Sporting de Gij\u00f3n ha presentado recurso por alineaci\u00f3n indebida del partido que jugaron contra las riojanas, en el que perdieron por 0-1, y este martes 25 de marzo, el Juez \u00fanico de Disciplina les ha dado la raz\u00f3n y tienen el partido ganado por 3-0<\/p>\n\n\n\n<p>Es un palo para el conjunto riojano, que presentara recurso contra est\u00e1 decisi\u00f3n. Por lo que tendremos que estar atentos a lo que pueda suceder.<\/p>\n\n\n\n<p>La din\u00e1mica que llevaba el CD Pradej\u00f3n no es buena. Si no tenemos en cuenta la victoria que si tuvo en el terreno de juego, acumular\u00eda 16 partidos sin conseguir una victoria. Es decir, la victoria conseguida contra el Real Sporting es la \u00fanica que hab\u00eda tenido en estas \u00faltimas jornadas. Como local, es uno de los peores equipos de la competici\u00f3n, sumando solamente dos victorias como locales (Real Aviles y Atl\u00e9tico Madrid C) y estas fueron&#8230; en el <strong>mes de Septiembre<\/strong>.<\/p>\n\n\n\n<p><strong>Situaci\u00f3n Fundaci\u00f3 UE Cornell\u00e0:<\/strong> <strong>El juez nos complica la existencia<\/strong><\/p>\n\n\n\n<p>El empate conseguido la semana pasada era un b\u00e1lsamo de aire fresco para el conjunto de Jose Gonzalez que vio como se pod\u00eda conseguir importantes puntos en tu feudo y poder ara\u00f1ar a conjuntos de los cuales ten\u00edamos pocas posiblidades.<\/p>\n\n\n\n<p>El martes 25 de marzo cambio por completo la percepci\u00f3n. Pasamos de estar a 7 puntos a estar a 9 puntos de las salvaci\u00f3n quedando 15 puntos por jugar. Se ha convertido en una odisea a ra\u00edz de la resoluci\u00f3n del juez \u00fanico disciplinario de dar los 3 puntos al Real Sporting de Gij\u00f3n respecto al CD Pradej\u00f3n. Lo que hace complicar la existencia al conjunto verde.<\/p>\n\n\n\n<p>No hay mal que por bien no venga y las sensaciones del conjunto del Baix Llobregat son muy buenas. El hecho de plantar cara contra todo un CE Europa, que est\u00e1 luchando por poder subir a 1\u00aa Federaci\u00f3n y de que est\u00e1 segunda vuelta est\u00e1 siendo muy buena en cuanto a n\u00fameros. Sumamos 10 puntos m\u00e1s que en toda la primera vuelta y la porter\u00eda est\u00e1 siendo cada vez mas complicado de perforarla para los visitantes.<\/p>\n\n\n\n<p>Esta din\u00e1mica ser\u00e1 muy buena, estemos en la categor\u00eda que estemos. Porque permite sentar unas bases al conjunto que le puede valer estar en una zona media la temporada que viene en 2\u00aa Federaci\u00f3n o luchar por el campeonato liguero en 3\u00aa Federaci\u00f3n.<\/p>\n\n\n\n<p>Eso no quita lo que hemos comentado. La resoluci\u00f3n del juez ha complicado mucho la existencia del conjunto verde en 2\u00aa Federaci\u00f3n.<\/p>\n\n\n\n<p><strong>Posible alineaci\u00f3n:<\/strong><\/p>\n\n\n\n<p>La alineaci\u00f3n con la que saldr\u00e1 el conjunto de Jose Gonzalez el pr\u00f3ximo s\u00e1bado ser\u00e1 la siguiente:<\/p>\n\n\n\n<p>POR &#8211; 1 &#8211; Carla Mu\u00f1oz<\/p>\n\n\n\n<p>LAI &#8211; 15 &#8211; Saray Bocardo<\/p>\n\n\n\n<p>DFC &#8211; 24 &#8211; Maria Gomez<\/p>\n\n\n\n<p>DFC &#8211; 3 &#8211; Aina Vall<\/p>\n\n\n\n<p>LAD -14 &#8211; Blanca Garc\u00eda<\/p>\n\n\n\n<p>MC &#8211; 20 &#8211; Marta Alegre<\/p>\n\n\n\n<p>MC &#8211; 19 &#8211; Paula Lopez<\/p>\n\n\n\n<p>MI &#8211; 21 &#8211; Aina Sararols<\/p>\n\n\n\n<p>MP &#8211; 17 &#8211; Judith Rodr\u00edguez<\/p>\n\n\n\n<p>MD &#8211; 23 &#8211; Valeria Trujillo<\/p>\n\n\n\n<p>DC &#8211; 18 &#8211; Laura Mas<\/p>\n\n\n\n<p><strong>La opini\u00f3n del Blog:<\/strong><\/p>\n\n\n\n<p>Quedan 5 finales para seguir luchando por una permanencia que casi se convierte en utop\u00eda, pero que hay que luchar hasta que la matem\u00e1tica no diga lo contrario. Me gusta lo que estoy viendo de resultados y de reacci\u00f3n del equipo ante situaciones complejas. Por lo que esta segunda vuelta debe de servir como b\u00e1lsamo para sentar una base que seguro que ser\u00e1 exitosa para la 205\/26.<\/p>\n\n\n\n<p>Ahora toca ganar este fin de semana. Porque, en caso de perder, estamos virtualmente en la Tercera Federaci\u00f3n.<\/p>\n","protected":false},"excerpt":{"rendered":"<p>Ya tenemos a la vuelta de la esquina los 5 \u00faltimos partidos de la temporada 2024\/25 y, antes de coger un par\u00f3n de dos semanas hasta volver al verde, la Fundaci\u00f3 UE Cornell\u00e0 tendr\u00e1 el reto de ganar al CD Pradej\u00f3n para acercarse a la lucha de la salvaci\u00f3n y a situarse a 1 punto [&hellip;]<\/p>\n","protected":false},"author":1,"featured_media":1187,"comment_status":"open","ping_status":"open","sticky":false,"template":"","format":"standard","meta":{"_eb_attr":"","advanced_seo_description":"","jetpack_seo_html_title":"","jetpack_seo_noindex":false,"jetpack_post_was_ever_published":false,"_jetpack_newsletter_access":"","_jetpack_dont_email_post_to_subs":false,"_jetpack_newsletter_tier_id":0,"_jetpack_memberships_contains_paywalled_content":false,"_jetpack_memberships_contains_paid_content":false,"footnotes":"","jetpack_publicize_message":"","jetpack_publicize_feature_enabled":true,"jetpack_social_post_already_shared":true,"jetpack_social_options":{"image_generator_settings":{"template":"highway","default_image_id":0,"font":"","enabled":false},"version":2}},"categories":[12,14,48,16],"tags":[31,46,34],"class_list":["post-1159","post","type-post","status-publish","format-standard","has-post-thumbnail","hentry","category-fuecornella","category-previa-partido","category-segunda-federacion-femenina","category-temporada-24-25","tag-previa","tag-segunda-federacion-femenina","tag-temporada-2024-25"],"jetpack_publicize_connections":[],"jetpack_featured_media_url":"https:\/\/i0.wp.com\/www.bloguecornella.es\/wordpress\/wp-content\/uploads\/2025\/03\/J26_2RFEF_Fem_PRAD_FUEC.png?fit=2048%2C1152","jetpack_sharing_enabled":true,"jetpack-related-posts":[{"id":1335,"url":"http:\/\/www.bloguecornella.es\/wordpress\/2025\/04\/24\/previa-jornada-29-fundacio-ue-cornella-sporting-gijon\/","url_meta":{"origin":1159,"position":0},"title":"Previa Jornada 29: Fundaci\u00f3 UE Cornell\u00e0 &#8211; Sporting Gij\u00f3n","author":"bloguecornella","date":"24 de abril de 2025","format":false,"excerpt":"Encaramos la pen\u00faltima jornada de liga, en la que la Fundaci\u00f3 UE Cornell\u00e0, ya equipo de Tercera Federaci\u00f3n, buscara en casa, la victoria para acabar la temporada en casa con un buen sabor de boca. El rival, un Sporting de Gij\u00f3n que, actualmente, est\u00e1 en puestos de descenso con 28\u2026","rel":"","context":"En \u00abFundaci\u00f3 UE Cornell\u00e0\u00bb","block_context":{"text":"Fundaci\u00f3 UE Cornell\u00e0","link":"http:\/\/www.bloguecornella.es\/wordpress\/category\/fuecornella\/"},"img":{"alt_text":"","src":"https:\/\/i0.wp.com\/www.bloguecornella.es\/wordpress\/wp-content\/uploads\/2025\/04\/J29_2RFEF_Fem_FUEC_SPO.png?fit=1200%2C675&resize=350%2C200","width":350,"height":200,"srcset":"https:\/\/i0.wp.com\/www.bloguecornella.es\/wordpress\/wp-content\/uploads\/2025\/04\/J29_2RFEF_Fem_FUEC_SPO.png?fit=1200%2C675&resize=350%2C200 1x, https:\/\/i0.wp.com\/www.bloguecornella.es\/wordpress\/wp-content\/uploads\/2025\/04\/J29_2RFEF_Fem_FUEC_SPO.png?fit=1200%2C675&resize=525%2C300 1.5x, https:\/\/i0.wp.com\/www.bloguecornella.es\/wordpress\/wp-content\/uploads\/2025\/04\/J29_2RFEF_Fem_FUEC_SPO.png?fit=1200%2C675&resize=700%2C400 2x, https:\/\/i0.wp.com\/www.bloguecornella.es\/wordpress\/wp-content\/uploads\/2025\/04\/J29_2RFEF_Fem_FUEC_SPO.png?fit=1200%2C675&resize=1050%2C600 3x"},"classes":[]},{"id":1264,"url":"http:\/\/www.bloguecornella.es\/wordpress\/2025\/04\/11\/previa-jornada-27-fundacio-ue-cornella-atletico-villalonga-femenino\/","url_meta":{"origin":1159,"position":1},"title":"Previa Jornada 27: Fundaci\u00f3 UE Cornell\u00e0 &#8211; Atl\u00e8tico Villalonga Femenino","author":"bloguecornella","date":"11 de abril de 2025","format":false,"excerpt":"Vuelve la competici\u00f3n para afrontar las \u00faltimas 4 jornadas de liga. La Fundaci\u00f3 UE Cornell\u00e0, recibira en el feudo verde, al Atl\u00e8tico Villalonga gallego. El rival: Atl\u00e9tico Villalonga (9\u00ba - 35 puntos) El conjunto gallego se sit\u00faa en una zona tranquila en su tercera temporada consecutiva en la Segunda Federaci\u00f3n.\u2026","rel":"","context":"En \u00abFundaci\u00f3 UE Cornell\u00e0\u00bb","block_context":{"text":"Fundaci\u00f3 UE Cornell\u00e0","link":"http:\/\/www.bloguecornella.es\/wordpress\/category\/fuecornella\/"},"img":{"alt_text":"","src":"https:\/\/i0.wp.com\/www.bloguecornella.es\/wordpress\/wp-content\/uploads\/2025\/04\/J27_2RFEF_Fem_FUEC_ATV.png?fit=1200%2C675&resize=350%2C200","width":350,"height":200,"srcset":"https:\/\/i0.wp.com\/www.bloguecornella.es\/wordpress\/wp-content\/uploads\/2025\/04\/J27_2RFEF_Fem_FUEC_ATV.png?fit=1200%2C675&resize=350%2C200 1x, https:\/\/i0.wp.com\/www.bloguecornella.es\/wordpress\/wp-content\/uploads\/2025\/04\/J27_2RFEF_Fem_FUEC_ATV.png?fit=1200%2C675&resize=525%2C300 1.5x, https:\/\/i0.wp.com\/www.bloguecornella.es\/wordpress\/wp-content\/uploads\/2025\/04\/J27_2RFEF_Fem_FUEC_ATV.png?fit=1200%2C675&resize=700%2C400 2x, https:\/\/i0.wp.com\/www.bloguecornella.es\/wordpress\/wp-content\/uploads\/2025\/04\/J27_2RFEF_Fem_FUEC_ATV.png?fit=1200%2C675&resize=1050%2C600 3x"},"classes":[]},{"id":1394,"url":"http:\/\/www.bloguecornella.es\/wordpress\/2025\/05\/01\/previa-jornada-30-real-oviedo-fundacio-ue-cornella\/","url_meta":{"origin":1159,"position":2},"title":"Previa Jornada 30: Real Oviedo &#8211; Fundaci\u00f3 UE Cornell\u00e0","author":"bloguecornella","date":"1 de mayo de 2025","format":false,"excerpt":"\u00daltima jornada de la temporada y la Fundaci\u00f3 UE Cornell\u00e0 viaja a Asturias para enfrentarse al Real Oviedo, con el sue\u00f1o, todav\u00eda vivo, de participar en la Copa de la Reina. El rival: Real Oviedo (2\u00ba - 61 puntos) El Real Oviedo Femenino se encuentra con opciones todav\u00eda de poder\u2026","rel":"","context":"En \u00abFundaci\u00f3 UE Cornell\u00e0\u00bb","block_context":{"text":"Fundaci\u00f3 UE Cornell\u00e0","link":"http:\/\/www.bloguecornella.es\/wordpress\/category\/fuecornella\/"},"img":{"alt_text":"","src":"https:\/\/i0.wp.com\/www.bloguecornella.es\/wordpress\/wp-content\/uploads\/2025\/04\/J30_2RFEF_Fem_OVI_FUEC.png?fit=1200%2C675&resize=350%2C200","width":350,"height":200,"srcset":"https:\/\/i0.wp.com\/www.bloguecornella.es\/wordpress\/wp-content\/uploads\/2025\/04\/J30_2RFEF_Fem_OVI_FUEC.png?fit=1200%2C675&resize=350%2C200 1x, https:\/\/i0.wp.com\/www.bloguecornella.es\/wordpress\/wp-content\/uploads\/2025\/04\/J30_2RFEF_Fem_OVI_FUEC.png?fit=1200%2C675&resize=525%2C300 1.5x, https:\/\/i0.wp.com\/www.bloguecornella.es\/wordpress\/wp-content\/uploads\/2025\/04\/J30_2RFEF_Fem_OVI_FUEC.png?fit=1200%2C675&resize=700%2C400 2x, https:\/\/i0.wp.com\/www.bloguecornella.es\/wordpress\/wp-content\/uploads\/2025\/04\/J30_2RFEF_Fem_OVI_FUEC.png?fit=1200%2C675&resize=1050%2C600 3x"},"classes":[]},{"id":734,"url":"http:\/\/www.bloguecornella.es\/wordpress\/2025\/01\/11\/previa-jornada-16-fundacio-ue-cornella-femenino-racing-santander-femenino\/","url_meta":{"origin":1159,"position":3},"title":"Previa Jornada 16: Fundaci\u00f3 UE Cornell\u00e0 Femenino &#8211; Racing Santander Femenino","author":"bloguecornella","date":"11 de enero de 2025","format":false,"excerpt":"Comienza este domingo, el conjunto de Jose Gonzalez, la segunda vuelta y el reto m\u00e1s bonito que puede existir, el de poder clasificarse, por primera vez para la Copa de la Reina y poder salvar la categor\u00eda. No estoy loco si no pienso que es factible y que solo hay\u2026","rel":"","context":"En \u00abFundaci\u00f3 UE Cornell\u00e0\u00bb","block_context":{"text":"Fundaci\u00f3 UE Cornell\u00e0","link":"http:\/\/www.bloguecornella.es\/wordpress\/category\/fuecornella\/"},"img":{"alt_text":"","src":"","width":0,"height":0},"classes":[]},{"id":900,"url":"http:\/\/www.bloguecornella.es\/wordpress\/2025\/02\/14\/previa-j20-eib_b_fuec\/","url_meta":{"origin":1159,"position":4},"title":"Previa Jornada 20: SD Eibar \u00abB\u00bb &#8211; Fundaci\u00f3 UE Cornell\u00e0 Femenino","author":"bloguecornella","date":"14 de febrero de 2025","format":false,"excerpt":"La Fundaci\u00f3 UE Cornell\u00e0 Femenina buscara, este s\u00e1bado en Eibar, su tercer partido consecutivo sin perder. Actualmente, ya est\u00e1n en la mejor racha de la historia en la categor\u00eda y da la sensaci\u00f3n de que est\u00e1n empezando a despertar en una Segunda Federaci\u00f3n exigente y que tiene la salvaci\u00f3n a\u2026","rel":"","context":"En \u00abFundaci\u00f3 UE Cornell\u00e0\u00bb","block_context":{"text":"Fundaci\u00f3 UE Cornell\u00e0","link":"http:\/\/www.bloguecornella.es\/wordpress\/category\/fuecornella\/"},"img":{"alt_text":"","src":"https:\/\/i0.wp.com\/www.bloguecornella.es\/wordpress\/wp-content\/uploads\/2025\/02\/J20_2RFEF_Fem_EIB_COR.png?fit=1200%2C678&resize=350%2C200","width":350,"height":200,"srcset":"https:\/\/i0.wp.com\/www.bloguecornella.es\/wordpress\/wp-content\/uploads\/2025\/02\/J20_2RFEF_Fem_EIB_COR.png?fit=1200%2C678&resize=350%2C200 1x, https:\/\/i0.wp.com\/www.bloguecornella.es\/wordpress\/wp-content\/uploads\/2025\/02\/J20_2RFEF_Fem_EIB_COR.png?fit=1200%2C678&resize=525%2C300 1.5x, https:\/\/i0.wp.com\/www.bloguecornella.es\/wordpress\/wp-content\/uploads\/2025\/02\/J20_2RFEF_Fem_EIB_COR.png?fit=1200%2C678&resize=700%2C400 2x, https:\/\/i0.wp.com\/www.bloguecornella.es\/wordpress\/wp-content\/uploads\/2025\/02\/J20_2RFEF_Fem_EIB_COR.png?fit=1200%2C678&resize=1050%2C600 3x"},"classes":[]},{"id":930,"url":"http:\/\/www.bloguecornella.es\/wordpress\/2025\/02\/21\/previa-jornada-21-fundacio-ue-cornella-athletic-club-fem-b\/","url_meta":{"origin":1159,"position":5},"title":"Previa Jornada 21 : Fundaci\u00f3 UE Cornell\u00e0 &#8211; Athletic Club Fem \u00abB\u00bb","author":"bloguecornella","date":"21 de febrero de 2025","format":false,"excerpt":"La Fundaci\u00f3 UE Cornell\u00e0 vuelve al Nou Municipal de Cornell\u00e0 para enfrentarse a uno de los conjuntos m\u00e1s fuertes de la liga, el filial del Athletic Club Bilbao. El conjunto de Jose Gonzalez acumula 3 partidos seguidos sin perder (1V y 2E) y ha igualado, en 3 partidos, todos los\u2026","rel":"","context":"En \u00abFundaci\u00f3 UE Cornell\u00e0\u00bb","block_context":{"text":"Fundaci\u00f3 UE Cornell\u00e0","link":"http:\/\/www.bloguecornella.es\/wordpress\/category\/fuecornella\/"},"img":{"alt_text":"","src":"https:\/\/i0.wp.com\/www.bloguecornella.es\/wordpress\/wp-content\/uploads\/2025\/02\/J21_2RFEF_Fem_COR_ATH.png?fit=1200%2C674&resize=350%2C200","width":350,"height":200,"srcset":"https:\/\/i0.wp.com\/www.bloguecornella.es\/wordpress\/wp-content\/uploads\/2025\/02\/J21_2RFEF_Fem_COR_ATH.png?fit=1200%2C674&resize=350%2C200 1x, https:\/\/i0.wp.com\/www.bloguecornella.es\/wordpress\/wp-content\/uploads\/2025\/02\/J21_2RFEF_Fem_COR_ATH.png?fit=1200%2C674&resize=525%2C300 1.5x, https:\/\/i0.wp.com\/www.bloguecornella.es\/wordpress\/wp-content\/uploads\/2025\/02\/J21_2RFEF_Fem_COR_ATH.png?fit=1200%2C674&resize=700%2C400 2x, https:\/\/i0.wp.com\/www.bloguecornella.es\/wordpress\/wp-content\/uploads\/2025\/02\/J21_2RFEF_Fem_COR_ATH.png?fit=1200%2C674&resize=1050%2C600 3x"},"classes":[]}],"_links":{"self":[{"href":"http:\/\/www.bloguecornella.es\/wordpress\/wp-json\/wp\/v2\/posts\/1159","targetHints":{"allow":["GET"]}}],"collection":[{"href":"http:\/\/www.bloguecornella.es\/wordpress\/wp-json\/wp\/v2\/posts"}],"about":[{"href":"http:\/\/www.bloguecornella.es\/wordpress\/wp-json\/wp\/v2\/types\/post"}],"author":[{"embeddable":true,"href":"http:\/\/www.bloguecornella.es\/wordpress\/wp-json\/wp\/v2\/users\/1"}],"replies":[{"embeddable":true,"href":"http:\/\/www.bloguecornella.es\/wordpress\/wp-json\/wp\/v2\/comments?post=1159"}],"version-history":[{"count":5,"href":"http:\/\/www.bloguecornella.es\/wordpress\/wp-json\/wp\/v2\/posts\/1159\/revisions"}],"predecessor-version":[{"id":1188,"href":"http:\/\/www.bloguecornella.es\/wordpress\/wp-json\/wp\/v2\/posts\/1159\/revisions\/1188"}],"wp:featuredmedia":[{"embeddable":true,"href":"http:\/\/www.bloguecornella.es\/wordpress\/wp-json\/wp\/v2\/media\/1187"}],"wp:attachment":[{"href":"http:\/\/www.bloguecornella.es\/wordpress\/wp-json\/wp\/v2\/media?parent=1159"}],"wp:term":[{"taxonomy":"category","embeddable":true,"href":"http:\/\/www.bloguecornella.es\/wordpress\/wp-json\/wp\/v2\/categories?post=1159"},{"taxonomy":"post_tag","embeddable":true,"href":"http:\/\/www.bloguecornella.es\/wordpress\/wp-json\/wp\/v2\/tags?post=1159"}],"curies":[{"name":"wp","href":"https:\/\/api.w.org\/{rel}","templated":true}]}}