{"id":1091,"date":"2025-03-16T19:48:16","date_gmt":"2025-03-16T18:48:16","guid":{"rendered":"http:\/\/www.bloguecornella.es\/wordpress\/?p=1091"},"modified":"2025-03-16T19:48:16","modified_gmt":"2025-03-16T18:48:16","slug":"cronica-j27-ue-cornella-3-2-rcd-mallorca-b-victoria-mas-sufrida-de-lo-normal","status":"publish","type":"post","link":"http:\/\/www.bloguecornella.es\/wordpress\/2025\/03\/16\/cronica-j27-ue-cornella-3-2-rcd-mallorca-b-victoria-mas-sufrida-de-lo-normal\/","title":{"rendered":"Cr\u00f3nica J27 : UE Cornell\u00e0 3 &#8211; 2 RCD Mallorca \u00abB\u00bb \u201cVictoria m\u00e1s sufrida de lo normal\u201d"},"content":{"rendered":"\n<p><strong>Resumen:<\/strong><\/p>\n\n\n\n<p>La UE Cornella gana, sufriendo, m\u00e1s de la cuenta, contra el colista que podr\u00eda ser matem\u00e1ticamente equipo de 3a Federaci\u00f3n la pr\u00f3xima Jornada.<\/p>\n\n\n\n<p>Alberto Lopo sale con un 4-4-2 donde destaca las bandas con Bouba Barry y Mateo Enr\u00edquez y en punta de ataque los dos tanques Jorge \u201cSorloth\u201d Mart\u00ednez-Losa y Boris Kouassi. Dejando as\u00ed el 4-2-3-1 con el que habitualmente nos viene acostumbrados.<\/p>\n\n\n\n<p>El partido comienza con dominio en el centro del campo entre los dos equipos y con una buena jugada con robo de Izan en la medular que acaba en contraataque que falla Mateo.<\/p>\n\n\n\n<p>En un rechace dentro del \u00e1rea rival, coge de bolea fuera del \u00e1rea Bruno Lorente y hace el 1-0 en el marcador. Es su segundo gol esta temporada.<\/p>\n\n\n\n<p>Tras el gol, vendaval verde con un Bouba estelar y un Bruno que acaba provocando un penalti que transforma Mateo, sumando su 6\u00ba gol en liga esta temporada.<\/p>\n\n\n\n<p>Izan, Bruno y Bouba, los mejores del partido hasta el momento. La primera media hora esta siendo de las mejores de la temporada y denota haber dado con la teca el t\u00e9cnico barcelon\u00e9s.<\/p>\n\n\n\n<p>El dominio verde est\u00e1 siendo abrumador. Solamente ha peligrado en dos acciones a final de la primera parte por parte del RCD Mallorca B. De las mejoras primeras partes que he visto esta temporada sin dudarlo.<\/p>\n\n\n\n<p>Empieza la segunda parte flojo la UE Cornella y confiado. Eso hace que haya tenido dos jugadas buenas el filial bermell\u00f3n a trav\u00e9s de Gorriti y Jan Salas que puso en apuros a Ruben Mi\u00f1o.<\/p>\n\n\n\n<p>Cuando mas necesitamos creer y no caer en errores pasados, Bouba se inventa una jugada y logra marcar el gol que se merec\u00eda siendo el mejor del encuentro.<\/p>\n\n\n\n<p>La alegria ha durado 1 jugada. Acci\u00f3n siguiente, gol del RCD Mallorca B. Que les sirve como chute de adrenalina para recortar distancias y dominar durante 10 minutos con dos goles en el 62 y 67. Deja KO a la UE Cornell\u00e0 que revive viejos miedos.<\/p>\n\n\n\n<p>Entra en el 78 el canterano Denis Cruz, muy querido entre los Cornehools y donde esperamos que pueda tener mas minutos.<\/p>\n\n\n\n<p>La UE Cornella lucha hasta el final con un dominio del RCD Mallorca B que ha luchado hasta los \u00faltimos 7 minutos de descuento y se lleva una victoria necesaria e importante para afrontar los \u00faltimos 7 partidos de la temporada<\/p>\n\n\n\n<p><strong>Notas partido<\/strong><\/p>\n\n\n\n<p><strong><em>Titulares<\/em><\/strong><\/p>\n\n\n\n<p>POR &#8211; 1 &#8211; Ruben Mi\u00f1o &#8211; 6<\/p>\n\n\n\n<p>LAI &#8211; 15 &#8211; Ricard Pujol &#8211; 6,5<\/p>\n\n\n\n<p>DFC &#8211; 4 &#8211; Tomas Pe\u00f1alba &#8211; 6<\/p>\n\n\n\n<p>DFC &#8211; 5 &#8211; Marc Vilaplana &#8211; 6<\/p>\n\n\n\n<p>LAD &#8211; 2 &#8211; Bruno Lorente &#8211; 8<\/p>\n\n\n\n<p>MC &#8211; 16 &#8211; Izan Gonzalez &#8211; 8,5<\/p>\n\n\n\n<p>MC &#8211; 24 &#8211; Alejandro Perez &#8211; 7<\/p>\n\n\n\n<p>MI &#8211; 20 &#8211; Bouba Barry &#8211; 9<\/p>\n\n\n\n<p>MD &#8211; 19 &#8211; Mateo Enr\u00edquez &#8211; 7,5<\/p>\n\n\n\n<p>DC &#8211; 9 &#8211; Jorge Martinez &#8211; 6,5<\/p>\n\n\n\n<p>DC &#8211; 23 &#8211; Boris Kouassi &#8211; 6<\/p>\n\n\n\n<p><strong><em>Suplentes<\/em><\/strong><\/p>\n\n\n\n<p>MD &#8211; 11 &#8211; Luis Forcen &#8211; 5<\/p>\n\n\n\n<p>DFC &#8211; 3 &#8211; Jaouad &#8211; S\/N<\/p>\n\n\n\n<p>MI &#8211; 30 &#8211; Denis Cruz &#8211; S\/N<\/p>\n\n\n\n<p>MP &#8211; 22 &#8211; Ibai Reches &#8211; S\/N<\/p>\n\n\n\n<p><strong>Datos partido<\/strong><\/p>\n\n\n\n<p>10\u2019 &#8211; 2 &#8211; Bruno Lorente &#8211; UE Cornell\u00e0 &#8211; GOL 1-0<\/p>\n\n\n\n<p>18\u2019 &#8211; 19 &#8211; Mateo Enr\u00edquez &#8211; UE Cornell\u00e0 &#8211; GOL 2-0 (p)<\/p>\n\n\n\n<p>45\u2019 &#8211; 8 &#8211; Jan Salas &#8211; RCD Mallorca B &#8211; TA <\/p>\n\n\n\n<p>60\u2019 &#8211; 29 &#8211; Porras &#8211; RCD Mallorca B &#8211; TA<\/p>\n\n\n\n<p>61\u2019 &#8211; 20 &#8211; Bouba Barry &#8211; UE Cornell\u00e0 &#8211; GOL 3-0<\/p>\n\n\n\n<p>62\u2019 &#8211; 21 &#8211; Domenech &#8211; RCD Mallorca B &#8211; GOL 3-1<\/p>\n\n\n\n<p>64\u2019 &#8211; 2 &#8211; Bruno Lorente &#8211; UE Cornella &#8211; TA<\/p>\n\n\n\n<p>67\u2019 &#8211; 8 &#8211; Jan Salas &#8211; RCD Mallorca B &#8211; GOL 3-2<\/p>\n\n\n\n<p>75\u2019 &#8211; 16 &#8211; Izan Gonzalez &#8211; UE Cornella &#8211; TA<\/p>\n\n\n\n<p>90\u2019 &#8211; 23 &#8211; Marcos Gorriti &#8211; RCD Mallorca B &#8211; TA<\/p>\n\n\n\n<p><strong>Zona Mixta<\/strong><\/p>\n\n\n\n<p>Declaraciones de Bouba Barry &#8211; <a href=\"https:\/\/go.ivoox.com\/rf\/143143217\" target=\"_blank\" rel=\"noreferrer noopener\">IVOOX<\/a>.<\/p>\n","protected":false},"excerpt":{"rendered":"<p>Resumen: La UE Cornella gana, sufriendo, m\u00e1s de la cuenta, contra el colista que podr\u00eda ser matem\u00e1ticamente equipo de 3a Federaci\u00f3n la pr\u00f3xima Jornada. Alberto Lopo sale con un 4-4-2 donde destaca las bandas con Bouba Barry y Mateo Enr\u00edquez y en punta de ataque los dos tanques Jorge \u201cSorloth\u201d Mart\u00ednez-Losa y Boris Kouassi. Dejando [&hellip;]<\/p>\n","protected":false},"author":1,"featured_media":1097,"comment_status":"open","ping_status":"open","sticky":false,"template":"","format":"standard","meta":{"_eb_attr":"","advanced_seo_description":"","jetpack_seo_html_title":"","jetpack_seo_noindex":false,"jetpack_post_was_ever_published":false,"_jetpack_newsletter_access":"","_jetpack_dont_email_post_to_subs":false,"_jetpack_newsletter_tier_id":0,"_jetpack_memberships_contains_paywalled_content":false,"_jetpack_memberships_contains_paid_content":false,"footnotes":"","jetpack_publicize_message":"","jetpack_publicize_feature_enabled":true,"jetpack_social_post_already_shared":true,"jetpack_social_options":{"image_generator_settings":{"template":"highway","default_image_id":0,"font":"","enabled":false},"version":2}},"categories":[15,16,51],"tags":[32,34],"class_list":["post-1091","post","type-post","status-publish","format-standard","has-post-thumbnail","hentry","category-segunda-federacion-grupo-3","category-temporada-24-25","category-ue-cornella","tag-segunda-federacion","tag-temporada-2024-25"],"jetpack_publicize_connections":[],"jetpack_featured_media_url":"https:\/\/i0.wp.com\/www.bloguecornella.es\/wordpress\/wp-content\/uploads\/2025\/03\/img_0117.jpg?fit=2000%2C1500","jetpack_sharing_enabled":true,"jetpack-related-posts":[{"id":870,"url":"http:\/\/www.bloguecornella.es\/wordpress\/2025\/02\/09\/cronica-j22-ue-sant-andreu-4-0-ue-cornella-autodestruccion-desde-el-minuto-25\/","url_meta":{"origin":1091,"position":0},"title":"Cr\u00f3nica J22: UE Sant Andreu 4-0 UE Cornell\u00e0 \u00abAutodestrucci\u00f3n desde el minuto 25\u00bb","author":"bloguecornella","date":"9 de febrero de 2025","format":false,"excerpt":"La UE Cornell\u00e0 encaja una dolorosa derrota en el partido correspondiente a la Jornada 22 de la Segunda Federaci\u00f3n Grupo 3 en el estadio Narc\u00eds Sala por 4-0 contra la UE Sant Andreu. Volv\u00eda al banquillo, de forma interina, Gonzalo Riutort, para dirigir su partido n\u00famero 87 en el conjunto\u2026","rel":"","context":"En \u00abSegunda Federaci\u00f3n Grupo 3\u00bb","block_context":{"text":"Segunda Federaci\u00f3n Grupo 3","link":"http:\/\/www.bloguecornella.es\/wordpress\/category\/segunda-federacion-grupo-3\/"},"img":{"alt_text":"","src":"https:\/\/i0.wp.com\/www.bloguecornella.es\/wordpress\/wp-content\/uploads\/2025\/02\/img_9169.jpg?fit=1200%2C900&resize=350%2C200","width":350,"height":200,"srcset":"https:\/\/i0.wp.com\/www.bloguecornella.es\/wordpress\/wp-content\/uploads\/2025\/02\/img_9169.jpg?fit=1200%2C900&resize=350%2C200 1x, https:\/\/i0.wp.com\/www.bloguecornella.es\/wordpress\/wp-content\/uploads\/2025\/02\/img_9169.jpg?fit=1200%2C900&resize=525%2C300 1.5x, https:\/\/i0.wp.com\/www.bloguecornella.es\/wordpress\/wp-content\/uploads\/2025\/02\/img_9169.jpg?fit=1200%2C900&resize=700%2C400 2x, https:\/\/i0.wp.com\/www.bloguecornella.es\/wordpress\/wp-content\/uploads\/2025\/02\/img_9169.jpg?fit=1200%2C900&resize=1050%2C600 3x"},"classes":[]},{"id":779,"url":"http:\/\/www.bloguecornella.es\/wordpress\/2025\/01\/19\/cronica-j19-sd-ibiza-0-1-ue-cornella-salimos-del-descenso-despues-de-14-jornadas\/","url_meta":{"origin":1091,"position":1},"title":"Cr\u00f3nica J19: SD Ibiza 0-1 UE Cornell\u00e0 \u00abSalimos del descenso despu\u00e9s de 14 Jornadas\u00bb","author":"bloguecornella","date":"19 de enero de 2025","format":false,"excerpt":"Antes de comenzar con la cr\u00f3nica, es importante saber que el partido no se ha podido ver en directo y es en base al an\u00e1lisis del partido y lo que ha acontecido los resultados. Tocaba decir esto, la UE Cornell\u00e0, despu\u00e9s de 14 jornadas, sale de la zona de descenso\u2026","rel":"","context":"En \u00abSegunda Federaci\u00f3n Grupo 3\u00bb","block_context":{"text":"Segunda Federaci\u00f3n Grupo 3","link":"http:\/\/www.bloguecornella.es\/wordpress\/category\/segunda-federacion-grupo-3\/"},"img":{"alt_text":"","src":"","width":0,"height":0},"classes":[]},{"id":997,"url":"http:\/\/www.bloguecornella.es\/wordpress\/2025\/03\/07\/previa-j26-elche-ilicitano-ue-cornella\/","url_meta":{"origin":1091,"position":2},"title":"Previa J26: Elche Ilicitano &#8211; UE Cornell\u00e0","author":"bloguecornella","date":"7 de marzo de 2025","format":false,"excerpt":"La UE Cornell\u00e0 realizar\u00e1, este domingo, su pen\u00faltimo viaje a tierras valencianas para enfrentarse al filial del Elche CF, el Elche Ilicitano. El partido se disputara este domingo 9 de Marzo a las 12:00h y se podr\u00e1 ver por el canal de Youtube del Elche CF. Rival: Elche Ilicitano (9\u00ba\u2026","rel":"","context":"En \u00abSegunda Federaci\u00f3n Grupo 3\u00bb","block_context":{"text":"Segunda Federaci\u00f3n Grupo 3","link":"http:\/\/www.bloguecornella.es\/wordpress\/category\/segunda-federacion-grupo-3\/"},"img":{"alt_text":"","src":"https:\/\/i0.wp.com\/www.bloguecornella.es\/wordpress\/wp-content\/uploads\/2025\/03\/J26_2RFEF3_ILI_COR.png?fit=1200%2C675&resize=350%2C200","width":350,"height":200,"srcset":"https:\/\/i0.wp.com\/www.bloguecornella.es\/wordpress\/wp-content\/uploads\/2025\/03\/J26_2RFEF3_ILI_COR.png?fit=1200%2C675&resize=350%2C200 1x, https:\/\/i0.wp.com\/www.bloguecornella.es\/wordpress\/wp-content\/uploads\/2025\/03\/J26_2RFEF3_ILI_COR.png?fit=1200%2C675&resize=525%2C300 1.5x, https:\/\/i0.wp.com\/www.bloguecornella.es\/wordpress\/wp-content\/uploads\/2025\/03\/J26_2RFEF3_ILI_COR.png?fit=1200%2C675&resize=700%2C400 2x, https:\/\/i0.wp.com\/www.bloguecornella.es\/wordpress\/wp-content\/uploads\/2025\/03\/J26_2RFEF3_ILI_COR.png?fit=1200%2C675&resize=1050%2C600 3x"},"classes":[]},{"id":183,"url":"http:\/\/www.bloguecornella.es\/wordpress\/2024\/09\/29\/cronica-j5-ue-cornella-4-1-ue-sant-andreu\/","url_meta":{"origin":1091,"position":3},"title":"Cr\u00f3nica J5: UE Cornella 4-1 UE Sant Andreu","author":"bloguecornella","date":"29 de septiembre de 2024","format":false,"excerpt":"Llego la primera victoria de la era Genis y que victoria. Nada mas y nada menos que un 4-1 contra todo un Sant Andreu que no ha entrado en ning\u00fan momento en el partido, salvo en la primera media hora, donde tuvo unas cuantas acciones de peligro seguidas. El partido\u2026","rel":"","context":"En \u00abSegunda Federaci\u00f3n Grupo 3\u00bb","block_context":{"text":"Segunda Federaci\u00f3n Grupo 3","link":"http:\/\/www.bloguecornella.es\/wordpress\/category\/segunda-federacion-grupo-3\/"},"img":{"alt_text":"","src":"","width":0,"height":0},"classes":[]},{"id":1156,"url":"http:\/\/www.bloguecornella.es\/wordpress\/2025\/03\/28\/previa-j29-ue-cornella-penya-deportiva\/","url_meta":{"origin":1091,"position":4},"title":"Previa J29: UE Cornell\u00e0 &#8211; Penya Deportiva","author":"bloguecornella","date":"28 de marzo de 2025","format":false,"excerpt":"Cerramos el mes de Marzo con un vital partido en el Municipal de Cornell\u00e0 este, domingo a las 11:45, contra la Penya Deportiva ibicenca. Un encuentro marcado por la situaci\u00f3n cr\u00edtica de ambos conjuntos (se separan 1 punto) y que tiene ventaja en el duelo particular por el 4-1 que\u2026","rel":"","context":"En \u00abPrevia partido\u00bb","block_context":{"text":"Previa partido","link":"http:\/\/www.bloguecornella.es\/wordpress\/category\/previa-partido\/"},"img":{"alt_text":"","src":"https:\/\/i0.wp.com\/www.bloguecornella.es\/wordpress\/wp-content\/uploads\/2025\/03\/J29_2RFEF3_COR_PEN.png?fit=1200%2C675&resize=350%2C200","width":350,"height":200,"srcset":"https:\/\/i0.wp.com\/www.bloguecornella.es\/wordpress\/wp-content\/uploads\/2025\/03\/J29_2RFEF3_COR_PEN.png?fit=1200%2C675&resize=350%2C200 1x, https:\/\/i0.wp.com\/www.bloguecornella.es\/wordpress\/wp-content\/uploads\/2025\/03\/J29_2RFEF3_COR_PEN.png?fit=1200%2C675&resize=525%2C300 1.5x, https:\/\/i0.wp.com\/www.bloguecornella.es\/wordpress\/wp-content\/uploads\/2025\/03\/J29_2RFEF3_COR_PEN.png?fit=1200%2C675&resize=700%2C400 2x, https:\/\/i0.wp.com\/www.bloguecornella.es\/wordpress\/wp-content\/uploads\/2025\/03\/J29_2RFEF3_COR_PEN.png?fit=1200%2C675&resize=1050%2C600 3x"},"classes":[]},{"id":565,"url":"http:\/\/www.bloguecornella.es\/wordpress\/2024\/11\/29\/previa-j14-cf-badalona-futur-ue-cornella\/","url_meta":{"origin":1091,"position":5},"title":"Previa J14: CF Badalona Futur &#8211; UE Cornella","author":"bloguecornella","date":"29 de noviembre de 2024","format":false,"excerpt":"Cuando nos enfrentemos al CF Badalona Futur, ya estaremos en el mes de Diciembre. Mes m\u00e1gico, de ilusi\u00f3n y podria ser el del resurgir de la UE Cornella. Cuando nos enfrentemos al CF Badalona Futur el domingo 1 de diciembre, a las 12h, llevaremos 62 dias sin lograr una victoria\u2026","rel":"","context":"En \u00abPrevia partido\u00bb","block_context":{"text":"Previa partido","link":"http:\/\/www.bloguecornella.es\/wordpress\/category\/previa-partido\/"},"img":{"alt_text":"","src":"","width":0,"height":0},"classes":[]}],"_links":{"self":[{"href":"http:\/\/www.bloguecornella.es\/wordpress\/wp-json\/wp\/v2\/posts\/1091","targetHints":{"allow":["GET"]}}],"collection":[{"href":"http:\/\/www.bloguecornella.es\/wordpress\/wp-json\/wp\/v2\/posts"}],"about":[{"href":"http:\/\/www.bloguecornella.es\/wordpress\/wp-json\/wp\/v2\/types\/post"}],"author":[{"embeddable":true,"href":"http:\/\/www.bloguecornella.es\/wordpress\/wp-json\/wp\/v2\/users\/1"}],"replies":[{"embeddable":true,"href":"http:\/\/www.bloguecornella.es\/wordpress\/wp-json\/wp\/v2\/comments?post=1091"}],"version-history":[{"count":6,"href":"http:\/\/www.bloguecornella.es\/wordpress\/wp-json\/wp\/v2\/posts\/1091\/revisions"}],"predecessor-version":[{"id":1098,"href":"http:\/\/www.bloguecornella.es\/wordpress\/wp-json\/wp\/v2\/posts\/1091\/revisions\/1098"}],"wp:featuredmedia":[{"embeddable":true,"href":"http:\/\/www.bloguecornella.es\/wordpress\/wp-json\/wp\/v2\/media\/1097"}],"wp:attachment":[{"href":"http:\/\/www.bloguecornella.es\/wordpress\/wp-json\/wp\/v2\/media?parent=1091"}],"wp:term":[{"taxonomy":"category","embeddable":true,"href":"http:\/\/www.bloguecornella.es\/wordpress\/wp-json\/wp\/v2\/categories?post=1091"},{"taxonomy":"post_tag","embeddable":true,"href":"http:\/\/www.bloguecornella.es\/wordpress\/wp-json\/wp\/v2\/tags?post=1091"}],"curies":[{"name":"wp","href":"https:\/\/api.w.org\/{rel}","templated":true}]}}